{"id":7514,"date":"2022-10-13T10:01:52","date_gmt":"2022-10-13T10:01:52","guid":{"rendered":"https:\/\/permbledhja.com\/?p=7514"},"modified":"2022-10-13T10:01:52","modified_gmt":"2022-10-13T10:01:52","slug":"me-sy-e-vesh-kah-fadil-vokrri-ballkani-gati-per-perjetesine","status":"publish","type":"post","link":"https:\/\/permbledhja.com\/sq\/me-sy-e-vesh-kah-fadil-vokrri-ballkani-gati-per-perjetesine\/","title":{"rendered":"Me sy e vesh kah \u201cFadil Vokrri\u201d, Ballkani gati p\u00ebr p\u00ebrjet\u00ebsin\u00eb"},"content":{"rendered":"<p><strong>Kampioni i Kosov\u00ebs sonte vazhdon \u00ebndrr\u00ebn evropiane.<\/strong><\/p>\n<p>N\u00eb kuad\u00ebr t\u00eb xhiros s\u00eb kat\u00ebrt t\u00eb nivelit t\u00eb tret\u00eb t\u00eb garave n\u00eb Evrop\u00eb,portokallinjt\u00eb do t\u00eb ndeshen me kund\u00ebrshtarin paraprak, Sivasspor, e t\u00eb cilin e mposht\u00ebn 3-4 n\u00eb Turqi, shkruan Futbollikosovar.net.<\/p>\n<p>Radha \u00ebsht\u00eb p\u00ebr Prishtin\u00ebn dhe stadiumin \u201cFadil Vokrri\u201d. Klubi p\u00ebrmes nj\u00eb njoftimi t\u00eb djesh\u00ebm konfirmoi se t\u00eb gjitha biletat jan\u00eb shitur, \u00e7ka do t\u00eb thot\u00eb se shanset p\u00ebr nj\u00eb triumf, mbase edhe rriten.<\/p>\n<p>P\u00ebr \u00e7\u00ebshtjen e tifoz\u00ebve dje foli edhe trajneri Daja n\u00eb konferenc\u00ebn p\u00ebr shtyp, duke th\u00ebn\u00eb se kjo \u00ebsht\u00eb nj\u00eb gj\u00eb fantastike, porse rriten p\u00ebrgjegj\u00ebsit\u00eb.<\/p>\n<p>\u201cMe mb\u00ebshtetjen e tifoz\u00ebve nga Kosova dhe tifozeris\u00eb suharekase do t\u00eb b\u00ebhet m\u00eb e leht\u00eb. Mbushja e stadiumit rrit pritshm\u00ebrit\u00eb. P\u00ebrgjegj\u00ebsia p\u00ebr ne tanim\u00eb \u00ebsht\u00eb edhe m\u00eb e madhe. Jemi t\u00eb gjitha skuadrat me nga kat\u00ebr pik\u00eb, kjo tregon se nuk ka ndeshje t\u00eb leht\u00eb. Ne jemi gati, por ndeshjen e nes\u00ebrme duhet t\u00eb b\u00ebjm\u00eb m\u00eb shum\u00eb sesa n\u00eb Turqi, p\u00ebr t\u00eb marr\u00eb m\u00eb t\u00eb mir\u00ebn\u201d, tha nd\u00ebr t\u00eb tjerash ai.<\/p>\n<p>Duhet p\u00ebrmendur faktin se t\u00eb gjith\u00eb an\u00ebtar\u00ebt e grupit kan\u00eb nga kat\u00ebr pik\u00eb, ashtu si\u00e7 mund ta v\u00ebreni n\u00eb renditjen e m\u00ebposhtme tabelare, nd\u00ebrsa me fitore eventuale, ekipi nga Theranda do t\u00eb b\u00ebnte hap t\u00eb madh p\u00ebrpara drejt kalimit t\u00eb grupit, q\u00eb para kualifikimit n\u00eb k\u00ebt\u00eb gar\u00eb, llogaritej si \u00ebnd\u00ebrr e p\u00ebrtej \u00ebndrre.<\/p>\n<p>Ndeshja fillon nga ora 21:00.<\/p>\n","protected":false},"excerpt":{"rendered":"<p>Kampioni i Kosov\u00ebs sonte vazhdon \u00ebndrr\u00ebn evropiane. N\u00eb kuad\u00ebr t\u00eb xhiros s\u00eb kat\u00ebrt t\u00eb nivelit t\u00eb tret\u00eb t\u00eb garave n\u00eb Evrop\u00eb,portokallinjt\u00eb do t\u00eb ndeshen me kund\u00ebrshtarin paraprak, Sivasspor, e t\u00eb cilin e mposht\u00ebn 3-4 n\u00eb Turqi, shkruan Futbollikosovar.net. Radha \u00ebsht\u00eb p\u00ebr Prishtin\u00ebn dhe stadiumin \u201cFadil Vokrri\u201d. Klubi p\u00ebrmes nj\u00eb njoftimi t\u00eb djesh\u00ebm konfirmoi se t\u00eb [&hellip;]<\/p>\n","protected":false},"author":1,"featured_media":7515,"comment_status":"closed","ping_status":"closed","sticky":false,"template":"","format":"standard","meta":{"_monsterinsights_skip_tracking":false,"_monsterinsights_sitenote_active":false,"_monsterinsights_sitenote_note":"","_monsterinsights_sitenote_category":0,"_uf_show_specific_survey":0,"_uf_disable_surveys":false,"footnotes":""},"categories":[6],"tags":[193,913],"yoast_head":"<!-- This site is optimized with the Yoast SEO plugin v21.5 - https:\/\/yoast.com\/wordpress\/plugins\/seo\/ -->\n<title>Me sy e vesh kah \u201cFadil Vokrri\u201d, Ballkani gati p\u00ebr p\u00ebrjet\u00ebsin\u00eb<\/title>\n<meta name=\"robots\" content=\"index, follow, max-snippet:-1, max-image-preview:large, max-video-preview:-1\" \/>\n<link rel=\"canonical\" href=\"https:\/\/permbledhja.com\/sq\/me-sy-e-vesh-kah-fadil-vokrri-ballkani-gati-per-perjetesine\/\" \/>\n<meta property=\"og:locale\" content=\"sq_AL\" \/>\n<meta property=\"og:type\" content=\"article\" \/>\n<meta property=\"og:title\" content=\"Me sy e vesh kah \u201cFadil Vokrri\u201d, Ballkani gati p\u00ebr p\u00ebrjet\u00ebsin\u00eb\" \/>\n<meta property=\"og:description\" content=\"Kampioni i Kosov\u00ebs sonte vazhdon \u00ebndrr\u00ebn evropiane. N\u00eb kuad\u00ebr t\u00eb xhiros s\u00eb kat\u00ebrt t\u00eb nivelit t\u00eb tret\u00eb t\u00eb garave n\u00eb Evrop\u00eb,portokallinjt\u00eb do t\u00eb ndeshen me kund\u00ebrshtarin paraprak, Sivasspor, e t\u00eb cilin e mposht\u00ebn 3-4 n\u00eb Turqi, shkruan Futbollikosovar.net. Radha \u00ebsht\u00eb p\u00ebr Prishtin\u00ebn dhe stadiumin \u201cFadil Vokrri\u201d. Klubi p\u00ebrmes nj\u00eb njoftimi t\u00eb djesh\u00ebm konfirmoi se t\u00eb [&hellip;]\" \/>\n<meta property=\"og:url\" content=\"https:\/\/permbledhja.com\/sq\/me-sy-e-vesh-kah-fadil-vokrri-ballkani-gati-per-perjetesine\/\" \/>\n<meta property=\"og:site_name\" content=\"Ve\u00e7 artikuj p\u00ebrmbledh\u00ebs\" \/>\n<meta property=\"article:publisher\" content=\"https:\/\/www.facebook.com\/press07\/\" \/>\n<meta property=\"article:author\" content=\"https:\/\/www.facebook.com\/kafexhiu.muharrem\/\" \/>\n<meta property=\"article:published_time\" content=\"2022-10-13T10:01:52+00:00\" \/>\n<meta property=\"og:image\" content=\"https:\/\/permbledhja.com\/wp-content\/uploads\/2022\/10\/transmetimi-1024x668.png\" \/>\n\t<meta property=\"og:image:width\" content=\"1024\" \/>\n\t<meta property=\"og:image:height\" content=\"668\" \/>\n\t<meta property=\"og:image:type\" content=\"image\/png\" \/>\n<meta name=\"author\" content=\"P\u00ebrmbledhja\" \/>\n<meta name=\"twitter:card\" content=\"summary_large_image\" \/>\n<meta name=\"twitter:label1\" content=\"Written by\" \/>\n\t<meta name=\"twitter:data1\" content=\"P\u00ebrmbledhja\" \/>\n\t<meta name=\"twitter:label2\" content=\"Est. reading time\" \/>\n\t<meta name=\"twitter:data2\" content=\"1 minut\u00eb\" \/>\n<script type=\"application\/ld+json\" class=\"yoast-schema-graph\">{\"@context\":\"https:\/\/schema.org\",\"@graph\":[{\"@type\":\"Article\",\"@id\":\"https:\/\/permbledhja.com\/me-sy-e-vesh-kah-fadil-vokrri-ballkani-gati-per-perjetesine\/#article\",\"isPartOf\":{\"@id\":\"https:\/\/permbledhja.com\/me-sy-e-vesh-kah-fadil-vokrri-ballkani-gati-per-perjetesine\/\"},\"author\":{\"name\":\"P\u00ebrmbledhja\",\"@id\":\"https:\/\/permbledhja.com\/#\/schema\/person\/0d064377258d3221e50693947b9eb4fe\"},\"headline\":\"Me sy e vesh kah \u201cFadil Vokrri\u201d, Ballkani gati p\u00ebr p\u00ebrjet\u00ebsin\u00eb\",\"datePublished\":\"2022-10-13T10:01:52+00:00\",\"dateModified\":\"2022-10-13T10:01:52+00:00\",\"mainEntityOfPage\":{\"@id\":\"https:\/\/permbledhja.com\/me-sy-e-vesh-kah-fadil-vokrri-ballkani-gati-per-perjetesine\/\"},\"wordCount\":282,\"publisher\":{\"@id\":\"https:\/\/permbledhja.com\/#organization\"},\"keywords\":[\"Ballkani\",\"Conference League\"],\"articleSection\":[\"Sport\"],\"inLanguage\":\"sq\"},{\"@type\":\"WebPage\",\"@id\":\"https:\/\/permbledhja.com\/me-sy-e-vesh-kah-fadil-vokrri-ballkani-gati-per-perjetesine\/\",\"url\":\"https:\/\/permbledhja.com\/me-sy-e-vesh-kah-fadil-vokrri-ballkani-gati-per-perjetesine\/\",\"name\":\"Me sy e vesh kah \u201cFadil Vokrri\u201d, Ballkani gati p\u00ebr p\u00ebrjet\u00ebsin\u00eb\",\"isPartOf\":{\"@id\":\"https:\/\/permbledhja.com\/#website\"},\"datePublished\":\"2022-10-13T10:01:52+00:00\",\"dateModified\":\"2022-10-13T10:01:52+00:00\",\"breadcrumb\":{\"@id\":\"https:\/\/permbledhja.com\/me-sy-e-vesh-kah-fadil-vokrri-ballkani-gati-per-perjetesine\/#breadcrumb\"},\"inLanguage\":\"sq\",\"potentialAction\":[{\"@type\":\"ReadAction\",\"target\":[\"https:\/\/permbledhja.com\/me-sy-e-vesh-kah-fadil-vokrri-ballkani-gati-per-perjetesine\/\"]}]},{\"@type\":\"BreadcrumbList\",\"@id\":\"https:\/\/permbledhja.com\/me-sy-e-vesh-kah-fadil-vokrri-ballkani-gati-per-perjetesine\/#breadcrumb\",\"itemListElement\":[{\"@type\":\"ListItem\",\"position\":1,\"name\":\"Ballina\",\"item\":\"https:\/\/permbledhja.com\/sq\/\"},{\"@type\":\"ListItem\",\"position\":2,\"name\":\"Me sy e vesh kah \u201cFadil Vokrri\u201d, Ballkani gati p\u00ebr p\u00ebrjet\u00ebsin\u00eb\"}]},{\"@type\":\"WebSite\",\"@id\":\"https:\/\/permbledhja.com\/#website\",\"url\":\"https:\/\/permbledhja.com\/\",\"name\":\"Ve\u00e7 artikuj p\u00ebrmbledh\u00ebs\",\"description\":\"\",\"publisher\":{\"@id\":\"https:\/\/permbledhja.com\/#organization\"},\"potentialAction\":[{\"@type\":\"SearchAction\",\"target\":{\"@type\":\"EntryPoint\",\"urlTemplate\":\"https:\/\/permbledhja.com\/?s={search_term_string}\"},\"query-input\":\"required name=search_term_string\"}],\"inLanguage\":\"sq\"},{\"@type\":\"Organization\",\"@id\":\"https:\/\/permbledhja.com\/#organization\",\"name\":\"MK Media & Pr\",\"url\":\"https:\/\/permbledhja.com\/\",\"logo\":{\"@type\":\"ImageObject\",\"inLanguage\":\"sq\",\"@id\":\"https:\/\/permbledhja.com\/#\/schema\/logo\/image\/\",\"url\":\"https:\/\/permbledhja.com\/wp-content\/uploads\/2021\/12\/07-Press-Logo.jpg\",\"contentUrl\":\"https:\/\/permbledhja.com\/wp-content\/uploads\/2021\/12\/07-Press-Logo.jpg\",\"width\":512,\"height\":512,\"caption\":\"MK Media & Pr\"},\"image\":{\"@id\":\"https:\/\/permbledhja.com\/#\/schema\/logo\/image\/\"},\"sameAs\":[\"https:\/\/www.facebook.com\/press07\/\"]},{\"@type\":\"Person\",\"@id\":\"https:\/\/permbledhja.com\/#\/schema\/person\/0d064377258d3221e50693947b9eb4fe\",\"name\":\"P\u00ebrmbledhja\",\"image\":{\"@type\":\"ImageObject\",\"inLanguage\":\"sq\",\"@id\":\"https:\/\/permbledhja.com\/#\/schema\/person\/image\/\",\"url\":\"https:\/\/permbledhja.com\/wp-content\/uploads\/2026\/01\/452004717_1040944174702970_8932037511805513407_n-96x96.jpg\",\"contentUrl\":\"https:\/\/permbledhja.com\/wp-content\/uploads\/2026\/01\/452004717_1040944174702970_8932037511805513407_n-96x96.jpg\",\"caption\":\"P\u00ebrmbledhja\"},\"sameAs\":[\"https:\/\/www.facebook.com\/kafexhiu.muharrem\/\",\"https:\/\/www.instagram.com\/muharrem_kafexhiu\/\"],\"url\":\"https:\/\/permbledhja.com\/sq\/author\/admin\/\"}]}<\/script>\n<!-- \/ Yoast SEO plugin. -->","yoast_head_json":{"title":"Me sy e vesh kah \u201cFadil Vokrri\u201d, Ballkani gati p\u00ebr p\u00ebrjet\u00ebsin\u00eb","robots":{"index":"index","follow":"follow","max-snippet":"max-snippet:-1","max-image-preview":"max-image-preview:large","max-video-preview":"max-video-preview:-1"},"canonical":"https:\/\/permbledhja.com\/sq\/me-sy-e-vesh-kah-fadil-vokrri-ballkani-gati-per-perjetesine\/","og_locale":"sq_AL","og_type":"article","og_title":"Me sy e vesh kah \u201cFadil Vokrri\u201d, Ballkani gati p\u00ebr p\u00ebrjet\u00ebsin\u00eb","og_description":"Kampioni i Kosov\u00ebs sonte vazhdon \u00ebndrr\u00ebn evropiane. N\u00eb kuad\u00ebr t\u00eb xhiros s\u00eb kat\u00ebrt t\u00eb nivelit t\u00eb tret\u00eb t\u00eb garave n\u00eb Evrop\u00eb,portokallinjt\u00eb do t\u00eb ndeshen me kund\u00ebrshtarin paraprak, Sivasspor, e t\u00eb cilin e mposht\u00ebn 3-4 n\u00eb Turqi, shkruan Futbollikosovar.net. Radha \u00ebsht\u00eb p\u00ebr Prishtin\u00ebn dhe stadiumin \u201cFadil Vokrri\u201d. Klubi p\u00ebrmes nj\u00eb njoftimi t\u00eb djesh\u00ebm konfirmoi se t\u00eb [&hellip;]","og_url":"https:\/\/permbledhja.com\/sq\/me-sy-e-vesh-kah-fadil-vokrri-ballkani-gati-per-perjetesine\/","og_site_name":"Ve\u00e7 artikuj p\u00ebrmbledh\u00ebs","article_publisher":"https:\/\/www.facebook.com\/press07\/","article_author":"https:\/\/www.facebook.com\/kafexhiu.muharrem\/","article_published_time":"2022-10-13T10:01:52+00:00","og_image":[{"width":1024,"height":668,"url":"https:\/\/permbledhja.com\/wp-content\/uploads\/2022\/10\/transmetimi-1024x668.png","type":"image\/png"}],"author":"P\u00ebrmbledhja","twitter_card":"summary_large_image","twitter_misc":{"Written by":"P\u00ebrmbledhja","Est. reading time":"1 minut\u00eb"},"schema":{"@context":"https:\/\/schema.org","@graph":[{"@type":"Article","@id":"https:\/\/permbledhja.com\/me-sy-e-vesh-kah-fadil-vokrri-ballkani-gati-per-perjetesine\/#article","isPartOf":{"@id":"https:\/\/permbledhja.com\/me-sy-e-vesh-kah-fadil-vokrri-ballkani-gati-per-perjetesine\/"},"author":{"name":"P\u00ebrmbledhja","@id":"https:\/\/permbledhja.com\/#\/schema\/person\/0d064377258d3221e50693947b9eb4fe"},"headline":"Me sy e vesh kah \u201cFadil Vokrri\u201d, Ballkani gati p\u00ebr p\u00ebrjet\u00ebsin\u00eb","datePublished":"2022-10-13T10:01:52+00:00","dateModified":"2022-10-13T10:01:52+00:00","mainEntityOfPage":{"@id":"https:\/\/permbledhja.com\/me-sy-e-vesh-kah-fadil-vokrri-ballkani-gati-per-perjetesine\/"},"wordCount":282,"publisher":{"@id":"https:\/\/permbledhja.com\/#organization"},"keywords":["Ballkani","Conference League"],"articleSection":["Sport"],"inLanguage":"sq"},{"@type":"WebPage","@id":"https:\/\/permbledhja.com\/me-sy-e-vesh-kah-fadil-vokrri-ballkani-gati-per-perjetesine\/","url":"https:\/\/permbledhja.com\/me-sy-e-vesh-kah-fadil-vokrri-ballkani-gati-per-perjetesine\/","name":"Me sy e vesh kah \u201cFadil Vokrri\u201d, Ballkani gati p\u00ebr p\u00ebrjet\u00ebsin\u00eb","isPartOf":{"@id":"https:\/\/permbledhja.com\/#website"},"datePublished":"2022-10-13T10:01:52+00:00","dateModified":"2022-10-13T10:01:52+00:00","breadcrumb":{"@id":"https:\/\/permbledhja.com\/me-sy-e-vesh-kah-fadil-vokrri-ballkani-gati-per-perjetesine\/#breadcrumb"},"inLanguage":"sq","potentialAction":[{"@type":"ReadAction","target":["https:\/\/permbledhja.com\/me-sy-e-vesh-kah-fadil-vokrri-ballkani-gati-per-perjetesine\/"]}]},{"@type":"BreadcrumbList","@id":"https:\/\/permbledhja.com\/me-sy-e-vesh-kah-fadil-vokrri-ballkani-gati-per-perjetesine\/#breadcrumb","itemListElement":[{"@type":"ListItem","position":1,"name":"Ballina","item":"https:\/\/permbledhja.com\/sq\/"},{"@type":"ListItem","position":2,"name":"Me sy e vesh kah \u201cFadil Vokrri\u201d, Ballkani gati p\u00ebr p\u00ebrjet\u00ebsin\u00eb"}]},{"@type":"WebSite","@id":"https:\/\/permbledhja.com\/#website","url":"https:\/\/permbledhja.com\/","name":"Ve\u00e7 artikuj p\u00ebrmbledh\u00ebs","description":"","publisher":{"@id":"https:\/\/permbledhja.com\/#organization"},"potentialAction":[{"@type":"SearchAction","target":{"@type":"EntryPoint","urlTemplate":"https:\/\/permbledhja.com\/?s={search_term_string}"},"query-input":"required name=search_term_string"}],"inLanguage":"sq"},{"@type":"Organization","@id":"https:\/\/permbledhja.com\/#organization","name":"MK Media & Pr","url":"https:\/\/permbledhja.com\/","logo":{"@type":"ImageObject","inLanguage":"sq","@id":"https:\/\/permbledhja.com\/#\/schema\/logo\/image\/","url":"https:\/\/permbledhja.com\/wp-content\/uploads\/2021\/12\/07-Press-Logo.jpg","contentUrl":"https:\/\/permbledhja.com\/wp-content\/uploads\/2021\/12\/07-Press-Logo.jpg","width":512,"height":512,"caption":"MK Media & Pr"},"image":{"@id":"https:\/\/permbledhja.com\/#\/schema\/logo\/image\/"},"sameAs":["https:\/\/www.facebook.com\/press07\/"]},{"@type":"Person","@id":"https:\/\/permbledhja.com\/#\/schema\/person\/0d064377258d3221e50693947b9eb4fe","name":"P\u00ebrmbledhja","image":{"@type":"ImageObject","inLanguage":"sq","@id":"https:\/\/permbledhja.com\/#\/schema\/person\/image\/","url":"https:\/\/permbledhja.com\/wp-content\/uploads\/2026\/01\/452004717_1040944174702970_8932037511805513407_n-96x96.jpg","contentUrl":"https:\/\/permbledhja.com\/wp-content\/uploads\/2026\/01\/452004717_1040944174702970_8932037511805513407_n-96x96.jpg","caption":"P\u00ebrmbledhja"},"sameAs":["https:\/\/www.facebook.com\/kafexhiu.muharrem\/","https:\/\/www.instagram.com\/muharrem_kafexhiu\/"],"url":"https:\/\/permbledhja.com\/sq\/author\/admin\/"}]}},"_links":{"self":[{"href":"https:\/\/permbledhja.com\/sq\/wp-json\/wp\/v2\/posts\/7514"}],"collection":[{"href":"https:\/\/permbledhja.com\/sq\/wp-json\/wp\/v2\/posts"}],"about":[{"href":"https:\/\/permbledhja.com\/sq\/wp-json\/wp\/v2\/types\/post"}],"author":[{"embeddable":true,"href":"https:\/\/permbledhja.com\/sq\/wp-json\/wp\/v2\/users\/1"}],"replies":[{"embeddable":true,"href":"https:\/\/permbledhja.com\/sq\/wp-json\/wp\/v2\/comments?post=7514"}],"version-history":[{"count":1,"href":"https:\/\/permbledhja.com\/sq\/wp-json\/wp\/v2\/posts\/7514\/revisions"}],"predecessor-version":[{"id":7516,"href":"https:\/\/permbledhja.com\/sq\/wp-json\/wp\/v2\/posts\/7514\/revisions\/7516"}],"wp:featuredmedia":[{"embeddable":true,"href":"https:\/\/permbledhja.com\/sq\/wp-json\/wp\/v2\/media\/7515"}],"wp:attachment":[{"href":"https:\/\/permbledhja.com\/sq\/wp-json\/wp\/v2\/media?parent=7514"}],"wp:term":[{"taxonomy":"category","embeddable":true,"href":"https:\/\/permbledhja.com\/sq\/wp-json\/wp\/v2\/categories?post=7514"},{"taxonomy":"post_tag","embeddable":true,"href":"https:\/\/permbledhja.com\/sq\/wp-json\/wp\/v2\/tags?post=7514"}],"curies":[{"name":"wp","href":"https:\/\/api.w.org\/{rel}","templated":true}]}}