{"id":75099,"date":"2025-11-27T17:04:28","date_gmt":"2025-11-27T17:04:28","guid":{"rendered":"https:\/\/permbledhja.com\/?p=75099"},"modified":"2025-11-27T17:04:28","modified_gmt":"2025-11-27T17:04:28","slug":"brahimaj-vuciqi-e-radojciqi-u-forcuan-gjate-mandatit-te-kurtit","status":"publish","type":"post","link":"https:\/\/permbledhja.com\/sq\/brahimaj-vuciqi-e-radojciqi-u-forcuan-gjate-mandatit-te-kurtit\/","title":{"rendered":"Brahimaj: Vu\u00e7iqi e Radoj\u00e7iqi u forcuan gjat\u00eb mandatit t\u00eb Kurtit"},"content":{"rendered":"<p><strong>Ish-deputeti i AAK-s\u00eb, Lahi Brahimaj, ka drejtuar kritika ndaj qeveris\u00eb s\u00eb udh\u00ebhequr nga Albin Kurti.<\/strong><\/p>\n<p>Brahimaj n\u00eb <a href=\"https:\/\/www.dukagjini.com\/brahimaj-vuciqi-e-radojciqi-u-forcuan-gjate-mandatit-te-kurtit\/\"><em><strong>Dukagjini<\/strong><\/em><\/a> tha se \u00ebsht\u00eb \u201cparadoksale\u201d m\u00ebnyra se si Kurti u referohet t\u00eb tjer\u00ebve si \u201ckumbar\u00eb me Vu\u00e7iqin\u201d, nd\u00ebrkoh\u00eb q\u00eb, sipas tij, presidenti serb Aleksandar Vu\u00e7iq dhe njer\u00ebzit rreth tij \u201cnuk kan\u00eb qen\u00eb kurr\u00eb m\u00eb t\u00eb fort\u00eb n\u00eb Kosov\u00eb\u201d sesa q\u00eb nga ardhja e Vet\u00ebvendosjes n\u00eb pushtet.<\/p>\n<p><em>\u201c\u00cbsht\u00eb e \u00e7uditshme kur ai i thot\u00eb dikujt \u201ckumbari me Vu\u00e7iqin\u201d, edhe Vu\u00e7iqi e t\u00eb gjith\u00eb ata q\u00eb i p\u00ebrmend, prej ardhjes s\u00eb tij n\u00eb pushtet, kurr\u00eb m\u00eb t\u00eb fort\u00eb nuk kan\u00eb qen\u00eb. Edhe e dini afer\u00ebn Kusari-Lila me Radoj\u00e7iqin\u2026 Edhe votimit n\u00eb sall\u00eb kan\u00eb qen\u00eb dhe kan\u00eb votuar Lista Serbe dhe Vet\u00ebvendosje, q\u00eb ishte p\u00ebr pag\u00ebn minimale kund\u00ebr kategorive t\u00eb dala nga lufta. <\/em><\/p>\n<p><em>Edhe u zgjodh presidentja \u2013 kush e ka b\u00ebr\u00eb kuorumin? VV-ja dhe Lista Serbe\u2026 Radoj\u00e7iqi nuk ka hyr\u00eb n\u00eb Kosov\u00eb deri n\u00eb ardhjen e Kurtit n\u00eb Qeveri. Vila e Radoj\u00e7iqit, n\u00ebse e sheh prej hartave satelitore, ajo \u00ebsht\u00eb nd\u00ebrtuar gjat\u00eb mandatit t\u00eb Albin Kurtit\u2026<\/em><\/p>\n<p><em>Me ardh\u00eb me t\u00eb shit mend Xhelal Sve\u00e7la e Elbert Krasniqi q\u00eb e \u00e7liruan veriun \u00ebsht\u00eb e r\u00ebnd\u00eb. Xhelal Sve\u00e7la ka q\u00ebndruar nj\u00eb dit\u00eb ushtar dhe ka hedhur uniform\u00ebn\u2026 Sikur Albin Kurti q\u00eb nuk ka q\u00ebndruar n\u00eb luft\u00eb. Ai nuk ka pranuar n\u00eb asnj\u00eb rrethan\u00eb me qen\u00eb pjes\u00eb e luft\u00ebs. Dhe si sekretar i Adem Dema\u00e7it ka dh\u00ebn\u00eb dor\u00ebheqje\u201d<\/em>, ka th\u00ebn\u00eb Brahimaj.<\/p>\n","protected":false},"excerpt":{"rendered":"<p>Ish-deputeti i AAK-s\u00eb, Lahi Brahimaj, ka drejtuar kritika ndaj qeveris\u00eb s\u00eb udh\u00ebhequr nga Albin Kurti. Brahimaj n\u00eb Dukagjini tha se \u00ebsht\u00eb \u201cparadoksale\u201d m\u00ebnyra se si Kurti u referohet t\u00eb tjer\u00ebve si \u201ckumbar\u00eb me Vu\u00e7iqin\u201d, nd\u00ebrkoh\u00eb q\u00eb, sipas tij, presidenti serb Aleksandar Vu\u00e7iq dhe njer\u00ebzit rreth tij \u201cnuk kan\u00eb qen\u00eb kurr\u00eb m\u00eb t\u00eb fort\u00eb n\u00eb Kosov\u00eb\u201d [&hellip;]<\/p>\n","protected":false},"author":1,"featured_media":75100,"comment_status":"closed","ping_status":"closed","sticky":false,"template":"","format":"standard","meta":{"_monsterinsights_skip_tracking":false,"_monsterinsights_sitenote_active":false,"_monsterinsights_sitenote_note":"","_monsterinsights_sitenote_category":0,"_uf_show_specific_survey":0,"_uf_disable_surveys":false,"footnotes":""},"categories":[3324],"tags":[3696],"yoast_head":"<!-- This site is optimized with the Yoast SEO plugin v21.5 - https:\/\/yoast.com\/wordpress\/plugins\/seo\/ -->\n<title>Brahimaj: Vu\u00e7iqi e Radoj\u00e7iqi u forcuan gjat\u00eb mandatit t\u00eb Kurtit<\/title>\n<meta name=\"robots\" content=\"index, follow, max-snippet:-1, max-image-preview:large, max-video-preview:-1\" \/>\n<link rel=\"canonical\" href=\"https:\/\/permbledhja.com\/sq\/brahimaj-vuciqi-e-radojciqi-u-forcuan-gjate-mandatit-te-kurtit\/\" \/>\n<meta property=\"og:locale\" content=\"sq_AL\" \/>\n<meta property=\"og:type\" content=\"article\" \/>\n<meta property=\"og:title\" content=\"Brahimaj: Vu\u00e7iqi e Radoj\u00e7iqi u forcuan gjat\u00eb mandatit t\u00eb Kurtit\" \/>\n<meta property=\"og:description\" content=\"Ish-deputeti i AAK-s\u00eb, Lahi Brahimaj, ka drejtuar kritika ndaj qeveris\u00eb s\u00eb udh\u00ebhequr nga Albin Kurti. Brahimaj n\u00eb Dukagjini tha se \u00ebsht\u00eb \u201cparadoksale\u201d m\u00ebnyra se si Kurti u referohet t\u00eb tjer\u00ebve si \u201ckumbar\u00eb me Vu\u00e7iqin\u201d, nd\u00ebrkoh\u00eb q\u00eb, sipas tij, presidenti serb Aleksandar Vu\u00e7iq dhe njer\u00ebzit rreth tij \u201cnuk kan\u00eb qen\u00eb kurr\u00eb m\u00eb t\u00eb fort\u00eb n\u00eb Kosov\u00eb\u201d [&hellip;]\" \/>\n<meta property=\"og:url\" content=\"https:\/\/permbledhja.com\/sq\/brahimaj-vuciqi-e-radojciqi-u-forcuan-gjate-mandatit-te-kurtit\/\" \/>\n<meta property=\"og:site_name\" content=\"Ve\u00e7 artikuj p\u00ebrmbledh\u00ebs\" \/>\n<meta property=\"article:publisher\" content=\"https:\/\/www.facebook.com\/press07\/\" \/>\n<meta property=\"article:author\" content=\"https:\/\/www.facebook.com\/kafexhiu.muharrem\/\" \/>\n<meta property=\"article:published_time\" content=\"2025-11-27T17:04:28+00:00\" \/>\n<meta property=\"og:image\" content=\"https:\/\/permbledhja.com\/wp-content\/uploads\/2025\/11\/Deputeti-i-zgjedhur-nga-radhet-e-Aleances-per-Ardhmerine-e-Kosoves-Lahi-Brahimaj-e1761042945224.jpg\" \/>\n\t<meta property=\"og:image:width\" content=\"971\" \/>\n\t<meta property=\"og:image:height\" content=\"628\" \/>\n\t<meta property=\"og:image:type\" content=\"image\/jpeg\" \/>\n<meta name=\"author\" content=\"P\u00ebrmbledhja\" \/>\n<meta name=\"twitter:card\" content=\"summary_large_image\" \/>\n<meta name=\"twitter:label1\" content=\"Written by\" \/>\n\t<meta name=\"twitter:data1\" content=\"P\u00ebrmbledhja\" \/>\n\t<meta name=\"twitter:label2\" content=\"Est. reading time\" \/>\n\t<meta name=\"twitter:data2\" content=\"2 minuta\" \/>\n<script type=\"application\/ld+json\" class=\"yoast-schema-graph\">{\"@context\":\"https:\/\/schema.org\",\"@graph\":[{\"@type\":\"Article\",\"@id\":\"https:\/\/permbledhja.com\/brahimaj-vuciqi-e-radojciqi-u-forcuan-gjate-mandatit-te-kurtit\/#article\",\"isPartOf\":{\"@id\":\"https:\/\/permbledhja.com\/brahimaj-vuciqi-e-radojciqi-u-forcuan-gjate-mandatit-te-kurtit\/\"},\"author\":{\"name\":\"P\u00ebrmbledhja\",\"@id\":\"https:\/\/permbledhja.com\/#\/schema\/person\/0d064377258d3221e50693947b9eb4fe\"},\"headline\":\"Brahimaj: Vu\u00e7iqi e Radoj\u00e7iqi u forcuan gjat\u00eb mandatit t\u00eb Kurtit\",\"datePublished\":\"2025-11-27T17:04:28+00:00\",\"dateModified\":\"2025-11-27T17:04:28+00:00\",\"mainEntityOfPage\":{\"@id\":\"https:\/\/permbledhja.com\/brahimaj-vuciqi-e-radojciqi-u-forcuan-gjate-mandatit-te-kurtit\/\"},\"wordCount\":277,\"publisher\":{\"@id\":\"https:\/\/permbledhja.com\/#organization\"},\"keywords\":[\"Lahi Brahimaj\"],\"articleSection\":[\"Dyt\u00ebsore\"],\"inLanguage\":\"sq\"},{\"@type\":\"WebPage\",\"@id\":\"https:\/\/permbledhja.com\/brahimaj-vuciqi-e-radojciqi-u-forcuan-gjate-mandatit-te-kurtit\/\",\"url\":\"https:\/\/permbledhja.com\/brahimaj-vuciqi-e-radojciqi-u-forcuan-gjate-mandatit-te-kurtit\/\",\"name\":\"Brahimaj: Vu\u00e7iqi e Radoj\u00e7iqi u forcuan gjat\u00eb mandatit t\u00eb Kurtit\",\"isPartOf\":{\"@id\":\"https:\/\/permbledhja.com\/#website\"},\"datePublished\":\"2025-11-27T17:04:28+00:00\",\"dateModified\":\"2025-11-27T17:04:28+00:00\",\"breadcrumb\":{\"@id\":\"https:\/\/permbledhja.com\/brahimaj-vuciqi-e-radojciqi-u-forcuan-gjate-mandatit-te-kurtit\/#breadcrumb\"},\"inLanguage\":\"sq\",\"potentialAction\":[{\"@type\":\"ReadAction\",\"target\":[\"https:\/\/permbledhja.com\/brahimaj-vuciqi-e-radojciqi-u-forcuan-gjate-mandatit-te-kurtit\/\"]}]},{\"@type\":\"BreadcrumbList\",\"@id\":\"https:\/\/permbledhja.com\/brahimaj-vuciqi-e-radojciqi-u-forcuan-gjate-mandatit-te-kurtit\/#breadcrumb\",\"itemListElement\":[{\"@type\":\"ListItem\",\"position\":1,\"name\":\"Ballina\",\"item\":\"https:\/\/permbledhja.com\/sq\/\"},{\"@type\":\"ListItem\",\"position\":2,\"name\":\"Brahimaj: Vu\u00e7iqi e Radoj\u00e7iqi u forcuan gjat\u00eb mandatit t\u00eb Kurtit\"}]},{\"@type\":\"WebSite\",\"@id\":\"https:\/\/permbledhja.com\/#website\",\"url\":\"https:\/\/permbledhja.com\/\",\"name\":\"Ve\u00e7 artikuj p\u00ebrmbledh\u00ebs\",\"description\":\"\",\"publisher\":{\"@id\":\"https:\/\/permbledhja.com\/#organization\"},\"potentialAction\":[{\"@type\":\"SearchAction\",\"target\":{\"@type\":\"EntryPoint\",\"urlTemplate\":\"https:\/\/permbledhja.com\/?s={search_term_string}\"},\"query-input\":\"required name=search_term_string\"}],\"inLanguage\":\"sq\"},{\"@type\":\"Organization\",\"@id\":\"https:\/\/permbledhja.com\/#organization\",\"name\":\"MK Media & Pr\",\"url\":\"https:\/\/permbledhja.com\/\",\"logo\":{\"@type\":\"ImageObject\",\"inLanguage\":\"sq\",\"@id\":\"https:\/\/permbledhja.com\/#\/schema\/logo\/image\/\",\"url\":\"https:\/\/permbledhja.com\/wp-content\/uploads\/2021\/12\/07-Press-Logo.jpg\",\"contentUrl\":\"https:\/\/permbledhja.com\/wp-content\/uploads\/2021\/12\/07-Press-Logo.jpg\",\"width\":512,\"height\":512,\"caption\":\"MK Media & Pr\"},\"image\":{\"@id\":\"https:\/\/permbledhja.com\/#\/schema\/logo\/image\/\"},\"sameAs\":[\"https:\/\/www.facebook.com\/press07\/\"]},{\"@type\":\"Person\",\"@id\":\"https:\/\/permbledhja.com\/#\/schema\/person\/0d064377258d3221e50693947b9eb4fe\",\"name\":\"P\u00ebrmbledhja\",\"image\":{\"@type\":\"ImageObject\",\"inLanguage\":\"sq\",\"@id\":\"https:\/\/permbledhja.com\/#\/schema\/person\/image\/\",\"url\":\"https:\/\/permbledhja.com\/wp-content\/uploads\/2026\/01\/452004717_1040944174702970_8932037511805513407_n-96x96.jpg\",\"contentUrl\":\"https:\/\/permbledhja.com\/wp-content\/uploads\/2026\/01\/452004717_1040944174702970_8932037511805513407_n-96x96.jpg\",\"caption\":\"P\u00ebrmbledhja\"},\"sameAs\":[\"https:\/\/www.facebook.com\/kafexhiu.muharrem\/\",\"https:\/\/www.instagram.com\/muharrem_kafexhiu\/\"],\"url\":\"https:\/\/permbledhja.com\/sq\/author\/admin\/\"}]}<\/script>\n<!-- \/ Yoast SEO plugin. -->","yoast_head_json":{"title":"Brahimaj: Vu\u00e7iqi e Radoj\u00e7iqi u forcuan gjat\u00eb mandatit t\u00eb Kurtit","robots":{"index":"index","follow":"follow","max-snippet":"max-snippet:-1","max-image-preview":"max-image-preview:large","max-video-preview":"max-video-preview:-1"},"canonical":"https:\/\/permbledhja.com\/sq\/brahimaj-vuciqi-e-radojciqi-u-forcuan-gjate-mandatit-te-kurtit\/","og_locale":"sq_AL","og_type":"article","og_title":"Brahimaj: Vu\u00e7iqi e Radoj\u00e7iqi u forcuan gjat\u00eb mandatit t\u00eb Kurtit","og_description":"Ish-deputeti i AAK-s\u00eb, Lahi Brahimaj, ka drejtuar kritika ndaj qeveris\u00eb s\u00eb udh\u00ebhequr nga Albin Kurti. Brahimaj n\u00eb Dukagjini tha se \u00ebsht\u00eb \u201cparadoksale\u201d m\u00ebnyra se si Kurti u referohet t\u00eb tjer\u00ebve si \u201ckumbar\u00eb me Vu\u00e7iqin\u201d, nd\u00ebrkoh\u00eb q\u00eb, sipas tij, presidenti serb Aleksandar Vu\u00e7iq dhe njer\u00ebzit rreth tij \u201cnuk kan\u00eb qen\u00eb kurr\u00eb m\u00eb t\u00eb fort\u00eb n\u00eb Kosov\u00eb\u201d [&hellip;]","og_url":"https:\/\/permbledhja.com\/sq\/brahimaj-vuciqi-e-radojciqi-u-forcuan-gjate-mandatit-te-kurtit\/","og_site_name":"Ve\u00e7 artikuj p\u00ebrmbledh\u00ebs","article_publisher":"https:\/\/www.facebook.com\/press07\/","article_author":"https:\/\/www.facebook.com\/kafexhiu.muharrem\/","article_published_time":"2025-11-27T17:04:28+00:00","og_image":[{"width":971,"height":628,"url":"https:\/\/permbledhja.com\/wp-content\/uploads\/2025\/11\/Deputeti-i-zgjedhur-nga-radhet-e-Aleances-per-Ardhmerine-e-Kosoves-Lahi-Brahimaj-e1761042945224.jpg","type":"image\/jpeg"}],"author":"P\u00ebrmbledhja","twitter_card":"summary_large_image","twitter_misc":{"Written by":"P\u00ebrmbledhja","Est. reading time":"2 minuta"},"schema":{"@context":"https:\/\/schema.org","@graph":[{"@type":"Article","@id":"https:\/\/permbledhja.com\/brahimaj-vuciqi-e-radojciqi-u-forcuan-gjate-mandatit-te-kurtit\/#article","isPartOf":{"@id":"https:\/\/permbledhja.com\/brahimaj-vuciqi-e-radojciqi-u-forcuan-gjate-mandatit-te-kurtit\/"},"author":{"name":"P\u00ebrmbledhja","@id":"https:\/\/permbledhja.com\/#\/schema\/person\/0d064377258d3221e50693947b9eb4fe"},"headline":"Brahimaj: Vu\u00e7iqi e Radoj\u00e7iqi u forcuan gjat\u00eb mandatit t\u00eb Kurtit","datePublished":"2025-11-27T17:04:28+00:00","dateModified":"2025-11-27T17:04:28+00:00","mainEntityOfPage":{"@id":"https:\/\/permbledhja.com\/brahimaj-vuciqi-e-radojciqi-u-forcuan-gjate-mandatit-te-kurtit\/"},"wordCount":277,"publisher":{"@id":"https:\/\/permbledhja.com\/#organization"},"keywords":["Lahi Brahimaj"],"articleSection":["Dyt\u00ebsore"],"inLanguage":"sq"},{"@type":"WebPage","@id":"https:\/\/permbledhja.com\/brahimaj-vuciqi-e-radojciqi-u-forcuan-gjate-mandatit-te-kurtit\/","url":"https:\/\/permbledhja.com\/brahimaj-vuciqi-e-radojciqi-u-forcuan-gjate-mandatit-te-kurtit\/","name":"Brahimaj: Vu\u00e7iqi e Radoj\u00e7iqi u forcuan gjat\u00eb mandatit t\u00eb Kurtit","isPartOf":{"@id":"https:\/\/permbledhja.com\/#website"},"datePublished":"2025-11-27T17:04:28+00:00","dateModified":"2025-11-27T17:04:28+00:00","breadcrumb":{"@id":"https:\/\/permbledhja.com\/brahimaj-vuciqi-e-radojciqi-u-forcuan-gjate-mandatit-te-kurtit\/#breadcrumb"},"inLanguage":"sq","potentialAction":[{"@type":"ReadAction","target":["https:\/\/permbledhja.com\/brahimaj-vuciqi-e-radojciqi-u-forcuan-gjate-mandatit-te-kurtit\/"]}]},{"@type":"BreadcrumbList","@id":"https:\/\/permbledhja.com\/brahimaj-vuciqi-e-radojciqi-u-forcuan-gjate-mandatit-te-kurtit\/#breadcrumb","itemListElement":[{"@type":"ListItem","position":1,"name":"Ballina","item":"https:\/\/permbledhja.com\/sq\/"},{"@type":"ListItem","position":2,"name":"Brahimaj: Vu\u00e7iqi e Radoj\u00e7iqi u forcuan gjat\u00eb mandatit t\u00eb Kurtit"}]},{"@type":"WebSite","@id":"https:\/\/permbledhja.com\/#website","url":"https:\/\/permbledhja.com\/","name":"Ve\u00e7 artikuj p\u00ebrmbledh\u00ebs","description":"","publisher":{"@id":"https:\/\/permbledhja.com\/#organization"},"potentialAction":[{"@type":"SearchAction","target":{"@type":"EntryPoint","urlTemplate":"https:\/\/permbledhja.com\/?s={search_term_string}"},"query-input":"required name=search_term_string"}],"inLanguage":"sq"},{"@type":"Organization","@id":"https:\/\/permbledhja.com\/#organization","name":"MK Media & Pr","url":"https:\/\/permbledhja.com\/","logo":{"@type":"ImageObject","inLanguage":"sq","@id":"https:\/\/permbledhja.com\/#\/schema\/logo\/image\/","url":"https:\/\/permbledhja.com\/wp-content\/uploads\/2021\/12\/07-Press-Logo.jpg","contentUrl":"https:\/\/permbledhja.com\/wp-content\/uploads\/2021\/12\/07-Press-Logo.jpg","width":512,"height":512,"caption":"MK Media & Pr"},"image":{"@id":"https:\/\/permbledhja.com\/#\/schema\/logo\/image\/"},"sameAs":["https:\/\/www.facebook.com\/press07\/"]},{"@type":"Person","@id":"https:\/\/permbledhja.com\/#\/schema\/person\/0d064377258d3221e50693947b9eb4fe","name":"P\u00ebrmbledhja","image":{"@type":"ImageObject","inLanguage":"sq","@id":"https:\/\/permbledhja.com\/#\/schema\/person\/image\/","url":"https:\/\/permbledhja.com\/wp-content\/uploads\/2026\/01\/452004717_1040944174702970_8932037511805513407_n-96x96.jpg","contentUrl":"https:\/\/permbledhja.com\/wp-content\/uploads\/2026\/01\/452004717_1040944174702970_8932037511805513407_n-96x96.jpg","caption":"P\u00ebrmbledhja"},"sameAs":["https:\/\/www.facebook.com\/kafexhiu.muharrem\/","https:\/\/www.instagram.com\/muharrem_kafexhiu\/"],"url":"https:\/\/permbledhja.com\/sq\/author\/admin\/"}]}},"_links":{"self":[{"href":"https:\/\/permbledhja.com\/sq\/wp-json\/wp\/v2\/posts\/75099"}],"collection":[{"href":"https:\/\/permbledhja.com\/sq\/wp-json\/wp\/v2\/posts"}],"about":[{"href":"https:\/\/permbledhja.com\/sq\/wp-json\/wp\/v2\/types\/post"}],"author":[{"embeddable":true,"href":"https:\/\/permbledhja.com\/sq\/wp-json\/wp\/v2\/users\/1"}],"replies":[{"embeddable":true,"href":"https:\/\/permbledhja.com\/sq\/wp-json\/wp\/v2\/comments?post=75099"}],"version-history":[{"count":1,"href":"https:\/\/permbledhja.com\/sq\/wp-json\/wp\/v2\/posts\/75099\/revisions"}],"predecessor-version":[{"id":75101,"href":"https:\/\/permbledhja.com\/sq\/wp-json\/wp\/v2\/posts\/75099\/revisions\/75101"}],"wp:featuredmedia":[{"embeddable":true,"href":"https:\/\/permbledhja.com\/sq\/wp-json\/wp\/v2\/media\/75100"}],"wp:attachment":[{"href":"https:\/\/permbledhja.com\/sq\/wp-json\/wp\/v2\/media?parent=75099"}],"wp:term":[{"taxonomy":"category","embeddable":true,"href":"https:\/\/permbledhja.com\/sq\/wp-json\/wp\/v2\/categories?post=75099"},{"taxonomy":"post_tag","embeddable":true,"href":"https:\/\/permbledhja.com\/sq\/wp-json\/wp\/v2\/tags?post=75099"}],"curies":[{"name":"wp","href":"https:\/\/api.w.org\/{rel}","templated":true}]}}