{"id":7449,"date":"2022-10-12T09:35:01","date_gmt":"2022-10-12T09:35:01","guid":{"rendered":"https:\/\/permbledhja.com\/?p=7449"},"modified":"2022-10-12T09:35:01","modified_gmt":"2022-10-12T09:35:01","slug":"kete-vit-tri-dite-me-heret-termokos-nis-sot-sezonin-e-ngrohjes","status":"publish","type":"post","link":"https:\/\/permbledhja.com\/sq\/kete-vit-tri-dite-me-heret-termokos-nis-sot-sezonin-e-ngrohjes\/","title":{"rendered":"K\u00ebt\u00eb vit tri dit\u00eb m\u00eb her\u00ebt, Termokos nis sot sezonin e ngrohjes"},"content":{"rendered":"<p><strong>Nga sot ka filluar sezoni ngroh\u00ebs p\u00ebr gjitha lagjet q\u00eb jan\u00eb t\u00eb ky\u00e7ura n\u00eb ngrohtoren e qytetit Termokos. K\u00ebt\u00eb vit, po fillon sezoni i ngrohjes tri dit\u00eb para afatit zyrtar t\u00eb zakonsh\u00ebm.<\/strong><\/p>\n<p>Kryetari i kryeqytetit, P\u00ebrparim Rama ka vizituar ngrohtoren p\u00ebr t\u00eb par\u00eb p\u00ebrgatitjet e fundit para fillimit t\u00eb furnizimit me ngrohje.<\/p>\n<p>Kryeshefi ekzekutiv i Termokos-it, Fisnik Osmani ka njoftuar se nga java e ardhshme do t\u00eb filloj\u00eb furnizimi me ngrohje p\u00ebr disa objekte t\u00eb lagjes Mati 1.<\/p>\n<p>Sipas tij, pritet t\u00eb filloj\u00eb edhe furnizimi p\u00ebr 86 objekte banesore t\u00eb vjetra n\u00eb qend\u00ebr, Ulpian\u00eb, Dardani dhe Bregu e Diellit.<\/p>\n<p>\u201cKonsumator\u00ebt kan\u00eb borxhe 16 milion\u00eb euro\u201d, tha ai.<\/p>\n<p>https:\/\/permbledhja.com\/tentoi-te-vras-tre-police-ne-prizren-arrestohet-i-dyshuari-32-vjecar\/<\/p>\n","protected":false},"excerpt":{"rendered":"<p>Nga sot ka filluar sezoni ngroh\u00ebs p\u00ebr gjitha lagjet q\u00eb jan\u00eb t\u00eb ky\u00e7ura n\u00eb ngrohtoren e qytetit Termokos. K\u00ebt\u00eb vit, po fillon sezoni i ngrohjes tri dit\u00eb para afatit zyrtar t\u00eb zakonsh\u00ebm. Kryetari i kryeqytetit, P\u00ebrparim Rama ka vizituar ngrohtoren p\u00ebr t\u00eb par\u00eb p\u00ebrgatitjet e fundit para fillimit t\u00eb furnizimit me ngrohje. Kryeshefi ekzekutiv i [&hellip;]<\/p>\n","protected":false},"author":1,"featured_media":7450,"comment_status":"closed","ping_status":"closed","sticky":false,"template":"","format":"standard","meta":{"_monsterinsights_skip_tracking":false,"_monsterinsights_sitenote_active":false,"_monsterinsights_sitenote_note":"","_monsterinsights_sitenote_category":0,"_uf_show_specific_survey":0,"_uf_disable_surveys":false,"footnotes":""},"categories":[23,15],"tags":[567],"yoast_head":"<!-- This site is optimized with the Yoast SEO plugin v21.5 - https:\/\/yoast.com\/wordpress\/plugins\/seo\/ -->\n<title>K\u00ebt\u00eb vit tri dit\u00eb m\u00eb her\u00ebt, Termokos nis sot sezonin e ngrohjes<\/title>\n<meta name=\"robots\" content=\"index, follow, max-snippet:-1, max-image-preview:large, max-video-preview:-1\" \/>\n<link rel=\"canonical\" href=\"https:\/\/permbledhja.com\/sq\/kete-vit-tri-dite-me-heret-termokos-nis-sot-sezonin-e-ngrohjes\/\" \/>\n<meta property=\"og:locale\" content=\"sq_AL\" \/>\n<meta property=\"og:type\" content=\"article\" \/>\n<meta property=\"og:title\" content=\"K\u00ebt\u00eb vit tri dit\u00eb m\u00eb her\u00ebt, Termokos nis sot sezonin e ngrohjes\" \/>\n<meta property=\"og:description\" content=\"Nga sot ka filluar sezoni ngroh\u00ebs p\u00ebr gjitha lagjet q\u00eb jan\u00eb t\u00eb ky\u00e7ura n\u00eb ngrohtoren e qytetit Termokos. K\u00ebt\u00eb vit, po fillon sezoni i ngrohjes tri dit\u00eb para afatit zyrtar t\u00eb zakonsh\u00ebm. Kryetari i kryeqytetit, P\u00ebrparim Rama ka vizituar ngrohtoren p\u00ebr t\u00eb par\u00eb p\u00ebrgatitjet e fundit para fillimit t\u00eb furnizimit me ngrohje. Kryeshefi ekzekutiv i [&hellip;]\" \/>\n<meta property=\"og:url\" content=\"https:\/\/permbledhja.com\/sq\/kete-vit-tri-dite-me-heret-termokos-nis-sot-sezonin-e-ngrohjes\/\" \/>\n<meta property=\"og:site_name\" content=\"Ve\u00e7 artikuj p\u00ebrmbledh\u00ebs\" \/>\n<meta property=\"article:publisher\" content=\"https:\/\/www.facebook.com\/press07\/\" \/>\n<meta property=\"article:author\" content=\"https:\/\/www.facebook.com\/kafexhiu.muharrem\/\" \/>\n<meta property=\"article:published_time\" content=\"2022-10-12T09:35:01+00:00\" \/>\n<meta property=\"og:image\" content=\"https:\/\/permbledhja.com\/wp-content\/uploads\/2022\/10\/o-1.jpg\" \/>\n\t<meta property=\"og:image:width\" content=\"1177\" \/>\n\t<meta property=\"og:image:height\" content=\"699\" \/>\n\t<meta property=\"og:image:type\" content=\"image\/jpeg\" \/>\n<meta name=\"author\" content=\"P\u00ebrmbledhja\" \/>\n<meta name=\"twitter:card\" content=\"summary_large_image\" \/>\n<meta name=\"twitter:label1\" content=\"Written by\" \/>\n\t<meta name=\"twitter:data1\" content=\"P\u00ebrmbledhja\" \/>\n\t<meta name=\"twitter:label2\" content=\"Est. reading time\" \/>\n\t<meta name=\"twitter:data2\" content=\"1 minut\u00eb\" \/>\n<script type=\"application\/ld+json\" class=\"yoast-schema-graph\">{\"@context\":\"https:\/\/schema.org\",\"@graph\":[{\"@type\":\"Article\",\"@id\":\"https:\/\/permbledhja.com\/kete-vit-tri-dite-me-heret-termokos-nis-sot-sezonin-e-ngrohjes\/#article\",\"isPartOf\":{\"@id\":\"https:\/\/permbledhja.com\/kete-vit-tri-dite-me-heret-termokos-nis-sot-sezonin-e-ngrohjes\/\"},\"author\":{\"name\":\"P\u00ebrmbledhja\",\"@id\":\"https:\/\/permbledhja.com\/#\/schema\/person\/0d064377258d3221e50693947b9eb4fe\"},\"headline\":\"K\u00ebt\u00eb vit tri dit\u00eb m\u00eb her\u00ebt, Termokos nis sot sezonin e ngrohjes\",\"datePublished\":\"2022-10-12T09:35:01+00:00\",\"dateModified\":\"2022-10-12T09:35:01+00:00\",\"mainEntityOfPage\":{\"@id\":\"https:\/\/permbledhja.com\/kete-vit-tri-dite-me-heret-termokos-nis-sot-sezonin-e-ngrohjes\/\"},\"wordCount\":135,\"publisher\":{\"@id\":\"https:\/\/permbledhja.com\/#organization\"},\"keywords\":[\"Termokosi\"],\"articleSection\":[\"Komb\u00ebtare\",\"Lajme\"],\"inLanguage\":\"sq\"},{\"@type\":\"WebPage\",\"@id\":\"https:\/\/permbledhja.com\/kete-vit-tri-dite-me-heret-termokos-nis-sot-sezonin-e-ngrohjes\/\",\"url\":\"https:\/\/permbledhja.com\/kete-vit-tri-dite-me-heret-termokos-nis-sot-sezonin-e-ngrohjes\/\",\"name\":\"K\u00ebt\u00eb vit tri dit\u00eb m\u00eb her\u00ebt, Termokos nis sot sezonin e ngrohjes\",\"isPartOf\":{\"@id\":\"https:\/\/permbledhja.com\/#website\"},\"datePublished\":\"2022-10-12T09:35:01+00:00\",\"dateModified\":\"2022-10-12T09:35:01+00:00\",\"breadcrumb\":{\"@id\":\"https:\/\/permbledhja.com\/kete-vit-tri-dite-me-heret-termokos-nis-sot-sezonin-e-ngrohjes\/#breadcrumb\"},\"inLanguage\":\"sq\",\"potentialAction\":[{\"@type\":\"ReadAction\",\"target\":[\"https:\/\/permbledhja.com\/kete-vit-tri-dite-me-heret-termokos-nis-sot-sezonin-e-ngrohjes\/\"]}]},{\"@type\":\"BreadcrumbList\",\"@id\":\"https:\/\/permbledhja.com\/kete-vit-tri-dite-me-heret-termokos-nis-sot-sezonin-e-ngrohjes\/#breadcrumb\",\"itemListElement\":[{\"@type\":\"ListItem\",\"position\":1,\"name\":\"Ballina\",\"item\":\"https:\/\/permbledhja.com\/sq\/\"},{\"@type\":\"ListItem\",\"position\":2,\"name\":\"K\u00ebt\u00eb vit tri dit\u00eb m\u00eb her\u00ebt, Termokos nis sot sezonin e ngrohjes\"}]},{\"@type\":\"WebSite\",\"@id\":\"https:\/\/permbledhja.com\/#website\",\"url\":\"https:\/\/permbledhja.com\/\",\"name\":\"Ve\u00e7 artikuj p\u00ebrmbledh\u00ebs\",\"description\":\"\",\"publisher\":{\"@id\":\"https:\/\/permbledhja.com\/#organization\"},\"potentialAction\":[{\"@type\":\"SearchAction\",\"target\":{\"@type\":\"EntryPoint\",\"urlTemplate\":\"https:\/\/permbledhja.com\/?s={search_term_string}\"},\"query-input\":\"required name=search_term_string\"}],\"inLanguage\":\"sq\"},{\"@type\":\"Organization\",\"@id\":\"https:\/\/permbledhja.com\/#organization\",\"name\":\"MK Media & Pr\",\"url\":\"https:\/\/permbledhja.com\/\",\"logo\":{\"@type\":\"ImageObject\",\"inLanguage\":\"sq\",\"@id\":\"https:\/\/permbledhja.com\/#\/schema\/logo\/image\/\",\"url\":\"https:\/\/permbledhja.com\/wp-content\/uploads\/2021\/12\/07-Press-Logo.jpg\",\"contentUrl\":\"https:\/\/permbledhja.com\/wp-content\/uploads\/2021\/12\/07-Press-Logo.jpg\",\"width\":512,\"height\":512,\"caption\":\"MK Media & Pr\"},\"image\":{\"@id\":\"https:\/\/permbledhja.com\/#\/schema\/logo\/image\/\"},\"sameAs\":[\"https:\/\/www.facebook.com\/press07\/\"]},{\"@type\":\"Person\",\"@id\":\"https:\/\/permbledhja.com\/#\/schema\/person\/0d064377258d3221e50693947b9eb4fe\",\"name\":\"P\u00ebrmbledhja\",\"image\":{\"@type\":\"ImageObject\",\"inLanguage\":\"sq\",\"@id\":\"https:\/\/permbledhja.com\/#\/schema\/person\/image\/\",\"url\":\"https:\/\/permbledhja.com\/wp-content\/uploads\/2026\/01\/452004717_1040944174702970_8932037511805513407_n-96x96.jpg\",\"contentUrl\":\"https:\/\/permbledhja.com\/wp-content\/uploads\/2026\/01\/452004717_1040944174702970_8932037511805513407_n-96x96.jpg\",\"caption\":\"P\u00ebrmbledhja\"},\"sameAs\":[\"https:\/\/www.facebook.com\/kafexhiu.muharrem\/\",\"https:\/\/www.instagram.com\/muharrem_kafexhiu\/\"],\"url\":\"https:\/\/permbledhja.com\/sq\/author\/admin\/\"}]}<\/script>\n<!-- \/ Yoast SEO plugin. -->","yoast_head_json":{"title":"K\u00ebt\u00eb vit tri dit\u00eb m\u00eb her\u00ebt, Termokos nis sot sezonin e ngrohjes","robots":{"index":"index","follow":"follow","max-snippet":"max-snippet:-1","max-image-preview":"max-image-preview:large","max-video-preview":"max-video-preview:-1"},"canonical":"https:\/\/permbledhja.com\/sq\/kete-vit-tri-dite-me-heret-termokos-nis-sot-sezonin-e-ngrohjes\/","og_locale":"sq_AL","og_type":"article","og_title":"K\u00ebt\u00eb vit tri dit\u00eb m\u00eb her\u00ebt, Termokos nis sot sezonin e ngrohjes","og_description":"Nga sot ka filluar sezoni ngroh\u00ebs p\u00ebr gjitha lagjet q\u00eb jan\u00eb t\u00eb ky\u00e7ura n\u00eb ngrohtoren e qytetit Termokos. K\u00ebt\u00eb vit, po fillon sezoni i ngrohjes tri dit\u00eb para afatit zyrtar t\u00eb zakonsh\u00ebm. Kryetari i kryeqytetit, P\u00ebrparim Rama ka vizituar ngrohtoren p\u00ebr t\u00eb par\u00eb p\u00ebrgatitjet e fundit para fillimit t\u00eb furnizimit me ngrohje. Kryeshefi ekzekutiv i [&hellip;]","og_url":"https:\/\/permbledhja.com\/sq\/kete-vit-tri-dite-me-heret-termokos-nis-sot-sezonin-e-ngrohjes\/","og_site_name":"Ve\u00e7 artikuj p\u00ebrmbledh\u00ebs","article_publisher":"https:\/\/www.facebook.com\/press07\/","article_author":"https:\/\/www.facebook.com\/kafexhiu.muharrem\/","article_published_time":"2022-10-12T09:35:01+00:00","og_image":[{"width":1177,"height":699,"url":"https:\/\/permbledhja.com\/wp-content\/uploads\/2022\/10\/o-1.jpg","type":"image\/jpeg"}],"author":"P\u00ebrmbledhja","twitter_card":"summary_large_image","twitter_misc":{"Written by":"P\u00ebrmbledhja","Est. reading time":"1 minut\u00eb"},"schema":{"@context":"https:\/\/schema.org","@graph":[{"@type":"Article","@id":"https:\/\/permbledhja.com\/kete-vit-tri-dite-me-heret-termokos-nis-sot-sezonin-e-ngrohjes\/#article","isPartOf":{"@id":"https:\/\/permbledhja.com\/kete-vit-tri-dite-me-heret-termokos-nis-sot-sezonin-e-ngrohjes\/"},"author":{"name":"P\u00ebrmbledhja","@id":"https:\/\/permbledhja.com\/#\/schema\/person\/0d064377258d3221e50693947b9eb4fe"},"headline":"K\u00ebt\u00eb vit tri dit\u00eb m\u00eb her\u00ebt, Termokos nis sot sezonin e ngrohjes","datePublished":"2022-10-12T09:35:01+00:00","dateModified":"2022-10-12T09:35:01+00:00","mainEntityOfPage":{"@id":"https:\/\/permbledhja.com\/kete-vit-tri-dite-me-heret-termokos-nis-sot-sezonin-e-ngrohjes\/"},"wordCount":135,"publisher":{"@id":"https:\/\/permbledhja.com\/#organization"},"keywords":["Termokosi"],"articleSection":["Komb\u00ebtare","Lajme"],"inLanguage":"sq"},{"@type":"WebPage","@id":"https:\/\/permbledhja.com\/kete-vit-tri-dite-me-heret-termokos-nis-sot-sezonin-e-ngrohjes\/","url":"https:\/\/permbledhja.com\/kete-vit-tri-dite-me-heret-termokos-nis-sot-sezonin-e-ngrohjes\/","name":"K\u00ebt\u00eb vit tri dit\u00eb m\u00eb her\u00ebt, Termokos nis sot sezonin e ngrohjes","isPartOf":{"@id":"https:\/\/permbledhja.com\/#website"},"datePublished":"2022-10-12T09:35:01+00:00","dateModified":"2022-10-12T09:35:01+00:00","breadcrumb":{"@id":"https:\/\/permbledhja.com\/kete-vit-tri-dite-me-heret-termokos-nis-sot-sezonin-e-ngrohjes\/#breadcrumb"},"inLanguage":"sq","potentialAction":[{"@type":"ReadAction","target":["https:\/\/permbledhja.com\/kete-vit-tri-dite-me-heret-termokos-nis-sot-sezonin-e-ngrohjes\/"]}]},{"@type":"BreadcrumbList","@id":"https:\/\/permbledhja.com\/kete-vit-tri-dite-me-heret-termokos-nis-sot-sezonin-e-ngrohjes\/#breadcrumb","itemListElement":[{"@type":"ListItem","position":1,"name":"Ballina","item":"https:\/\/permbledhja.com\/sq\/"},{"@type":"ListItem","position":2,"name":"K\u00ebt\u00eb vit tri dit\u00eb m\u00eb her\u00ebt, Termokos nis sot sezonin e ngrohjes"}]},{"@type":"WebSite","@id":"https:\/\/permbledhja.com\/#website","url":"https:\/\/permbledhja.com\/","name":"Ve\u00e7 artikuj p\u00ebrmbledh\u00ebs","description":"","publisher":{"@id":"https:\/\/permbledhja.com\/#organization"},"potentialAction":[{"@type":"SearchAction","target":{"@type":"EntryPoint","urlTemplate":"https:\/\/permbledhja.com\/?s={search_term_string}"},"query-input":"required name=search_term_string"}],"inLanguage":"sq"},{"@type":"Organization","@id":"https:\/\/permbledhja.com\/#organization","name":"MK Media & Pr","url":"https:\/\/permbledhja.com\/","logo":{"@type":"ImageObject","inLanguage":"sq","@id":"https:\/\/permbledhja.com\/#\/schema\/logo\/image\/","url":"https:\/\/permbledhja.com\/wp-content\/uploads\/2021\/12\/07-Press-Logo.jpg","contentUrl":"https:\/\/permbledhja.com\/wp-content\/uploads\/2021\/12\/07-Press-Logo.jpg","width":512,"height":512,"caption":"MK Media & Pr"},"image":{"@id":"https:\/\/permbledhja.com\/#\/schema\/logo\/image\/"},"sameAs":["https:\/\/www.facebook.com\/press07\/"]},{"@type":"Person","@id":"https:\/\/permbledhja.com\/#\/schema\/person\/0d064377258d3221e50693947b9eb4fe","name":"P\u00ebrmbledhja","image":{"@type":"ImageObject","inLanguage":"sq","@id":"https:\/\/permbledhja.com\/#\/schema\/person\/image\/","url":"https:\/\/permbledhja.com\/wp-content\/uploads\/2026\/01\/452004717_1040944174702970_8932037511805513407_n-96x96.jpg","contentUrl":"https:\/\/permbledhja.com\/wp-content\/uploads\/2026\/01\/452004717_1040944174702970_8932037511805513407_n-96x96.jpg","caption":"P\u00ebrmbledhja"},"sameAs":["https:\/\/www.facebook.com\/kafexhiu.muharrem\/","https:\/\/www.instagram.com\/muharrem_kafexhiu\/"],"url":"https:\/\/permbledhja.com\/sq\/author\/admin\/"}]}},"_links":{"self":[{"href":"https:\/\/permbledhja.com\/sq\/wp-json\/wp\/v2\/posts\/7449"}],"collection":[{"href":"https:\/\/permbledhja.com\/sq\/wp-json\/wp\/v2\/posts"}],"about":[{"href":"https:\/\/permbledhja.com\/sq\/wp-json\/wp\/v2\/types\/post"}],"author":[{"embeddable":true,"href":"https:\/\/permbledhja.com\/sq\/wp-json\/wp\/v2\/users\/1"}],"replies":[{"embeddable":true,"href":"https:\/\/permbledhja.com\/sq\/wp-json\/wp\/v2\/comments?post=7449"}],"version-history":[{"count":1,"href":"https:\/\/permbledhja.com\/sq\/wp-json\/wp\/v2\/posts\/7449\/revisions"}],"predecessor-version":[{"id":7451,"href":"https:\/\/permbledhja.com\/sq\/wp-json\/wp\/v2\/posts\/7449\/revisions\/7451"}],"wp:featuredmedia":[{"embeddable":true,"href":"https:\/\/permbledhja.com\/sq\/wp-json\/wp\/v2\/media\/7450"}],"wp:attachment":[{"href":"https:\/\/permbledhja.com\/sq\/wp-json\/wp\/v2\/media?parent=7449"}],"wp:term":[{"taxonomy":"category","embeddable":true,"href":"https:\/\/permbledhja.com\/sq\/wp-json\/wp\/v2\/categories?post=7449"},{"taxonomy":"post_tag","embeddable":true,"href":"https:\/\/permbledhja.com\/sq\/wp-json\/wp\/v2\/tags?post=7449"}],"curies":[{"name":"wp","href":"https:\/\/api.w.org\/{rel}","templated":true}]}}