{"id":7446,"date":"2022-10-12T09:33:51","date_gmt":"2022-10-12T09:33:51","guid":{"rendered":"https:\/\/permbledhja.com\/?p=7446"},"modified":"2022-10-12T09:33:51","modified_gmt":"2022-10-12T09:33:51","slug":"qeveria-ndryshon-kodin-penal-kryesit-e-veprave-penale-te-dhunimit-smund-te-marrin-patente-shofere","status":"publish","type":"post","link":"https:\/\/permbledhja.com\/sq\/qeveria-ndryshon-kodin-penal-kryesit-e-veprave-penale-te-dhunimit-smund-te-marrin-patente-shofere\/","title":{"rendered":"Qeveria ndryshon Kodin Penal, kryesit e veprave penale t\u00eb dhunimit s\u2019mund t\u00eb marrin patent\u00eb-shofer\u00eb"},"content":{"rendered":"<p><strong>Qeveria e Kosov\u00ebs ka miratuar ndryshimin e Ligjit p\u00ebr Kodin Penal t\u00eb Kosov\u00ebs, p\u00ebrmes s\u00eb cilit ka propozuar ashp\u00ebrsimin e sanksioneve ndaj kryersve t\u00eb veprave penale t\u00eb dhunimit, sulmit seksual dhe dhun\u00ebs n\u00eb familje.<\/strong><\/p>\n<p>Ministrja e Drejt\u00ebsis\u00eb, Albulena Haxhiu ka propozuar ashp\u00ebrsimin e d\u00ebnimeve ndaj kryer\u00ebsve t\u00eb veprave penale t\u00eb dhunimit me disa s\u00ebr\u00eb d\u00ebnimesh plot\u00ebsuese.<\/p>\n<p>P\u00ebr personat q\u00eb shpallen fajtor p\u00ebr veprat penale t\u00eb dhunimit dhe dhun\u00ebs n\u00eb familje, ndryshimet n\u00eb Kodin Penal parashohin ndalimin e t\u00eb drejt\u00ebs p\u00ebr pun\u00ebsim n\u00eb sektorin publik.<\/p>\n<p><em>\u201cP\u00ebr veprat penale t\u00eb dhunimit, sulmit seksual dhe dhun\u00ebs n\u00eb familje t\u00eb shtohen d\u00ebnime plot\u00ebsuese si n\u00eb vijim: ndalimin e t\u00eb drejt\u00ebs s\u00eb kandidimit n\u00eb \u00e7do pozit\u00eb publike nga 3 deri n\u00eb 10 vjet personit i cili shpallet fajtor p\u00ebr vepr\u00ebn penale t\u00eb dhunimit dhe dhun\u00ebs n\u00eb familje\u201d.<\/em><\/p>\n<p><em>\u201cNdalimin e pun\u00ebsimit n\u00eb sektorit publik n\u00eb t\u00eb gjitha nivelet p\u00ebr personin q\u00eb shpallet fajtor p\u00ebr vepr\u00ebn penale t\u00eb dhunimit\u201d, vijoi ministrja Haxhiu. \u201cNdalimin e t\u00eb drejt\u00ebs n\u00eb p\u00ebrfitimin e automjetit dhe drejtimin e automjetit nga 1 deri n\u00eb 5 vjet p\u00ebr personin e shpallur fajtor p\u00ebr vepr\u00ebn penale t\u00eb dhunimit\u201d.Ministrja po ashtu ka th\u00ebn\u00eb se me ndryshimet n\u00eb Kodin Penal \u00ebsht\u00eb parapar\u00eb q\u00eb \u201ckufijt\u00eb e d\u00ebnimit nuk do t\u00eb ulen\u201d.<\/em><\/p>\n","protected":false},"excerpt":{"rendered":"<p>Qeveria e Kosov\u00ebs ka miratuar ndryshimin e Ligjit p\u00ebr Kodin Penal t\u00eb Kosov\u00ebs, p\u00ebrmes s\u00eb cilit ka propozuar ashp\u00ebrsimin e sanksioneve ndaj kryersve t\u00eb veprave penale t\u00eb dhunimit, sulmit seksual dhe dhun\u00ebs n\u00eb familje. Ministrja e Drejt\u00ebsis\u00eb, Albulena Haxhiu ka propozuar ashp\u00ebrsimin e d\u00ebnimeve ndaj kryer\u00ebsve t\u00eb veprave penale t\u00eb dhunimit me disa s\u00ebr\u00eb d\u00ebnimesh [&hellip;]<\/p>\n","protected":false},"author":1,"featured_media":7447,"comment_status":"closed","ping_status":"closed","sticky":false,"template":"","format":"standard","meta":{"_monsterinsights_skip_tracking":false,"_monsterinsights_sitenote_active":false,"_monsterinsights_sitenote_note":"","_monsterinsights_sitenote_category":0,"_uf_show_specific_survey":0,"_uf_disable_surveys":false,"footnotes":""},"categories":[23,15],"tags":[907],"yoast_head":"<!-- This site is optimized with the Yoast SEO plugin v21.5 - https:\/\/yoast.com\/wordpress\/plugins\/seo\/ -->\n<title>Qeveria ndryshon Kodin Penal, kryesit e veprave penale t\u00eb dhunimit s\u2019mund t\u00eb marrin patent\u00eb-shofer\u00eb<\/title>\n<meta name=\"robots\" content=\"index, follow, max-snippet:-1, max-image-preview:large, max-video-preview:-1\" \/>\n<link rel=\"canonical\" href=\"https:\/\/permbledhja.com\/sq\/qeveria-ndryshon-kodin-penal-kryesit-e-veprave-penale-te-dhunimit-smund-te-marrin-patente-shofere\/\" \/>\n<meta property=\"og:locale\" content=\"sq_AL\" \/>\n<meta property=\"og:type\" content=\"article\" \/>\n<meta property=\"og:title\" content=\"Qeveria ndryshon Kodin Penal, kryesit e veprave penale t\u00eb dhunimit s\u2019mund t\u00eb marrin patent\u00eb-shofer\u00eb\" \/>\n<meta property=\"og:description\" content=\"Qeveria e Kosov\u00ebs ka miratuar ndryshimin e Ligjit p\u00ebr Kodin Penal t\u00eb Kosov\u00ebs, p\u00ebrmes s\u00eb cilit ka propozuar ashp\u00ebrsimin e sanksioneve ndaj kryersve t\u00eb veprave penale t\u00eb dhunimit, sulmit seksual dhe dhun\u00ebs n\u00eb familje. Ministrja e Drejt\u00ebsis\u00eb, Albulena Haxhiu ka propozuar ashp\u00ebrsimin e d\u00ebnimeve ndaj kryer\u00ebsve t\u00eb veprave penale t\u00eb dhunimit me disa s\u00ebr\u00eb d\u00ebnimesh [&hellip;]\" \/>\n<meta property=\"og:url\" content=\"https:\/\/permbledhja.com\/sq\/qeveria-ndryshon-kodin-penal-kryesit-e-veprave-penale-te-dhunimit-smund-te-marrin-patente-shofere\/\" \/>\n<meta property=\"og:site_name\" content=\"Ve\u00e7 artikuj p\u00ebrmbledh\u00ebs\" \/>\n<meta property=\"article:publisher\" content=\"https:\/\/www.facebook.com\/press07\/\" \/>\n<meta property=\"article:author\" content=\"https:\/\/www.facebook.com\/kafexhiu.muharrem\/\" \/>\n<meta property=\"article:published_time\" content=\"2022-10-12T09:33:51+00:00\" \/>\n<meta property=\"og:image\" content=\"https:\/\/permbledhja.com\/wp-content\/uploads\/2022\/10\/IMG-3520_1-scaled-1.jpg\" \/>\n\t<meta property=\"og:image:width\" content=\"2560\" \/>\n\t<meta property=\"og:image:height\" content=\"1990\" \/>\n\t<meta property=\"og:image:type\" content=\"image\/jpeg\" \/>\n<meta name=\"author\" content=\"P\u00ebrmbledhja\" \/>\n<meta name=\"twitter:card\" content=\"summary_large_image\" \/>\n<meta name=\"twitter:label1\" content=\"Written by\" \/>\n\t<meta name=\"twitter:data1\" content=\"P\u00ebrmbledhja\" \/>\n\t<meta name=\"twitter:label2\" content=\"Est. reading time\" \/>\n\t<meta name=\"twitter:data2\" content=\"1 minut\u00eb\" \/>\n<script type=\"application\/ld+json\" class=\"yoast-schema-graph\">{\"@context\":\"https:\/\/schema.org\",\"@graph\":[{\"@type\":\"Article\",\"@id\":\"https:\/\/permbledhja.com\/qeveria-ndryshon-kodin-penal-kryesit-e-veprave-penale-te-dhunimit-smund-te-marrin-patente-shofere\/#article\",\"isPartOf\":{\"@id\":\"https:\/\/permbledhja.com\/qeveria-ndryshon-kodin-penal-kryesit-e-veprave-penale-te-dhunimit-smund-te-marrin-patente-shofere\/\"},\"author\":{\"name\":\"P\u00ebrmbledhja\",\"@id\":\"https:\/\/permbledhja.com\/#\/schema\/person\/0d064377258d3221e50693947b9eb4fe\"},\"headline\":\"Qeveria ndryshon Kodin Penal, kryesit e veprave penale t\u00eb dhunimit s\u2019mund t\u00eb marrin patent\u00eb-shofer\u00eb\",\"datePublished\":\"2022-10-12T09:33:51+00:00\",\"dateModified\":\"2022-10-12T09:33:51+00:00\",\"mainEntityOfPage\":{\"@id\":\"https:\/\/permbledhja.com\/qeveria-ndryshon-kodin-penal-kryesit-e-veprave-penale-te-dhunimit-smund-te-marrin-patente-shofere\/\"},\"wordCount\":254,\"publisher\":{\"@id\":\"https:\/\/permbledhja.com\/#organization\"},\"keywords\":[\"Patent\u00eb-shofer\u00eb\"],\"articleSection\":[\"Komb\u00ebtare\",\"Lajme\"],\"inLanguage\":\"sq\"},{\"@type\":\"WebPage\",\"@id\":\"https:\/\/permbledhja.com\/qeveria-ndryshon-kodin-penal-kryesit-e-veprave-penale-te-dhunimit-smund-te-marrin-patente-shofere\/\",\"url\":\"https:\/\/permbledhja.com\/qeveria-ndryshon-kodin-penal-kryesit-e-veprave-penale-te-dhunimit-smund-te-marrin-patente-shofere\/\",\"name\":\"Qeveria ndryshon Kodin Penal, kryesit e veprave penale t\u00eb dhunimit s\u2019mund t\u00eb marrin patent\u00eb-shofer\u00eb\",\"isPartOf\":{\"@id\":\"https:\/\/permbledhja.com\/#website\"},\"datePublished\":\"2022-10-12T09:33:51+00:00\",\"dateModified\":\"2022-10-12T09:33:51+00:00\",\"breadcrumb\":{\"@id\":\"https:\/\/permbledhja.com\/qeveria-ndryshon-kodin-penal-kryesit-e-veprave-penale-te-dhunimit-smund-te-marrin-patente-shofere\/#breadcrumb\"},\"inLanguage\":\"sq\",\"potentialAction\":[{\"@type\":\"ReadAction\",\"target\":[\"https:\/\/permbledhja.com\/qeveria-ndryshon-kodin-penal-kryesit-e-veprave-penale-te-dhunimit-smund-te-marrin-patente-shofere\/\"]}]},{\"@type\":\"BreadcrumbList\",\"@id\":\"https:\/\/permbledhja.com\/qeveria-ndryshon-kodin-penal-kryesit-e-veprave-penale-te-dhunimit-smund-te-marrin-patente-shofere\/#breadcrumb\",\"itemListElement\":[{\"@type\":\"ListItem\",\"position\":1,\"name\":\"Ballina\",\"item\":\"https:\/\/permbledhja.com\/sq\/\"},{\"@type\":\"ListItem\",\"position\":2,\"name\":\"Qeveria ndryshon Kodin Penal, kryesit e veprave penale t\u00eb dhunimit s\u2019mund t\u00eb marrin patent\u00eb-shofer\u00eb\"}]},{\"@type\":\"WebSite\",\"@id\":\"https:\/\/permbledhja.com\/#website\",\"url\":\"https:\/\/permbledhja.com\/\",\"name\":\"Ve\u00e7 artikuj p\u00ebrmbledh\u00ebs\",\"description\":\"\",\"publisher\":{\"@id\":\"https:\/\/permbledhja.com\/#organization\"},\"potentialAction\":[{\"@type\":\"SearchAction\",\"target\":{\"@type\":\"EntryPoint\",\"urlTemplate\":\"https:\/\/permbledhja.com\/?s={search_term_string}\"},\"query-input\":\"required name=search_term_string\"}],\"inLanguage\":\"sq\"},{\"@type\":\"Organization\",\"@id\":\"https:\/\/permbledhja.com\/#organization\",\"name\":\"MK Media & Pr\",\"url\":\"https:\/\/permbledhja.com\/\",\"logo\":{\"@type\":\"ImageObject\",\"inLanguage\":\"sq\",\"@id\":\"https:\/\/permbledhja.com\/#\/schema\/logo\/image\/\",\"url\":\"https:\/\/permbledhja.com\/wp-content\/uploads\/2021\/12\/07-Press-Logo.jpg\",\"contentUrl\":\"https:\/\/permbledhja.com\/wp-content\/uploads\/2021\/12\/07-Press-Logo.jpg\",\"width\":512,\"height\":512,\"caption\":\"MK Media & Pr\"},\"image\":{\"@id\":\"https:\/\/permbledhja.com\/#\/schema\/logo\/image\/\"},\"sameAs\":[\"https:\/\/www.facebook.com\/press07\/\"]},{\"@type\":\"Person\",\"@id\":\"https:\/\/permbledhja.com\/#\/schema\/person\/0d064377258d3221e50693947b9eb4fe\",\"name\":\"P\u00ebrmbledhja\",\"image\":{\"@type\":\"ImageObject\",\"inLanguage\":\"sq\",\"@id\":\"https:\/\/permbledhja.com\/#\/schema\/person\/image\/\",\"url\":\"https:\/\/permbledhja.com\/wp-content\/uploads\/2026\/01\/452004717_1040944174702970_8932037511805513407_n-96x96.jpg\",\"contentUrl\":\"https:\/\/permbledhja.com\/wp-content\/uploads\/2026\/01\/452004717_1040944174702970_8932037511805513407_n-96x96.jpg\",\"caption\":\"P\u00ebrmbledhja\"},\"sameAs\":[\"https:\/\/www.facebook.com\/kafexhiu.muharrem\/\",\"https:\/\/www.instagram.com\/muharrem_kafexhiu\/\"],\"url\":\"https:\/\/permbledhja.com\/sq\/author\/admin\/\"}]}<\/script>\n<!-- \/ Yoast SEO plugin. -->","yoast_head_json":{"title":"Qeveria ndryshon Kodin Penal, kryesit e veprave penale t\u00eb dhunimit s\u2019mund t\u00eb marrin patent\u00eb-shofer\u00eb","robots":{"index":"index","follow":"follow","max-snippet":"max-snippet:-1","max-image-preview":"max-image-preview:large","max-video-preview":"max-video-preview:-1"},"canonical":"https:\/\/permbledhja.com\/sq\/qeveria-ndryshon-kodin-penal-kryesit-e-veprave-penale-te-dhunimit-smund-te-marrin-patente-shofere\/","og_locale":"sq_AL","og_type":"article","og_title":"Qeveria ndryshon Kodin Penal, kryesit e veprave penale t\u00eb dhunimit s\u2019mund t\u00eb marrin patent\u00eb-shofer\u00eb","og_description":"Qeveria e Kosov\u00ebs ka miratuar ndryshimin e Ligjit p\u00ebr Kodin Penal t\u00eb Kosov\u00ebs, p\u00ebrmes s\u00eb cilit ka propozuar ashp\u00ebrsimin e sanksioneve ndaj kryersve t\u00eb veprave penale t\u00eb dhunimit, sulmit seksual dhe dhun\u00ebs n\u00eb familje. Ministrja e Drejt\u00ebsis\u00eb, Albulena Haxhiu ka propozuar ashp\u00ebrsimin e d\u00ebnimeve ndaj kryer\u00ebsve t\u00eb veprave penale t\u00eb dhunimit me disa s\u00ebr\u00eb d\u00ebnimesh [&hellip;]","og_url":"https:\/\/permbledhja.com\/sq\/qeveria-ndryshon-kodin-penal-kryesit-e-veprave-penale-te-dhunimit-smund-te-marrin-patente-shofere\/","og_site_name":"Ve\u00e7 artikuj p\u00ebrmbledh\u00ebs","article_publisher":"https:\/\/www.facebook.com\/press07\/","article_author":"https:\/\/www.facebook.com\/kafexhiu.muharrem\/","article_published_time":"2022-10-12T09:33:51+00:00","og_image":[{"width":2560,"height":1990,"url":"https:\/\/permbledhja.com\/wp-content\/uploads\/2022\/10\/IMG-3520_1-scaled-1.jpg","type":"image\/jpeg"}],"author":"P\u00ebrmbledhja","twitter_card":"summary_large_image","twitter_misc":{"Written by":"P\u00ebrmbledhja","Est. reading time":"1 minut\u00eb"},"schema":{"@context":"https:\/\/schema.org","@graph":[{"@type":"Article","@id":"https:\/\/permbledhja.com\/qeveria-ndryshon-kodin-penal-kryesit-e-veprave-penale-te-dhunimit-smund-te-marrin-patente-shofere\/#article","isPartOf":{"@id":"https:\/\/permbledhja.com\/qeveria-ndryshon-kodin-penal-kryesit-e-veprave-penale-te-dhunimit-smund-te-marrin-patente-shofere\/"},"author":{"name":"P\u00ebrmbledhja","@id":"https:\/\/permbledhja.com\/#\/schema\/person\/0d064377258d3221e50693947b9eb4fe"},"headline":"Qeveria ndryshon Kodin Penal, kryesit e veprave penale t\u00eb dhunimit s\u2019mund t\u00eb marrin patent\u00eb-shofer\u00eb","datePublished":"2022-10-12T09:33:51+00:00","dateModified":"2022-10-12T09:33:51+00:00","mainEntityOfPage":{"@id":"https:\/\/permbledhja.com\/qeveria-ndryshon-kodin-penal-kryesit-e-veprave-penale-te-dhunimit-smund-te-marrin-patente-shofere\/"},"wordCount":254,"publisher":{"@id":"https:\/\/permbledhja.com\/#organization"},"keywords":["Patent\u00eb-shofer\u00eb"],"articleSection":["Komb\u00ebtare","Lajme"],"inLanguage":"sq"},{"@type":"WebPage","@id":"https:\/\/permbledhja.com\/qeveria-ndryshon-kodin-penal-kryesit-e-veprave-penale-te-dhunimit-smund-te-marrin-patente-shofere\/","url":"https:\/\/permbledhja.com\/qeveria-ndryshon-kodin-penal-kryesit-e-veprave-penale-te-dhunimit-smund-te-marrin-patente-shofere\/","name":"Qeveria ndryshon Kodin Penal, kryesit e veprave penale t\u00eb dhunimit s\u2019mund t\u00eb marrin patent\u00eb-shofer\u00eb","isPartOf":{"@id":"https:\/\/permbledhja.com\/#website"},"datePublished":"2022-10-12T09:33:51+00:00","dateModified":"2022-10-12T09:33:51+00:00","breadcrumb":{"@id":"https:\/\/permbledhja.com\/qeveria-ndryshon-kodin-penal-kryesit-e-veprave-penale-te-dhunimit-smund-te-marrin-patente-shofere\/#breadcrumb"},"inLanguage":"sq","potentialAction":[{"@type":"ReadAction","target":["https:\/\/permbledhja.com\/qeveria-ndryshon-kodin-penal-kryesit-e-veprave-penale-te-dhunimit-smund-te-marrin-patente-shofere\/"]}]},{"@type":"BreadcrumbList","@id":"https:\/\/permbledhja.com\/qeveria-ndryshon-kodin-penal-kryesit-e-veprave-penale-te-dhunimit-smund-te-marrin-patente-shofere\/#breadcrumb","itemListElement":[{"@type":"ListItem","position":1,"name":"Ballina","item":"https:\/\/permbledhja.com\/sq\/"},{"@type":"ListItem","position":2,"name":"Qeveria ndryshon Kodin Penal, kryesit e veprave penale t\u00eb dhunimit s\u2019mund t\u00eb marrin patent\u00eb-shofer\u00eb"}]},{"@type":"WebSite","@id":"https:\/\/permbledhja.com\/#website","url":"https:\/\/permbledhja.com\/","name":"Ve\u00e7 artikuj p\u00ebrmbledh\u00ebs","description":"","publisher":{"@id":"https:\/\/permbledhja.com\/#organization"},"potentialAction":[{"@type":"SearchAction","target":{"@type":"EntryPoint","urlTemplate":"https:\/\/permbledhja.com\/?s={search_term_string}"},"query-input":"required name=search_term_string"}],"inLanguage":"sq"},{"@type":"Organization","@id":"https:\/\/permbledhja.com\/#organization","name":"MK Media & Pr","url":"https:\/\/permbledhja.com\/","logo":{"@type":"ImageObject","inLanguage":"sq","@id":"https:\/\/permbledhja.com\/#\/schema\/logo\/image\/","url":"https:\/\/permbledhja.com\/wp-content\/uploads\/2021\/12\/07-Press-Logo.jpg","contentUrl":"https:\/\/permbledhja.com\/wp-content\/uploads\/2021\/12\/07-Press-Logo.jpg","width":512,"height":512,"caption":"MK Media & Pr"},"image":{"@id":"https:\/\/permbledhja.com\/#\/schema\/logo\/image\/"},"sameAs":["https:\/\/www.facebook.com\/press07\/"]},{"@type":"Person","@id":"https:\/\/permbledhja.com\/#\/schema\/person\/0d064377258d3221e50693947b9eb4fe","name":"P\u00ebrmbledhja","image":{"@type":"ImageObject","inLanguage":"sq","@id":"https:\/\/permbledhja.com\/#\/schema\/person\/image\/","url":"https:\/\/permbledhja.com\/wp-content\/uploads\/2026\/01\/452004717_1040944174702970_8932037511805513407_n-96x96.jpg","contentUrl":"https:\/\/permbledhja.com\/wp-content\/uploads\/2026\/01\/452004717_1040944174702970_8932037511805513407_n-96x96.jpg","caption":"P\u00ebrmbledhja"},"sameAs":["https:\/\/www.facebook.com\/kafexhiu.muharrem\/","https:\/\/www.instagram.com\/muharrem_kafexhiu\/"],"url":"https:\/\/permbledhja.com\/sq\/author\/admin\/"}]}},"_links":{"self":[{"href":"https:\/\/permbledhja.com\/sq\/wp-json\/wp\/v2\/posts\/7446"}],"collection":[{"href":"https:\/\/permbledhja.com\/sq\/wp-json\/wp\/v2\/posts"}],"about":[{"href":"https:\/\/permbledhja.com\/sq\/wp-json\/wp\/v2\/types\/post"}],"author":[{"embeddable":true,"href":"https:\/\/permbledhja.com\/sq\/wp-json\/wp\/v2\/users\/1"}],"replies":[{"embeddable":true,"href":"https:\/\/permbledhja.com\/sq\/wp-json\/wp\/v2\/comments?post=7446"}],"version-history":[{"count":1,"href":"https:\/\/permbledhja.com\/sq\/wp-json\/wp\/v2\/posts\/7446\/revisions"}],"predecessor-version":[{"id":7448,"href":"https:\/\/permbledhja.com\/sq\/wp-json\/wp\/v2\/posts\/7446\/revisions\/7448"}],"wp:featuredmedia":[{"embeddable":true,"href":"https:\/\/permbledhja.com\/sq\/wp-json\/wp\/v2\/media\/7447"}],"wp:attachment":[{"href":"https:\/\/permbledhja.com\/sq\/wp-json\/wp\/v2\/media?parent=7446"}],"wp:term":[{"taxonomy":"category","embeddable":true,"href":"https:\/\/permbledhja.com\/sq\/wp-json\/wp\/v2\/categories?post=7446"},{"taxonomy":"post_tag","embeddable":true,"href":"https:\/\/permbledhja.com\/sq\/wp-json\/wp\/v2\/tags?post=7446"}],"curies":[{"name":"wp","href":"https:\/\/api.w.org\/{rel}","templated":true}]}}