{"id":7444,"date":"2022-10-12T09:30:50","date_gmt":"2022-10-12T09:30:50","guid":{"rendered":"https:\/\/permbledhja.com\/?p=7444"},"modified":"2022-10-12T09:30:50","modified_gmt":"2022-10-12T09:30:50","slug":"mbledhja-e-100-kurti-con-ne-qiell-qeverine-e-tij-patem-rritje-historike-ekonomike","status":"publish","type":"post","link":"https:\/\/permbledhja.com\/sq\/mbledhja-e-100-kurti-con-ne-qiell-qeverine-e-tij-patem-rritje-historike-ekonomike\/","title":{"rendered":"Mbledhja e 100, Kurti \u201c\u00e7on n\u00eb qiell\u201d qeverin\u00eb e tij: Pat\u00ebm rritje historike ekonomike"},"content":{"rendered":"<p><strong>Qeveria e Kosov\u00ebs po mban sot mbledhjen e 100-t\u00eb t\u00eb saj.<\/strong><\/p>\n<p>N\u00eb t\u00eb, nj\u00eb fjal\u00eb hyr\u00ebse ka mbajtur i pari i Qeveris\u00eb, Albin Kurti, shkruan lajmi.net.<\/p>\n<p>Ai ka folur p\u00ebr disa nga t\u00eb arriturat, sfidat e problemet q\u00eb ai konsideron se Qeveria e tij \u00ebsht\u00eb p\u00ebrballur me to.<\/p>\n<p><em>\u201cKemi mbajtur 100 mbledhje dhe si moment \u00ebsht\u00eb i p\u00ebrshtatsh\u00ebm p\u00ebr t\u00eb ve\u00e7uar disa nga t\u00eb arriturat kryesore.  Duke u udh\u00ebhequr nga zotimi yn\u00eb elektorale pun\u00eb dhe drejt\u00ebsi ne kemi premtuar se do t\u00eb nd\u00ebrmarrim ndryshime sistemore krahas llogaridh\u00ebnies\u201d<\/em>, tha Kurti.<\/p>\n<p><em>\u201cJan\u00eb ndalur nd\u00ebrhyrjet politike n\u00eb procesin e em\u00ebrimeve. Jan\u00eb ngrir\u00eb mbi 3 milion\u00eb euro n\u00eb kuad\u00ebr t\u00eb hetimeve p\u00ebr financim t\u00eb paligjsh\u00ebm dhe shp\u00ebrlarje t\u00eb parave. \u00cbsht\u00eb d\u00ebrguar raport n\u00eb prokurori nga kontratat q\u00eb i kemi trash\u00ebguar p\u00ebr kinse rregullim t\u00eb shtret\u00ebrve t\u00eb lumenjeve, dhe pik\u00ebrisht aty ne vazhdojm\u00eb t\u00eb kemi v\u00ebrshime.  \u00cbsht\u00eb formuar task\u00eb-forca p\u00ebr parandalimin e keqp\u00ebrdorimit t\u00eb subvencioneve. Jan\u00eb anuluar qindra projekte si rezultat i munges\u00ebs s\u00eb dokumentacionit. \u00cbsht\u00eb fituar nj\u00eb rast n\u00eb Arbitrazh, ku buxhetit i jan\u00eb kursyer 65 milion\u00eb euro. Kemi zgjidhjen e problemit shum\u00ebvje\u00e7ar p\u00ebr mosnjohje t\u00eb diplomave. N\u00eb p\u00ebrgjith\u00ebsi jan\u00eb shlyer obligimet e trash\u00ebguara financiare gjat\u00eb viteve\u201d<\/em>, tha Kurti.<\/p>\n<p>Ai p\u00ebrmendi edhe sistemin e drejt\u00ebsis\u00eb, teksa p\u00ebr gjyq\u00ebsorin tha se po tregohet jo-efikas.<\/p>\n<p><em>\u201cKemi t\u00eb trash\u00ebguarit e proceseve t\u00eb fragmentuara e t\u00eb dyfishuara t\u00eb planifikimit, dhe jemi n\u00eb proces t\u00eb unifikimit n\u00eb nj\u00eb t\u00eb vet\u00ebm.  Kemi trash\u00ebguar jofleksibilitetin e ligjit aktual p\u00ebr zyrtar\u00ebt publik, kemi munges\u00ebn e politikave strategjive. Rreth 400 ligje jan\u00eb n\u00eb kund\u00ebrshtim me nj\u00ebra tjetr\u00ebn.  Natyrisht q\u00eb tash nevojiten projektligje p\u00ebr plot\u00ebsim ndryshim. Domosdoshm\u00ebria e reform\u00ebs n\u00eb Adminsitrat\u00eb dhe mungesa e kapaciteteve profesionale. Kemi munges\u00eb t\u00eb memories institucionale. Sistemi i drejt\u00ebsis\u00eb \u00ebsht\u00eb p\u00ebrgjith\u00ebsisht jo-efikas. Me krizat e nj\u00ebpasnj\u00ebshme Qeveria \u00ebsht\u00eb p\u00ebrballur. Kjo situat\u00eb ka ndikuar q\u00eb planifikimet t\u00eb jen\u00eb m\u00eb afatshkurta. Kemi edhe rritjen e \u00e7mimeve q\u00eb ka ndikuar n\u00eb munges\u00ebn e investimeve kapitale. Neglizhenc\u00ebn, vonesat n\u00eb pun\u00eb dhe jo-llogaridh\u00ebnia nga pjes\u00ebtar\u00eb t\u00eb administrat\u00ebs\u201d<\/em>, tha ai.<\/p>\n<p>Kurti s\u2019u ndal me kaq, tha se n\u00ebn Qeverin\u00eb e tij ka rritje \u201chistorike ekonomike\u201d.<\/p>\n<p><em>\u201cNj\u00eb vit e gjysm\u00eb rritje dhe antikorrupsion. Kemi rikthyer sistemin e financave publike n\u00eb binar duke ulur borxhin publik. Kemi ofruar mbi 750 mb\u00ebshtetje p\u00ebr qytetar\u00ebt dhe bizneset. Kemi rritjen ekonomike historike n\u00eb vendin ton\u00eb. N\u00eb vitin 2021 t\u00eb hyrat e dogan\u00ebs jan\u00eb rritur p\u00ebr 30.8 p\u00ebr qind.  Kemi shlyerje t\u00eb borxheve qindra milion\u00eb euro. Kemi b\u00ebr\u00eb luftim t\u00eb pakompromis t\u00eb pun\u00ebs jo-formale dhe kontraband\u00ebs. ATK ka parandaluar d\u00ebmtim t\u00eb buxhetit p\u00ebr mbi 12 milion\u00eb euro\u201d<\/em>, tha kryeministri. <\/p>\n","protected":false},"excerpt":{"rendered":"<p>Qeveria e Kosov\u00ebs po mban sot mbledhjen e 100-t\u00eb t\u00eb saj. N\u00eb t\u00eb, nj\u00eb fjal\u00eb hyr\u00ebse ka mbajtur i pari i Qeveris\u00eb, Albin Kurti, shkruan lajmi.net. Ai ka folur p\u00ebr disa nga t\u00eb arriturat, sfidat e problemet q\u00eb ai konsideron se Qeveria e tij \u00ebsht\u00eb p\u00ebrballur me to. \u201cKemi mbajtur 100 mbledhje dhe si moment [&hellip;]<\/p>\n","protected":false},"author":1,"featured_media":4357,"comment_status":"closed","ping_status":"closed","sticky":false,"template":"","format":"standard","meta":{"_monsterinsights_skip_tracking":false,"_monsterinsights_sitenote_active":false,"_monsterinsights_sitenote_note":"","_monsterinsights_sitenote_category":0,"_uf_show_specific_survey":0,"_uf_disable_surveys":false,"footnotes":""},"categories":[22],"tags":[45],"yoast_head":"<!-- This site is optimized with the Yoast SEO plugin v21.5 - https:\/\/yoast.com\/wordpress\/plugins\/seo\/ -->\n<title>Mbledhja e 100, Kurti \u201c\u00e7on n\u00eb qiell\u201d qeverin\u00eb e tij: Pat\u00ebm rritje historike ekonomike<\/title>\n<meta name=\"robots\" content=\"index, follow, max-snippet:-1, max-image-preview:large, max-video-preview:-1\" \/>\n<link rel=\"canonical\" href=\"https:\/\/permbledhja.com\/sq\/mbledhja-e-100-kurti-con-ne-qiell-qeverine-e-tij-patem-rritje-historike-ekonomike\/\" \/>\n<meta property=\"og:locale\" content=\"sq_AL\" \/>\n<meta property=\"og:type\" content=\"article\" \/>\n<meta property=\"og:title\" content=\"Mbledhja e 100, Kurti \u201c\u00e7on n\u00eb qiell\u201d qeverin\u00eb e tij: Pat\u00ebm rritje historike ekonomike\" \/>\n<meta property=\"og:description\" content=\"Qeveria e Kosov\u00ebs po mban sot mbledhjen e 100-t\u00eb t\u00eb saj. N\u00eb t\u00eb, nj\u00eb fjal\u00eb hyr\u00ebse ka mbajtur i pari i Qeveris\u00eb, Albin Kurti, shkruan lajmi.net. Ai ka folur p\u00ebr disa nga t\u00eb arriturat, sfidat e problemet q\u00eb ai konsideron se Qeveria e tij \u00ebsht\u00eb p\u00ebrballur me to. \u201cKemi mbajtur 100 mbledhje dhe si moment [&hellip;]\" \/>\n<meta property=\"og:url\" content=\"https:\/\/permbledhja.com\/sq\/mbledhja-e-100-kurti-con-ne-qiell-qeverine-e-tij-patem-rritje-historike-ekonomike\/\" \/>\n<meta property=\"og:site_name\" content=\"Ve\u00e7 artikuj p\u00ebrmbledh\u00ebs\" \/>\n<meta property=\"article:publisher\" content=\"https:\/\/www.facebook.com\/press07\/\" \/>\n<meta property=\"article:author\" content=\"https:\/\/www.facebook.com\/kafexhiu.muharrem\/\" \/>\n<meta property=\"article:published_time\" content=\"2022-10-12T09:30:50+00:00\" \/>\n<meta property=\"og:image\" content=\"https:\/\/permbledhja.com\/wp-content\/uploads\/2022\/08\/Albin-Kurti.png\" \/>\n\t<meta property=\"og:image:width\" content=\"715\" \/>\n\t<meta property=\"og:image:height\" content=\"412\" \/>\n\t<meta property=\"og:image:type\" content=\"image\/png\" \/>\n<meta name=\"author\" content=\"P\u00ebrmbledhja\" \/>\n<meta name=\"twitter:card\" content=\"summary_large_image\" \/>\n<meta name=\"twitter:label1\" content=\"Written by\" \/>\n\t<meta name=\"twitter:data1\" content=\"P\u00ebrmbledhja\" \/>\n\t<meta name=\"twitter:label2\" content=\"Est. reading time\" \/>\n\t<meta name=\"twitter:data2\" content=\"2 minuta\" \/>\n<script type=\"application\/ld+json\" class=\"yoast-schema-graph\">{\"@context\":\"https:\/\/schema.org\",\"@graph\":[{\"@type\":\"Article\",\"@id\":\"https:\/\/permbledhja.com\/mbledhja-e-100-kurti-con-ne-qiell-qeverine-e-tij-patem-rritje-historike-ekonomike\/#article\",\"isPartOf\":{\"@id\":\"https:\/\/permbledhja.com\/mbledhja-e-100-kurti-con-ne-qiell-qeverine-e-tij-patem-rritje-historike-ekonomike\/\"},\"author\":{\"name\":\"P\u00ebrmbledhja\",\"@id\":\"https:\/\/permbledhja.com\/#\/schema\/person\/0d064377258d3221e50693947b9eb4fe\"},\"headline\":\"Mbledhja e 100, Kurti \u201c\u00e7on n\u00eb qiell\u201d qeverin\u00eb e tij: Pat\u00ebm rritje historike ekonomike\",\"datePublished\":\"2022-10-12T09:30:50+00:00\",\"dateModified\":\"2022-10-12T09:30:50+00:00\",\"mainEntityOfPage\":{\"@id\":\"https:\/\/permbledhja.com\/mbledhja-e-100-kurti-con-ne-qiell-qeverine-e-tij-patem-rritje-historike-ekonomike\/\"},\"wordCount\":500,\"publisher\":{\"@id\":\"https:\/\/permbledhja.com\/#organization\"},\"keywords\":[\"Kurti\"],\"articleSection\":[\"Ballina\"],\"inLanguage\":\"sq\"},{\"@type\":\"WebPage\",\"@id\":\"https:\/\/permbledhja.com\/mbledhja-e-100-kurti-con-ne-qiell-qeverine-e-tij-patem-rritje-historike-ekonomike\/\",\"url\":\"https:\/\/permbledhja.com\/mbledhja-e-100-kurti-con-ne-qiell-qeverine-e-tij-patem-rritje-historike-ekonomike\/\",\"name\":\"Mbledhja e 100, Kurti \u201c\u00e7on n\u00eb qiell\u201d qeverin\u00eb e tij: Pat\u00ebm rritje historike ekonomike\",\"isPartOf\":{\"@id\":\"https:\/\/permbledhja.com\/#website\"},\"datePublished\":\"2022-10-12T09:30:50+00:00\",\"dateModified\":\"2022-10-12T09:30:50+00:00\",\"breadcrumb\":{\"@id\":\"https:\/\/permbledhja.com\/mbledhja-e-100-kurti-con-ne-qiell-qeverine-e-tij-patem-rritje-historike-ekonomike\/#breadcrumb\"},\"inLanguage\":\"sq\",\"potentialAction\":[{\"@type\":\"ReadAction\",\"target\":[\"https:\/\/permbledhja.com\/mbledhja-e-100-kurti-con-ne-qiell-qeverine-e-tij-patem-rritje-historike-ekonomike\/\"]}]},{\"@type\":\"BreadcrumbList\",\"@id\":\"https:\/\/permbledhja.com\/mbledhja-e-100-kurti-con-ne-qiell-qeverine-e-tij-patem-rritje-historike-ekonomike\/#breadcrumb\",\"itemListElement\":[{\"@type\":\"ListItem\",\"position\":1,\"name\":\"Ballina\",\"item\":\"https:\/\/permbledhja.com\/sq\/\"},{\"@type\":\"ListItem\",\"position\":2,\"name\":\"Mbledhja e 100, Kurti \u201c\u00e7on n\u00eb qiell\u201d qeverin\u00eb e tij: Pat\u00ebm rritje historike ekonomike\"}]},{\"@type\":\"WebSite\",\"@id\":\"https:\/\/permbledhja.com\/#website\",\"url\":\"https:\/\/permbledhja.com\/\",\"name\":\"Ve\u00e7 artikuj p\u00ebrmbledh\u00ebs\",\"description\":\"\",\"publisher\":{\"@id\":\"https:\/\/permbledhja.com\/#organization\"},\"potentialAction\":[{\"@type\":\"SearchAction\",\"target\":{\"@type\":\"EntryPoint\",\"urlTemplate\":\"https:\/\/permbledhja.com\/?s={search_term_string}\"},\"query-input\":\"required name=search_term_string\"}],\"inLanguage\":\"sq\"},{\"@type\":\"Organization\",\"@id\":\"https:\/\/permbledhja.com\/#organization\",\"name\":\"MK Media & Pr\",\"url\":\"https:\/\/permbledhja.com\/\",\"logo\":{\"@type\":\"ImageObject\",\"inLanguage\":\"sq\",\"@id\":\"https:\/\/permbledhja.com\/#\/schema\/logo\/image\/\",\"url\":\"https:\/\/permbledhja.com\/wp-content\/uploads\/2021\/12\/07-Press-Logo.jpg\",\"contentUrl\":\"https:\/\/permbledhja.com\/wp-content\/uploads\/2021\/12\/07-Press-Logo.jpg\",\"width\":512,\"height\":512,\"caption\":\"MK Media & Pr\"},\"image\":{\"@id\":\"https:\/\/permbledhja.com\/#\/schema\/logo\/image\/\"},\"sameAs\":[\"https:\/\/www.facebook.com\/press07\/\"]},{\"@type\":\"Person\",\"@id\":\"https:\/\/permbledhja.com\/#\/schema\/person\/0d064377258d3221e50693947b9eb4fe\",\"name\":\"P\u00ebrmbledhja\",\"image\":{\"@type\":\"ImageObject\",\"inLanguage\":\"sq\",\"@id\":\"https:\/\/permbledhja.com\/#\/schema\/person\/image\/\",\"url\":\"https:\/\/permbledhja.com\/wp-content\/uploads\/2026\/01\/452004717_1040944174702970_8932037511805513407_n-96x96.jpg\",\"contentUrl\":\"https:\/\/permbledhja.com\/wp-content\/uploads\/2026\/01\/452004717_1040944174702970_8932037511805513407_n-96x96.jpg\",\"caption\":\"P\u00ebrmbledhja\"},\"sameAs\":[\"https:\/\/www.facebook.com\/kafexhiu.muharrem\/\",\"https:\/\/www.instagram.com\/muharrem_kafexhiu\/\"],\"url\":\"https:\/\/permbledhja.com\/sq\/author\/admin\/\"}]}<\/script>\n<!-- \/ Yoast SEO plugin. -->","yoast_head_json":{"title":"Mbledhja e 100, Kurti \u201c\u00e7on n\u00eb qiell\u201d qeverin\u00eb e tij: Pat\u00ebm rritje historike ekonomike","robots":{"index":"index","follow":"follow","max-snippet":"max-snippet:-1","max-image-preview":"max-image-preview:large","max-video-preview":"max-video-preview:-1"},"canonical":"https:\/\/permbledhja.com\/sq\/mbledhja-e-100-kurti-con-ne-qiell-qeverine-e-tij-patem-rritje-historike-ekonomike\/","og_locale":"sq_AL","og_type":"article","og_title":"Mbledhja e 100, Kurti \u201c\u00e7on n\u00eb qiell\u201d qeverin\u00eb e tij: Pat\u00ebm rritje historike ekonomike","og_description":"Qeveria e Kosov\u00ebs po mban sot mbledhjen e 100-t\u00eb t\u00eb saj. N\u00eb t\u00eb, nj\u00eb fjal\u00eb hyr\u00ebse ka mbajtur i pari i Qeveris\u00eb, Albin Kurti, shkruan lajmi.net. Ai ka folur p\u00ebr disa nga t\u00eb arriturat, sfidat e problemet q\u00eb ai konsideron se Qeveria e tij \u00ebsht\u00eb p\u00ebrballur me to. \u201cKemi mbajtur 100 mbledhje dhe si moment [&hellip;]","og_url":"https:\/\/permbledhja.com\/sq\/mbledhja-e-100-kurti-con-ne-qiell-qeverine-e-tij-patem-rritje-historike-ekonomike\/","og_site_name":"Ve\u00e7 artikuj p\u00ebrmbledh\u00ebs","article_publisher":"https:\/\/www.facebook.com\/press07\/","article_author":"https:\/\/www.facebook.com\/kafexhiu.muharrem\/","article_published_time":"2022-10-12T09:30:50+00:00","og_image":[{"width":715,"height":412,"url":"https:\/\/permbledhja.com\/wp-content\/uploads\/2022\/08\/Albin-Kurti.png","type":"image\/png"}],"author":"P\u00ebrmbledhja","twitter_card":"summary_large_image","twitter_misc":{"Written by":"P\u00ebrmbledhja","Est. reading time":"2 minuta"},"schema":{"@context":"https:\/\/schema.org","@graph":[{"@type":"Article","@id":"https:\/\/permbledhja.com\/mbledhja-e-100-kurti-con-ne-qiell-qeverine-e-tij-patem-rritje-historike-ekonomike\/#article","isPartOf":{"@id":"https:\/\/permbledhja.com\/mbledhja-e-100-kurti-con-ne-qiell-qeverine-e-tij-patem-rritje-historike-ekonomike\/"},"author":{"name":"P\u00ebrmbledhja","@id":"https:\/\/permbledhja.com\/#\/schema\/person\/0d064377258d3221e50693947b9eb4fe"},"headline":"Mbledhja e 100, Kurti \u201c\u00e7on n\u00eb qiell\u201d qeverin\u00eb e tij: Pat\u00ebm rritje historike ekonomike","datePublished":"2022-10-12T09:30:50+00:00","dateModified":"2022-10-12T09:30:50+00:00","mainEntityOfPage":{"@id":"https:\/\/permbledhja.com\/mbledhja-e-100-kurti-con-ne-qiell-qeverine-e-tij-patem-rritje-historike-ekonomike\/"},"wordCount":500,"publisher":{"@id":"https:\/\/permbledhja.com\/#organization"},"keywords":["Kurti"],"articleSection":["Ballina"],"inLanguage":"sq"},{"@type":"WebPage","@id":"https:\/\/permbledhja.com\/mbledhja-e-100-kurti-con-ne-qiell-qeverine-e-tij-patem-rritje-historike-ekonomike\/","url":"https:\/\/permbledhja.com\/mbledhja-e-100-kurti-con-ne-qiell-qeverine-e-tij-patem-rritje-historike-ekonomike\/","name":"Mbledhja e 100, Kurti \u201c\u00e7on n\u00eb qiell\u201d qeverin\u00eb e tij: Pat\u00ebm rritje historike ekonomike","isPartOf":{"@id":"https:\/\/permbledhja.com\/#website"},"datePublished":"2022-10-12T09:30:50+00:00","dateModified":"2022-10-12T09:30:50+00:00","breadcrumb":{"@id":"https:\/\/permbledhja.com\/mbledhja-e-100-kurti-con-ne-qiell-qeverine-e-tij-patem-rritje-historike-ekonomike\/#breadcrumb"},"inLanguage":"sq","potentialAction":[{"@type":"ReadAction","target":["https:\/\/permbledhja.com\/mbledhja-e-100-kurti-con-ne-qiell-qeverine-e-tij-patem-rritje-historike-ekonomike\/"]}]},{"@type":"BreadcrumbList","@id":"https:\/\/permbledhja.com\/mbledhja-e-100-kurti-con-ne-qiell-qeverine-e-tij-patem-rritje-historike-ekonomike\/#breadcrumb","itemListElement":[{"@type":"ListItem","position":1,"name":"Ballina","item":"https:\/\/permbledhja.com\/sq\/"},{"@type":"ListItem","position":2,"name":"Mbledhja e 100, Kurti \u201c\u00e7on n\u00eb qiell\u201d qeverin\u00eb e tij: Pat\u00ebm rritje historike ekonomike"}]},{"@type":"WebSite","@id":"https:\/\/permbledhja.com\/#website","url":"https:\/\/permbledhja.com\/","name":"Ve\u00e7 artikuj p\u00ebrmbledh\u00ebs","description":"","publisher":{"@id":"https:\/\/permbledhja.com\/#organization"},"potentialAction":[{"@type":"SearchAction","target":{"@type":"EntryPoint","urlTemplate":"https:\/\/permbledhja.com\/?s={search_term_string}"},"query-input":"required name=search_term_string"}],"inLanguage":"sq"},{"@type":"Organization","@id":"https:\/\/permbledhja.com\/#organization","name":"MK Media & Pr","url":"https:\/\/permbledhja.com\/","logo":{"@type":"ImageObject","inLanguage":"sq","@id":"https:\/\/permbledhja.com\/#\/schema\/logo\/image\/","url":"https:\/\/permbledhja.com\/wp-content\/uploads\/2021\/12\/07-Press-Logo.jpg","contentUrl":"https:\/\/permbledhja.com\/wp-content\/uploads\/2021\/12\/07-Press-Logo.jpg","width":512,"height":512,"caption":"MK Media & Pr"},"image":{"@id":"https:\/\/permbledhja.com\/#\/schema\/logo\/image\/"},"sameAs":["https:\/\/www.facebook.com\/press07\/"]},{"@type":"Person","@id":"https:\/\/permbledhja.com\/#\/schema\/person\/0d064377258d3221e50693947b9eb4fe","name":"P\u00ebrmbledhja","image":{"@type":"ImageObject","inLanguage":"sq","@id":"https:\/\/permbledhja.com\/#\/schema\/person\/image\/","url":"https:\/\/permbledhja.com\/wp-content\/uploads\/2026\/01\/452004717_1040944174702970_8932037511805513407_n-96x96.jpg","contentUrl":"https:\/\/permbledhja.com\/wp-content\/uploads\/2026\/01\/452004717_1040944174702970_8932037511805513407_n-96x96.jpg","caption":"P\u00ebrmbledhja"},"sameAs":["https:\/\/www.facebook.com\/kafexhiu.muharrem\/","https:\/\/www.instagram.com\/muharrem_kafexhiu\/"],"url":"https:\/\/permbledhja.com\/sq\/author\/admin\/"}]}},"_links":{"self":[{"href":"https:\/\/permbledhja.com\/sq\/wp-json\/wp\/v2\/posts\/7444"}],"collection":[{"href":"https:\/\/permbledhja.com\/sq\/wp-json\/wp\/v2\/posts"}],"about":[{"href":"https:\/\/permbledhja.com\/sq\/wp-json\/wp\/v2\/types\/post"}],"author":[{"embeddable":true,"href":"https:\/\/permbledhja.com\/sq\/wp-json\/wp\/v2\/users\/1"}],"replies":[{"embeddable":true,"href":"https:\/\/permbledhja.com\/sq\/wp-json\/wp\/v2\/comments?post=7444"}],"version-history":[{"count":1,"href":"https:\/\/permbledhja.com\/sq\/wp-json\/wp\/v2\/posts\/7444\/revisions"}],"predecessor-version":[{"id":7445,"href":"https:\/\/permbledhja.com\/sq\/wp-json\/wp\/v2\/posts\/7444\/revisions\/7445"}],"wp:featuredmedia":[{"embeddable":true,"href":"https:\/\/permbledhja.com\/sq\/wp-json\/wp\/v2\/media\/4357"}],"wp:attachment":[{"href":"https:\/\/permbledhja.com\/sq\/wp-json\/wp\/v2\/media?parent=7444"}],"wp:term":[{"taxonomy":"category","embeddable":true,"href":"https:\/\/permbledhja.com\/sq\/wp-json\/wp\/v2\/categories?post=7444"},{"taxonomy":"post_tag","embeddable":true,"href":"https:\/\/permbledhja.com\/sq\/wp-json\/wp\/v2\/tags?post=7444"}],"curies":[{"name":"wp","href":"https:\/\/api.w.org\/{rel}","templated":true}]}}