{"id":74412,"date":"2025-10-29T15:16:38","date_gmt":"2025-10-29T15:16:38","guid":{"rendered":"https:\/\/permbledhja.com\/?p=74412"},"modified":"2025-10-29T16:37:15","modified_gmt":"2025-10-29T16:37:15","slug":"peci-kerkon-3-deri-ne-5-vite-burg-per-berat-buzhalen-lirim-mehmetajn-baton-haxhiun-ermal-pandurin-adriatik-kelmendin-etjere","status":"publish","type":"post","link":"https:\/\/permbledhja.com\/sq\/peci-kerkon-3-deri-ne-5-vite-burg-per-berat-buzhalen-lirim-mehmetajn-baton-haxhiun-ermal-pandurin-adriatik-kelmendin-etjere\/","title":{"rendered":"Peci k\u00ebrkon 3 deri n\u00eb 5 vite burg p\u00ebr Berat Buzhal\u00ebn, Lirim Mehmetajn, Baton Haxhiun Ermal Pandurin, Adriatik Kelmendin, etjer\u00eb"},"content":{"rendered":"<p><strong>Kandidati p\u00ebr kryetar t\u00eb Mitrovic\u00ebs, Faton Peci, thot\u00eb se<em>\u00a0<a href=\"https:\/\/www.youtube.com\/watch?v=R1oFyAV1i1w\">\u2018disa gazetar\u00eb jan\u00eb kriminel\u00eb\u2019 dhe se p\u00ebr k\u00ebt\u00eb duhet t\u00eb d\u00ebnohen \u2018tri deri n\u00eb pes\u00eb vite burg\u2019.<\/a><\/em><\/strong><\/p>\n<p>\u201cUn\u00eb jam opozit\u00eb n\u00eb Mitrovic\u00eb, qysh \u00ebsht\u00eb e mundur nj\u00eb kandidati q\u00eb \u00ebsht\u00eb opozit\u00eb, me ia organize nj\u00eb fushat\u00eb lin\u00e7imi n\u00eb nivel kriminal.<\/p>\n<p>M\u00eb b\u00eb fushat\u00eb sistematike t\u00eb lin\u00e7it publik, me b\u00eb fushat\u00eb t\u00eb orkestrume dhe prej t\u00eb gjitha shkrimeve dhe goditjeve, qoft\u00eb p\u00ebmes debateve, qoft\u00eb p\u00ebrmes shkrimeve t\u00eb rrejshme\u201d, ka deklaruar Peci n\u00eb T\u00ebv\u00eb1.<\/p>\n<p>Mes gazetar\u00ebve q\u00eb ai thot\u00eb se \u2018do t\u00eb duhej t\u00eb d\u00ebnoheshin me burg\u201d jan\u00eb: drejtori jon\u00eb Berat Buzhala, gazetari Lirim Mehmetaj si dhe gazetar\u00eb t\u00eb tjer\u00eb si &#8211; Adriatik Kelmendi, Ermal Panduri, Baton Haxhiu, etj.<\/p>\n<p>\u201cAta q\u00eb kan\u00eb pasqyru gjat\u00eb gjith\u00eb dit\u00ebs, dhe kan\u00eb denigru mbiemrin Peci dhe kan\u00eb th\u00ebn\u00eb se po p\u00ebson fiasco, kan\u00eb thirr\u00eb aktivist\u00eb t\u00eb VV-s\u00eb, kan\u00eb thirr\u00eb me numra no name dhe iu kan\u00eb th\u00ebn\u00eb gara po p\u00ebrfundon, t\u00eb gjitha k\u00ebto kan\u00eb qen\u00eb t\u00eb organizume nga t\u00eb ashtuquajtit gazetar\u00eb q\u00eb p\u00ebr mua disa jan\u00eb kriminel\u00eb, q\u00eb dit\u00ebn e zgjedhjeve dhe e thyejn\u00eb heshtje zgjedhore.<\/p>\n<p>Me pas\u00eb rend dhe funksionim t\u00eb organeve t\u00eb drejt\u00ebsis\u00eb ata marrin minimalisht 3 deri n\u00eb 5 vite burgim sepse \u00ebsht\u00eb devijim i vullnetit, \u00ebsht\u00eb imponim i vullnetit, dekurajim i p\u00ebrkrah\u00ebsve, kan\u00eb konsumu vepra penale p\u00ebr \u00e7a jemi n\u00eb faz\u00ebn finale t\u00eb deponimit t\u00eb kall\u00ebzimit penal p\u00ebr skem\u00ebn kriminale nga Ermal Panduri, Lirim Mehmetaj, Berat Buzhala, Baton Haxhiu, Adriatik Kelmendi e shum\u00eb t\u00eb tjer\u00eb.<\/p>\n<p>Disa prej tyre edhe i kan\u00eb fshi postimet m\u00eb pas, sikurse q\u00eb \u00ebsht\u00eb Valon Syla. Ata mund t\u00eb thirren n\u00eb em\u00ebr t\u00eb liris\u00eb gjat\u00eb fushat\u00ebs edhe pse nuk kan\u00eb l\u00eb gj\u00eb pa b\u00eb gjat\u00eb fushat\u00ebs, por n\u00eb dit\u00ebn kur \u00ebsht\u00eb me ligj e p\u00ebrcaktume heshtja zgjedhore, ata kan\u00eb qen\u00eb edhe m\u00eb argesiv.<\/p>\n<p>Krejt ka fillu nga Baton Haxhiu, q\u00eb ka th\u00ebn\u00eb se befasia e dit\u00ebs do t\u00eb jet\u00eb Mitrovica, mandej ka vazhdu skema kriminale e tv Dukagjini q\u00eb do t\u2019i padis ose do t\u00eb b\u00ebj kall\u00ebzim penal edhe ndaj pronarit Ekrem Lluka, p\u00ebr gjith\u00eb skem\u00ebn kriminale q\u00eb ka vazhdu p\u00ebr nj\u00eb vit dhe ka kulmu dit\u00ebn e zgjedhjeve\u201d, ka th\u00ebn\u00eb\u00eb Peci.<\/p>\n<p><b>Peci: TV Dukagjini me skem\u00eb kriminale ndaj meje, Debat Plusi i jep minutazh\u00eb dhunuesit t\u00eb hap\u00ebsir\u00ebs publike<\/b><\/p>\n<p>Faton Peci, nuk ka ndalur akuzat ndaj televizionit Dukagjini dhe emisionit Debat Plus. Ai i \u00ebsht\u00eb referuar gazetarit Lirim Mehmetaj (pa e p\u00ebrmendur me em\u00ebr) K\u00ebshtu u shpreh Peci.<\/p>\n<p>\u201cNuk jam i ashp\u00ebr me mediat. Jam tep\u00ebr i but\u00eb n\u00eb raport me skem\u00ebn kriminale. Un\u00eb kam th\u00ebn\u00eb disa medie n\u00eb thonj\u00ebza, nuk flas kurr\u00eb n\u00eb konotacion negativ p\u00ebr mediat n\u00eb Kosov\u00eb.<\/p>\n<p>Un\u00eb n\u00eb televizioinn dhe debatin q\u00eb \u00ebsht\u00eb v\u00ebn\u00eb n\u00eb sh\u00ebnjest\u00ebr nj\u00eb vit kund\u00ebr meje, kam qen\u00eb hi\u00e7 m\u00eb pak se n\u00ebnt\u00eb her\u00eb.<\/p>\n<p>N\u00ebnt\u00eb her\u00eb jam ballafaqu me nj\u00eb skem\u00eb kriminale t\u00eb goditjes n\u00ebn brez. Po flas p\u00ebr emisionin Debat Plus, ku \u00ebsht\u00eb i vetmi program ku jan\u00eb nda edhe minutazh\u00eb p\u00ebr ata q\u00eb e kan\u00eb mision p\u00ebr me m\u2019lin\u00e7u.<\/p>\n<p>Kam fakte p\u00ebr k\u00ebt\u00eb. Ky televizion ka fillu me nda skem\u00ebn programore, duke ia dhuru hap\u00ebsir\u00ebn mediale nj\u00eb personi q\u00eb p\u00ebr mua \u00ebsht\u00eb dhunues n\u00eb Kosov\u00eb p\u00ebrmes hap\u00ebsir\u00ebs mediale q\u00eb i dhurohet dhe ku ka proklamuar se kinse ministri i Bujq\u00ebsis\u00eb ka marr\u00eb ryshfet nga kompania Apetiti. Disa her\u00eb i jam drejtuar organeve t\u00eb Prokuroris\u00eb dhe drejt\u00ebsis\u00eb.<\/p>\n<p>N\u00ebse dikush del n\u00eb televizion dhe del akuza kaq t\u00eb r\u00ebnda, shum\u00eb e leht\u00eb, e fton personin n\u00eb fjal\u00eb dhe i thu na jep burimin e informacionit.<\/p>\n<p>Ai ka qen\u00eb fillimi i nj\u00eb skeme t\u00eb orkestrume. Ai ka vazhdu n\u00eb m\u00ebnyr\u00eb sistematike dhe kan\u00eb kulmuar me exit polle, me distanc\u00eb prej 23%\u201d\u201d, tha ai.<\/p>\n","protected":false},"excerpt":{"rendered":"<p>Kandidati p\u00ebr kryetar t\u00eb Mitrovic\u00ebs, Faton Peci, thot\u00eb se\u00a0\u2018disa gazetar\u00eb jan\u00eb kriminel\u00eb\u2019 dhe se p\u00ebr k\u00ebt\u00eb duhet t\u00eb d\u00ebnohen \u2018tri deri n\u00eb pes\u00eb vite burg\u2019. \u201cUn\u00eb jam opozit\u00eb n\u00eb Mitrovic\u00eb, qysh \u00ebsht\u00eb e mundur nj\u00eb kandidati q\u00eb \u00ebsht\u00eb opozit\u00eb, me ia organize nj\u00eb fushat\u00eb lin\u00e7imi n\u00eb nivel kriminal. M\u00eb b\u00eb fushat\u00eb sistematike t\u00eb lin\u00e7it publik, [&hellip;]<\/p>\n","protected":false},"author":1,"featured_media":74413,"comment_status":"closed","ping_status":"closed","sticky":false,"template":"","format":"standard","meta":{"_monsterinsights_skip_tracking":false,"_monsterinsights_sitenote_active":false,"_monsterinsights_sitenote_note":"","_monsterinsights_sitenote_category":0,"_uf_show_specific_survey":0,"_uf_disable_surveys":false,"footnotes":""},"categories":[3324],"tags":[3069],"yoast_head":"<!-- This site is optimized with the Yoast SEO plugin v21.5 - https:\/\/yoast.com\/wordpress\/plugins\/seo\/ -->\n<title>Peci k\u00ebrkon 3 deri n\u00eb 5 vite burg p\u00ebr Berat Buzhal\u00ebn, Lirim Mehmetajn, Baton Haxhiun Ermal Pandurin, Adriatik Kelmendin, etjer\u00eb<\/title>\n<meta name=\"robots\" content=\"index, follow, max-snippet:-1, max-image-preview:large, max-video-preview:-1\" \/>\n<link rel=\"canonical\" href=\"https:\/\/permbledhja.com\/sq\/peci-kerkon-3-deri-ne-5-vite-burg-per-berat-buzhalen-lirim-mehmetajn-baton-haxhiun-ermal-pandurin-adriatik-kelmendin-etjere\/\" \/>\n<meta property=\"og:locale\" content=\"sq_AL\" \/>\n<meta property=\"og:type\" content=\"article\" \/>\n<meta property=\"og:title\" content=\"Peci k\u00ebrkon 3 deri n\u00eb 5 vite burg p\u00ebr Berat Buzhal\u00ebn, Lirim Mehmetajn, Baton Haxhiun Ermal Pandurin, Adriatik Kelmendin, etjer\u00eb\" \/>\n<meta property=\"og:description\" content=\"Kandidati p\u00ebr kryetar t\u00eb Mitrovic\u00ebs, Faton Peci, thot\u00eb se\u00a0\u2018disa gazetar\u00eb jan\u00eb kriminel\u00eb\u2019 dhe se p\u00ebr k\u00ebt\u00eb duhet t\u00eb d\u00ebnohen \u2018tri deri n\u00eb pes\u00eb vite burg\u2019. \u201cUn\u00eb jam opozit\u00eb n\u00eb Mitrovic\u00eb, qysh \u00ebsht\u00eb e mundur nj\u00eb kandidati q\u00eb \u00ebsht\u00eb opozit\u00eb, me ia organize nj\u00eb fushat\u00eb lin\u00e7imi n\u00eb nivel kriminal. M\u00eb b\u00eb fushat\u00eb sistematike t\u00eb lin\u00e7it publik, [&hellip;]\" \/>\n<meta property=\"og:url\" content=\"https:\/\/permbledhja.com\/sq\/peci-kerkon-3-deri-ne-5-vite-burg-per-berat-buzhalen-lirim-mehmetajn-baton-haxhiun-ermal-pandurin-adriatik-kelmendin-etjere\/\" \/>\n<meta property=\"og:site_name\" content=\"Ve\u00e7 artikuj p\u00ebrmbledh\u00ebs\" \/>\n<meta property=\"article:publisher\" content=\"https:\/\/www.facebook.com\/press07\/\" \/>\n<meta property=\"article:author\" content=\"https:\/\/www.facebook.com\/kafexhiu.muharrem\/\" \/>\n<meta property=\"article:published_time\" content=\"2025-10-29T15:16:38+00:00\" \/>\n<meta property=\"article:modified_time\" content=\"2025-10-29T16:37:15+00:00\" \/>\n<meta property=\"og:image\" content=\"https:\/\/permbledhja.com\/wp-content\/uploads\/2025\/10\/574570822_1151637433818607_7604094618378744746_n.jpg\" \/>\n\t<meta property=\"og:image:width\" content=\"2048\" \/>\n\t<meta property=\"og:image:height\" content=\"1461\" \/>\n\t<meta property=\"og:image:type\" content=\"image\/jpeg\" \/>\n<meta name=\"author\" content=\"P\u00ebrmbledhja\" \/>\n<meta name=\"twitter:card\" content=\"summary_large_image\" \/>\n<meta name=\"twitter:label1\" content=\"Written by\" \/>\n\t<meta name=\"twitter:data1\" content=\"P\u00ebrmbledhja\" \/>\n\t<meta name=\"twitter:label2\" content=\"Est. reading time\" \/>\n\t<meta name=\"twitter:data2\" content=\"4 minuta\" \/>\n<script type=\"application\/ld+json\" class=\"yoast-schema-graph\">{\"@context\":\"https:\/\/schema.org\",\"@graph\":[{\"@type\":\"Article\",\"@id\":\"https:\/\/permbledhja.com\/peci-kerkon-3-deri-ne-5-vite-burg-per-berat-buzhalen-lirim-mehmetajn-baton-haxhiun-ermal-pandurin-adriatik-kelmendin-etjere\/#article\",\"isPartOf\":{\"@id\":\"https:\/\/permbledhja.com\/peci-kerkon-3-deri-ne-5-vite-burg-per-berat-buzhalen-lirim-mehmetajn-baton-haxhiun-ermal-pandurin-adriatik-kelmendin-etjere\/\"},\"author\":{\"name\":\"P\u00ebrmbledhja\",\"@id\":\"https:\/\/permbledhja.com\/#\/schema\/person\/0d064377258d3221e50693947b9eb4fe\"},\"headline\":\"Peci k\u00ebrkon 3 deri n\u00eb 5 vite burg p\u00ebr Berat Buzhal\u00ebn, Lirim Mehmetajn, Baton Haxhiun Ermal Pandurin, Adriatik Kelmendin, etjer\u00eb\",\"datePublished\":\"2025-10-29T15:16:38+00:00\",\"dateModified\":\"2025-10-29T16:37:15+00:00\",\"mainEntityOfPage\":{\"@id\":\"https:\/\/permbledhja.com\/peci-kerkon-3-deri-ne-5-vite-burg-per-berat-buzhalen-lirim-mehmetajn-baton-haxhiun-ermal-pandurin-adriatik-kelmendin-etjere\/\"},\"wordCount\":699,\"publisher\":{\"@id\":\"https:\/\/permbledhja.com\/#organization\"},\"keywords\":[\"Gazetaria\"],\"articleSection\":[\"Dyt\u00ebsore\"],\"inLanguage\":\"sq\"},{\"@type\":\"WebPage\",\"@id\":\"https:\/\/permbledhja.com\/peci-kerkon-3-deri-ne-5-vite-burg-per-berat-buzhalen-lirim-mehmetajn-baton-haxhiun-ermal-pandurin-adriatik-kelmendin-etjere\/\",\"url\":\"https:\/\/permbledhja.com\/peci-kerkon-3-deri-ne-5-vite-burg-per-berat-buzhalen-lirim-mehmetajn-baton-haxhiun-ermal-pandurin-adriatik-kelmendin-etjere\/\",\"name\":\"Peci k\u00ebrkon 3 deri n\u00eb 5 vite burg p\u00ebr Berat Buzhal\u00ebn, Lirim Mehmetajn, Baton Haxhiun Ermal Pandurin, Adriatik Kelmendin, etjer\u00eb\",\"isPartOf\":{\"@id\":\"https:\/\/permbledhja.com\/#website\"},\"datePublished\":\"2025-10-29T15:16:38+00:00\",\"dateModified\":\"2025-10-29T16:37:15+00:00\",\"breadcrumb\":{\"@id\":\"https:\/\/permbledhja.com\/peci-kerkon-3-deri-ne-5-vite-burg-per-berat-buzhalen-lirim-mehmetajn-baton-haxhiun-ermal-pandurin-adriatik-kelmendin-etjere\/#breadcrumb\"},\"inLanguage\":\"sq\",\"potentialAction\":[{\"@type\":\"ReadAction\",\"target\":[\"https:\/\/permbledhja.com\/peci-kerkon-3-deri-ne-5-vite-burg-per-berat-buzhalen-lirim-mehmetajn-baton-haxhiun-ermal-pandurin-adriatik-kelmendin-etjere\/\"]}]},{\"@type\":\"BreadcrumbList\",\"@id\":\"https:\/\/permbledhja.com\/peci-kerkon-3-deri-ne-5-vite-burg-per-berat-buzhalen-lirim-mehmetajn-baton-haxhiun-ermal-pandurin-adriatik-kelmendin-etjere\/#breadcrumb\",\"itemListElement\":[{\"@type\":\"ListItem\",\"position\":1,\"name\":\"Ballina\",\"item\":\"https:\/\/permbledhja.com\/sq\/\"},{\"@type\":\"ListItem\",\"position\":2,\"name\":\"Peci k\u00ebrkon 3 deri n\u00eb 5 vite burg p\u00ebr Berat Buzhal\u00ebn, Lirim Mehmetajn, Baton Haxhiun Ermal Pandurin, Adriatik Kelmendin, etjer\u00eb\"}]},{\"@type\":\"WebSite\",\"@id\":\"https:\/\/permbledhja.com\/#website\",\"url\":\"https:\/\/permbledhja.com\/\",\"name\":\"Ve\u00e7 artikuj p\u00ebrmbledh\u00ebs\",\"description\":\"\",\"publisher\":{\"@id\":\"https:\/\/permbledhja.com\/#organization\"},\"potentialAction\":[{\"@type\":\"SearchAction\",\"target\":{\"@type\":\"EntryPoint\",\"urlTemplate\":\"https:\/\/permbledhja.com\/?s={search_term_string}\"},\"query-input\":\"required name=search_term_string\"}],\"inLanguage\":\"sq\"},{\"@type\":\"Organization\",\"@id\":\"https:\/\/permbledhja.com\/#organization\",\"name\":\"MK Media & Pr\",\"url\":\"https:\/\/permbledhja.com\/\",\"logo\":{\"@type\":\"ImageObject\",\"inLanguage\":\"sq\",\"@id\":\"https:\/\/permbledhja.com\/#\/schema\/logo\/image\/\",\"url\":\"https:\/\/permbledhja.com\/wp-content\/uploads\/2021\/12\/07-Press-Logo.jpg\",\"contentUrl\":\"https:\/\/permbledhja.com\/wp-content\/uploads\/2021\/12\/07-Press-Logo.jpg\",\"width\":512,\"height\":512,\"caption\":\"MK Media & Pr\"},\"image\":{\"@id\":\"https:\/\/permbledhja.com\/#\/schema\/logo\/image\/\"},\"sameAs\":[\"https:\/\/www.facebook.com\/press07\/\"]},{\"@type\":\"Person\",\"@id\":\"https:\/\/permbledhja.com\/#\/schema\/person\/0d064377258d3221e50693947b9eb4fe\",\"name\":\"P\u00ebrmbledhja\",\"image\":{\"@type\":\"ImageObject\",\"inLanguage\":\"sq\",\"@id\":\"https:\/\/permbledhja.com\/#\/schema\/person\/image\/\",\"url\":\"https:\/\/permbledhja.com\/wp-content\/uploads\/2026\/01\/452004717_1040944174702970_8932037511805513407_n-96x96.jpg\",\"contentUrl\":\"https:\/\/permbledhja.com\/wp-content\/uploads\/2026\/01\/452004717_1040944174702970_8932037511805513407_n-96x96.jpg\",\"caption\":\"P\u00ebrmbledhja\"},\"sameAs\":[\"https:\/\/www.facebook.com\/kafexhiu.muharrem\/\",\"https:\/\/www.instagram.com\/muharrem_kafexhiu\/\"],\"url\":\"https:\/\/permbledhja.com\/sq\/author\/admin\/\"}]}<\/script>\n<!-- \/ Yoast SEO plugin. -->","yoast_head_json":{"title":"Peci k\u00ebrkon 3 deri n\u00eb 5 vite burg p\u00ebr Berat Buzhal\u00ebn, Lirim Mehmetajn, Baton Haxhiun Ermal Pandurin, Adriatik Kelmendin, etjer\u00eb","robots":{"index":"index","follow":"follow","max-snippet":"max-snippet:-1","max-image-preview":"max-image-preview:large","max-video-preview":"max-video-preview:-1"},"canonical":"https:\/\/permbledhja.com\/sq\/peci-kerkon-3-deri-ne-5-vite-burg-per-berat-buzhalen-lirim-mehmetajn-baton-haxhiun-ermal-pandurin-adriatik-kelmendin-etjere\/","og_locale":"sq_AL","og_type":"article","og_title":"Peci k\u00ebrkon 3 deri n\u00eb 5 vite burg p\u00ebr Berat Buzhal\u00ebn, Lirim Mehmetajn, Baton Haxhiun Ermal Pandurin, Adriatik Kelmendin, etjer\u00eb","og_description":"Kandidati p\u00ebr kryetar t\u00eb Mitrovic\u00ebs, Faton Peci, thot\u00eb se\u00a0\u2018disa gazetar\u00eb jan\u00eb kriminel\u00eb\u2019 dhe se p\u00ebr k\u00ebt\u00eb duhet t\u00eb d\u00ebnohen \u2018tri deri n\u00eb pes\u00eb vite burg\u2019. \u201cUn\u00eb jam opozit\u00eb n\u00eb Mitrovic\u00eb, qysh \u00ebsht\u00eb e mundur nj\u00eb kandidati q\u00eb \u00ebsht\u00eb opozit\u00eb, me ia organize nj\u00eb fushat\u00eb lin\u00e7imi n\u00eb nivel kriminal. M\u00eb b\u00eb fushat\u00eb sistematike t\u00eb lin\u00e7it publik, [&hellip;]","og_url":"https:\/\/permbledhja.com\/sq\/peci-kerkon-3-deri-ne-5-vite-burg-per-berat-buzhalen-lirim-mehmetajn-baton-haxhiun-ermal-pandurin-adriatik-kelmendin-etjere\/","og_site_name":"Ve\u00e7 artikuj p\u00ebrmbledh\u00ebs","article_publisher":"https:\/\/www.facebook.com\/press07\/","article_author":"https:\/\/www.facebook.com\/kafexhiu.muharrem\/","article_published_time":"2025-10-29T15:16:38+00:00","article_modified_time":"2025-10-29T16:37:15+00:00","og_image":[{"width":2048,"height":1461,"url":"https:\/\/permbledhja.com\/wp-content\/uploads\/2025\/10\/574570822_1151637433818607_7604094618378744746_n.jpg","type":"image\/jpeg"}],"author":"P\u00ebrmbledhja","twitter_card":"summary_large_image","twitter_misc":{"Written by":"P\u00ebrmbledhja","Est. reading time":"4 minuta"},"schema":{"@context":"https:\/\/schema.org","@graph":[{"@type":"Article","@id":"https:\/\/permbledhja.com\/peci-kerkon-3-deri-ne-5-vite-burg-per-berat-buzhalen-lirim-mehmetajn-baton-haxhiun-ermal-pandurin-adriatik-kelmendin-etjere\/#article","isPartOf":{"@id":"https:\/\/permbledhja.com\/peci-kerkon-3-deri-ne-5-vite-burg-per-berat-buzhalen-lirim-mehmetajn-baton-haxhiun-ermal-pandurin-adriatik-kelmendin-etjere\/"},"author":{"name":"P\u00ebrmbledhja","@id":"https:\/\/permbledhja.com\/#\/schema\/person\/0d064377258d3221e50693947b9eb4fe"},"headline":"Peci k\u00ebrkon 3 deri n\u00eb 5 vite burg p\u00ebr Berat Buzhal\u00ebn, Lirim Mehmetajn, Baton Haxhiun Ermal Pandurin, Adriatik Kelmendin, etjer\u00eb","datePublished":"2025-10-29T15:16:38+00:00","dateModified":"2025-10-29T16:37:15+00:00","mainEntityOfPage":{"@id":"https:\/\/permbledhja.com\/peci-kerkon-3-deri-ne-5-vite-burg-per-berat-buzhalen-lirim-mehmetajn-baton-haxhiun-ermal-pandurin-adriatik-kelmendin-etjere\/"},"wordCount":699,"publisher":{"@id":"https:\/\/permbledhja.com\/#organization"},"keywords":["Gazetaria"],"articleSection":["Dyt\u00ebsore"],"inLanguage":"sq"},{"@type":"WebPage","@id":"https:\/\/permbledhja.com\/peci-kerkon-3-deri-ne-5-vite-burg-per-berat-buzhalen-lirim-mehmetajn-baton-haxhiun-ermal-pandurin-adriatik-kelmendin-etjere\/","url":"https:\/\/permbledhja.com\/peci-kerkon-3-deri-ne-5-vite-burg-per-berat-buzhalen-lirim-mehmetajn-baton-haxhiun-ermal-pandurin-adriatik-kelmendin-etjere\/","name":"Peci k\u00ebrkon 3 deri n\u00eb 5 vite burg p\u00ebr Berat Buzhal\u00ebn, Lirim Mehmetajn, Baton Haxhiun Ermal Pandurin, Adriatik Kelmendin, etjer\u00eb","isPartOf":{"@id":"https:\/\/permbledhja.com\/#website"},"datePublished":"2025-10-29T15:16:38+00:00","dateModified":"2025-10-29T16:37:15+00:00","breadcrumb":{"@id":"https:\/\/permbledhja.com\/peci-kerkon-3-deri-ne-5-vite-burg-per-berat-buzhalen-lirim-mehmetajn-baton-haxhiun-ermal-pandurin-adriatik-kelmendin-etjere\/#breadcrumb"},"inLanguage":"sq","potentialAction":[{"@type":"ReadAction","target":["https:\/\/permbledhja.com\/peci-kerkon-3-deri-ne-5-vite-burg-per-berat-buzhalen-lirim-mehmetajn-baton-haxhiun-ermal-pandurin-adriatik-kelmendin-etjere\/"]}]},{"@type":"BreadcrumbList","@id":"https:\/\/permbledhja.com\/peci-kerkon-3-deri-ne-5-vite-burg-per-berat-buzhalen-lirim-mehmetajn-baton-haxhiun-ermal-pandurin-adriatik-kelmendin-etjere\/#breadcrumb","itemListElement":[{"@type":"ListItem","position":1,"name":"Ballina","item":"https:\/\/permbledhja.com\/sq\/"},{"@type":"ListItem","position":2,"name":"Peci k\u00ebrkon 3 deri n\u00eb 5 vite burg p\u00ebr Berat Buzhal\u00ebn, Lirim Mehmetajn, Baton Haxhiun Ermal Pandurin, Adriatik Kelmendin, etjer\u00eb"}]},{"@type":"WebSite","@id":"https:\/\/permbledhja.com\/#website","url":"https:\/\/permbledhja.com\/","name":"Ve\u00e7 artikuj p\u00ebrmbledh\u00ebs","description":"","publisher":{"@id":"https:\/\/permbledhja.com\/#organization"},"potentialAction":[{"@type":"SearchAction","target":{"@type":"EntryPoint","urlTemplate":"https:\/\/permbledhja.com\/?s={search_term_string}"},"query-input":"required name=search_term_string"}],"inLanguage":"sq"},{"@type":"Organization","@id":"https:\/\/permbledhja.com\/#organization","name":"MK Media & Pr","url":"https:\/\/permbledhja.com\/","logo":{"@type":"ImageObject","inLanguage":"sq","@id":"https:\/\/permbledhja.com\/#\/schema\/logo\/image\/","url":"https:\/\/permbledhja.com\/wp-content\/uploads\/2021\/12\/07-Press-Logo.jpg","contentUrl":"https:\/\/permbledhja.com\/wp-content\/uploads\/2021\/12\/07-Press-Logo.jpg","width":512,"height":512,"caption":"MK Media & Pr"},"image":{"@id":"https:\/\/permbledhja.com\/#\/schema\/logo\/image\/"},"sameAs":["https:\/\/www.facebook.com\/press07\/"]},{"@type":"Person","@id":"https:\/\/permbledhja.com\/#\/schema\/person\/0d064377258d3221e50693947b9eb4fe","name":"P\u00ebrmbledhja","image":{"@type":"ImageObject","inLanguage":"sq","@id":"https:\/\/permbledhja.com\/#\/schema\/person\/image\/","url":"https:\/\/permbledhja.com\/wp-content\/uploads\/2026\/01\/452004717_1040944174702970_8932037511805513407_n-96x96.jpg","contentUrl":"https:\/\/permbledhja.com\/wp-content\/uploads\/2026\/01\/452004717_1040944174702970_8932037511805513407_n-96x96.jpg","caption":"P\u00ebrmbledhja"},"sameAs":["https:\/\/www.facebook.com\/kafexhiu.muharrem\/","https:\/\/www.instagram.com\/muharrem_kafexhiu\/"],"url":"https:\/\/permbledhja.com\/sq\/author\/admin\/"}]}},"_links":{"self":[{"href":"https:\/\/permbledhja.com\/sq\/wp-json\/wp\/v2\/posts\/74412"}],"collection":[{"href":"https:\/\/permbledhja.com\/sq\/wp-json\/wp\/v2\/posts"}],"about":[{"href":"https:\/\/permbledhja.com\/sq\/wp-json\/wp\/v2\/types\/post"}],"author":[{"embeddable":true,"href":"https:\/\/permbledhja.com\/sq\/wp-json\/wp\/v2\/users\/1"}],"replies":[{"embeddable":true,"href":"https:\/\/permbledhja.com\/sq\/wp-json\/wp\/v2\/comments?post=74412"}],"version-history":[{"count":2,"href":"https:\/\/permbledhja.com\/sq\/wp-json\/wp\/v2\/posts\/74412\/revisions"}],"predecessor-version":[{"id":74428,"href":"https:\/\/permbledhja.com\/sq\/wp-json\/wp\/v2\/posts\/74412\/revisions\/74428"}],"wp:featuredmedia":[{"embeddable":true,"href":"https:\/\/permbledhja.com\/sq\/wp-json\/wp\/v2\/media\/74413"}],"wp:attachment":[{"href":"https:\/\/permbledhja.com\/sq\/wp-json\/wp\/v2\/media?parent=74412"}],"wp:term":[{"taxonomy":"category","embeddable":true,"href":"https:\/\/permbledhja.com\/sq\/wp-json\/wp\/v2\/categories?post=74412"},{"taxonomy":"post_tag","embeddable":true,"href":"https:\/\/permbledhja.com\/sq\/wp-json\/wp\/v2\/tags?post=74412"}],"curies":[{"name":"wp","href":"https:\/\/api.w.org\/{rel}","templated":true}]}}