{"id":7441,"date":"2022-10-12T09:26:15","date_gmt":"2022-10-12T09:26:15","guid":{"rendered":"https:\/\/permbledhja.com\/?p=7441"},"modified":"2022-10-12T09:26:15","modified_gmt":"2022-10-12T09:26:15","slug":"shiten-te-gjitha-biletat-per-ndeshjen-e-ballkanit-kunder-sivassporit","status":"publish","type":"post","link":"https:\/\/permbledhja.com\/sq\/shiten-te-gjitha-biletat-per-ndeshjen-e-ballkanit-kunder-sivassporit\/","title":{"rendered":"Shiten t\u00eb gjitha biletat p\u00ebr ndeshjen e Ballkanit kund\u00ebr Sivassporit"},"content":{"rendered":"<p><strong>Skuadra e Ballkanit ka njoftuar t\u00eb m\u00ebrkur\u00ebn se jan\u00eb shitur t\u00eb gjitha biletat p\u00ebr ndeshjen kund\u00ebr Sivassporit.<\/strong><\/p>\n<p>Ballkani do ta zhvilloj\u00eb ndeshjen e radh\u00ebs kund\u00ebr skuadr\u00ebs turke, t\u00eb enjten n\u00eb stadiumin \u201cFadil Vokrri\u201d, q\u00eb do t\u00eb jet\u00eb i mbushur plot\u00eb.<\/p>\n<p>Kampioni i Kosov\u00ebs momentalisht kryeson Grupin G, nd\u00ebrkaq kan\u00eb mbetur gjithsej edhe tre ndeshje p\u00ebr tu zhvilluar.<\/p>\n<p>Ndeshjen e fundit kund\u00ebr Sivassporit, Ballkani ka sh\u00ebnuar fitore me rezultat 3:4.<\/p>\n<p><iframe loading=\"lazy\" src=\"https:\/\/www.facebook.com\/plugins\/post.php?href=https%3A%2F%2Fwww.facebook.com%2Ffcballkani%2Fposts%2Fpfbid0ckAbntvY1x4DXHDmbZYM22ZAcRGhaHyB3Mk4MuQsroZgxZkCJovWgF8gfAu6shbyl&#038;show_text=true&#038;width=500\" width=\"500\" height=\"660\" style=\"border:none;overflow:hidden\" scrolling=\"no\" frameborder=\"0\" allowfullscreen=\"true\" allow=\"autoplay; clipboard-write; encrypted-media; picture-in-picture; web-share\"><\/iframe><\/p>\n","protected":false},"excerpt":{"rendered":"<p>Skuadra e Ballkanit ka njoftuar t\u00eb m\u00ebrkur\u00ebn se jan\u00eb shitur t\u00eb gjitha biletat p\u00ebr ndeshjen kund\u00ebr Sivassporit. Ballkani do ta zhvilloj\u00eb ndeshjen e radh\u00ebs kund\u00ebr skuadr\u00ebs turke, t\u00eb enjten n\u00eb stadiumin \u201cFadil Vokrri\u201d, q\u00eb do t\u00eb jet\u00eb i mbushur plot\u00eb. Kampioni i Kosov\u00ebs momentalisht kryeson Grupin G, nd\u00ebrkaq kan\u00eb mbetur gjithsej edhe tre ndeshje p\u00ebr [&hellip;]<\/p>\n","protected":false},"author":1,"featured_media":7442,"comment_status":"closed","ping_status":"closed","sticky":false,"template":"","format":"standard","meta":{"_monsterinsights_skip_tracking":false,"_monsterinsights_sitenote_active":false,"_monsterinsights_sitenote_note":"","_monsterinsights_sitenote_category":0,"_uf_show_specific_survey":0,"_uf_disable_surveys":false,"footnotes":""},"categories":[6],"tags":[193],"yoast_head":"<!-- This site is optimized with the Yoast SEO plugin v21.5 - https:\/\/yoast.com\/wordpress\/plugins\/seo\/ -->\n<title>Shiten t\u00eb gjitha biletat p\u00ebr ndeshjen e Ballkanit kund\u00ebr Sivassporit<\/title>\n<meta name=\"robots\" content=\"index, follow, max-snippet:-1, max-image-preview:large, max-video-preview:-1\" \/>\n<link rel=\"canonical\" href=\"https:\/\/permbledhja.com\/sq\/shiten-te-gjitha-biletat-per-ndeshjen-e-ballkanit-kunder-sivassporit\/\" \/>\n<meta property=\"og:locale\" content=\"sq_AL\" \/>\n<meta property=\"og:type\" content=\"article\" \/>\n<meta property=\"og:title\" content=\"Shiten t\u00eb gjitha biletat p\u00ebr ndeshjen e Ballkanit kund\u00ebr Sivassporit\" \/>\n<meta property=\"og:description\" content=\"Skuadra e Ballkanit ka njoftuar t\u00eb m\u00ebrkur\u00ebn se jan\u00eb shitur t\u00eb gjitha biletat p\u00ebr ndeshjen kund\u00ebr Sivassporit. Ballkani do ta zhvilloj\u00eb ndeshjen e radh\u00ebs kund\u00ebr skuadr\u00ebs turke, t\u00eb enjten n\u00eb stadiumin \u201cFadil Vokrri\u201d, q\u00eb do t\u00eb jet\u00eb i mbushur plot\u00eb. Kampioni i Kosov\u00ebs momentalisht kryeson Grupin G, nd\u00ebrkaq kan\u00eb mbetur gjithsej edhe tre ndeshje p\u00ebr [&hellip;]\" \/>\n<meta property=\"og:url\" content=\"https:\/\/permbledhja.com\/sq\/shiten-te-gjitha-biletat-per-ndeshjen-e-ballkanit-kunder-sivassporit\/\" \/>\n<meta property=\"og:site_name\" content=\"Ve\u00e7 artikuj p\u00ebrmbledh\u00ebs\" \/>\n<meta property=\"article:publisher\" content=\"https:\/\/www.facebook.com\/press07\/\" \/>\n<meta property=\"article:author\" content=\"https:\/\/www.facebook.com\/kafexhiu.muharrem\/\" \/>\n<meta property=\"article:published_time\" content=\"2022-10-12T09:26:15+00:00\" \/>\n<meta property=\"og:image\" content=\"https:\/\/permbledhja.com\/wp-content\/uploads\/2022\/10\/Sold-Out.png\" \/>\n\t<meta property=\"og:image:width\" content=\"816\" \/>\n\t<meta property=\"og:image:height\" content=\"422\" \/>\n\t<meta property=\"og:image:type\" content=\"image\/png\" \/>\n<meta name=\"author\" content=\"P\u00ebrmbledhja\" \/>\n<meta name=\"twitter:card\" content=\"summary_large_image\" \/>\n<meta name=\"twitter:label1\" content=\"Written by\" \/>\n\t<meta name=\"twitter:data1\" content=\"P\u00ebrmbledhja\" \/>\n<script type=\"application\/ld+json\" class=\"yoast-schema-graph\">{\"@context\":\"https:\/\/schema.org\",\"@graph\":[{\"@type\":\"Article\",\"@id\":\"https:\/\/permbledhja.com\/shiten-te-gjitha-biletat-per-ndeshjen-e-ballkanit-kunder-sivassporit\/#article\",\"isPartOf\":{\"@id\":\"https:\/\/permbledhja.com\/shiten-te-gjitha-biletat-per-ndeshjen-e-ballkanit-kunder-sivassporit\/\"},\"author\":{\"name\":\"P\u00ebrmbledhja\",\"@id\":\"https:\/\/permbledhja.com\/#\/schema\/person\/0d064377258d3221e50693947b9eb4fe\"},\"headline\":\"Shiten t\u00eb gjitha biletat p\u00ebr ndeshjen e Ballkanit kund\u00ebr Sivassporit\",\"datePublished\":\"2022-10-12T09:26:15+00:00\",\"dateModified\":\"2022-10-12T09:26:15+00:00\",\"mainEntityOfPage\":{\"@id\":\"https:\/\/permbledhja.com\/shiten-te-gjitha-biletat-per-ndeshjen-e-ballkanit-kunder-sivassporit\/\"},\"wordCount\":92,\"publisher\":{\"@id\":\"https:\/\/permbledhja.com\/#organization\"},\"keywords\":[\"Ballkani\"],\"articleSection\":[\"Sport\"],\"inLanguage\":\"sq\"},{\"@type\":\"WebPage\",\"@id\":\"https:\/\/permbledhja.com\/shiten-te-gjitha-biletat-per-ndeshjen-e-ballkanit-kunder-sivassporit\/\",\"url\":\"https:\/\/permbledhja.com\/shiten-te-gjitha-biletat-per-ndeshjen-e-ballkanit-kunder-sivassporit\/\",\"name\":\"Shiten t\u00eb gjitha biletat p\u00ebr ndeshjen e Ballkanit kund\u00ebr Sivassporit\",\"isPartOf\":{\"@id\":\"https:\/\/permbledhja.com\/#website\"},\"datePublished\":\"2022-10-12T09:26:15+00:00\",\"dateModified\":\"2022-10-12T09:26:15+00:00\",\"breadcrumb\":{\"@id\":\"https:\/\/permbledhja.com\/shiten-te-gjitha-biletat-per-ndeshjen-e-ballkanit-kunder-sivassporit\/#breadcrumb\"},\"inLanguage\":\"sq\",\"potentialAction\":[{\"@type\":\"ReadAction\",\"target\":[\"https:\/\/permbledhja.com\/shiten-te-gjitha-biletat-per-ndeshjen-e-ballkanit-kunder-sivassporit\/\"]}]},{\"@type\":\"BreadcrumbList\",\"@id\":\"https:\/\/permbledhja.com\/shiten-te-gjitha-biletat-per-ndeshjen-e-ballkanit-kunder-sivassporit\/#breadcrumb\",\"itemListElement\":[{\"@type\":\"ListItem\",\"position\":1,\"name\":\"Ballina\",\"item\":\"https:\/\/permbledhja.com\/sq\/\"},{\"@type\":\"ListItem\",\"position\":2,\"name\":\"Shiten t\u00eb gjitha biletat p\u00ebr ndeshjen e Ballkanit kund\u00ebr Sivassporit\"}]},{\"@type\":\"WebSite\",\"@id\":\"https:\/\/permbledhja.com\/#website\",\"url\":\"https:\/\/permbledhja.com\/\",\"name\":\"Ve\u00e7 artikuj p\u00ebrmbledh\u00ebs\",\"description\":\"\",\"publisher\":{\"@id\":\"https:\/\/permbledhja.com\/#organization\"},\"potentialAction\":[{\"@type\":\"SearchAction\",\"target\":{\"@type\":\"EntryPoint\",\"urlTemplate\":\"https:\/\/permbledhja.com\/?s={search_term_string}\"},\"query-input\":\"required name=search_term_string\"}],\"inLanguage\":\"sq\"},{\"@type\":\"Organization\",\"@id\":\"https:\/\/permbledhja.com\/#organization\",\"name\":\"MK Media & Pr\",\"url\":\"https:\/\/permbledhja.com\/\",\"logo\":{\"@type\":\"ImageObject\",\"inLanguage\":\"sq\",\"@id\":\"https:\/\/permbledhja.com\/#\/schema\/logo\/image\/\",\"url\":\"https:\/\/permbledhja.com\/wp-content\/uploads\/2021\/12\/07-Press-Logo.jpg\",\"contentUrl\":\"https:\/\/permbledhja.com\/wp-content\/uploads\/2021\/12\/07-Press-Logo.jpg\",\"width\":512,\"height\":512,\"caption\":\"MK Media & Pr\"},\"image\":{\"@id\":\"https:\/\/permbledhja.com\/#\/schema\/logo\/image\/\"},\"sameAs\":[\"https:\/\/www.facebook.com\/press07\/\"]},{\"@type\":\"Person\",\"@id\":\"https:\/\/permbledhja.com\/#\/schema\/person\/0d064377258d3221e50693947b9eb4fe\",\"name\":\"P\u00ebrmbledhja\",\"image\":{\"@type\":\"ImageObject\",\"inLanguage\":\"sq\",\"@id\":\"https:\/\/permbledhja.com\/#\/schema\/person\/image\/\",\"url\":\"https:\/\/permbledhja.com\/wp-content\/uploads\/2026\/01\/452004717_1040944174702970_8932037511805513407_n-96x96.jpg\",\"contentUrl\":\"https:\/\/permbledhja.com\/wp-content\/uploads\/2026\/01\/452004717_1040944174702970_8932037511805513407_n-96x96.jpg\",\"caption\":\"P\u00ebrmbledhja\"},\"sameAs\":[\"https:\/\/www.facebook.com\/kafexhiu.muharrem\/\",\"https:\/\/www.instagram.com\/muharrem_kafexhiu\/\"],\"url\":\"https:\/\/permbledhja.com\/sq\/author\/admin\/\"}]}<\/script>\n<!-- \/ Yoast SEO plugin. -->","yoast_head_json":{"title":"Shiten t\u00eb gjitha biletat p\u00ebr ndeshjen e Ballkanit kund\u00ebr Sivassporit","robots":{"index":"index","follow":"follow","max-snippet":"max-snippet:-1","max-image-preview":"max-image-preview:large","max-video-preview":"max-video-preview:-1"},"canonical":"https:\/\/permbledhja.com\/sq\/shiten-te-gjitha-biletat-per-ndeshjen-e-ballkanit-kunder-sivassporit\/","og_locale":"sq_AL","og_type":"article","og_title":"Shiten t\u00eb gjitha biletat p\u00ebr ndeshjen e Ballkanit kund\u00ebr Sivassporit","og_description":"Skuadra e Ballkanit ka njoftuar t\u00eb m\u00ebrkur\u00ebn se jan\u00eb shitur t\u00eb gjitha biletat p\u00ebr ndeshjen kund\u00ebr Sivassporit. Ballkani do ta zhvilloj\u00eb ndeshjen e radh\u00ebs kund\u00ebr skuadr\u00ebs turke, t\u00eb enjten n\u00eb stadiumin \u201cFadil Vokrri\u201d, q\u00eb do t\u00eb jet\u00eb i mbushur plot\u00eb. Kampioni i Kosov\u00ebs momentalisht kryeson Grupin G, nd\u00ebrkaq kan\u00eb mbetur gjithsej edhe tre ndeshje p\u00ebr [&hellip;]","og_url":"https:\/\/permbledhja.com\/sq\/shiten-te-gjitha-biletat-per-ndeshjen-e-ballkanit-kunder-sivassporit\/","og_site_name":"Ve\u00e7 artikuj p\u00ebrmbledh\u00ebs","article_publisher":"https:\/\/www.facebook.com\/press07\/","article_author":"https:\/\/www.facebook.com\/kafexhiu.muharrem\/","article_published_time":"2022-10-12T09:26:15+00:00","og_image":[{"width":816,"height":422,"url":"https:\/\/permbledhja.com\/wp-content\/uploads\/2022\/10\/Sold-Out.png","type":"image\/png"}],"author":"P\u00ebrmbledhja","twitter_card":"summary_large_image","twitter_misc":{"Written by":"P\u00ebrmbledhja"},"schema":{"@context":"https:\/\/schema.org","@graph":[{"@type":"Article","@id":"https:\/\/permbledhja.com\/shiten-te-gjitha-biletat-per-ndeshjen-e-ballkanit-kunder-sivassporit\/#article","isPartOf":{"@id":"https:\/\/permbledhja.com\/shiten-te-gjitha-biletat-per-ndeshjen-e-ballkanit-kunder-sivassporit\/"},"author":{"name":"P\u00ebrmbledhja","@id":"https:\/\/permbledhja.com\/#\/schema\/person\/0d064377258d3221e50693947b9eb4fe"},"headline":"Shiten t\u00eb gjitha biletat p\u00ebr ndeshjen e Ballkanit kund\u00ebr Sivassporit","datePublished":"2022-10-12T09:26:15+00:00","dateModified":"2022-10-12T09:26:15+00:00","mainEntityOfPage":{"@id":"https:\/\/permbledhja.com\/shiten-te-gjitha-biletat-per-ndeshjen-e-ballkanit-kunder-sivassporit\/"},"wordCount":92,"publisher":{"@id":"https:\/\/permbledhja.com\/#organization"},"keywords":["Ballkani"],"articleSection":["Sport"],"inLanguage":"sq"},{"@type":"WebPage","@id":"https:\/\/permbledhja.com\/shiten-te-gjitha-biletat-per-ndeshjen-e-ballkanit-kunder-sivassporit\/","url":"https:\/\/permbledhja.com\/shiten-te-gjitha-biletat-per-ndeshjen-e-ballkanit-kunder-sivassporit\/","name":"Shiten t\u00eb gjitha biletat p\u00ebr ndeshjen e Ballkanit kund\u00ebr Sivassporit","isPartOf":{"@id":"https:\/\/permbledhja.com\/#website"},"datePublished":"2022-10-12T09:26:15+00:00","dateModified":"2022-10-12T09:26:15+00:00","breadcrumb":{"@id":"https:\/\/permbledhja.com\/shiten-te-gjitha-biletat-per-ndeshjen-e-ballkanit-kunder-sivassporit\/#breadcrumb"},"inLanguage":"sq","potentialAction":[{"@type":"ReadAction","target":["https:\/\/permbledhja.com\/shiten-te-gjitha-biletat-per-ndeshjen-e-ballkanit-kunder-sivassporit\/"]}]},{"@type":"BreadcrumbList","@id":"https:\/\/permbledhja.com\/shiten-te-gjitha-biletat-per-ndeshjen-e-ballkanit-kunder-sivassporit\/#breadcrumb","itemListElement":[{"@type":"ListItem","position":1,"name":"Ballina","item":"https:\/\/permbledhja.com\/sq\/"},{"@type":"ListItem","position":2,"name":"Shiten t\u00eb gjitha biletat p\u00ebr ndeshjen e Ballkanit kund\u00ebr Sivassporit"}]},{"@type":"WebSite","@id":"https:\/\/permbledhja.com\/#website","url":"https:\/\/permbledhja.com\/","name":"Ve\u00e7 artikuj p\u00ebrmbledh\u00ebs","description":"","publisher":{"@id":"https:\/\/permbledhja.com\/#organization"},"potentialAction":[{"@type":"SearchAction","target":{"@type":"EntryPoint","urlTemplate":"https:\/\/permbledhja.com\/?s={search_term_string}"},"query-input":"required name=search_term_string"}],"inLanguage":"sq"},{"@type":"Organization","@id":"https:\/\/permbledhja.com\/#organization","name":"MK Media & Pr","url":"https:\/\/permbledhja.com\/","logo":{"@type":"ImageObject","inLanguage":"sq","@id":"https:\/\/permbledhja.com\/#\/schema\/logo\/image\/","url":"https:\/\/permbledhja.com\/wp-content\/uploads\/2021\/12\/07-Press-Logo.jpg","contentUrl":"https:\/\/permbledhja.com\/wp-content\/uploads\/2021\/12\/07-Press-Logo.jpg","width":512,"height":512,"caption":"MK Media & Pr"},"image":{"@id":"https:\/\/permbledhja.com\/#\/schema\/logo\/image\/"},"sameAs":["https:\/\/www.facebook.com\/press07\/"]},{"@type":"Person","@id":"https:\/\/permbledhja.com\/#\/schema\/person\/0d064377258d3221e50693947b9eb4fe","name":"P\u00ebrmbledhja","image":{"@type":"ImageObject","inLanguage":"sq","@id":"https:\/\/permbledhja.com\/#\/schema\/person\/image\/","url":"https:\/\/permbledhja.com\/wp-content\/uploads\/2026\/01\/452004717_1040944174702970_8932037511805513407_n-96x96.jpg","contentUrl":"https:\/\/permbledhja.com\/wp-content\/uploads\/2026\/01\/452004717_1040944174702970_8932037511805513407_n-96x96.jpg","caption":"P\u00ebrmbledhja"},"sameAs":["https:\/\/www.facebook.com\/kafexhiu.muharrem\/","https:\/\/www.instagram.com\/muharrem_kafexhiu\/"],"url":"https:\/\/permbledhja.com\/sq\/author\/admin\/"}]}},"_links":{"self":[{"href":"https:\/\/permbledhja.com\/sq\/wp-json\/wp\/v2\/posts\/7441"}],"collection":[{"href":"https:\/\/permbledhja.com\/sq\/wp-json\/wp\/v2\/posts"}],"about":[{"href":"https:\/\/permbledhja.com\/sq\/wp-json\/wp\/v2\/types\/post"}],"author":[{"embeddable":true,"href":"https:\/\/permbledhja.com\/sq\/wp-json\/wp\/v2\/users\/1"}],"replies":[{"embeddable":true,"href":"https:\/\/permbledhja.com\/sq\/wp-json\/wp\/v2\/comments?post=7441"}],"version-history":[{"count":1,"href":"https:\/\/permbledhja.com\/sq\/wp-json\/wp\/v2\/posts\/7441\/revisions"}],"predecessor-version":[{"id":7443,"href":"https:\/\/permbledhja.com\/sq\/wp-json\/wp\/v2\/posts\/7441\/revisions\/7443"}],"wp:featuredmedia":[{"embeddable":true,"href":"https:\/\/permbledhja.com\/sq\/wp-json\/wp\/v2\/media\/7442"}],"wp:attachment":[{"href":"https:\/\/permbledhja.com\/sq\/wp-json\/wp\/v2\/media?parent=7441"}],"wp:term":[{"taxonomy":"category","embeddable":true,"href":"https:\/\/permbledhja.com\/sq\/wp-json\/wp\/v2\/categories?post=7441"},{"taxonomy":"post_tag","embeddable":true,"href":"https:\/\/permbledhja.com\/sq\/wp-json\/wp\/v2\/tags?post=7441"}],"curies":[{"name":"wp","href":"https:\/\/api.w.org\/{rel}","templated":true}]}}