{"id":74409,"date":"2025-10-29T15:06:42","date_gmt":"2025-10-29T15:06:42","guid":{"rendered":"https:\/\/permbledhja.com\/?p=74409"},"modified":"2025-10-29T15:06:42","modified_gmt":"2025-10-29T15:06:42","slug":"denohet-me-5-mije-euro-gjobe-62-vjecari-qe-e-kercenoi-gazetarin-vehbi-kajtazi","status":"publish","type":"post","link":"https:\/\/permbledhja.com\/sq\/denohet-me-5-mije-euro-gjobe-62-vjecari-qe-e-kercenoi-gazetarin-vehbi-kajtazi\/","title":{"rendered":"D\u00ebnohet me 5 mij\u00eb euro gjob\u00eb 62-vje\u00e7ari q\u00eb e k\u00ebrc\u00ebnoi gazetarin Vehbi Kajtazi"},"content":{"rendered":"<p><strong>Gjykata Themelore n\u00eb Prishtin\u00eb e ka d\u00ebnuar me pes\u00eb mij\u00eb euro gjob\u00eb Hysni Menxhiqin, t\u00eb akuzuarin p\u00ebr kanosjen e gazetarit dhe drejtorit t\u00eb Paparacit, Vehbi Kajtazi.<\/strong><\/p>\n<p>Aktgjykimi \u00ebsht\u00eb shpallur sot nga gjyqtari Eroll Gashi. Sipas aktgjykimit, i pandehuri \u00ebsht\u00eb shpallur fajtor p\u00ebr kryerjen e vepr\u00ebs penale t\u00eb kanosjes.<\/p>\n<p>I akuzuari, Hysni Menxhiqi, nuk e kishte pranuar faj\u00ebsin\u00eb n\u00eb seanc\u00ebn e shqyrtimit fillestar t\u00eb rastit n\u00eb shtator t\u00eb k\u00ebtij viti.<\/p>\n<p>Menxhiqi, 62-vje\u00e7ar, \u00ebsht\u00eb nj\u00eb shtetas kosovar me banim n\u00eb Gjermani.<\/p>\n<p>Sipas dosjes s\u00eb prokuroris\u00eb, Menxhiqi, n\u00eb gusht t\u00eb k\u00ebtij viti e kishte k\u00ebrc\u00ebnuar gazetarin Kajtazi p\u00ebrmes nj\u00eb komunikimi n\u00eb rrjetin social Facebook.<\/p>\n<p><em>\u201dVehbi Kajtazi apo vehbi taraku apo vehbi komandati un persanli jam ilodhur me ty. Vehbi tkanxan ne tuli far pozicioni ne prishtin tkam lirue patue qkye ftyra apatu qkye barku apo pate hi thesi ne krye Trathtar sh\u00ebrbyes I serrbis Teneqe pasha tok e qill ma nuk te lshoj pa eprovue se si duhet me vdek me vite te lutem po ti lutjen se njef ti je m** ti je f*******\u201d.<\/em><\/p>\n<p><em>\u201dPor semari familja jote dote bjen d\u00ebshmor tani per ty nuk me bahet von qdo kufi e ke kalue per qashtjen kombtare vdekja asht Mshir po historia kurr nuk ka shkrue se a ka njiri\u00a0 qe ban ksi masakre ne ty edhe ne familjepoplli edin ti kurr nuk ju ndale serrbis me informacione si ne luft si ne lir\u201d<\/em>, i kishte shkruar Menxhiqi, gazetarit Kajtazi.<\/p>\n<p>Menxhiqi ishte arrestuar m\u00eb 29 gusht t\u00eb k\u00ebtij viti dhe q\u00eb prej asaj periudhe ndodhet n\u00eb paraburgim.<\/p>\n","protected":false},"excerpt":{"rendered":"<p>Gjykata Themelore n\u00eb Prishtin\u00eb e ka d\u00ebnuar me pes\u00eb mij\u00eb euro gjob\u00eb Hysni Menxhiqin, t\u00eb akuzuarin p\u00ebr kanosjen e gazetarit dhe drejtorit t\u00eb Paparacit, Vehbi Kajtazi. Aktgjykimi \u00ebsht\u00eb shpallur sot nga gjyqtari Eroll Gashi. Sipas aktgjykimit, i pandehuri \u00ebsht\u00eb shpallur fajtor p\u00ebr kryerjen e vepr\u00ebs penale t\u00eb kanosjes. I akuzuari, Hysni Menxhiqi, nuk e kishte [&hellip;]<\/p>\n","protected":false},"author":1,"featured_media":74410,"comment_status":"closed","ping_status":"closed","sticky":false,"template":"","format":"standard","meta":{"_monsterinsights_skip_tracking":false,"_monsterinsights_sitenote_active":false,"_monsterinsights_sitenote_note":"","_monsterinsights_sitenote_category":0,"_uf_show_specific_survey":0,"_uf_disable_surveys":false,"footnotes":""},"categories":[3324],"tags":[1338],"yoast_head":"<!-- This site is optimized with the Yoast SEO plugin v21.5 - https:\/\/yoast.com\/wordpress\/plugins\/seo\/ -->\n<title>D\u00ebnohet me 5 mij\u00eb euro gjob\u00eb 62-vje\u00e7ari q\u00eb e k\u00ebrc\u00ebnoi gazetarin Vehbi Kajtazi<\/title>\n<meta name=\"robots\" content=\"index, follow, max-snippet:-1, max-image-preview:large, max-video-preview:-1\" \/>\n<link rel=\"canonical\" href=\"https:\/\/permbledhja.com\/sq\/denohet-me-5-mije-euro-gjobe-62-vjecari-qe-e-kercenoi-gazetarin-vehbi-kajtazi\/\" \/>\n<meta property=\"og:locale\" content=\"sq_AL\" \/>\n<meta property=\"og:type\" content=\"article\" \/>\n<meta property=\"og:title\" content=\"D\u00ebnohet me 5 mij\u00eb euro gjob\u00eb 62-vje\u00e7ari q\u00eb e k\u00ebrc\u00ebnoi gazetarin Vehbi Kajtazi\" \/>\n<meta property=\"og:description\" content=\"Gjykata Themelore n\u00eb Prishtin\u00eb e ka d\u00ebnuar me pes\u00eb mij\u00eb euro gjob\u00eb Hysni Menxhiqin, t\u00eb akuzuarin p\u00ebr kanosjen e gazetarit dhe drejtorit t\u00eb Paparacit, Vehbi Kajtazi. Aktgjykimi \u00ebsht\u00eb shpallur sot nga gjyqtari Eroll Gashi. Sipas aktgjykimit, i pandehuri \u00ebsht\u00eb shpallur fajtor p\u00ebr kryerjen e vepr\u00ebs penale t\u00eb kanosjes. I akuzuari, Hysni Menxhiqi, nuk e kishte [&hellip;]\" \/>\n<meta property=\"og:url\" content=\"https:\/\/permbledhja.com\/sq\/denohet-me-5-mije-euro-gjobe-62-vjecari-qe-e-kercenoi-gazetarin-vehbi-kajtazi\/\" \/>\n<meta property=\"og:site_name\" content=\"Ve\u00e7 artikuj p\u00ebrmbledh\u00ebs\" \/>\n<meta property=\"article:publisher\" content=\"https:\/\/www.facebook.com\/press07\/\" \/>\n<meta property=\"article:author\" content=\"https:\/\/www.facebook.com\/kafexhiu.muharrem\/\" \/>\n<meta property=\"article:published_time\" content=\"2025-10-29T15:06:42+00:00\" \/>\n<meta property=\"og:image\" content=\"https:\/\/permbledhja.com\/wp-content\/uploads\/2025\/10\/1-4.png\" \/>\n\t<meta property=\"og:image:width\" content=\"629\" \/>\n\t<meta property=\"og:image:height\" content=\"392\" \/>\n\t<meta property=\"og:image:type\" content=\"image\/png\" \/>\n<meta name=\"author\" content=\"P\u00ebrmbledhja\" \/>\n<meta name=\"twitter:card\" content=\"summary_large_image\" \/>\n<meta name=\"twitter:label1\" content=\"Written by\" \/>\n\t<meta name=\"twitter:data1\" content=\"P\u00ebrmbledhja\" \/>\n\t<meta name=\"twitter:label2\" content=\"Est. reading time\" \/>\n\t<meta name=\"twitter:data2\" content=\"2 minuta\" \/>\n<script type=\"application\/ld+json\" class=\"yoast-schema-graph\">{\"@context\":\"https:\/\/schema.org\",\"@graph\":[{\"@type\":\"Article\",\"@id\":\"https:\/\/permbledhja.com\/denohet-me-5-mije-euro-gjobe-62-vjecari-qe-e-kercenoi-gazetarin-vehbi-kajtazi\/#article\",\"isPartOf\":{\"@id\":\"https:\/\/permbledhja.com\/denohet-me-5-mije-euro-gjobe-62-vjecari-qe-e-kercenoi-gazetarin-vehbi-kajtazi\/\"},\"author\":{\"name\":\"P\u00ebrmbledhja\",\"@id\":\"https:\/\/permbledhja.com\/#\/schema\/person\/0d064377258d3221e50693947b9eb4fe\"},\"headline\":\"D\u00ebnohet me 5 mij\u00eb euro gjob\u00eb 62-vje\u00e7ari q\u00eb e k\u00ebrc\u00ebnoi gazetarin Vehbi Kajtazi\",\"datePublished\":\"2025-10-29T15:06:42+00:00\",\"dateModified\":\"2025-10-29T15:06:42+00:00\",\"mainEntityOfPage\":{\"@id\":\"https:\/\/permbledhja.com\/denohet-me-5-mije-euro-gjobe-62-vjecari-qe-e-kercenoi-gazetarin-vehbi-kajtazi\/\"},\"wordCount\":284,\"publisher\":{\"@id\":\"https:\/\/permbledhja.com\/#organization\"},\"keywords\":[\"Vehbi Kajtazi\"],\"articleSection\":[\"Dyt\u00ebsore\"],\"inLanguage\":\"sq\"},{\"@type\":\"WebPage\",\"@id\":\"https:\/\/permbledhja.com\/denohet-me-5-mije-euro-gjobe-62-vjecari-qe-e-kercenoi-gazetarin-vehbi-kajtazi\/\",\"url\":\"https:\/\/permbledhja.com\/denohet-me-5-mije-euro-gjobe-62-vjecari-qe-e-kercenoi-gazetarin-vehbi-kajtazi\/\",\"name\":\"D\u00ebnohet me 5 mij\u00eb euro gjob\u00eb 62-vje\u00e7ari q\u00eb e k\u00ebrc\u00ebnoi gazetarin Vehbi Kajtazi\",\"isPartOf\":{\"@id\":\"https:\/\/permbledhja.com\/#website\"},\"datePublished\":\"2025-10-29T15:06:42+00:00\",\"dateModified\":\"2025-10-29T15:06:42+00:00\",\"breadcrumb\":{\"@id\":\"https:\/\/permbledhja.com\/denohet-me-5-mije-euro-gjobe-62-vjecari-qe-e-kercenoi-gazetarin-vehbi-kajtazi\/#breadcrumb\"},\"inLanguage\":\"sq\",\"potentialAction\":[{\"@type\":\"ReadAction\",\"target\":[\"https:\/\/permbledhja.com\/denohet-me-5-mije-euro-gjobe-62-vjecari-qe-e-kercenoi-gazetarin-vehbi-kajtazi\/\"]}]},{\"@type\":\"BreadcrumbList\",\"@id\":\"https:\/\/permbledhja.com\/denohet-me-5-mije-euro-gjobe-62-vjecari-qe-e-kercenoi-gazetarin-vehbi-kajtazi\/#breadcrumb\",\"itemListElement\":[{\"@type\":\"ListItem\",\"position\":1,\"name\":\"Ballina\",\"item\":\"https:\/\/permbledhja.com\/sq\/\"},{\"@type\":\"ListItem\",\"position\":2,\"name\":\"D\u00ebnohet me 5 mij\u00eb euro gjob\u00eb 62-vje\u00e7ari q\u00eb e k\u00ebrc\u00ebnoi gazetarin Vehbi Kajtazi\"}]},{\"@type\":\"WebSite\",\"@id\":\"https:\/\/permbledhja.com\/#website\",\"url\":\"https:\/\/permbledhja.com\/\",\"name\":\"Ve\u00e7 artikuj p\u00ebrmbledh\u00ebs\",\"description\":\"\",\"publisher\":{\"@id\":\"https:\/\/permbledhja.com\/#organization\"},\"potentialAction\":[{\"@type\":\"SearchAction\",\"target\":{\"@type\":\"EntryPoint\",\"urlTemplate\":\"https:\/\/permbledhja.com\/?s={search_term_string}\"},\"query-input\":\"required name=search_term_string\"}],\"inLanguage\":\"sq\"},{\"@type\":\"Organization\",\"@id\":\"https:\/\/permbledhja.com\/#organization\",\"name\":\"MK Media & Pr\",\"url\":\"https:\/\/permbledhja.com\/\",\"logo\":{\"@type\":\"ImageObject\",\"inLanguage\":\"sq\",\"@id\":\"https:\/\/permbledhja.com\/#\/schema\/logo\/image\/\",\"url\":\"https:\/\/permbledhja.com\/wp-content\/uploads\/2021\/12\/07-Press-Logo.jpg\",\"contentUrl\":\"https:\/\/permbledhja.com\/wp-content\/uploads\/2021\/12\/07-Press-Logo.jpg\",\"width\":512,\"height\":512,\"caption\":\"MK Media & Pr\"},\"image\":{\"@id\":\"https:\/\/permbledhja.com\/#\/schema\/logo\/image\/\"},\"sameAs\":[\"https:\/\/www.facebook.com\/press07\/\"]},{\"@type\":\"Person\",\"@id\":\"https:\/\/permbledhja.com\/#\/schema\/person\/0d064377258d3221e50693947b9eb4fe\",\"name\":\"P\u00ebrmbledhja\",\"image\":{\"@type\":\"ImageObject\",\"inLanguage\":\"sq\",\"@id\":\"https:\/\/permbledhja.com\/#\/schema\/person\/image\/\",\"url\":\"https:\/\/permbledhja.com\/wp-content\/uploads\/2026\/01\/452004717_1040944174702970_8932037511805513407_n-96x96.jpg\",\"contentUrl\":\"https:\/\/permbledhja.com\/wp-content\/uploads\/2026\/01\/452004717_1040944174702970_8932037511805513407_n-96x96.jpg\",\"caption\":\"P\u00ebrmbledhja\"},\"sameAs\":[\"https:\/\/www.facebook.com\/kafexhiu.muharrem\/\",\"https:\/\/www.instagram.com\/muharrem_kafexhiu\/\"],\"url\":\"https:\/\/permbledhja.com\/sq\/author\/admin\/\"}]}<\/script>\n<!-- \/ Yoast SEO plugin. -->","yoast_head_json":{"title":"D\u00ebnohet me 5 mij\u00eb euro gjob\u00eb 62-vje\u00e7ari q\u00eb e k\u00ebrc\u00ebnoi gazetarin Vehbi Kajtazi","robots":{"index":"index","follow":"follow","max-snippet":"max-snippet:-1","max-image-preview":"max-image-preview:large","max-video-preview":"max-video-preview:-1"},"canonical":"https:\/\/permbledhja.com\/sq\/denohet-me-5-mije-euro-gjobe-62-vjecari-qe-e-kercenoi-gazetarin-vehbi-kajtazi\/","og_locale":"sq_AL","og_type":"article","og_title":"D\u00ebnohet me 5 mij\u00eb euro gjob\u00eb 62-vje\u00e7ari q\u00eb e k\u00ebrc\u00ebnoi gazetarin Vehbi Kajtazi","og_description":"Gjykata Themelore n\u00eb Prishtin\u00eb e ka d\u00ebnuar me pes\u00eb mij\u00eb euro gjob\u00eb Hysni Menxhiqin, t\u00eb akuzuarin p\u00ebr kanosjen e gazetarit dhe drejtorit t\u00eb Paparacit, Vehbi Kajtazi. Aktgjykimi \u00ebsht\u00eb shpallur sot nga gjyqtari Eroll Gashi. Sipas aktgjykimit, i pandehuri \u00ebsht\u00eb shpallur fajtor p\u00ebr kryerjen e vepr\u00ebs penale t\u00eb kanosjes. I akuzuari, Hysni Menxhiqi, nuk e kishte [&hellip;]","og_url":"https:\/\/permbledhja.com\/sq\/denohet-me-5-mije-euro-gjobe-62-vjecari-qe-e-kercenoi-gazetarin-vehbi-kajtazi\/","og_site_name":"Ve\u00e7 artikuj p\u00ebrmbledh\u00ebs","article_publisher":"https:\/\/www.facebook.com\/press07\/","article_author":"https:\/\/www.facebook.com\/kafexhiu.muharrem\/","article_published_time":"2025-10-29T15:06:42+00:00","og_image":[{"width":629,"height":392,"url":"https:\/\/permbledhja.com\/wp-content\/uploads\/2025\/10\/1-4.png","type":"image\/png"}],"author":"P\u00ebrmbledhja","twitter_card":"summary_large_image","twitter_misc":{"Written by":"P\u00ebrmbledhja","Est. reading time":"2 minuta"},"schema":{"@context":"https:\/\/schema.org","@graph":[{"@type":"Article","@id":"https:\/\/permbledhja.com\/denohet-me-5-mije-euro-gjobe-62-vjecari-qe-e-kercenoi-gazetarin-vehbi-kajtazi\/#article","isPartOf":{"@id":"https:\/\/permbledhja.com\/denohet-me-5-mije-euro-gjobe-62-vjecari-qe-e-kercenoi-gazetarin-vehbi-kajtazi\/"},"author":{"name":"P\u00ebrmbledhja","@id":"https:\/\/permbledhja.com\/#\/schema\/person\/0d064377258d3221e50693947b9eb4fe"},"headline":"D\u00ebnohet me 5 mij\u00eb euro gjob\u00eb 62-vje\u00e7ari q\u00eb e k\u00ebrc\u00ebnoi gazetarin Vehbi Kajtazi","datePublished":"2025-10-29T15:06:42+00:00","dateModified":"2025-10-29T15:06:42+00:00","mainEntityOfPage":{"@id":"https:\/\/permbledhja.com\/denohet-me-5-mije-euro-gjobe-62-vjecari-qe-e-kercenoi-gazetarin-vehbi-kajtazi\/"},"wordCount":284,"publisher":{"@id":"https:\/\/permbledhja.com\/#organization"},"keywords":["Vehbi Kajtazi"],"articleSection":["Dyt\u00ebsore"],"inLanguage":"sq"},{"@type":"WebPage","@id":"https:\/\/permbledhja.com\/denohet-me-5-mije-euro-gjobe-62-vjecari-qe-e-kercenoi-gazetarin-vehbi-kajtazi\/","url":"https:\/\/permbledhja.com\/denohet-me-5-mije-euro-gjobe-62-vjecari-qe-e-kercenoi-gazetarin-vehbi-kajtazi\/","name":"D\u00ebnohet me 5 mij\u00eb euro gjob\u00eb 62-vje\u00e7ari q\u00eb e k\u00ebrc\u00ebnoi gazetarin Vehbi Kajtazi","isPartOf":{"@id":"https:\/\/permbledhja.com\/#website"},"datePublished":"2025-10-29T15:06:42+00:00","dateModified":"2025-10-29T15:06:42+00:00","breadcrumb":{"@id":"https:\/\/permbledhja.com\/denohet-me-5-mije-euro-gjobe-62-vjecari-qe-e-kercenoi-gazetarin-vehbi-kajtazi\/#breadcrumb"},"inLanguage":"sq","potentialAction":[{"@type":"ReadAction","target":["https:\/\/permbledhja.com\/denohet-me-5-mije-euro-gjobe-62-vjecari-qe-e-kercenoi-gazetarin-vehbi-kajtazi\/"]}]},{"@type":"BreadcrumbList","@id":"https:\/\/permbledhja.com\/denohet-me-5-mije-euro-gjobe-62-vjecari-qe-e-kercenoi-gazetarin-vehbi-kajtazi\/#breadcrumb","itemListElement":[{"@type":"ListItem","position":1,"name":"Ballina","item":"https:\/\/permbledhja.com\/sq\/"},{"@type":"ListItem","position":2,"name":"D\u00ebnohet me 5 mij\u00eb euro gjob\u00eb 62-vje\u00e7ari q\u00eb e k\u00ebrc\u00ebnoi gazetarin Vehbi Kajtazi"}]},{"@type":"WebSite","@id":"https:\/\/permbledhja.com\/#website","url":"https:\/\/permbledhja.com\/","name":"Ve\u00e7 artikuj p\u00ebrmbledh\u00ebs","description":"","publisher":{"@id":"https:\/\/permbledhja.com\/#organization"},"potentialAction":[{"@type":"SearchAction","target":{"@type":"EntryPoint","urlTemplate":"https:\/\/permbledhja.com\/?s={search_term_string}"},"query-input":"required name=search_term_string"}],"inLanguage":"sq"},{"@type":"Organization","@id":"https:\/\/permbledhja.com\/#organization","name":"MK Media & Pr","url":"https:\/\/permbledhja.com\/","logo":{"@type":"ImageObject","inLanguage":"sq","@id":"https:\/\/permbledhja.com\/#\/schema\/logo\/image\/","url":"https:\/\/permbledhja.com\/wp-content\/uploads\/2021\/12\/07-Press-Logo.jpg","contentUrl":"https:\/\/permbledhja.com\/wp-content\/uploads\/2021\/12\/07-Press-Logo.jpg","width":512,"height":512,"caption":"MK Media & Pr"},"image":{"@id":"https:\/\/permbledhja.com\/#\/schema\/logo\/image\/"},"sameAs":["https:\/\/www.facebook.com\/press07\/"]},{"@type":"Person","@id":"https:\/\/permbledhja.com\/#\/schema\/person\/0d064377258d3221e50693947b9eb4fe","name":"P\u00ebrmbledhja","image":{"@type":"ImageObject","inLanguage":"sq","@id":"https:\/\/permbledhja.com\/#\/schema\/person\/image\/","url":"https:\/\/permbledhja.com\/wp-content\/uploads\/2026\/01\/452004717_1040944174702970_8932037511805513407_n-96x96.jpg","contentUrl":"https:\/\/permbledhja.com\/wp-content\/uploads\/2026\/01\/452004717_1040944174702970_8932037511805513407_n-96x96.jpg","caption":"P\u00ebrmbledhja"},"sameAs":["https:\/\/www.facebook.com\/kafexhiu.muharrem\/","https:\/\/www.instagram.com\/muharrem_kafexhiu\/"],"url":"https:\/\/permbledhja.com\/sq\/author\/admin\/"}]}},"_links":{"self":[{"href":"https:\/\/permbledhja.com\/sq\/wp-json\/wp\/v2\/posts\/74409"}],"collection":[{"href":"https:\/\/permbledhja.com\/sq\/wp-json\/wp\/v2\/posts"}],"about":[{"href":"https:\/\/permbledhja.com\/sq\/wp-json\/wp\/v2\/types\/post"}],"author":[{"embeddable":true,"href":"https:\/\/permbledhja.com\/sq\/wp-json\/wp\/v2\/users\/1"}],"replies":[{"embeddable":true,"href":"https:\/\/permbledhja.com\/sq\/wp-json\/wp\/v2\/comments?post=74409"}],"version-history":[{"count":1,"href":"https:\/\/permbledhja.com\/sq\/wp-json\/wp\/v2\/posts\/74409\/revisions"}],"predecessor-version":[{"id":74411,"href":"https:\/\/permbledhja.com\/sq\/wp-json\/wp\/v2\/posts\/74409\/revisions\/74411"}],"wp:featuredmedia":[{"embeddable":true,"href":"https:\/\/permbledhja.com\/sq\/wp-json\/wp\/v2\/media\/74410"}],"wp:attachment":[{"href":"https:\/\/permbledhja.com\/sq\/wp-json\/wp\/v2\/media?parent=74409"}],"wp:term":[{"taxonomy":"category","embeddable":true,"href":"https:\/\/permbledhja.com\/sq\/wp-json\/wp\/v2\/categories?post=74409"},{"taxonomy":"post_tag","embeddable":true,"href":"https:\/\/permbledhja.com\/sq\/wp-json\/wp\/v2\/tags?post=74409"}],"curies":[{"name":"wp","href":"https:\/\/api.w.org\/{rel}","templated":true}]}}