{"id":7431,"date":"2022-10-12T08:47:48","date_gmt":"2022-10-12T08:47:48","guid":{"rendered":"https:\/\/permbledhja.com\/?p=7431"},"modified":"2022-10-12T08:47:48","modified_gmt":"2022-10-12T08:47:48","slug":"me-e-keqja-do-te-vije-fmn-vjen-me-paralajmerim-per-krizen-ekonomike","status":"publish","type":"post","link":"https:\/\/permbledhja.com\/sq\/me-e-keqja-do-te-vije-fmn-vjen-me-paralajmerim-per-krizen-ekonomike\/","title":{"rendered":"\u201cM\u00eb e keqja do t\u00eb vij\u00eb\u201d FMN vjen me paralajm\u00ebrim p\u00ebr kriz\u00ebn ekonomike"},"content":{"rendered":"<p><strong>Corona, lufta n\u00eb Ukrain\u00eb, inflacioni: Fondi Monetar Nd\u00ebrkomb\u00ebtar n\u00eb sfondin e shum\u00eb krizave sheh rreziqe t\u00eb m\u00ebdha p\u00ebr ekonomin\u00eb bot\u00ebrore. Por recesioni nuk do t\u2019i prek\u00eb t\u00eb gjith\u00eb<\/strong>.<\/p>\n<p>Nj\u00eb e treta e ekomonis\u00eb bot\u00ebrore mund t\u00eb bjer\u00eb n\u00eb recesion deri n\u00eb vitin 2023, thuhet n\u00eb parashikimin e ri t\u00eb Fondit Monetar Nd\u00ebrkomb\u00ebtar (FMN). Parashikimi \u00ebsht\u00eb me not\u00ebn m\u00eb t\u00eb dob\u00ebt si asnj\u00ebher\u00eb m\u00eb par\u00eb n\u00eb rreth 20 vitet e fundit \u2013 me p\u00ebrjashtim t\u00eb parashikimeve gjat\u00eb pandemis\u00eb dhe kriz\u00ebs bot\u00ebrore financiare.<br \/>\nSi arsye kryesore FMN p\u00ebrmend rritjen e vrullshme t\u00eb \u00e7mimeve q\u00eb pas sulmit rus ndaj Ukrain\u00ebs, gj\u00eb q\u00eb ka kufizuar duksh\u00ebm aft\u00ebsin\u00eb bler\u00ebse. Ekonomia bot\u00ebrore ndodhet p\u00ebrpara sfidash gjigante, sepse inflacioni \u00ebsht\u00eb m\u00eb i zgjatur nga sa mendohej e edhe Kina po e humbet aft\u00ebsin\u00eb bler\u00ebse. \u201cM\u00eb e keqja pritet t\u00eb vij\u00eb dhe shum\u00eb njer\u00ebz m\u00eb 2023 do t\u00eb ken\u00eb ndijesin\u00eb e nj\u00eb recesioni\u201d, thot\u00eb ekonomisti i FMN-s\u00eb, Pierre-Olivier Gourinchas.<\/p>\n<p>N\u00eb p\u00ebrgjith\u00ebsi FMN-ja e ka ulur s\u00ebrish parashikimin p\u00ebr 2023. Sipas raportit t\u00eb fundit ekonomia bot\u00ebrore do t\u00eb rritet me vet\u00ebm 2,7 p\u00ebrqind, n\u00eb korrik priten 2,9 p\u00ebrqind. P\u00ebr vitin n\u00eb vazhdim 2022 llogaritet nj\u00eb plus prej 3,2 p\u00ebrqind. Kundrejt vitit 2021 me nj\u00eb rritje 6,0 p\u00ebrqind, kuota aktuale \u00ebsht\u00eb e zbeht\u00eb.<\/p>\n<p>Rajonet m\u00eb t\u00eb r\u00ebnd\u00ebsishme ekonomike po dob\u00ebsohenEuropa \u00ebsht\u00eb ve\u00e7an\u00ebrisht e prekur nga lufta n\u00eb Ukrain\u00eb. \u00c7mimet e gazit q\u00eb nga viti 2021 jan\u00eb kat\u00ebrfishuar. N\u00eb SHBA konsumi nuk po i jep m\u00eb impulse si zakonisht ekonomis\u00eb dhe n\u00eb Kin\u00eb kan\u00eb efekt negativ kufizimet prej Coron\u00ebs si dhe tensionet n\u00eb tregun e imobiljeve, raporton DW.<\/p>\n<p>Kur do t\u00eb marr\u00eb fund inflacioni?<\/p>\n<p>FMN parashikon q\u00eb inflacioni nd\u00ebrkoh\u00eb n\u00eb shum\u00eb vende \u00ebsht\u00eb n\u00eb nivelin m\u00eb t\u00eb lart\u00eb prej disa dekadashdhe n\u00eb fund t\u00eb 2022 do t\u00eb arrij\u00eb kulmin. Por ai do t\u00eb vazhdoj\u00eb t\u00eb mbetet n\u00eb nivel duksh\u00ebm t\u00eb lart\u00eb. N\u00eb mbar\u00eb bot\u00ebn \u00e7mimet e konsumit do t\u00eb rriten me 8,8 p\u00ebrqind dhe n\u00eb 2023 me rreth 6,5 p\u00ebrqind. K\u00ebsisoj parashikimet e deritanishme s\u00ebrish do t\u00eb korrigjohen me shifra n\u00eb rritje. M\u00eb 2024 pritet nj\u00eb rritje e \u00e7mimeve me 4,1 p\u00ebrqind. Vendet n\u00eb ekspansion dhe ato n\u00eb zhvillim do t\u00eb preken m\u00eb r\u00ebnd\u00eb se vendet e industrializuara. P\u00ebr to forcimi i dollarit, aktualisht n\u00eb nivelin m\u00eb t\u00eb lart\u00eb prej dy dekadash \u00ebsht\u00eb nj\u00eb problem i madh<\/p>\n<p>&nbsp;<\/p>\n","protected":false},"excerpt":{"rendered":"<p>Corona, lufta n\u00eb Ukrain\u00eb, inflacioni: Fondi Monetar Nd\u00ebrkomb\u00ebtar n\u00eb sfondin e shum\u00eb krizave sheh rreziqe t\u00eb m\u00ebdha p\u00ebr ekonomin\u00eb bot\u00ebrore. Por recesioni nuk do t\u2019i prek\u00eb t\u00eb gjith\u00eb. Nj\u00eb e treta e ekomonis\u00eb bot\u00ebrore mund t\u00eb bjer\u00eb n\u00eb recesion deri n\u00eb vitin 2023, thuhet n\u00eb parashikimin e ri t\u00eb Fondit Monetar Nd\u00ebrkomb\u00ebtar (FMN). Parashikimi \u00ebsht\u00eb [&hellip;]<\/p>\n","protected":false},"author":1,"featured_media":5316,"comment_status":"closed","ping_status":"closed","sticky":false,"template":"","format":"standard","meta":{"_monsterinsights_skip_tracking":false,"_monsterinsights_sitenote_active":false,"_monsterinsights_sitenote_note":"","_monsterinsights_sitenote_category":0,"_uf_show_specific_survey":0,"_uf_disable_surveys":false,"footnotes":""},"categories":[23,15],"tags":[],"yoast_head":"<!-- This site is optimized with the Yoast SEO plugin v21.5 - https:\/\/yoast.com\/wordpress\/plugins\/seo\/ -->\n<title>\u201cM\u00eb e keqja do t\u00eb vij\u00eb\u201d FMN vjen me paralajm\u00ebrim p\u00ebr kriz\u00ebn ekonomike<\/title>\n<meta name=\"robots\" content=\"index, follow, max-snippet:-1, max-image-preview:large, max-video-preview:-1\" \/>\n<link rel=\"canonical\" href=\"https:\/\/permbledhja.com\/sq\/me-e-keqja-do-te-vije-fmn-vjen-me-paralajmerim-per-krizen-ekonomike\/\" \/>\n<meta property=\"og:locale\" content=\"sq_AL\" \/>\n<meta property=\"og:type\" content=\"article\" \/>\n<meta property=\"og:title\" content=\"\u201cM\u00eb e keqja do t\u00eb vij\u00eb\u201d FMN vjen me paralajm\u00ebrim p\u00ebr kriz\u00ebn ekonomike\" \/>\n<meta property=\"og:description\" content=\"Corona, lufta n\u00eb Ukrain\u00eb, inflacioni: Fondi Monetar Nd\u00ebrkomb\u00ebtar n\u00eb sfondin e shum\u00eb krizave sheh rreziqe t\u00eb m\u00ebdha p\u00ebr ekonomin\u00eb bot\u00ebrore. Por recesioni nuk do t\u2019i prek\u00eb t\u00eb gjith\u00eb. Nj\u00eb e treta e ekomonis\u00eb bot\u00ebrore mund t\u00eb bjer\u00eb n\u00eb recesion deri n\u00eb vitin 2023, thuhet n\u00eb parashikimin e ri t\u00eb Fondit Monetar Nd\u00ebrkomb\u00ebtar (FMN). Parashikimi \u00ebsht\u00eb [&hellip;]\" \/>\n<meta property=\"og:url\" content=\"https:\/\/permbledhja.com\/sq\/me-e-keqja-do-te-vije-fmn-vjen-me-paralajmerim-per-krizen-ekonomike\/\" \/>\n<meta property=\"og:site_name\" content=\"Ve\u00e7 artikuj p\u00ebrmbledh\u00ebs\" \/>\n<meta property=\"article:publisher\" content=\"https:\/\/www.facebook.com\/press07\/\" \/>\n<meta property=\"article:author\" content=\"https:\/\/www.facebook.com\/kafexhiu.muharrem\/\" \/>\n<meta property=\"article:published_time\" content=\"2022-10-12T08:47:48+00:00\" \/>\n<meta property=\"og:image\" content=\"https:\/\/permbledhja.com\/wp-content\/uploads\/2022\/09\/euro-108238_1280.jpg\" \/>\n\t<meta property=\"og:image:width\" content=\"1277\" \/>\n\t<meta property=\"og:image:height\" content=\"861\" \/>\n\t<meta property=\"og:image:type\" content=\"image\/jpeg\" \/>\n<meta name=\"author\" content=\"P\u00ebrmbledhja\" \/>\n<meta name=\"twitter:card\" content=\"summary_large_image\" \/>\n<meta name=\"twitter:label1\" content=\"Written by\" \/>\n\t<meta name=\"twitter:data1\" content=\"P\u00ebrmbledhja\" \/>\n\t<meta name=\"twitter:label2\" content=\"Est. reading time\" \/>\n\t<meta name=\"twitter:data2\" content=\"3 minuta\" \/>\n<script type=\"application\/ld+json\" class=\"yoast-schema-graph\">{\"@context\":\"https:\/\/schema.org\",\"@graph\":[{\"@type\":\"Article\",\"@id\":\"https:\/\/permbledhja.com\/me-e-keqja-do-te-vije-fmn-vjen-me-paralajmerim-per-krizen-ekonomike\/#article\",\"isPartOf\":{\"@id\":\"https:\/\/permbledhja.com\/me-e-keqja-do-te-vije-fmn-vjen-me-paralajmerim-per-krizen-ekonomike\/\"},\"author\":{\"name\":\"P\u00ebrmbledhja\",\"@id\":\"https:\/\/permbledhja.com\/#\/schema\/person\/0d064377258d3221e50693947b9eb4fe\"},\"headline\":\"\u201cM\u00eb e keqja do t\u00eb vij\u00eb\u201d FMN vjen me paralajm\u00ebrim p\u00ebr kriz\u00ebn ekonomike\",\"datePublished\":\"2022-10-12T08:47:48+00:00\",\"dateModified\":\"2022-10-12T08:47:48+00:00\",\"mainEntityOfPage\":{\"@id\":\"https:\/\/permbledhja.com\/me-e-keqja-do-te-vije-fmn-vjen-me-paralajmerim-per-krizen-ekonomike\/\"},\"wordCount\":428,\"publisher\":{\"@id\":\"https:\/\/permbledhja.com\/#organization\"},\"articleSection\":[\"Komb\u00ebtare\",\"Lajme\"],\"inLanguage\":\"sq\"},{\"@type\":\"WebPage\",\"@id\":\"https:\/\/permbledhja.com\/me-e-keqja-do-te-vije-fmn-vjen-me-paralajmerim-per-krizen-ekonomike\/\",\"url\":\"https:\/\/permbledhja.com\/me-e-keqja-do-te-vije-fmn-vjen-me-paralajmerim-per-krizen-ekonomike\/\",\"name\":\"\u201cM\u00eb e keqja do t\u00eb vij\u00eb\u201d FMN vjen me paralajm\u00ebrim p\u00ebr kriz\u00ebn ekonomike\",\"isPartOf\":{\"@id\":\"https:\/\/permbledhja.com\/#website\"},\"datePublished\":\"2022-10-12T08:47:48+00:00\",\"dateModified\":\"2022-10-12T08:47:48+00:00\",\"breadcrumb\":{\"@id\":\"https:\/\/permbledhja.com\/me-e-keqja-do-te-vije-fmn-vjen-me-paralajmerim-per-krizen-ekonomike\/#breadcrumb\"},\"inLanguage\":\"sq\",\"potentialAction\":[{\"@type\":\"ReadAction\",\"target\":[\"https:\/\/permbledhja.com\/me-e-keqja-do-te-vije-fmn-vjen-me-paralajmerim-per-krizen-ekonomike\/\"]}]},{\"@type\":\"BreadcrumbList\",\"@id\":\"https:\/\/permbledhja.com\/me-e-keqja-do-te-vije-fmn-vjen-me-paralajmerim-per-krizen-ekonomike\/#breadcrumb\",\"itemListElement\":[{\"@type\":\"ListItem\",\"position\":1,\"name\":\"Ballina\",\"item\":\"https:\/\/permbledhja.com\/sq\/\"},{\"@type\":\"ListItem\",\"position\":2,\"name\":\"\u201cM\u00eb e keqja do t\u00eb vij\u00eb\u201d FMN vjen me paralajm\u00ebrim p\u00ebr kriz\u00ebn ekonomike\"}]},{\"@type\":\"WebSite\",\"@id\":\"https:\/\/permbledhja.com\/#website\",\"url\":\"https:\/\/permbledhja.com\/\",\"name\":\"Ve\u00e7 artikuj p\u00ebrmbledh\u00ebs\",\"description\":\"\",\"publisher\":{\"@id\":\"https:\/\/permbledhja.com\/#organization\"},\"potentialAction\":[{\"@type\":\"SearchAction\",\"target\":{\"@type\":\"EntryPoint\",\"urlTemplate\":\"https:\/\/permbledhja.com\/?s={search_term_string}\"},\"query-input\":\"required name=search_term_string\"}],\"inLanguage\":\"sq\"},{\"@type\":\"Organization\",\"@id\":\"https:\/\/permbledhja.com\/#organization\",\"name\":\"MK Media & Pr\",\"url\":\"https:\/\/permbledhja.com\/\",\"logo\":{\"@type\":\"ImageObject\",\"inLanguage\":\"sq\",\"@id\":\"https:\/\/permbledhja.com\/#\/schema\/logo\/image\/\",\"url\":\"https:\/\/permbledhja.com\/wp-content\/uploads\/2021\/12\/07-Press-Logo.jpg\",\"contentUrl\":\"https:\/\/permbledhja.com\/wp-content\/uploads\/2021\/12\/07-Press-Logo.jpg\",\"width\":512,\"height\":512,\"caption\":\"MK Media & Pr\"},\"image\":{\"@id\":\"https:\/\/permbledhja.com\/#\/schema\/logo\/image\/\"},\"sameAs\":[\"https:\/\/www.facebook.com\/press07\/\"]},{\"@type\":\"Person\",\"@id\":\"https:\/\/permbledhja.com\/#\/schema\/person\/0d064377258d3221e50693947b9eb4fe\",\"name\":\"P\u00ebrmbledhja\",\"image\":{\"@type\":\"ImageObject\",\"inLanguage\":\"sq\",\"@id\":\"https:\/\/permbledhja.com\/#\/schema\/person\/image\/\",\"url\":\"https:\/\/permbledhja.com\/wp-content\/uploads\/2026\/01\/452004717_1040944174702970_8932037511805513407_n-96x96.jpg\",\"contentUrl\":\"https:\/\/permbledhja.com\/wp-content\/uploads\/2026\/01\/452004717_1040944174702970_8932037511805513407_n-96x96.jpg\",\"caption\":\"P\u00ebrmbledhja\"},\"sameAs\":[\"https:\/\/www.facebook.com\/kafexhiu.muharrem\/\",\"https:\/\/www.instagram.com\/muharrem_kafexhiu\/\"],\"url\":\"https:\/\/permbledhja.com\/sq\/author\/admin\/\"}]}<\/script>\n<!-- \/ Yoast SEO plugin. -->","yoast_head_json":{"title":"\u201cM\u00eb e keqja do t\u00eb vij\u00eb\u201d FMN vjen me paralajm\u00ebrim p\u00ebr kriz\u00ebn ekonomike","robots":{"index":"index","follow":"follow","max-snippet":"max-snippet:-1","max-image-preview":"max-image-preview:large","max-video-preview":"max-video-preview:-1"},"canonical":"https:\/\/permbledhja.com\/sq\/me-e-keqja-do-te-vije-fmn-vjen-me-paralajmerim-per-krizen-ekonomike\/","og_locale":"sq_AL","og_type":"article","og_title":"\u201cM\u00eb e keqja do t\u00eb vij\u00eb\u201d FMN vjen me paralajm\u00ebrim p\u00ebr kriz\u00ebn ekonomike","og_description":"Corona, lufta n\u00eb Ukrain\u00eb, inflacioni: Fondi Monetar Nd\u00ebrkomb\u00ebtar n\u00eb sfondin e shum\u00eb krizave sheh rreziqe t\u00eb m\u00ebdha p\u00ebr ekonomin\u00eb bot\u00ebrore. Por recesioni nuk do t\u2019i prek\u00eb t\u00eb gjith\u00eb. Nj\u00eb e treta e ekomonis\u00eb bot\u00ebrore mund t\u00eb bjer\u00eb n\u00eb recesion deri n\u00eb vitin 2023, thuhet n\u00eb parashikimin e ri t\u00eb Fondit Monetar Nd\u00ebrkomb\u00ebtar (FMN). Parashikimi \u00ebsht\u00eb [&hellip;]","og_url":"https:\/\/permbledhja.com\/sq\/me-e-keqja-do-te-vije-fmn-vjen-me-paralajmerim-per-krizen-ekonomike\/","og_site_name":"Ve\u00e7 artikuj p\u00ebrmbledh\u00ebs","article_publisher":"https:\/\/www.facebook.com\/press07\/","article_author":"https:\/\/www.facebook.com\/kafexhiu.muharrem\/","article_published_time":"2022-10-12T08:47:48+00:00","og_image":[{"width":1277,"height":861,"url":"https:\/\/permbledhja.com\/wp-content\/uploads\/2022\/09\/euro-108238_1280.jpg","type":"image\/jpeg"}],"author":"P\u00ebrmbledhja","twitter_card":"summary_large_image","twitter_misc":{"Written by":"P\u00ebrmbledhja","Est. reading time":"3 minuta"},"schema":{"@context":"https:\/\/schema.org","@graph":[{"@type":"Article","@id":"https:\/\/permbledhja.com\/me-e-keqja-do-te-vije-fmn-vjen-me-paralajmerim-per-krizen-ekonomike\/#article","isPartOf":{"@id":"https:\/\/permbledhja.com\/me-e-keqja-do-te-vije-fmn-vjen-me-paralajmerim-per-krizen-ekonomike\/"},"author":{"name":"P\u00ebrmbledhja","@id":"https:\/\/permbledhja.com\/#\/schema\/person\/0d064377258d3221e50693947b9eb4fe"},"headline":"\u201cM\u00eb e keqja do t\u00eb vij\u00eb\u201d FMN vjen me paralajm\u00ebrim p\u00ebr kriz\u00ebn ekonomike","datePublished":"2022-10-12T08:47:48+00:00","dateModified":"2022-10-12T08:47:48+00:00","mainEntityOfPage":{"@id":"https:\/\/permbledhja.com\/me-e-keqja-do-te-vije-fmn-vjen-me-paralajmerim-per-krizen-ekonomike\/"},"wordCount":428,"publisher":{"@id":"https:\/\/permbledhja.com\/#organization"},"articleSection":["Komb\u00ebtare","Lajme"],"inLanguage":"sq"},{"@type":"WebPage","@id":"https:\/\/permbledhja.com\/me-e-keqja-do-te-vije-fmn-vjen-me-paralajmerim-per-krizen-ekonomike\/","url":"https:\/\/permbledhja.com\/me-e-keqja-do-te-vije-fmn-vjen-me-paralajmerim-per-krizen-ekonomike\/","name":"\u201cM\u00eb e keqja do t\u00eb vij\u00eb\u201d FMN vjen me paralajm\u00ebrim p\u00ebr kriz\u00ebn ekonomike","isPartOf":{"@id":"https:\/\/permbledhja.com\/#website"},"datePublished":"2022-10-12T08:47:48+00:00","dateModified":"2022-10-12T08:47:48+00:00","breadcrumb":{"@id":"https:\/\/permbledhja.com\/me-e-keqja-do-te-vije-fmn-vjen-me-paralajmerim-per-krizen-ekonomike\/#breadcrumb"},"inLanguage":"sq","potentialAction":[{"@type":"ReadAction","target":["https:\/\/permbledhja.com\/me-e-keqja-do-te-vije-fmn-vjen-me-paralajmerim-per-krizen-ekonomike\/"]}]},{"@type":"BreadcrumbList","@id":"https:\/\/permbledhja.com\/me-e-keqja-do-te-vije-fmn-vjen-me-paralajmerim-per-krizen-ekonomike\/#breadcrumb","itemListElement":[{"@type":"ListItem","position":1,"name":"Ballina","item":"https:\/\/permbledhja.com\/sq\/"},{"@type":"ListItem","position":2,"name":"\u201cM\u00eb e keqja do t\u00eb vij\u00eb\u201d FMN vjen me paralajm\u00ebrim p\u00ebr kriz\u00ebn ekonomike"}]},{"@type":"WebSite","@id":"https:\/\/permbledhja.com\/#website","url":"https:\/\/permbledhja.com\/","name":"Ve\u00e7 artikuj p\u00ebrmbledh\u00ebs","description":"","publisher":{"@id":"https:\/\/permbledhja.com\/#organization"},"potentialAction":[{"@type":"SearchAction","target":{"@type":"EntryPoint","urlTemplate":"https:\/\/permbledhja.com\/?s={search_term_string}"},"query-input":"required name=search_term_string"}],"inLanguage":"sq"},{"@type":"Organization","@id":"https:\/\/permbledhja.com\/#organization","name":"MK Media & Pr","url":"https:\/\/permbledhja.com\/","logo":{"@type":"ImageObject","inLanguage":"sq","@id":"https:\/\/permbledhja.com\/#\/schema\/logo\/image\/","url":"https:\/\/permbledhja.com\/wp-content\/uploads\/2021\/12\/07-Press-Logo.jpg","contentUrl":"https:\/\/permbledhja.com\/wp-content\/uploads\/2021\/12\/07-Press-Logo.jpg","width":512,"height":512,"caption":"MK Media & Pr"},"image":{"@id":"https:\/\/permbledhja.com\/#\/schema\/logo\/image\/"},"sameAs":["https:\/\/www.facebook.com\/press07\/"]},{"@type":"Person","@id":"https:\/\/permbledhja.com\/#\/schema\/person\/0d064377258d3221e50693947b9eb4fe","name":"P\u00ebrmbledhja","image":{"@type":"ImageObject","inLanguage":"sq","@id":"https:\/\/permbledhja.com\/#\/schema\/person\/image\/","url":"https:\/\/permbledhja.com\/wp-content\/uploads\/2026\/01\/452004717_1040944174702970_8932037511805513407_n-96x96.jpg","contentUrl":"https:\/\/permbledhja.com\/wp-content\/uploads\/2026\/01\/452004717_1040944174702970_8932037511805513407_n-96x96.jpg","caption":"P\u00ebrmbledhja"},"sameAs":["https:\/\/www.facebook.com\/kafexhiu.muharrem\/","https:\/\/www.instagram.com\/muharrem_kafexhiu\/"],"url":"https:\/\/permbledhja.com\/sq\/author\/admin\/"}]}},"_links":{"self":[{"href":"https:\/\/permbledhja.com\/sq\/wp-json\/wp\/v2\/posts\/7431"}],"collection":[{"href":"https:\/\/permbledhja.com\/sq\/wp-json\/wp\/v2\/posts"}],"about":[{"href":"https:\/\/permbledhja.com\/sq\/wp-json\/wp\/v2\/types\/post"}],"author":[{"embeddable":true,"href":"https:\/\/permbledhja.com\/sq\/wp-json\/wp\/v2\/users\/1"}],"replies":[{"embeddable":true,"href":"https:\/\/permbledhja.com\/sq\/wp-json\/wp\/v2\/comments?post=7431"}],"version-history":[{"count":1,"href":"https:\/\/permbledhja.com\/sq\/wp-json\/wp\/v2\/posts\/7431\/revisions"}],"predecessor-version":[{"id":7432,"href":"https:\/\/permbledhja.com\/sq\/wp-json\/wp\/v2\/posts\/7431\/revisions\/7432"}],"wp:featuredmedia":[{"embeddable":true,"href":"https:\/\/permbledhja.com\/sq\/wp-json\/wp\/v2\/media\/5316"}],"wp:attachment":[{"href":"https:\/\/permbledhja.com\/sq\/wp-json\/wp\/v2\/media?parent=7431"}],"wp:term":[{"taxonomy":"category","embeddable":true,"href":"https:\/\/permbledhja.com\/sq\/wp-json\/wp\/v2\/categories?post=7431"},{"taxonomy":"post_tag","embeddable":true,"href":"https:\/\/permbledhja.com\/sq\/wp-json\/wp\/v2\/tags?post=7431"}],"curies":[{"name":"wp","href":"https:\/\/api.w.org\/{rel}","templated":true}]}}