{"id":74305,"date":"2025-10-23T21:38:38","date_gmt":"2025-10-23T21:38:38","guid":{"rendered":"https:\/\/permbledhja.com\/?p=74305"},"modified":"2025-10-23T21:38:38","modified_gmt":"2025-10-23T21:38:38","slug":"grafiti-uck-nje-tifoz-i-bashkimit-denohet-me-10-dite-burg-e-debim-nga-mali-i-zi","status":"publish","type":"post","link":"https:\/\/permbledhja.com\/sq\/grafiti-uck-nje-tifoz-i-bashkimit-denohet-me-10-dite-burg-e-debim-nga-mali-i-zi\/","title":{"rendered":"Grafiti U\u00c7K &#8211; Nj\u00eb tifoz i Bashkimit d\u00ebnohet me 10 dit\u00eb burg e d\u00ebbim nga Mali i Zi"},"content":{"rendered":"<p><strong>Nj\u00eb pjes\u00ebtar i tifo-grupit \u201cArpagjik\u00ebt\u201d \u00ebsht\u00eb d\u00ebnuar me 10 dit\u00eb burgim dhe d\u00ebbim p\u00ebr nj\u00eb vit nga Mali i Zi, pasi ka pranuar faj\u00ebsin\u00eb p\u00ebr mbishkrimet U\u00c7K n\u00eb disa sht\u00ebpi n\u00eb qytetin malazez, Igalo.<\/strong><\/p>\n<p>Ai ishte ndaluar sot nga policia malazeze, pasi kishte vendosur mbishkrime U\u00c7K n\u00eb disa sht\u00ebpi. P\u00ebrpos tij, policia kishte ndaluar edhe an\u00ebtar\u00ebt tjer\u00eb t\u00eb grupit, mir\u00ebpo ai thuhet se ka marr\u00eb p\u00ebrsip\u00ebr fajin.<\/p>\n<p>Sipas mediave malazeze, i d\u00ebnuari \u00ebsht\u00eb Edison Shehu, 22-vje\u00e7ar.<\/p>\n<p><em>\u201cI pandehuri pranoi kryerjen e vepr\u00ebs penale dhe theksoi se mbishkrimi \u2018ARPZ\u2019 i referohet grupit t\u00eb tifoz\u00ebve t\u00eb cilit i p\u00ebrket, nd\u00ebrsa emri \u2018U\u00c7K\u2019 i referohet Ushtris\u00eb \u00c7lirimtare t\u00eb Kosov\u00ebs, dhe se mbishkrimi \u2018U\u00c7K\u2019 nuk \u00ebsht\u00eb n\u00eb kontekstin e grupit t\u00eb tij t\u00eb tifoz\u00ebve\u201d<\/em>, raporton Vijesti.<\/p>\n<p>Tifoz\u00ebt e klubit t\u00eb basketbollit Bashkimi, \u201cArpagjik\u00ebt\u201d kishin udh\u00ebtuar drejt Malit t\u00eb Zi p\u00ebr ta p\u00ebrkrahur klubin e tyre t\u00eb zemr\u00ebs.<\/p>\n<p>Ata u ndaluan nga policia malazeze nat\u00ebn e 23 tetorit, pasi dyshoheshin se kishin vendosur mbishkrime U\u00c7K n\u00eb disa sht\u00ebpi.\/<a href=\"https:\/\/lajmi.net\/denohet-me-10-dite-burgim-dhe-debim-nga-mali-i-zi-nje-tifoz-i-bashkimit\/?fbclid=IwY2xjawNnfWdleHRuA2FlbQIxMQABHnrwooYn5Lpgkgtwel16W0f26piZxERxE4Go9NMYTc3r3pH5MfFfPbxeHG-4_aem_PPvHSsAl_OJwR66naHrDOQ\"><em>Lajmi.net<\/em><\/a><\/p>\n","protected":false},"excerpt":{"rendered":"<p>Nj\u00eb pjes\u00ebtar i tifo-grupit \u201cArpagjik\u00ebt\u201d \u00ebsht\u00eb d\u00ebnuar me 10 dit\u00eb burgim dhe d\u00ebbim p\u00ebr nj\u00eb vit nga Mali i Zi, pasi ka pranuar faj\u00ebsin\u00eb p\u00ebr mbishkrimet U\u00c7K n\u00eb disa sht\u00ebpi n\u00eb qytetin malazez, Igalo. Ai ishte ndaluar sot nga policia malazeze, pasi kishte vendosur mbishkrime U\u00c7K n\u00eb disa sht\u00ebpi. P\u00ebrpos tij, policia kishte ndaluar edhe [&hellip;]<\/p>\n","protected":false},"author":1,"featured_media":74306,"comment_status":"closed","ping_status":"closed","sticky":false,"template":"","format":"standard","meta":{"_monsterinsights_skip_tracking":false,"_monsterinsights_sitenote_active":false,"_monsterinsights_sitenote_note":"","_monsterinsights_sitenote_category":0,"_uf_show_specific_survey":0,"_uf_disable_surveys":false,"footnotes":""},"categories":[3324],"tags":[3508],"yoast_head":"<!-- This site is optimized with the Yoast SEO plugin v21.5 - https:\/\/yoast.com\/wordpress\/plugins\/seo\/ -->\n<title>Grafiti U\u00c7K - Nj\u00eb tifoz i Bashkimit d\u00ebnohet me 10 dit\u00eb burg e d\u00ebbim nga Mali i Zi<\/title>\n<meta name=\"robots\" content=\"index, follow, max-snippet:-1, max-image-preview:large, max-video-preview:-1\" \/>\n<link rel=\"canonical\" href=\"https:\/\/permbledhja.com\/sq\/grafiti-uck-nje-tifoz-i-bashkimit-denohet-me-10-dite-burg-e-debim-nga-mali-i-zi\/\" \/>\n<meta property=\"og:locale\" content=\"sq_AL\" \/>\n<meta property=\"og:type\" content=\"article\" \/>\n<meta property=\"og:title\" content=\"Grafiti U\u00c7K - Nj\u00eb tifoz i Bashkimit d\u00ebnohet me 10 dit\u00eb burg e d\u00ebbim nga Mali i Zi\" \/>\n<meta property=\"og:description\" content=\"Nj\u00eb pjes\u00ebtar i tifo-grupit \u201cArpagjik\u00ebt\u201d \u00ebsht\u00eb d\u00ebnuar me 10 dit\u00eb burgim dhe d\u00ebbim p\u00ebr nj\u00eb vit nga Mali i Zi, pasi ka pranuar faj\u00ebsin\u00eb p\u00ebr mbishkrimet U\u00c7K n\u00eb disa sht\u00ebpi n\u00eb qytetin malazez, Igalo. Ai ishte ndaluar sot nga policia malazeze, pasi kishte vendosur mbishkrime U\u00c7K n\u00eb disa sht\u00ebpi. P\u00ebrpos tij, policia kishte ndaluar edhe [&hellip;]\" \/>\n<meta property=\"og:url\" content=\"https:\/\/permbledhja.com\/sq\/grafiti-uck-nje-tifoz-i-bashkimit-denohet-me-10-dite-burg-e-debim-nga-mali-i-zi\/\" \/>\n<meta property=\"og:site_name\" content=\"Ve\u00e7 artikuj p\u00ebrmbledh\u00ebs\" \/>\n<meta property=\"article:publisher\" content=\"https:\/\/www.facebook.com\/press07\/\" \/>\n<meta property=\"article:author\" content=\"https:\/\/www.facebook.com\/kafexhiu.muharrem\/\" \/>\n<meta property=\"article:published_time\" content=\"2025-10-23T21:38:38+00:00\" \/>\n<meta property=\"og:image\" content=\"https:\/\/permbledhja.com\/wp-content\/uploads\/2025\/10\/tfio.jpg\" \/>\n\t<meta property=\"og:image:width\" content=\"626\" \/>\n\t<meta property=\"og:image:height\" content=\"371\" \/>\n\t<meta property=\"og:image:type\" content=\"image\/jpeg\" \/>\n<meta name=\"author\" content=\"P\u00ebrmbledhja\" \/>\n<meta name=\"twitter:card\" content=\"summary_large_image\" \/>\n<meta name=\"twitter:label1\" content=\"Written by\" \/>\n\t<meta name=\"twitter:data1\" content=\"P\u00ebrmbledhja\" \/>\n\t<meta name=\"twitter:label2\" content=\"Est. reading time\" \/>\n\t<meta name=\"twitter:data2\" content=\"1 minut\u00eb\" \/>\n<script type=\"application\/ld+json\" class=\"yoast-schema-graph\">{\"@context\":\"https:\/\/schema.org\",\"@graph\":[{\"@type\":\"Article\",\"@id\":\"https:\/\/permbledhja.com\/grafiti-uck-nje-tifoz-i-bashkimit-denohet-me-10-dite-burg-e-debim-nga-mali-i-zi\/#article\",\"isPartOf\":{\"@id\":\"https:\/\/permbledhja.com\/grafiti-uck-nje-tifoz-i-bashkimit-denohet-me-10-dite-burg-e-debim-nga-mali-i-zi\/\"},\"author\":{\"name\":\"P\u00ebrmbledhja\",\"@id\":\"https:\/\/permbledhja.com\/#\/schema\/person\/0d064377258d3221e50693947b9eb4fe\"},\"headline\":\"Grafiti U\u00c7K &#8211; Nj\u00eb tifoz i Bashkimit d\u00ebnohet me 10 dit\u00eb burg e d\u00ebbim nga Mali i Zi\",\"datePublished\":\"2025-10-23T21:38:38+00:00\",\"dateModified\":\"2025-10-23T21:38:38+00:00\",\"mainEntityOfPage\":{\"@id\":\"https:\/\/permbledhja.com\/grafiti-uck-nje-tifoz-i-bashkimit-denohet-me-10-dite-burg-e-debim-nga-mali-i-zi\/\"},\"wordCount\":219,\"publisher\":{\"@id\":\"https:\/\/permbledhja.com\/#organization\"},\"keywords\":[\"Bashkimi\"],\"articleSection\":[\"Dyt\u00ebsore\"],\"inLanguage\":\"sq\"},{\"@type\":\"WebPage\",\"@id\":\"https:\/\/permbledhja.com\/grafiti-uck-nje-tifoz-i-bashkimit-denohet-me-10-dite-burg-e-debim-nga-mali-i-zi\/\",\"url\":\"https:\/\/permbledhja.com\/grafiti-uck-nje-tifoz-i-bashkimit-denohet-me-10-dite-burg-e-debim-nga-mali-i-zi\/\",\"name\":\"Grafiti U\u00c7K - Nj\u00eb tifoz i Bashkimit d\u00ebnohet me 10 dit\u00eb burg e d\u00ebbim nga Mali i Zi\",\"isPartOf\":{\"@id\":\"https:\/\/permbledhja.com\/#website\"},\"datePublished\":\"2025-10-23T21:38:38+00:00\",\"dateModified\":\"2025-10-23T21:38:38+00:00\",\"breadcrumb\":{\"@id\":\"https:\/\/permbledhja.com\/grafiti-uck-nje-tifoz-i-bashkimit-denohet-me-10-dite-burg-e-debim-nga-mali-i-zi\/#breadcrumb\"},\"inLanguage\":\"sq\",\"potentialAction\":[{\"@type\":\"ReadAction\",\"target\":[\"https:\/\/permbledhja.com\/grafiti-uck-nje-tifoz-i-bashkimit-denohet-me-10-dite-burg-e-debim-nga-mali-i-zi\/\"]}]},{\"@type\":\"BreadcrumbList\",\"@id\":\"https:\/\/permbledhja.com\/grafiti-uck-nje-tifoz-i-bashkimit-denohet-me-10-dite-burg-e-debim-nga-mali-i-zi\/#breadcrumb\",\"itemListElement\":[{\"@type\":\"ListItem\",\"position\":1,\"name\":\"Ballina\",\"item\":\"https:\/\/permbledhja.com\/sq\/\"},{\"@type\":\"ListItem\",\"position\":2,\"name\":\"Grafiti U\u00c7K &#8211; Nj\u00eb tifoz i Bashkimit d\u00ebnohet me 10 dit\u00eb burg e d\u00ebbim nga Mali i Zi\"}]},{\"@type\":\"WebSite\",\"@id\":\"https:\/\/permbledhja.com\/#website\",\"url\":\"https:\/\/permbledhja.com\/\",\"name\":\"Ve\u00e7 artikuj p\u00ebrmbledh\u00ebs\",\"description\":\"\",\"publisher\":{\"@id\":\"https:\/\/permbledhja.com\/#organization\"},\"potentialAction\":[{\"@type\":\"SearchAction\",\"target\":{\"@type\":\"EntryPoint\",\"urlTemplate\":\"https:\/\/permbledhja.com\/?s={search_term_string}\"},\"query-input\":\"required name=search_term_string\"}],\"inLanguage\":\"sq\"},{\"@type\":\"Organization\",\"@id\":\"https:\/\/permbledhja.com\/#organization\",\"name\":\"MK Media & Pr\",\"url\":\"https:\/\/permbledhja.com\/\",\"logo\":{\"@type\":\"ImageObject\",\"inLanguage\":\"sq\",\"@id\":\"https:\/\/permbledhja.com\/#\/schema\/logo\/image\/\",\"url\":\"https:\/\/permbledhja.com\/wp-content\/uploads\/2021\/12\/07-Press-Logo.jpg\",\"contentUrl\":\"https:\/\/permbledhja.com\/wp-content\/uploads\/2021\/12\/07-Press-Logo.jpg\",\"width\":512,\"height\":512,\"caption\":\"MK Media & Pr\"},\"image\":{\"@id\":\"https:\/\/permbledhja.com\/#\/schema\/logo\/image\/\"},\"sameAs\":[\"https:\/\/www.facebook.com\/press07\/\"]},{\"@type\":\"Person\",\"@id\":\"https:\/\/permbledhja.com\/#\/schema\/person\/0d064377258d3221e50693947b9eb4fe\",\"name\":\"P\u00ebrmbledhja\",\"image\":{\"@type\":\"ImageObject\",\"inLanguage\":\"sq\",\"@id\":\"https:\/\/permbledhja.com\/#\/schema\/person\/image\/\",\"url\":\"https:\/\/permbledhja.com\/wp-content\/uploads\/2026\/01\/452004717_1040944174702970_8932037511805513407_n-96x96.jpg\",\"contentUrl\":\"https:\/\/permbledhja.com\/wp-content\/uploads\/2026\/01\/452004717_1040944174702970_8932037511805513407_n-96x96.jpg\",\"caption\":\"P\u00ebrmbledhja\"},\"sameAs\":[\"https:\/\/www.facebook.com\/kafexhiu.muharrem\/\",\"https:\/\/www.instagram.com\/muharrem_kafexhiu\/\"],\"url\":\"https:\/\/permbledhja.com\/sq\/author\/admin\/\"}]}<\/script>\n<!-- \/ Yoast SEO plugin. -->","yoast_head_json":{"title":"Grafiti U\u00c7K - Nj\u00eb tifoz i Bashkimit d\u00ebnohet me 10 dit\u00eb burg e d\u00ebbim nga Mali i Zi","robots":{"index":"index","follow":"follow","max-snippet":"max-snippet:-1","max-image-preview":"max-image-preview:large","max-video-preview":"max-video-preview:-1"},"canonical":"https:\/\/permbledhja.com\/sq\/grafiti-uck-nje-tifoz-i-bashkimit-denohet-me-10-dite-burg-e-debim-nga-mali-i-zi\/","og_locale":"sq_AL","og_type":"article","og_title":"Grafiti U\u00c7K - Nj\u00eb tifoz i Bashkimit d\u00ebnohet me 10 dit\u00eb burg e d\u00ebbim nga Mali i Zi","og_description":"Nj\u00eb pjes\u00ebtar i tifo-grupit \u201cArpagjik\u00ebt\u201d \u00ebsht\u00eb d\u00ebnuar me 10 dit\u00eb burgim dhe d\u00ebbim p\u00ebr nj\u00eb vit nga Mali i Zi, pasi ka pranuar faj\u00ebsin\u00eb p\u00ebr mbishkrimet U\u00c7K n\u00eb disa sht\u00ebpi n\u00eb qytetin malazez, Igalo. Ai ishte ndaluar sot nga policia malazeze, pasi kishte vendosur mbishkrime U\u00c7K n\u00eb disa sht\u00ebpi. P\u00ebrpos tij, policia kishte ndaluar edhe [&hellip;]","og_url":"https:\/\/permbledhja.com\/sq\/grafiti-uck-nje-tifoz-i-bashkimit-denohet-me-10-dite-burg-e-debim-nga-mali-i-zi\/","og_site_name":"Ve\u00e7 artikuj p\u00ebrmbledh\u00ebs","article_publisher":"https:\/\/www.facebook.com\/press07\/","article_author":"https:\/\/www.facebook.com\/kafexhiu.muharrem\/","article_published_time":"2025-10-23T21:38:38+00:00","og_image":[{"width":626,"height":371,"url":"https:\/\/permbledhja.com\/wp-content\/uploads\/2025\/10\/tfio.jpg","type":"image\/jpeg"}],"author":"P\u00ebrmbledhja","twitter_card":"summary_large_image","twitter_misc":{"Written by":"P\u00ebrmbledhja","Est. reading time":"1 minut\u00eb"},"schema":{"@context":"https:\/\/schema.org","@graph":[{"@type":"Article","@id":"https:\/\/permbledhja.com\/grafiti-uck-nje-tifoz-i-bashkimit-denohet-me-10-dite-burg-e-debim-nga-mali-i-zi\/#article","isPartOf":{"@id":"https:\/\/permbledhja.com\/grafiti-uck-nje-tifoz-i-bashkimit-denohet-me-10-dite-burg-e-debim-nga-mali-i-zi\/"},"author":{"name":"P\u00ebrmbledhja","@id":"https:\/\/permbledhja.com\/#\/schema\/person\/0d064377258d3221e50693947b9eb4fe"},"headline":"Grafiti U\u00c7K &#8211; Nj\u00eb tifoz i Bashkimit d\u00ebnohet me 10 dit\u00eb burg e d\u00ebbim nga Mali i Zi","datePublished":"2025-10-23T21:38:38+00:00","dateModified":"2025-10-23T21:38:38+00:00","mainEntityOfPage":{"@id":"https:\/\/permbledhja.com\/grafiti-uck-nje-tifoz-i-bashkimit-denohet-me-10-dite-burg-e-debim-nga-mali-i-zi\/"},"wordCount":219,"publisher":{"@id":"https:\/\/permbledhja.com\/#organization"},"keywords":["Bashkimi"],"articleSection":["Dyt\u00ebsore"],"inLanguage":"sq"},{"@type":"WebPage","@id":"https:\/\/permbledhja.com\/grafiti-uck-nje-tifoz-i-bashkimit-denohet-me-10-dite-burg-e-debim-nga-mali-i-zi\/","url":"https:\/\/permbledhja.com\/grafiti-uck-nje-tifoz-i-bashkimit-denohet-me-10-dite-burg-e-debim-nga-mali-i-zi\/","name":"Grafiti U\u00c7K - Nj\u00eb tifoz i Bashkimit d\u00ebnohet me 10 dit\u00eb burg e d\u00ebbim nga Mali i Zi","isPartOf":{"@id":"https:\/\/permbledhja.com\/#website"},"datePublished":"2025-10-23T21:38:38+00:00","dateModified":"2025-10-23T21:38:38+00:00","breadcrumb":{"@id":"https:\/\/permbledhja.com\/grafiti-uck-nje-tifoz-i-bashkimit-denohet-me-10-dite-burg-e-debim-nga-mali-i-zi\/#breadcrumb"},"inLanguage":"sq","potentialAction":[{"@type":"ReadAction","target":["https:\/\/permbledhja.com\/grafiti-uck-nje-tifoz-i-bashkimit-denohet-me-10-dite-burg-e-debim-nga-mali-i-zi\/"]}]},{"@type":"BreadcrumbList","@id":"https:\/\/permbledhja.com\/grafiti-uck-nje-tifoz-i-bashkimit-denohet-me-10-dite-burg-e-debim-nga-mali-i-zi\/#breadcrumb","itemListElement":[{"@type":"ListItem","position":1,"name":"Ballina","item":"https:\/\/permbledhja.com\/sq\/"},{"@type":"ListItem","position":2,"name":"Grafiti U\u00c7K &#8211; Nj\u00eb tifoz i Bashkimit d\u00ebnohet me 10 dit\u00eb burg e d\u00ebbim nga Mali i Zi"}]},{"@type":"WebSite","@id":"https:\/\/permbledhja.com\/#website","url":"https:\/\/permbledhja.com\/","name":"Ve\u00e7 artikuj p\u00ebrmbledh\u00ebs","description":"","publisher":{"@id":"https:\/\/permbledhja.com\/#organization"},"potentialAction":[{"@type":"SearchAction","target":{"@type":"EntryPoint","urlTemplate":"https:\/\/permbledhja.com\/?s={search_term_string}"},"query-input":"required name=search_term_string"}],"inLanguage":"sq"},{"@type":"Organization","@id":"https:\/\/permbledhja.com\/#organization","name":"MK Media & Pr","url":"https:\/\/permbledhja.com\/","logo":{"@type":"ImageObject","inLanguage":"sq","@id":"https:\/\/permbledhja.com\/#\/schema\/logo\/image\/","url":"https:\/\/permbledhja.com\/wp-content\/uploads\/2021\/12\/07-Press-Logo.jpg","contentUrl":"https:\/\/permbledhja.com\/wp-content\/uploads\/2021\/12\/07-Press-Logo.jpg","width":512,"height":512,"caption":"MK Media & Pr"},"image":{"@id":"https:\/\/permbledhja.com\/#\/schema\/logo\/image\/"},"sameAs":["https:\/\/www.facebook.com\/press07\/"]},{"@type":"Person","@id":"https:\/\/permbledhja.com\/#\/schema\/person\/0d064377258d3221e50693947b9eb4fe","name":"P\u00ebrmbledhja","image":{"@type":"ImageObject","inLanguage":"sq","@id":"https:\/\/permbledhja.com\/#\/schema\/person\/image\/","url":"https:\/\/permbledhja.com\/wp-content\/uploads\/2026\/01\/452004717_1040944174702970_8932037511805513407_n-96x96.jpg","contentUrl":"https:\/\/permbledhja.com\/wp-content\/uploads\/2026\/01\/452004717_1040944174702970_8932037511805513407_n-96x96.jpg","caption":"P\u00ebrmbledhja"},"sameAs":["https:\/\/www.facebook.com\/kafexhiu.muharrem\/","https:\/\/www.instagram.com\/muharrem_kafexhiu\/"],"url":"https:\/\/permbledhja.com\/sq\/author\/admin\/"}]}},"_links":{"self":[{"href":"https:\/\/permbledhja.com\/sq\/wp-json\/wp\/v2\/posts\/74305"}],"collection":[{"href":"https:\/\/permbledhja.com\/sq\/wp-json\/wp\/v2\/posts"}],"about":[{"href":"https:\/\/permbledhja.com\/sq\/wp-json\/wp\/v2\/types\/post"}],"author":[{"embeddable":true,"href":"https:\/\/permbledhja.com\/sq\/wp-json\/wp\/v2\/users\/1"}],"replies":[{"embeddable":true,"href":"https:\/\/permbledhja.com\/sq\/wp-json\/wp\/v2\/comments?post=74305"}],"version-history":[{"count":1,"href":"https:\/\/permbledhja.com\/sq\/wp-json\/wp\/v2\/posts\/74305\/revisions"}],"predecessor-version":[{"id":74307,"href":"https:\/\/permbledhja.com\/sq\/wp-json\/wp\/v2\/posts\/74305\/revisions\/74307"}],"wp:featuredmedia":[{"embeddable":true,"href":"https:\/\/permbledhja.com\/sq\/wp-json\/wp\/v2\/media\/74306"}],"wp:attachment":[{"href":"https:\/\/permbledhja.com\/sq\/wp-json\/wp\/v2\/media?parent=74305"}],"wp:term":[{"taxonomy":"category","embeddable":true,"href":"https:\/\/permbledhja.com\/sq\/wp-json\/wp\/v2\/categories?post=74305"},{"taxonomy":"post_tag","embeddable":true,"href":"https:\/\/permbledhja.com\/sq\/wp-json\/wp\/v2\/tags?post=74305"}],"curies":[{"name":"wp","href":"https:\/\/api.w.org\/{rel}","templated":true}]}}