{"id":73961,"date":"2025-10-08T12:53:26","date_gmt":"2025-10-08T12:53:26","guid":{"rendered":"https:\/\/permbledhja.com\/?p=73961"},"modified":"2025-10-08T13:17:46","modified_gmt":"2025-10-08T13:17:46","slug":"historiani-shala-kush-ben-koalicion-me-kurtin-ben-tradhti-kombetare","status":"publish","type":"post","link":"https:\/\/permbledhja.com\/sq\/historiani-shala-kush-ben-koalicion-me-kurtin-ben-tradhti-kombetare\/","title":{"rendered":"Historiani Shala: Kush b\u00ebn koalicion me Kurtin, b\u00ebn tradhti komb\u00ebtare"},"content":{"rendered":"<p><strong>Historiani e analisti politik, Azdren Shala ka deklaruar se vendimi i kryeministrit n\u00eb detyr\u00eb, Albin Kurti, p\u00ebr t\u00eb ndar\u00eb nga 100 euro p\u00ebr student\u00ebt, nuk p\u00ebrfaq\u00ebson nj\u00eb veprim t\u00eb politik\u00ebs s\u00eb majt\u00eb.<\/strong><\/p>\n<p>Sipas tij, ky veprim ngjan me aksionet humanitare t\u00eb \u201cbashk\u00ebsive fetare\u201d.<\/p>\n<p><em>\u201cKjo ka disa probleme, nuk \u00ebsht\u00eb politik\u00eb, \u00ebsht\u00eb parapolitik\u00eb. Shp\u00ebrndarja e parave t\u00eb pushtetit q\u00eb ata e quajn\u00eb politik\u00eb e majt\u00eb, nuk ka t\u00eb b\u00ebj\u00eb me t\u00eb majt\u00ebn. E majta i trajton t\u00eb gjith\u00eb t\u00eb barabart\u00eb; trajtimi i barabart\u00eb i subjekteve q\u00eb jan\u00eb t\u00eb pabarabarta nuk \u00ebsht\u00eb drejt\u00ebsi, por padrejt\u00ebsi. Mes atyre student\u00ebve q\u00eb p\u00ebrfitojn\u00eb, ka student\u00eb me prind\u00ebr shum\u00eb t\u00eb pasur dhe student\u00eb me prind\u00ebr shum\u00eb t\u00eb varf\u00ebr.\u201d<\/em><\/p>\n<p>\u201c<em>Pa krijuar nj\u00eb databaz\u00eb, shp\u00ebrndarja duhet t\u00eb b\u00ebhet sipas nevoj\u00ebs. Kjo nuk \u00ebsht\u00eb politik\u00eb e majt\u00eb, por parapolitik\u00eb, q\u00eb i p\u00ebrngjan aksioneve humanitare q\u00eb kryesisht vijn\u00eb nga bashk\u00ebsit\u00eb fetare,<\/em>\u201d u shpreh Shala n\u00eb Klan Kosova.<\/p>\n<p>Ai gjithashtu kritikoi figur\u00ebn e Kurtit n\u00eb politik, ku thot\u00eb <em>\u201cZoti m\u00eb vraft\u00eb, qoft\u00eb nj\u00eb her\u00eb q\u00eb kam qen\u00eb n\u00eb fushat\u00eb me at\u00eb mashtrues, at\u00eb matrapaz\u201d<\/em>, teksa i nj\u00ebjti shtoi se t\u00eb b\u00ebsh koalicion me Kurtin \u00ebsht\u00eb si t\u00eb b\u00ebsh tradhti komb\u00ebtare.<\/p>\n","protected":false},"excerpt":{"rendered":"<p>Historiani e analisti politik, Azdren Shala ka deklaruar se vendimi i kryeministrit n\u00eb detyr\u00eb, Albin Kurti, p\u00ebr t\u00eb ndar\u00eb nga 100 euro p\u00ebr student\u00ebt, nuk p\u00ebrfaq\u00ebson nj\u00eb veprim t\u00eb politik\u00ebs s\u00eb majt\u00eb. Sipas tij, ky veprim ngjan me aksionet humanitare t\u00eb \u201cbashk\u00ebsive fetare\u201d. \u201cKjo ka disa probleme, nuk \u00ebsht\u00eb politik\u00eb, \u00ebsht\u00eb parapolitik\u00eb. Shp\u00ebrndarja e parave [&hellip;]<\/p>\n","protected":false},"author":1,"featured_media":73962,"comment_status":"closed","ping_status":"closed","sticky":false,"template":"","format":"standard","meta":{"_monsterinsights_skip_tracking":false,"_monsterinsights_sitenote_active":false,"_monsterinsights_sitenote_note":"","_monsterinsights_sitenote_category":0,"_uf_show_specific_survey":0,"_uf_disable_surveys":false,"footnotes":""},"categories":[2645],"tags":[2607],"yoast_head":"<!-- This site is optimized with the Yoast SEO plugin v21.5 - https:\/\/yoast.com\/wordpress\/plugins\/seo\/ -->\n<title>Historiani Shala: Kush b\u00ebn koalicion me Kurtin, b\u00ebn tradhti komb\u00ebtare<\/title>\n<meta name=\"robots\" content=\"index, follow, max-snippet:-1, max-image-preview:large, max-video-preview:-1\" \/>\n<link rel=\"canonical\" href=\"https:\/\/permbledhja.com\/sq\/historiani-shala-kush-ben-koalicion-me-kurtin-ben-tradhti-kombetare\/\" \/>\n<meta property=\"og:locale\" content=\"sq_AL\" \/>\n<meta property=\"og:type\" content=\"article\" \/>\n<meta property=\"og:title\" content=\"Historiani Shala: Kush b\u00ebn koalicion me Kurtin, b\u00ebn tradhti komb\u00ebtare\" \/>\n<meta property=\"og:description\" content=\"Historiani e analisti politik, Azdren Shala ka deklaruar se vendimi i kryeministrit n\u00eb detyr\u00eb, Albin Kurti, p\u00ebr t\u00eb ndar\u00eb nga 100 euro p\u00ebr student\u00ebt, nuk p\u00ebrfaq\u00ebson nj\u00eb veprim t\u00eb politik\u00ebs s\u00eb majt\u00eb. Sipas tij, ky veprim ngjan me aksionet humanitare t\u00eb \u201cbashk\u00ebsive fetare\u201d. \u201cKjo ka disa probleme, nuk \u00ebsht\u00eb politik\u00eb, \u00ebsht\u00eb parapolitik\u00eb. Shp\u00ebrndarja e parave [&hellip;]\" \/>\n<meta property=\"og:url\" content=\"https:\/\/permbledhja.com\/sq\/historiani-shala-kush-ben-koalicion-me-kurtin-ben-tradhti-kombetare\/\" \/>\n<meta property=\"og:site_name\" content=\"Ve\u00e7 artikuj p\u00ebrmbledh\u00ebs\" \/>\n<meta property=\"article:publisher\" content=\"https:\/\/www.facebook.com\/press07\/\" \/>\n<meta property=\"article:author\" content=\"https:\/\/www.facebook.com\/kafexhiu.muharrem\/\" \/>\n<meta property=\"article:published_time\" content=\"2025-10-08T12:53:26+00:00\" \/>\n<meta property=\"article:modified_time\" content=\"2025-10-08T13:17:46+00:00\" \/>\n<meta property=\"og:image\" content=\"https:\/\/permbledhja.com\/wp-content\/uploads\/2025\/10\/image-147-780x470-1.webp\" \/>\n\t<meta property=\"og:image:width\" content=\"780\" \/>\n\t<meta property=\"og:image:height\" content=\"470\" \/>\n\t<meta property=\"og:image:type\" content=\"image\/webp\" \/>\n<meta name=\"author\" content=\"P\u00ebrmbledhja\" \/>\n<meta name=\"twitter:card\" content=\"summary_large_image\" \/>\n<meta name=\"twitter:label1\" content=\"Written by\" \/>\n\t<meta name=\"twitter:data1\" content=\"P\u00ebrmbledhja\" \/>\n\t<meta name=\"twitter:label2\" content=\"Est. reading time\" \/>\n\t<meta name=\"twitter:data2\" content=\"2 minuta\" \/>\n<script type=\"application\/ld+json\" class=\"yoast-schema-graph\">{\"@context\":\"https:\/\/schema.org\",\"@graph\":[{\"@type\":\"Article\",\"@id\":\"https:\/\/permbledhja.com\/historiani-shala-kush-ben-koalicion-me-kurtin-ben-tradhti-kombetare\/#article\",\"isPartOf\":{\"@id\":\"https:\/\/permbledhja.com\/historiani-shala-kush-ben-koalicion-me-kurtin-ben-tradhti-kombetare\/\"},\"author\":{\"name\":\"P\u00ebrmbledhja\",\"@id\":\"https:\/\/permbledhja.com\/#\/schema\/person\/0d064377258d3221e50693947b9eb4fe\"},\"headline\":\"Historiani Shala: Kush b\u00ebn koalicion me Kurtin, b\u00ebn tradhti komb\u00ebtare\",\"datePublished\":\"2025-10-08T12:53:26+00:00\",\"dateModified\":\"2025-10-08T13:17:46+00:00\",\"mainEntityOfPage\":{\"@id\":\"https:\/\/permbledhja.com\/historiani-shala-kush-ben-koalicion-me-kurtin-ben-tradhti-kombetare\/\"},\"wordCount\":228,\"publisher\":{\"@id\":\"https:\/\/permbledhja.com\/#organization\"},\"keywords\":[\"Historiani\"],\"articleSection\":[\"T\u00eb r\u00ebnd\u00ebsishme\"],\"inLanguage\":\"sq\"},{\"@type\":\"WebPage\",\"@id\":\"https:\/\/permbledhja.com\/historiani-shala-kush-ben-koalicion-me-kurtin-ben-tradhti-kombetare\/\",\"url\":\"https:\/\/permbledhja.com\/historiani-shala-kush-ben-koalicion-me-kurtin-ben-tradhti-kombetare\/\",\"name\":\"Historiani Shala: Kush b\u00ebn koalicion me Kurtin, b\u00ebn tradhti komb\u00ebtare\",\"isPartOf\":{\"@id\":\"https:\/\/permbledhja.com\/#website\"},\"datePublished\":\"2025-10-08T12:53:26+00:00\",\"dateModified\":\"2025-10-08T13:17:46+00:00\",\"breadcrumb\":{\"@id\":\"https:\/\/permbledhja.com\/historiani-shala-kush-ben-koalicion-me-kurtin-ben-tradhti-kombetare\/#breadcrumb\"},\"inLanguage\":\"sq\",\"potentialAction\":[{\"@type\":\"ReadAction\",\"target\":[\"https:\/\/permbledhja.com\/historiani-shala-kush-ben-koalicion-me-kurtin-ben-tradhti-kombetare\/\"]}]},{\"@type\":\"BreadcrumbList\",\"@id\":\"https:\/\/permbledhja.com\/historiani-shala-kush-ben-koalicion-me-kurtin-ben-tradhti-kombetare\/#breadcrumb\",\"itemListElement\":[{\"@type\":\"ListItem\",\"position\":1,\"name\":\"Ballina\",\"item\":\"https:\/\/permbledhja.com\/sq\/\"},{\"@type\":\"ListItem\",\"position\":2,\"name\":\"Historiani Shala: Kush b\u00ebn koalicion me Kurtin, b\u00ebn tradhti komb\u00ebtare\"}]},{\"@type\":\"WebSite\",\"@id\":\"https:\/\/permbledhja.com\/#website\",\"url\":\"https:\/\/permbledhja.com\/\",\"name\":\"Ve\u00e7 artikuj p\u00ebrmbledh\u00ebs\",\"description\":\"\",\"publisher\":{\"@id\":\"https:\/\/permbledhja.com\/#organization\"},\"potentialAction\":[{\"@type\":\"SearchAction\",\"target\":{\"@type\":\"EntryPoint\",\"urlTemplate\":\"https:\/\/permbledhja.com\/?s={search_term_string}\"},\"query-input\":\"required name=search_term_string\"}],\"inLanguage\":\"sq\"},{\"@type\":\"Organization\",\"@id\":\"https:\/\/permbledhja.com\/#organization\",\"name\":\"MK Media & Pr\",\"url\":\"https:\/\/permbledhja.com\/\",\"logo\":{\"@type\":\"ImageObject\",\"inLanguage\":\"sq\",\"@id\":\"https:\/\/permbledhja.com\/#\/schema\/logo\/image\/\",\"url\":\"https:\/\/permbledhja.com\/wp-content\/uploads\/2021\/12\/07-Press-Logo.jpg\",\"contentUrl\":\"https:\/\/permbledhja.com\/wp-content\/uploads\/2021\/12\/07-Press-Logo.jpg\",\"width\":512,\"height\":512,\"caption\":\"MK Media & Pr\"},\"image\":{\"@id\":\"https:\/\/permbledhja.com\/#\/schema\/logo\/image\/\"},\"sameAs\":[\"https:\/\/www.facebook.com\/press07\/\"]},{\"@type\":\"Person\",\"@id\":\"https:\/\/permbledhja.com\/#\/schema\/person\/0d064377258d3221e50693947b9eb4fe\",\"name\":\"P\u00ebrmbledhja\",\"image\":{\"@type\":\"ImageObject\",\"inLanguage\":\"sq\",\"@id\":\"https:\/\/permbledhja.com\/#\/schema\/person\/image\/\",\"url\":\"https:\/\/permbledhja.com\/wp-content\/uploads\/2026\/01\/452004717_1040944174702970_8932037511805513407_n-96x96.jpg\",\"contentUrl\":\"https:\/\/permbledhja.com\/wp-content\/uploads\/2026\/01\/452004717_1040944174702970_8932037511805513407_n-96x96.jpg\",\"caption\":\"P\u00ebrmbledhja\"},\"sameAs\":[\"https:\/\/www.facebook.com\/kafexhiu.muharrem\/\",\"https:\/\/www.instagram.com\/muharrem_kafexhiu\/\"],\"url\":\"https:\/\/permbledhja.com\/sq\/author\/admin\/\"}]}<\/script>\n<!-- \/ Yoast SEO plugin. -->","yoast_head_json":{"title":"Historiani Shala: Kush b\u00ebn koalicion me Kurtin, b\u00ebn tradhti komb\u00ebtare","robots":{"index":"index","follow":"follow","max-snippet":"max-snippet:-1","max-image-preview":"max-image-preview:large","max-video-preview":"max-video-preview:-1"},"canonical":"https:\/\/permbledhja.com\/sq\/historiani-shala-kush-ben-koalicion-me-kurtin-ben-tradhti-kombetare\/","og_locale":"sq_AL","og_type":"article","og_title":"Historiani Shala: Kush b\u00ebn koalicion me Kurtin, b\u00ebn tradhti komb\u00ebtare","og_description":"Historiani e analisti politik, Azdren Shala ka deklaruar se vendimi i kryeministrit n\u00eb detyr\u00eb, Albin Kurti, p\u00ebr t\u00eb ndar\u00eb nga 100 euro p\u00ebr student\u00ebt, nuk p\u00ebrfaq\u00ebson nj\u00eb veprim t\u00eb politik\u00ebs s\u00eb majt\u00eb. Sipas tij, ky veprim ngjan me aksionet humanitare t\u00eb \u201cbashk\u00ebsive fetare\u201d. \u201cKjo ka disa probleme, nuk \u00ebsht\u00eb politik\u00eb, \u00ebsht\u00eb parapolitik\u00eb. Shp\u00ebrndarja e parave [&hellip;]","og_url":"https:\/\/permbledhja.com\/sq\/historiani-shala-kush-ben-koalicion-me-kurtin-ben-tradhti-kombetare\/","og_site_name":"Ve\u00e7 artikuj p\u00ebrmbledh\u00ebs","article_publisher":"https:\/\/www.facebook.com\/press07\/","article_author":"https:\/\/www.facebook.com\/kafexhiu.muharrem\/","article_published_time":"2025-10-08T12:53:26+00:00","article_modified_time":"2025-10-08T13:17:46+00:00","og_image":[{"width":780,"height":470,"url":"https:\/\/permbledhja.com\/wp-content\/uploads\/2025\/10\/image-147-780x470-1.webp","type":"image\/webp"}],"author":"P\u00ebrmbledhja","twitter_card":"summary_large_image","twitter_misc":{"Written by":"P\u00ebrmbledhja","Est. reading time":"2 minuta"},"schema":{"@context":"https:\/\/schema.org","@graph":[{"@type":"Article","@id":"https:\/\/permbledhja.com\/historiani-shala-kush-ben-koalicion-me-kurtin-ben-tradhti-kombetare\/#article","isPartOf":{"@id":"https:\/\/permbledhja.com\/historiani-shala-kush-ben-koalicion-me-kurtin-ben-tradhti-kombetare\/"},"author":{"name":"P\u00ebrmbledhja","@id":"https:\/\/permbledhja.com\/#\/schema\/person\/0d064377258d3221e50693947b9eb4fe"},"headline":"Historiani Shala: Kush b\u00ebn koalicion me Kurtin, b\u00ebn tradhti komb\u00ebtare","datePublished":"2025-10-08T12:53:26+00:00","dateModified":"2025-10-08T13:17:46+00:00","mainEntityOfPage":{"@id":"https:\/\/permbledhja.com\/historiani-shala-kush-ben-koalicion-me-kurtin-ben-tradhti-kombetare\/"},"wordCount":228,"publisher":{"@id":"https:\/\/permbledhja.com\/#organization"},"keywords":["Historiani"],"articleSection":["T\u00eb r\u00ebnd\u00ebsishme"],"inLanguage":"sq"},{"@type":"WebPage","@id":"https:\/\/permbledhja.com\/historiani-shala-kush-ben-koalicion-me-kurtin-ben-tradhti-kombetare\/","url":"https:\/\/permbledhja.com\/historiani-shala-kush-ben-koalicion-me-kurtin-ben-tradhti-kombetare\/","name":"Historiani Shala: Kush b\u00ebn koalicion me Kurtin, b\u00ebn tradhti komb\u00ebtare","isPartOf":{"@id":"https:\/\/permbledhja.com\/#website"},"datePublished":"2025-10-08T12:53:26+00:00","dateModified":"2025-10-08T13:17:46+00:00","breadcrumb":{"@id":"https:\/\/permbledhja.com\/historiani-shala-kush-ben-koalicion-me-kurtin-ben-tradhti-kombetare\/#breadcrumb"},"inLanguage":"sq","potentialAction":[{"@type":"ReadAction","target":["https:\/\/permbledhja.com\/historiani-shala-kush-ben-koalicion-me-kurtin-ben-tradhti-kombetare\/"]}]},{"@type":"BreadcrumbList","@id":"https:\/\/permbledhja.com\/historiani-shala-kush-ben-koalicion-me-kurtin-ben-tradhti-kombetare\/#breadcrumb","itemListElement":[{"@type":"ListItem","position":1,"name":"Ballina","item":"https:\/\/permbledhja.com\/sq\/"},{"@type":"ListItem","position":2,"name":"Historiani Shala: Kush b\u00ebn koalicion me Kurtin, b\u00ebn tradhti komb\u00ebtare"}]},{"@type":"WebSite","@id":"https:\/\/permbledhja.com\/#website","url":"https:\/\/permbledhja.com\/","name":"Ve\u00e7 artikuj p\u00ebrmbledh\u00ebs","description":"","publisher":{"@id":"https:\/\/permbledhja.com\/#organization"},"potentialAction":[{"@type":"SearchAction","target":{"@type":"EntryPoint","urlTemplate":"https:\/\/permbledhja.com\/?s={search_term_string}"},"query-input":"required name=search_term_string"}],"inLanguage":"sq"},{"@type":"Organization","@id":"https:\/\/permbledhja.com\/#organization","name":"MK Media & Pr","url":"https:\/\/permbledhja.com\/","logo":{"@type":"ImageObject","inLanguage":"sq","@id":"https:\/\/permbledhja.com\/#\/schema\/logo\/image\/","url":"https:\/\/permbledhja.com\/wp-content\/uploads\/2021\/12\/07-Press-Logo.jpg","contentUrl":"https:\/\/permbledhja.com\/wp-content\/uploads\/2021\/12\/07-Press-Logo.jpg","width":512,"height":512,"caption":"MK Media & Pr"},"image":{"@id":"https:\/\/permbledhja.com\/#\/schema\/logo\/image\/"},"sameAs":["https:\/\/www.facebook.com\/press07\/"]},{"@type":"Person","@id":"https:\/\/permbledhja.com\/#\/schema\/person\/0d064377258d3221e50693947b9eb4fe","name":"P\u00ebrmbledhja","image":{"@type":"ImageObject","inLanguage":"sq","@id":"https:\/\/permbledhja.com\/#\/schema\/person\/image\/","url":"https:\/\/permbledhja.com\/wp-content\/uploads\/2026\/01\/452004717_1040944174702970_8932037511805513407_n-96x96.jpg","contentUrl":"https:\/\/permbledhja.com\/wp-content\/uploads\/2026\/01\/452004717_1040944174702970_8932037511805513407_n-96x96.jpg","caption":"P\u00ebrmbledhja"},"sameAs":["https:\/\/www.facebook.com\/kafexhiu.muharrem\/","https:\/\/www.instagram.com\/muharrem_kafexhiu\/"],"url":"https:\/\/permbledhja.com\/sq\/author\/admin\/"}]}},"_links":{"self":[{"href":"https:\/\/permbledhja.com\/sq\/wp-json\/wp\/v2\/posts\/73961"}],"collection":[{"href":"https:\/\/permbledhja.com\/sq\/wp-json\/wp\/v2\/posts"}],"about":[{"href":"https:\/\/permbledhja.com\/sq\/wp-json\/wp\/v2\/types\/post"}],"author":[{"embeddable":true,"href":"https:\/\/permbledhja.com\/sq\/wp-json\/wp\/v2\/users\/1"}],"replies":[{"embeddable":true,"href":"https:\/\/permbledhja.com\/sq\/wp-json\/wp\/v2\/comments?post=73961"}],"version-history":[{"count":2,"href":"https:\/\/permbledhja.com\/sq\/wp-json\/wp\/v2\/posts\/73961\/revisions"}],"predecessor-version":[{"id":73964,"href":"https:\/\/permbledhja.com\/sq\/wp-json\/wp\/v2\/posts\/73961\/revisions\/73964"}],"wp:featuredmedia":[{"embeddable":true,"href":"https:\/\/permbledhja.com\/sq\/wp-json\/wp\/v2\/media\/73962"}],"wp:attachment":[{"href":"https:\/\/permbledhja.com\/sq\/wp-json\/wp\/v2\/media?parent=73961"}],"wp:term":[{"taxonomy":"category","embeddable":true,"href":"https:\/\/permbledhja.com\/sq\/wp-json\/wp\/v2\/categories?post=73961"},{"taxonomy":"post_tag","embeddable":true,"href":"https:\/\/permbledhja.com\/sq\/wp-json\/wp\/v2\/tags?post=73961"}],"curies":[{"name":"wp","href":"https:\/\/api.w.org\/{rel}","templated":true}]}}