{"id":73908,"date":"2025-10-03T08:35:06","date_gmt":"2025-10-03T08:35:06","guid":{"rendered":"https:\/\/permbledhja.com\/?p=73908"},"modified":"2025-10-03T08:35:06","modified_gmt":"2025-10-03T08:35:06","slug":"bora-e-tetorit-theu-dy-rekorde-mendim-rugova-shpalose-detaje","status":"publish","type":"post","link":"https:\/\/permbledhja.com\/sq\/bora-e-tetorit-theu-dy-rekorde-mendim-rugova-shpalose-detaje\/","title":{"rendered":"Bora e tetorit theu dy rekorde, Mendim Rugova shpalos\u00eb detaje"},"content":{"rendered":"<p><strong>Sipas meteorologut Mendim Rugova, reshjet e dat\u00ebs 3 janar jan\u00eb nd\u00ebr m\u00eb t\u00eb hershmet q\u00eb jan\u00eb sh\u00ebnuar ndonj\u00ebher\u00eb n\u00eb k\u00ebt\u00eb periudh\u00eb t\u00eb vitit.<\/strong><\/p>\n<p>Rugova ka deklaruar se reshjet e bor\u00ebs n\u00eb Prishtin\u00eb kan\u00eb thyer rekord, si p\u00ebr nga data e hershme, ashtu edhe p\u00ebr nga sasia e bor\u00ebs s\u00eb r\u00ebn\u00eb.<\/p>\n<p>Deri m\u00eb tani, sipas tij data m\u00eb e hershme kur \u00ebsht\u00eb sh\u00ebnuar nj\u00eb shtres\u00eb d\u00ebbore ka qen\u00eb 7 tetori i vitit 2017, kur ishin regjistruar rreth 1 centimet\u00ebr bor\u00eb.<\/p>\n<p>Postimi i plot\u00eb:<\/p>\n<p><em>N\u00eb Prishtin\u00eb sh\u00ebnohet data m\u00eb e hershme e tetorit me shtres\u00eb d\u00ebbore<\/em><\/p>\n<p><em>3.10.2025 \u2013 Me nj\u00eb shtres\u00eb prej 10cm bor\u00eb, data e 3 tetorit \u00ebsht\u00eb m\u00eb e hershmja p\u00ebrgjat\u00eb muajit tetor n\u00eb Prishtin\u00eb ku reshjet e d\u00ebbor\u00ebs formojn\u00eb nj\u00eb shtres\u00eb. Deri m\u00eb tani 7 tetori i 2017-\u00ebs ishte dita m\u00eb e hershme q\u00eb bie bor\u00eb n\u00eb Prishtin\u00eb dhe formon shtres\u00eb, dhe at\u00eb vet\u00ebm prej 1cm.<img loading=\"lazy\" decoding=\"async\" src=\"https:\/\/insajderi.org\/ads\/www\/delivery\/lg.php?bannerid=0&amp;campaignid=0&amp;zoneid=2&amp;loc=https%3A%2F%2Finsajderi.org%2Fbefason-mendim-rugova-tregon-dy-rekordet-qe-shenoi-bora-e-hershme-e-tetorit-ne-kosove%2F%3Ffbclid%3DIwZXh0bgNhZW0CMTEAAR5l21qOSGlybwa106i0i7jMaD4G3rryBN4XHgwNHS6zKvqghHBJGz1XzeJoUQ_aem_-rr-Cubx6QUilDbkxpEuNg&amp;referer=http%3A%2F%2Fm.facebook.com%2F&amp;cb=b7f5b79512\" alt=\"\" width=\"0\" height=\"0\" \/><\/em><\/p>\n<p><em>Kjo shtres\u00eb e sotme prej 10cm, \u00ebsht\u00eb m\u00eb e larta, pra rekorde p\u00ebr muajin tetor. M\u00eb 1997 e 2003 kishte pasur shtresa d\u00ebbore, por vet\u00ebm prej 4cm, dhe at\u00eb krejt nga fundi i tetorit, m\u00eb 28 tetor 1997, dhe 27 tetor 2003. Patjet\u00ebr q\u00eb shkaku i topografis\u00eb s\u00eb Prishtin\u00ebs, trash\u00ebsia e bor\u00ebs mund t\u00eb ndryshoj\u00eb, meqen\u00ebse n\u00eb pjes\u00eb m\u00eb t\u00eb ul\u00ebta, shtresa mund t\u00eb jet\u00eb m\u00eb e ul\u00ebt.<\/em><\/p>\n","protected":false},"excerpt":{"rendered":"<p>Sipas meteorologut Mendim Rugova, reshjet e dat\u00ebs 3 janar jan\u00eb nd\u00ebr m\u00eb t\u00eb hershmet q\u00eb jan\u00eb sh\u00ebnuar ndonj\u00ebher\u00eb n\u00eb k\u00ebt\u00eb periudh\u00eb t\u00eb vitit. Rugova ka deklaruar se reshjet e bor\u00ebs n\u00eb Prishtin\u00eb kan\u00eb thyer rekord, si p\u00ebr nga data e hershme, ashtu edhe p\u00ebr nga sasia e bor\u00ebs s\u00eb r\u00ebn\u00eb. Deri m\u00eb tani, sipas tij [&hellip;]<\/p>\n","protected":false},"author":1,"featured_media":73910,"comment_status":"closed","ping_status":"closed","sticky":false,"template":"","format":"standard","meta":{"_monsterinsights_skip_tracking":false,"_monsterinsights_sitenote_active":false,"_monsterinsights_sitenote_note":"","_monsterinsights_sitenote_category":0,"_uf_show_specific_survey":0,"_uf_disable_surveys":false,"footnotes":""},"categories":[3324],"tags":[1380],"yoast_head":"<!-- This site is optimized with the Yoast SEO plugin v21.5 - https:\/\/yoast.com\/wordpress\/plugins\/seo\/ -->\n<title>Bora e tetorit theu dy rekorde, Mendim Rugova shpalos\u00eb detaje<\/title>\n<meta name=\"robots\" content=\"index, follow, max-snippet:-1, max-image-preview:large, max-video-preview:-1\" \/>\n<link rel=\"canonical\" href=\"https:\/\/permbledhja.com\/sq\/bora-e-tetorit-theu-dy-rekorde-mendim-rugova-shpalose-detaje\/\" \/>\n<meta property=\"og:locale\" content=\"sq_AL\" \/>\n<meta property=\"og:type\" content=\"article\" \/>\n<meta property=\"og:title\" content=\"Bora e tetorit theu dy rekorde, Mendim Rugova shpalos\u00eb detaje\" \/>\n<meta property=\"og:description\" content=\"Sipas meteorologut Mendim Rugova, reshjet e dat\u00ebs 3 janar jan\u00eb nd\u00ebr m\u00eb t\u00eb hershmet q\u00eb jan\u00eb sh\u00ebnuar ndonj\u00ebher\u00eb n\u00eb k\u00ebt\u00eb periudh\u00eb t\u00eb vitit. Rugova ka deklaruar se reshjet e bor\u00ebs n\u00eb Prishtin\u00eb kan\u00eb thyer rekord, si p\u00ebr nga data e hershme, ashtu edhe p\u00ebr nga sasia e bor\u00ebs s\u00eb r\u00ebn\u00eb. Deri m\u00eb tani, sipas tij [&hellip;]\" \/>\n<meta property=\"og:url\" content=\"https:\/\/permbledhja.com\/sq\/bora-e-tetorit-theu-dy-rekorde-mendim-rugova-shpalose-detaje\/\" \/>\n<meta property=\"og:site_name\" content=\"Ve\u00e7 artikuj p\u00ebrmbledh\u00ebs\" \/>\n<meta property=\"article:publisher\" content=\"https:\/\/www.facebook.com\/press07\/\" \/>\n<meta property=\"article:author\" content=\"https:\/\/www.facebook.com\/kafexhiu.muharrem\/\" \/>\n<meta property=\"article:published_time\" content=\"2025-10-03T08:35:06+00:00\" \/>\n<meta property=\"og:image\" content=\"https:\/\/permbledhja.com\/wp-content\/uploads\/2025\/10\/IMG_4448.jpeg\" \/>\n\t<meta property=\"og:image:width\" content=\"800\" \/>\n\t<meta property=\"og:image:height\" content=\"428\" \/>\n\t<meta property=\"og:image:type\" content=\"image\/jpeg\" \/>\n<meta name=\"author\" content=\"P\u00ebrmbledhja\" \/>\n<meta name=\"twitter:card\" content=\"summary_large_image\" \/>\n<meta name=\"twitter:label1\" content=\"Written by\" \/>\n\t<meta name=\"twitter:data1\" content=\"P\u00ebrmbledhja\" \/>\n\t<meta name=\"twitter:label2\" content=\"Est. reading time\" \/>\n\t<meta name=\"twitter:data2\" content=\"2 minuta\" \/>\n<script type=\"application\/ld+json\" class=\"yoast-schema-graph\">{\"@context\":\"https:\/\/schema.org\",\"@graph\":[{\"@type\":\"Article\",\"@id\":\"https:\/\/permbledhja.com\/bora-e-tetorit-theu-dy-rekorde-mendim-rugova-shpalose-detaje\/#article\",\"isPartOf\":{\"@id\":\"https:\/\/permbledhja.com\/bora-e-tetorit-theu-dy-rekorde-mendim-rugova-shpalose-detaje\/\"},\"author\":{\"name\":\"P\u00ebrmbledhja\",\"@id\":\"https:\/\/permbledhja.com\/#\/schema\/person\/0d064377258d3221e50693947b9eb4fe\"},\"headline\":\"Bora e tetorit theu dy rekorde, Mendim Rugova shpalos\u00eb detaje\",\"datePublished\":\"2025-10-03T08:35:06+00:00\",\"dateModified\":\"2025-10-03T08:35:06+00:00\",\"mainEntityOfPage\":{\"@id\":\"https:\/\/permbledhja.com\/bora-e-tetorit-theu-dy-rekorde-mendim-rugova-shpalose-detaje\/\"},\"wordCount\":241,\"publisher\":{\"@id\":\"https:\/\/permbledhja.com\/#organization\"},\"keywords\":[\"Bora\"],\"articleSection\":[\"Dyt\u00ebsore\"],\"inLanguage\":\"sq\"},{\"@type\":\"WebPage\",\"@id\":\"https:\/\/permbledhja.com\/bora-e-tetorit-theu-dy-rekorde-mendim-rugova-shpalose-detaje\/\",\"url\":\"https:\/\/permbledhja.com\/bora-e-tetorit-theu-dy-rekorde-mendim-rugova-shpalose-detaje\/\",\"name\":\"Bora e tetorit theu dy rekorde, Mendim Rugova shpalos\u00eb detaje\",\"isPartOf\":{\"@id\":\"https:\/\/permbledhja.com\/#website\"},\"datePublished\":\"2025-10-03T08:35:06+00:00\",\"dateModified\":\"2025-10-03T08:35:06+00:00\",\"breadcrumb\":{\"@id\":\"https:\/\/permbledhja.com\/bora-e-tetorit-theu-dy-rekorde-mendim-rugova-shpalose-detaje\/#breadcrumb\"},\"inLanguage\":\"sq\",\"potentialAction\":[{\"@type\":\"ReadAction\",\"target\":[\"https:\/\/permbledhja.com\/bora-e-tetorit-theu-dy-rekorde-mendim-rugova-shpalose-detaje\/\"]}]},{\"@type\":\"BreadcrumbList\",\"@id\":\"https:\/\/permbledhja.com\/bora-e-tetorit-theu-dy-rekorde-mendim-rugova-shpalose-detaje\/#breadcrumb\",\"itemListElement\":[{\"@type\":\"ListItem\",\"position\":1,\"name\":\"Ballina\",\"item\":\"https:\/\/permbledhja.com\/sq\/\"},{\"@type\":\"ListItem\",\"position\":2,\"name\":\"Bora e tetorit theu dy rekorde, Mendim Rugova shpalos\u00eb detaje\"}]},{\"@type\":\"WebSite\",\"@id\":\"https:\/\/permbledhja.com\/#website\",\"url\":\"https:\/\/permbledhja.com\/\",\"name\":\"Ve\u00e7 artikuj p\u00ebrmbledh\u00ebs\",\"description\":\"\",\"publisher\":{\"@id\":\"https:\/\/permbledhja.com\/#organization\"},\"potentialAction\":[{\"@type\":\"SearchAction\",\"target\":{\"@type\":\"EntryPoint\",\"urlTemplate\":\"https:\/\/permbledhja.com\/?s={search_term_string}\"},\"query-input\":\"required name=search_term_string\"}],\"inLanguage\":\"sq\"},{\"@type\":\"Organization\",\"@id\":\"https:\/\/permbledhja.com\/#organization\",\"name\":\"MK Media & Pr\",\"url\":\"https:\/\/permbledhja.com\/\",\"logo\":{\"@type\":\"ImageObject\",\"inLanguage\":\"sq\",\"@id\":\"https:\/\/permbledhja.com\/#\/schema\/logo\/image\/\",\"url\":\"https:\/\/permbledhja.com\/wp-content\/uploads\/2021\/12\/07-Press-Logo.jpg\",\"contentUrl\":\"https:\/\/permbledhja.com\/wp-content\/uploads\/2021\/12\/07-Press-Logo.jpg\",\"width\":512,\"height\":512,\"caption\":\"MK Media & Pr\"},\"image\":{\"@id\":\"https:\/\/permbledhja.com\/#\/schema\/logo\/image\/\"},\"sameAs\":[\"https:\/\/www.facebook.com\/press07\/\"]},{\"@type\":\"Person\",\"@id\":\"https:\/\/permbledhja.com\/#\/schema\/person\/0d064377258d3221e50693947b9eb4fe\",\"name\":\"P\u00ebrmbledhja\",\"image\":{\"@type\":\"ImageObject\",\"inLanguage\":\"sq\",\"@id\":\"https:\/\/permbledhja.com\/#\/schema\/person\/image\/\",\"url\":\"https:\/\/permbledhja.com\/wp-content\/uploads\/2026\/01\/452004717_1040944174702970_8932037511805513407_n-96x96.jpg\",\"contentUrl\":\"https:\/\/permbledhja.com\/wp-content\/uploads\/2026\/01\/452004717_1040944174702970_8932037511805513407_n-96x96.jpg\",\"caption\":\"P\u00ebrmbledhja\"},\"sameAs\":[\"https:\/\/www.facebook.com\/kafexhiu.muharrem\/\",\"https:\/\/www.instagram.com\/muharrem_kafexhiu\/\"],\"url\":\"https:\/\/permbledhja.com\/sq\/author\/admin\/\"}]}<\/script>\n<!-- \/ Yoast SEO plugin. -->","yoast_head_json":{"title":"Bora e tetorit theu dy rekorde, Mendim Rugova shpalos\u00eb detaje","robots":{"index":"index","follow":"follow","max-snippet":"max-snippet:-1","max-image-preview":"max-image-preview:large","max-video-preview":"max-video-preview:-1"},"canonical":"https:\/\/permbledhja.com\/sq\/bora-e-tetorit-theu-dy-rekorde-mendim-rugova-shpalose-detaje\/","og_locale":"sq_AL","og_type":"article","og_title":"Bora e tetorit theu dy rekorde, Mendim Rugova shpalos\u00eb detaje","og_description":"Sipas meteorologut Mendim Rugova, reshjet e dat\u00ebs 3 janar jan\u00eb nd\u00ebr m\u00eb t\u00eb hershmet q\u00eb jan\u00eb sh\u00ebnuar ndonj\u00ebher\u00eb n\u00eb k\u00ebt\u00eb periudh\u00eb t\u00eb vitit. Rugova ka deklaruar se reshjet e bor\u00ebs n\u00eb Prishtin\u00eb kan\u00eb thyer rekord, si p\u00ebr nga data e hershme, ashtu edhe p\u00ebr nga sasia e bor\u00ebs s\u00eb r\u00ebn\u00eb. Deri m\u00eb tani, sipas tij [&hellip;]","og_url":"https:\/\/permbledhja.com\/sq\/bora-e-tetorit-theu-dy-rekorde-mendim-rugova-shpalose-detaje\/","og_site_name":"Ve\u00e7 artikuj p\u00ebrmbledh\u00ebs","article_publisher":"https:\/\/www.facebook.com\/press07\/","article_author":"https:\/\/www.facebook.com\/kafexhiu.muharrem\/","article_published_time":"2025-10-03T08:35:06+00:00","og_image":[{"width":800,"height":428,"url":"https:\/\/permbledhja.com\/wp-content\/uploads\/2025\/10\/IMG_4448.jpeg","type":"image\/jpeg"}],"author":"P\u00ebrmbledhja","twitter_card":"summary_large_image","twitter_misc":{"Written by":"P\u00ebrmbledhja","Est. reading time":"2 minuta"},"schema":{"@context":"https:\/\/schema.org","@graph":[{"@type":"Article","@id":"https:\/\/permbledhja.com\/bora-e-tetorit-theu-dy-rekorde-mendim-rugova-shpalose-detaje\/#article","isPartOf":{"@id":"https:\/\/permbledhja.com\/bora-e-tetorit-theu-dy-rekorde-mendim-rugova-shpalose-detaje\/"},"author":{"name":"P\u00ebrmbledhja","@id":"https:\/\/permbledhja.com\/#\/schema\/person\/0d064377258d3221e50693947b9eb4fe"},"headline":"Bora e tetorit theu dy rekorde, Mendim Rugova shpalos\u00eb detaje","datePublished":"2025-10-03T08:35:06+00:00","dateModified":"2025-10-03T08:35:06+00:00","mainEntityOfPage":{"@id":"https:\/\/permbledhja.com\/bora-e-tetorit-theu-dy-rekorde-mendim-rugova-shpalose-detaje\/"},"wordCount":241,"publisher":{"@id":"https:\/\/permbledhja.com\/#organization"},"keywords":["Bora"],"articleSection":["Dyt\u00ebsore"],"inLanguage":"sq"},{"@type":"WebPage","@id":"https:\/\/permbledhja.com\/bora-e-tetorit-theu-dy-rekorde-mendim-rugova-shpalose-detaje\/","url":"https:\/\/permbledhja.com\/bora-e-tetorit-theu-dy-rekorde-mendim-rugova-shpalose-detaje\/","name":"Bora e tetorit theu dy rekorde, Mendim Rugova shpalos\u00eb detaje","isPartOf":{"@id":"https:\/\/permbledhja.com\/#website"},"datePublished":"2025-10-03T08:35:06+00:00","dateModified":"2025-10-03T08:35:06+00:00","breadcrumb":{"@id":"https:\/\/permbledhja.com\/bora-e-tetorit-theu-dy-rekorde-mendim-rugova-shpalose-detaje\/#breadcrumb"},"inLanguage":"sq","potentialAction":[{"@type":"ReadAction","target":["https:\/\/permbledhja.com\/bora-e-tetorit-theu-dy-rekorde-mendim-rugova-shpalose-detaje\/"]}]},{"@type":"BreadcrumbList","@id":"https:\/\/permbledhja.com\/bora-e-tetorit-theu-dy-rekorde-mendim-rugova-shpalose-detaje\/#breadcrumb","itemListElement":[{"@type":"ListItem","position":1,"name":"Ballina","item":"https:\/\/permbledhja.com\/sq\/"},{"@type":"ListItem","position":2,"name":"Bora e tetorit theu dy rekorde, Mendim Rugova shpalos\u00eb detaje"}]},{"@type":"WebSite","@id":"https:\/\/permbledhja.com\/#website","url":"https:\/\/permbledhja.com\/","name":"Ve\u00e7 artikuj p\u00ebrmbledh\u00ebs","description":"","publisher":{"@id":"https:\/\/permbledhja.com\/#organization"},"potentialAction":[{"@type":"SearchAction","target":{"@type":"EntryPoint","urlTemplate":"https:\/\/permbledhja.com\/?s={search_term_string}"},"query-input":"required name=search_term_string"}],"inLanguage":"sq"},{"@type":"Organization","@id":"https:\/\/permbledhja.com\/#organization","name":"MK Media & Pr","url":"https:\/\/permbledhja.com\/","logo":{"@type":"ImageObject","inLanguage":"sq","@id":"https:\/\/permbledhja.com\/#\/schema\/logo\/image\/","url":"https:\/\/permbledhja.com\/wp-content\/uploads\/2021\/12\/07-Press-Logo.jpg","contentUrl":"https:\/\/permbledhja.com\/wp-content\/uploads\/2021\/12\/07-Press-Logo.jpg","width":512,"height":512,"caption":"MK Media & Pr"},"image":{"@id":"https:\/\/permbledhja.com\/#\/schema\/logo\/image\/"},"sameAs":["https:\/\/www.facebook.com\/press07\/"]},{"@type":"Person","@id":"https:\/\/permbledhja.com\/#\/schema\/person\/0d064377258d3221e50693947b9eb4fe","name":"P\u00ebrmbledhja","image":{"@type":"ImageObject","inLanguage":"sq","@id":"https:\/\/permbledhja.com\/#\/schema\/person\/image\/","url":"https:\/\/permbledhja.com\/wp-content\/uploads\/2026\/01\/452004717_1040944174702970_8932037511805513407_n-96x96.jpg","contentUrl":"https:\/\/permbledhja.com\/wp-content\/uploads\/2026\/01\/452004717_1040944174702970_8932037511805513407_n-96x96.jpg","caption":"P\u00ebrmbledhja"},"sameAs":["https:\/\/www.facebook.com\/kafexhiu.muharrem\/","https:\/\/www.instagram.com\/muharrem_kafexhiu\/"],"url":"https:\/\/permbledhja.com\/sq\/author\/admin\/"}]}},"_links":{"self":[{"href":"https:\/\/permbledhja.com\/sq\/wp-json\/wp\/v2\/posts\/73908"}],"collection":[{"href":"https:\/\/permbledhja.com\/sq\/wp-json\/wp\/v2\/posts"}],"about":[{"href":"https:\/\/permbledhja.com\/sq\/wp-json\/wp\/v2\/types\/post"}],"author":[{"embeddable":true,"href":"https:\/\/permbledhja.com\/sq\/wp-json\/wp\/v2\/users\/1"}],"replies":[{"embeddable":true,"href":"https:\/\/permbledhja.com\/sq\/wp-json\/wp\/v2\/comments?post=73908"}],"version-history":[{"count":1,"href":"https:\/\/permbledhja.com\/sq\/wp-json\/wp\/v2\/posts\/73908\/revisions"}],"predecessor-version":[{"id":73911,"href":"https:\/\/permbledhja.com\/sq\/wp-json\/wp\/v2\/posts\/73908\/revisions\/73911"}],"wp:featuredmedia":[{"embeddable":true,"href":"https:\/\/permbledhja.com\/sq\/wp-json\/wp\/v2\/media\/73910"}],"wp:attachment":[{"href":"https:\/\/permbledhja.com\/sq\/wp-json\/wp\/v2\/media?parent=73908"}],"wp:term":[{"taxonomy":"category","embeddable":true,"href":"https:\/\/permbledhja.com\/sq\/wp-json\/wp\/v2\/categories?post=73908"},{"taxonomy":"post_tag","embeddable":true,"href":"https:\/\/permbledhja.com\/sq\/wp-json\/wp\/v2\/tags?post=73908"}],"curies":[{"name":"wp","href":"https:\/\/api.w.org\/{rel}","templated":true}]}}