{"id":73900,"date":"2025-10-02T20:13:01","date_gmt":"2025-10-02T20:13:01","guid":{"rendered":"https:\/\/permbledhja.com\/?p=73900"},"modified":"2025-10-02T20:13:01","modified_gmt":"2025-10-02T20:13:01","slug":"vizita-e-kurtit-ne-shba-haradinaj-poshtnim-dhe-refuzim","status":"publish","type":"post","link":"https:\/\/permbledhja.com\/sq\/vizita-e-kurtit-ne-shba-haradinaj-poshtnim-dhe-refuzim\/","title":{"rendered":"Vizita e Kurtit n\u00eb ShBA, Haradinaj: Poshtnim dhe refuzim"},"content":{"rendered":"<p><strong>Kryetari i AAK-s\u00eb, Ramush Haradinaj, ka komentuar vizit\u00ebn e kryeministrit n\u00eb detyr\u00eb Albin Kurti n\u00eb Shtetet e Bashkuara t\u00eb Amerik\u00ebs, duke e cil\u00ebsuar si nj\u00eb situat\u00eb posht\u00ebruese.<\/strong><\/p>\n<p>Ai tha se ajo q\u00eb e ka habitur m\u00eb shum\u00eb \u00ebsht\u00eb fakti se askush nga \u201cekzekutivi nuk ia dha dor\u00ebn Kurtit\u201d.<\/p>\n<p><em>\u201cImagjinoni me hy kryeministri n\u00eb shtet dhe asnj\u00eb zyrtar mos me ta qit\u00eb me ja dhan\u00eb dor\u00ebn\u201d<\/em>, u shpreh Haradinaj.<\/p>\n<p>Sipas tij, kjo sjellje p\u00ebr\u00e7on mesazhe t\u00eb qarta \u201cposht\u00ebrimi e refuzimi\u201d.<\/p>\n<p><em>\u201cMungesa e nj\u00eb takimi qoft\u00eb edhe p\u00ebr foto, q\u00eb \u00e7ohet n\u00eb k\u00ebmb\u00eb me ja jap dor\u00ebn dikujna nga ekzekutivi, kjo \u00ebsht\u00eb shum\u00eb konkrete. N\u00eb t\u00eb gjitha ato hap\u00ebsira ku ka q\u00ebllu, ka pas njer\u00ebz t\u00eb ekzekutivit por mungesa e t\u00eb pakt\u00ebn nj\u00eb shtr\u00ebngimi t\u00eb dor\u00ebs n\u00ebnkupton di\u00e7ka\u201d<\/em>, tha Haradinaj n\u00eb emisionin <em>Pressing<\/em>.<\/p>\n<p>Ai shtoi se nj\u00eb gj\u00eb e till\u00eb \u00ebsht\u00eb <em>\u201cm\u00eb keq se gjith\u00e7ka tjet\u00ebr, mos me ta jep dor\u00ebn kerkush\u201d<\/em>.<\/p>\n","protected":false},"excerpt":{"rendered":"<p>Kryetari i AAK-s\u00eb, Ramush Haradinaj, ka komentuar vizit\u00ebn e kryeministrit n\u00eb detyr\u00eb Albin Kurti n\u00eb Shtetet e Bashkuara t\u00eb Amerik\u00ebs, duke e cil\u00ebsuar si nj\u00eb situat\u00eb posht\u00ebruese. Ai tha se ajo q\u00eb e ka habitur m\u00eb shum\u00eb \u00ebsht\u00eb fakti se askush nga \u201cekzekutivi nuk ia dha dor\u00ebn Kurtit\u201d. \u201cImagjinoni me hy kryeministri n\u00eb shtet dhe [&hellip;]<\/p>\n","protected":false},"author":1,"featured_media":65348,"comment_status":"closed","ping_status":"closed","sticky":false,"template":"","format":"standard","meta":{"_monsterinsights_skip_tracking":false,"_monsterinsights_sitenote_active":false,"_monsterinsights_sitenote_note":"","_monsterinsights_sitenote_category":0,"_uf_show_specific_survey":0,"_uf_disable_surveys":false,"footnotes":""},"categories":[3324],"tags":[764],"yoast_head":"<!-- This site is optimized with the Yoast SEO plugin v21.5 - https:\/\/yoast.com\/wordpress\/plugins\/seo\/ -->\n<title>Vizita e Kurtit n\u00eb ShBA, Haradinaj: Poshtnim dhe refuzim<\/title>\n<meta name=\"robots\" content=\"index, follow, max-snippet:-1, max-image-preview:large, max-video-preview:-1\" \/>\n<link rel=\"canonical\" href=\"https:\/\/permbledhja.com\/sq\/vizita-e-kurtit-ne-shba-haradinaj-poshtnim-dhe-refuzim\/\" \/>\n<meta property=\"og:locale\" content=\"sq_AL\" \/>\n<meta property=\"og:type\" content=\"article\" \/>\n<meta property=\"og:title\" content=\"Vizita e Kurtit n\u00eb ShBA, Haradinaj: Poshtnim dhe refuzim\" \/>\n<meta property=\"og:description\" content=\"Kryetari i AAK-s\u00eb, Ramush Haradinaj, ka komentuar vizit\u00ebn e kryeministrit n\u00eb detyr\u00eb Albin Kurti n\u00eb Shtetet e Bashkuara t\u00eb Amerik\u00ebs, duke e cil\u00ebsuar si nj\u00eb situat\u00eb posht\u00ebruese. Ai tha se ajo q\u00eb e ka habitur m\u00eb shum\u00eb \u00ebsht\u00eb fakti se askush nga \u201cekzekutivi nuk ia dha dor\u00ebn Kurtit\u201d. \u201cImagjinoni me hy kryeministri n\u00eb shtet dhe [&hellip;]\" \/>\n<meta property=\"og:url\" content=\"https:\/\/permbledhja.com\/sq\/vizita-e-kurtit-ne-shba-haradinaj-poshtnim-dhe-refuzim\/\" \/>\n<meta property=\"og:site_name\" content=\"Ve\u00e7 artikuj p\u00ebrmbledh\u00ebs\" \/>\n<meta property=\"article:publisher\" content=\"https:\/\/www.facebook.com\/press07\/\" \/>\n<meta property=\"article:author\" content=\"https:\/\/www.facebook.com\/kafexhiu.muharrem\/\" \/>\n<meta property=\"article:published_time\" content=\"2025-10-02T20:13:01+00:00\" \/>\n<meta property=\"og:image\" content=\"https:\/\/permbledhja.com\/wp-content\/uploads\/2024\/06\/ramush-haradinaj_albin-kurti-750x450-1.jpg\" \/>\n\t<meta property=\"og:image:width\" content=\"750\" \/>\n\t<meta property=\"og:image:height\" content=\"450\" \/>\n\t<meta property=\"og:image:type\" content=\"image\/jpeg\" \/>\n<meta name=\"author\" content=\"P\u00ebrmbledhja\" \/>\n<meta name=\"twitter:card\" content=\"summary_large_image\" \/>\n<meta name=\"twitter:label1\" content=\"Written by\" \/>\n\t<meta name=\"twitter:data1\" content=\"P\u00ebrmbledhja\" \/>\n\t<meta name=\"twitter:label2\" content=\"Est. reading time\" \/>\n\t<meta name=\"twitter:data2\" content=\"1 minut\u00eb\" \/>\n<script type=\"application\/ld+json\" class=\"yoast-schema-graph\">{\"@context\":\"https:\/\/schema.org\",\"@graph\":[{\"@type\":\"Article\",\"@id\":\"https:\/\/permbledhja.com\/vizita-e-kurtit-ne-shba-haradinaj-poshtnim-dhe-refuzim\/#article\",\"isPartOf\":{\"@id\":\"https:\/\/permbledhja.com\/vizita-e-kurtit-ne-shba-haradinaj-poshtnim-dhe-refuzim\/\"},\"author\":{\"name\":\"P\u00ebrmbledhja\",\"@id\":\"https:\/\/permbledhja.com\/#\/schema\/person\/0d064377258d3221e50693947b9eb4fe\"},\"headline\":\"Vizita e Kurtit n\u00eb ShBA, Haradinaj: Poshtnim dhe refuzim\",\"datePublished\":\"2025-10-02T20:13:01+00:00\",\"dateModified\":\"2025-10-02T20:13:01+00:00\",\"mainEntityOfPage\":{\"@id\":\"https:\/\/permbledhja.com\/vizita-e-kurtit-ne-shba-haradinaj-poshtnim-dhe-refuzim\/\"},\"wordCount\":182,\"publisher\":{\"@id\":\"https:\/\/permbledhja.com\/#organization\"},\"keywords\":[\"Ramush Haradinaj\"],\"articleSection\":[\"Dyt\u00ebsore\"],\"inLanguage\":\"sq\"},{\"@type\":\"WebPage\",\"@id\":\"https:\/\/permbledhja.com\/vizita-e-kurtit-ne-shba-haradinaj-poshtnim-dhe-refuzim\/\",\"url\":\"https:\/\/permbledhja.com\/vizita-e-kurtit-ne-shba-haradinaj-poshtnim-dhe-refuzim\/\",\"name\":\"Vizita e Kurtit n\u00eb ShBA, Haradinaj: Poshtnim dhe refuzim\",\"isPartOf\":{\"@id\":\"https:\/\/permbledhja.com\/#website\"},\"datePublished\":\"2025-10-02T20:13:01+00:00\",\"dateModified\":\"2025-10-02T20:13:01+00:00\",\"breadcrumb\":{\"@id\":\"https:\/\/permbledhja.com\/vizita-e-kurtit-ne-shba-haradinaj-poshtnim-dhe-refuzim\/#breadcrumb\"},\"inLanguage\":\"sq\",\"potentialAction\":[{\"@type\":\"ReadAction\",\"target\":[\"https:\/\/permbledhja.com\/vizita-e-kurtit-ne-shba-haradinaj-poshtnim-dhe-refuzim\/\"]}]},{\"@type\":\"BreadcrumbList\",\"@id\":\"https:\/\/permbledhja.com\/vizita-e-kurtit-ne-shba-haradinaj-poshtnim-dhe-refuzim\/#breadcrumb\",\"itemListElement\":[{\"@type\":\"ListItem\",\"position\":1,\"name\":\"Ballina\",\"item\":\"https:\/\/permbledhja.com\/sq\/\"},{\"@type\":\"ListItem\",\"position\":2,\"name\":\"Vizita e Kurtit n\u00eb ShBA, Haradinaj: Poshtnim dhe refuzim\"}]},{\"@type\":\"WebSite\",\"@id\":\"https:\/\/permbledhja.com\/#website\",\"url\":\"https:\/\/permbledhja.com\/\",\"name\":\"Ve\u00e7 artikuj p\u00ebrmbledh\u00ebs\",\"description\":\"\",\"publisher\":{\"@id\":\"https:\/\/permbledhja.com\/#organization\"},\"potentialAction\":[{\"@type\":\"SearchAction\",\"target\":{\"@type\":\"EntryPoint\",\"urlTemplate\":\"https:\/\/permbledhja.com\/?s={search_term_string}\"},\"query-input\":\"required name=search_term_string\"}],\"inLanguage\":\"sq\"},{\"@type\":\"Organization\",\"@id\":\"https:\/\/permbledhja.com\/#organization\",\"name\":\"MK Media & Pr\",\"url\":\"https:\/\/permbledhja.com\/\",\"logo\":{\"@type\":\"ImageObject\",\"inLanguage\":\"sq\",\"@id\":\"https:\/\/permbledhja.com\/#\/schema\/logo\/image\/\",\"url\":\"https:\/\/permbledhja.com\/wp-content\/uploads\/2021\/12\/07-Press-Logo.jpg\",\"contentUrl\":\"https:\/\/permbledhja.com\/wp-content\/uploads\/2021\/12\/07-Press-Logo.jpg\",\"width\":512,\"height\":512,\"caption\":\"MK Media & Pr\"},\"image\":{\"@id\":\"https:\/\/permbledhja.com\/#\/schema\/logo\/image\/\"},\"sameAs\":[\"https:\/\/www.facebook.com\/press07\/\"]},{\"@type\":\"Person\",\"@id\":\"https:\/\/permbledhja.com\/#\/schema\/person\/0d064377258d3221e50693947b9eb4fe\",\"name\":\"P\u00ebrmbledhja\",\"image\":{\"@type\":\"ImageObject\",\"inLanguage\":\"sq\",\"@id\":\"https:\/\/permbledhja.com\/#\/schema\/person\/image\/\",\"url\":\"https:\/\/permbledhja.com\/wp-content\/uploads\/2026\/01\/452004717_1040944174702970_8932037511805513407_n-96x96.jpg\",\"contentUrl\":\"https:\/\/permbledhja.com\/wp-content\/uploads\/2026\/01\/452004717_1040944174702970_8932037511805513407_n-96x96.jpg\",\"caption\":\"P\u00ebrmbledhja\"},\"sameAs\":[\"https:\/\/www.facebook.com\/kafexhiu.muharrem\/\",\"https:\/\/www.instagram.com\/muharrem_kafexhiu\/\"],\"url\":\"https:\/\/permbledhja.com\/sq\/author\/admin\/\"}]}<\/script>\n<!-- \/ Yoast SEO plugin. -->","yoast_head_json":{"title":"Vizita e Kurtit n\u00eb ShBA, Haradinaj: Poshtnim dhe refuzim","robots":{"index":"index","follow":"follow","max-snippet":"max-snippet:-1","max-image-preview":"max-image-preview:large","max-video-preview":"max-video-preview:-1"},"canonical":"https:\/\/permbledhja.com\/sq\/vizita-e-kurtit-ne-shba-haradinaj-poshtnim-dhe-refuzim\/","og_locale":"sq_AL","og_type":"article","og_title":"Vizita e Kurtit n\u00eb ShBA, Haradinaj: Poshtnim dhe refuzim","og_description":"Kryetari i AAK-s\u00eb, Ramush Haradinaj, ka komentuar vizit\u00ebn e kryeministrit n\u00eb detyr\u00eb Albin Kurti n\u00eb Shtetet e Bashkuara t\u00eb Amerik\u00ebs, duke e cil\u00ebsuar si nj\u00eb situat\u00eb posht\u00ebruese. Ai tha se ajo q\u00eb e ka habitur m\u00eb shum\u00eb \u00ebsht\u00eb fakti se askush nga \u201cekzekutivi nuk ia dha dor\u00ebn Kurtit\u201d. \u201cImagjinoni me hy kryeministri n\u00eb shtet dhe [&hellip;]","og_url":"https:\/\/permbledhja.com\/sq\/vizita-e-kurtit-ne-shba-haradinaj-poshtnim-dhe-refuzim\/","og_site_name":"Ve\u00e7 artikuj p\u00ebrmbledh\u00ebs","article_publisher":"https:\/\/www.facebook.com\/press07\/","article_author":"https:\/\/www.facebook.com\/kafexhiu.muharrem\/","article_published_time":"2025-10-02T20:13:01+00:00","og_image":[{"width":750,"height":450,"url":"https:\/\/permbledhja.com\/wp-content\/uploads\/2024\/06\/ramush-haradinaj_albin-kurti-750x450-1.jpg","type":"image\/jpeg"}],"author":"P\u00ebrmbledhja","twitter_card":"summary_large_image","twitter_misc":{"Written by":"P\u00ebrmbledhja","Est. reading time":"1 minut\u00eb"},"schema":{"@context":"https:\/\/schema.org","@graph":[{"@type":"Article","@id":"https:\/\/permbledhja.com\/vizita-e-kurtit-ne-shba-haradinaj-poshtnim-dhe-refuzim\/#article","isPartOf":{"@id":"https:\/\/permbledhja.com\/vizita-e-kurtit-ne-shba-haradinaj-poshtnim-dhe-refuzim\/"},"author":{"name":"P\u00ebrmbledhja","@id":"https:\/\/permbledhja.com\/#\/schema\/person\/0d064377258d3221e50693947b9eb4fe"},"headline":"Vizita e Kurtit n\u00eb ShBA, Haradinaj: Poshtnim dhe refuzim","datePublished":"2025-10-02T20:13:01+00:00","dateModified":"2025-10-02T20:13:01+00:00","mainEntityOfPage":{"@id":"https:\/\/permbledhja.com\/vizita-e-kurtit-ne-shba-haradinaj-poshtnim-dhe-refuzim\/"},"wordCount":182,"publisher":{"@id":"https:\/\/permbledhja.com\/#organization"},"keywords":["Ramush Haradinaj"],"articleSection":["Dyt\u00ebsore"],"inLanguage":"sq"},{"@type":"WebPage","@id":"https:\/\/permbledhja.com\/vizita-e-kurtit-ne-shba-haradinaj-poshtnim-dhe-refuzim\/","url":"https:\/\/permbledhja.com\/vizita-e-kurtit-ne-shba-haradinaj-poshtnim-dhe-refuzim\/","name":"Vizita e Kurtit n\u00eb ShBA, Haradinaj: Poshtnim dhe refuzim","isPartOf":{"@id":"https:\/\/permbledhja.com\/#website"},"datePublished":"2025-10-02T20:13:01+00:00","dateModified":"2025-10-02T20:13:01+00:00","breadcrumb":{"@id":"https:\/\/permbledhja.com\/vizita-e-kurtit-ne-shba-haradinaj-poshtnim-dhe-refuzim\/#breadcrumb"},"inLanguage":"sq","potentialAction":[{"@type":"ReadAction","target":["https:\/\/permbledhja.com\/vizita-e-kurtit-ne-shba-haradinaj-poshtnim-dhe-refuzim\/"]}]},{"@type":"BreadcrumbList","@id":"https:\/\/permbledhja.com\/vizita-e-kurtit-ne-shba-haradinaj-poshtnim-dhe-refuzim\/#breadcrumb","itemListElement":[{"@type":"ListItem","position":1,"name":"Ballina","item":"https:\/\/permbledhja.com\/sq\/"},{"@type":"ListItem","position":2,"name":"Vizita e Kurtit n\u00eb ShBA, Haradinaj: Poshtnim dhe refuzim"}]},{"@type":"WebSite","@id":"https:\/\/permbledhja.com\/#website","url":"https:\/\/permbledhja.com\/","name":"Ve\u00e7 artikuj p\u00ebrmbledh\u00ebs","description":"","publisher":{"@id":"https:\/\/permbledhja.com\/#organization"},"potentialAction":[{"@type":"SearchAction","target":{"@type":"EntryPoint","urlTemplate":"https:\/\/permbledhja.com\/?s={search_term_string}"},"query-input":"required name=search_term_string"}],"inLanguage":"sq"},{"@type":"Organization","@id":"https:\/\/permbledhja.com\/#organization","name":"MK Media & Pr","url":"https:\/\/permbledhja.com\/","logo":{"@type":"ImageObject","inLanguage":"sq","@id":"https:\/\/permbledhja.com\/#\/schema\/logo\/image\/","url":"https:\/\/permbledhja.com\/wp-content\/uploads\/2021\/12\/07-Press-Logo.jpg","contentUrl":"https:\/\/permbledhja.com\/wp-content\/uploads\/2021\/12\/07-Press-Logo.jpg","width":512,"height":512,"caption":"MK Media & Pr"},"image":{"@id":"https:\/\/permbledhja.com\/#\/schema\/logo\/image\/"},"sameAs":["https:\/\/www.facebook.com\/press07\/"]},{"@type":"Person","@id":"https:\/\/permbledhja.com\/#\/schema\/person\/0d064377258d3221e50693947b9eb4fe","name":"P\u00ebrmbledhja","image":{"@type":"ImageObject","inLanguage":"sq","@id":"https:\/\/permbledhja.com\/#\/schema\/person\/image\/","url":"https:\/\/permbledhja.com\/wp-content\/uploads\/2026\/01\/452004717_1040944174702970_8932037511805513407_n-96x96.jpg","contentUrl":"https:\/\/permbledhja.com\/wp-content\/uploads\/2026\/01\/452004717_1040944174702970_8932037511805513407_n-96x96.jpg","caption":"P\u00ebrmbledhja"},"sameAs":["https:\/\/www.facebook.com\/kafexhiu.muharrem\/","https:\/\/www.instagram.com\/muharrem_kafexhiu\/"],"url":"https:\/\/permbledhja.com\/sq\/author\/admin\/"}]}},"_links":{"self":[{"href":"https:\/\/permbledhja.com\/sq\/wp-json\/wp\/v2\/posts\/73900"}],"collection":[{"href":"https:\/\/permbledhja.com\/sq\/wp-json\/wp\/v2\/posts"}],"about":[{"href":"https:\/\/permbledhja.com\/sq\/wp-json\/wp\/v2\/types\/post"}],"author":[{"embeddable":true,"href":"https:\/\/permbledhja.com\/sq\/wp-json\/wp\/v2\/users\/1"}],"replies":[{"embeddable":true,"href":"https:\/\/permbledhja.com\/sq\/wp-json\/wp\/v2\/comments?post=73900"}],"version-history":[{"count":1,"href":"https:\/\/permbledhja.com\/sq\/wp-json\/wp\/v2\/posts\/73900\/revisions"}],"predecessor-version":[{"id":73901,"href":"https:\/\/permbledhja.com\/sq\/wp-json\/wp\/v2\/posts\/73900\/revisions\/73901"}],"wp:featuredmedia":[{"embeddable":true,"href":"https:\/\/permbledhja.com\/sq\/wp-json\/wp\/v2\/media\/65348"}],"wp:attachment":[{"href":"https:\/\/permbledhja.com\/sq\/wp-json\/wp\/v2\/media?parent=73900"}],"wp:term":[{"taxonomy":"category","embeddable":true,"href":"https:\/\/permbledhja.com\/sq\/wp-json\/wp\/v2\/categories?post=73900"},{"taxonomy":"post_tag","embeddable":true,"href":"https:\/\/permbledhja.com\/sq\/wp-json\/wp\/v2\/tags?post=73900"}],"curies":[{"name":"wp","href":"https:\/\/api.w.org\/{rel}","templated":true}]}}