{"id":7381,"date":"2022-10-11T13:24:05","date_gmt":"2022-10-11T13:24:05","guid":{"rendered":"https:\/\/permbledhja.com\/?p=7381"},"modified":"2022-10-11T13:24:05","modified_gmt":"2022-10-11T13:24:05","slug":"nisma-franko-gjermane-per-dialogun-flet-presidentja-osmani","status":"publish","type":"post","link":"https:\/\/permbledhja.com\/sq\/nisma-franko-gjermane-per-dialogun-flet-presidentja-osmani\/","title":{"rendered":"Nisma franko-gjermane p\u00ebr dialogun &#8211; flet presidentja Osmani"},"content":{"rendered":"<p><strong>Presidentja Vjosa Osmani, \u00ebsht\u00eb deklaruar n\u00eb lidhje me iniciativ\u00ebn franko-gjermane p\u00ebr procesin e dialogut.<\/strong><\/p>\n<p>Osmani ka th\u00ebn\u00eb sot se iniciativa franko-gjermane \u00ebsht\u00eb q\u00eb t\u00eb intensifikohet procesi i dialogut.<\/p>\n<p><em>\u201c\u00c7do iniciativ\u00eb e partner\u00ebve tan\u00eb \u00ebsht\u00eb serioze. Iniciativa \u00ebsht\u00eb q\u00eb t\u00eb intensifikohet procesi i dialogut dhe natyrisht q\u00eb si Franca, si Gjermania kan\u00eb qen\u00eb historikisht partner\u00eb aleat\u00eb dhe mb\u00ebshtet\u00ebs t\u00eb Republik\u00ebs s\u00eb Kosov\u00ebs\u201d<\/em>, u shpreh Osmani sot para mediave<\/p>\n<p>P\u00ebr k\u00ebt\u00eb iniciative dje \u00ebsht\u00eb deklaruar edhe kryeministri Kurti.<\/p>\n<p>https:\/\/permbledhja.com\/komisioni-evropian-e-konfirmon-kosoves-duhet-ti-hiqen-vizat\/<\/p>\n","protected":false},"excerpt":{"rendered":"<p>Presidentja Vjosa Osmani, \u00ebsht\u00eb deklaruar n\u00eb lidhje me iniciativ\u00ebn franko-gjermane p\u00ebr procesin e dialogut. Osmani ka th\u00ebn\u00eb sot se iniciativa franko-gjermane \u00ebsht\u00eb q\u00eb t\u00eb intensifikohet procesi i dialogut. \u201c\u00c7do iniciativ\u00eb e partner\u00ebve tan\u00eb \u00ebsht\u00eb serioze. Iniciativa \u00ebsht\u00eb q\u00eb t\u00eb intensifikohet procesi i dialogut dhe natyrisht q\u00eb si Franca, si Gjermania kan\u00eb qen\u00eb historikisht partner\u00eb aleat\u00eb [&hellip;]<\/p>\n","protected":false},"author":1,"featured_media":831,"comment_status":"closed","ping_status":"closed","sticky":false,"template":"","format":"standard","meta":{"_monsterinsights_skip_tracking":false,"_monsterinsights_sitenote_active":false,"_monsterinsights_sitenote_note":"","_monsterinsights_sitenote_category":0,"_uf_show_specific_survey":0,"_uf_disable_surveys":false,"footnotes":""},"categories":[22],"tags":[163],"yoast_head":"<!-- This site is optimized with the Yoast SEO plugin v21.5 - https:\/\/yoast.com\/wordpress\/plugins\/seo\/ -->\n<title>Nisma franko-gjermane p\u00ebr dialogun - flet presidentja Osmani<\/title>\n<meta name=\"robots\" content=\"index, follow, max-snippet:-1, max-image-preview:large, max-video-preview:-1\" \/>\n<link rel=\"canonical\" href=\"https:\/\/permbledhja.com\/sq\/nisma-franko-gjermane-per-dialogun-flet-presidentja-osmani\/\" \/>\n<meta property=\"og:locale\" content=\"sq_AL\" \/>\n<meta property=\"og:type\" content=\"article\" \/>\n<meta property=\"og:title\" content=\"Nisma franko-gjermane p\u00ebr dialogun - flet presidentja Osmani\" \/>\n<meta property=\"og:description\" content=\"Presidentja Vjosa Osmani, \u00ebsht\u00eb deklaruar n\u00eb lidhje me iniciativ\u00ebn franko-gjermane p\u00ebr procesin e dialogut. Osmani ka th\u00ebn\u00eb sot se iniciativa franko-gjermane \u00ebsht\u00eb q\u00eb t\u00eb intensifikohet procesi i dialogut. \u201c\u00c7do iniciativ\u00eb e partner\u00ebve tan\u00eb \u00ebsht\u00eb serioze. Iniciativa \u00ebsht\u00eb q\u00eb t\u00eb intensifikohet procesi i dialogut dhe natyrisht q\u00eb si Franca, si Gjermania kan\u00eb qen\u00eb historikisht partner\u00eb aleat\u00eb [&hellip;]\" \/>\n<meta property=\"og:url\" content=\"https:\/\/permbledhja.com\/sq\/nisma-franko-gjermane-per-dialogun-flet-presidentja-osmani\/\" \/>\n<meta property=\"og:site_name\" content=\"Ve\u00e7 artikuj p\u00ebrmbledh\u00ebs\" \/>\n<meta property=\"article:publisher\" content=\"https:\/\/www.facebook.com\/press07\/\" \/>\n<meta property=\"article:author\" content=\"https:\/\/www.facebook.com\/kafexhiu.muharrem\/\" \/>\n<meta property=\"article:published_time\" content=\"2022-10-11T13:24:05+00:00\" \/>\n<meta property=\"og:image\" content=\"https:\/\/permbledhja.com\/wp-content\/uploads\/2022\/07\/Vjosa-Osmani-600x360-1.jpg\" \/>\n\t<meta property=\"og:image:width\" content=\"600\" \/>\n\t<meta property=\"og:image:height\" content=\"360\" \/>\n\t<meta property=\"og:image:type\" content=\"image\/jpeg\" \/>\n<meta name=\"author\" content=\"P\u00ebrmbledhja\" \/>\n<meta name=\"twitter:card\" content=\"summary_large_image\" \/>\n<meta name=\"twitter:label1\" content=\"Written by\" \/>\n\t<meta name=\"twitter:data1\" content=\"P\u00ebrmbledhja\" \/>\n<script type=\"application\/ld+json\" class=\"yoast-schema-graph\">{\"@context\":\"https:\/\/schema.org\",\"@graph\":[{\"@type\":\"Article\",\"@id\":\"https:\/\/permbledhja.com\/nisma-franko-gjermane-per-dialogun-flet-presidentja-osmani\/#article\",\"isPartOf\":{\"@id\":\"https:\/\/permbledhja.com\/nisma-franko-gjermane-per-dialogun-flet-presidentja-osmani\/\"},\"author\":{\"name\":\"P\u00ebrmbledhja\",\"@id\":\"https:\/\/permbledhja.com\/#\/schema\/person\/0d064377258d3221e50693947b9eb4fe\"},\"headline\":\"Nisma franko-gjermane p\u00ebr dialogun &#8211; flet presidentja Osmani\",\"datePublished\":\"2022-10-11T13:24:05+00:00\",\"dateModified\":\"2022-10-11T13:24:05+00:00\",\"mainEntityOfPage\":{\"@id\":\"https:\/\/permbledhja.com\/nisma-franko-gjermane-per-dialogun-flet-presidentja-osmani\/\"},\"wordCount\":99,\"publisher\":{\"@id\":\"https:\/\/permbledhja.com\/#organization\"},\"keywords\":[\"Vjosa Osmani\"],\"articleSection\":[\"Ballina\"],\"inLanguage\":\"sq\"},{\"@type\":\"WebPage\",\"@id\":\"https:\/\/permbledhja.com\/nisma-franko-gjermane-per-dialogun-flet-presidentja-osmani\/\",\"url\":\"https:\/\/permbledhja.com\/nisma-franko-gjermane-per-dialogun-flet-presidentja-osmani\/\",\"name\":\"Nisma franko-gjermane p\u00ebr dialogun - flet presidentja Osmani\",\"isPartOf\":{\"@id\":\"https:\/\/permbledhja.com\/#website\"},\"datePublished\":\"2022-10-11T13:24:05+00:00\",\"dateModified\":\"2022-10-11T13:24:05+00:00\",\"breadcrumb\":{\"@id\":\"https:\/\/permbledhja.com\/nisma-franko-gjermane-per-dialogun-flet-presidentja-osmani\/#breadcrumb\"},\"inLanguage\":\"sq\",\"potentialAction\":[{\"@type\":\"ReadAction\",\"target\":[\"https:\/\/permbledhja.com\/nisma-franko-gjermane-per-dialogun-flet-presidentja-osmani\/\"]}]},{\"@type\":\"BreadcrumbList\",\"@id\":\"https:\/\/permbledhja.com\/nisma-franko-gjermane-per-dialogun-flet-presidentja-osmani\/#breadcrumb\",\"itemListElement\":[{\"@type\":\"ListItem\",\"position\":1,\"name\":\"Ballina\",\"item\":\"https:\/\/permbledhja.com\/sq\/\"},{\"@type\":\"ListItem\",\"position\":2,\"name\":\"Nisma franko-gjermane p\u00ebr dialogun &#8211; flet presidentja Osmani\"}]},{\"@type\":\"WebSite\",\"@id\":\"https:\/\/permbledhja.com\/#website\",\"url\":\"https:\/\/permbledhja.com\/\",\"name\":\"Ve\u00e7 artikuj p\u00ebrmbledh\u00ebs\",\"description\":\"\",\"publisher\":{\"@id\":\"https:\/\/permbledhja.com\/#organization\"},\"potentialAction\":[{\"@type\":\"SearchAction\",\"target\":{\"@type\":\"EntryPoint\",\"urlTemplate\":\"https:\/\/permbledhja.com\/?s={search_term_string}\"},\"query-input\":\"required name=search_term_string\"}],\"inLanguage\":\"sq\"},{\"@type\":\"Organization\",\"@id\":\"https:\/\/permbledhja.com\/#organization\",\"name\":\"MK Media & Pr\",\"url\":\"https:\/\/permbledhja.com\/\",\"logo\":{\"@type\":\"ImageObject\",\"inLanguage\":\"sq\",\"@id\":\"https:\/\/permbledhja.com\/#\/schema\/logo\/image\/\",\"url\":\"https:\/\/permbledhja.com\/wp-content\/uploads\/2021\/12\/07-Press-Logo.jpg\",\"contentUrl\":\"https:\/\/permbledhja.com\/wp-content\/uploads\/2021\/12\/07-Press-Logo.jpg\",\"width\":512,\"height\":512,\"caption\":\"MK Media & Pr\"},\"image\":{\"@id\":\"https:\/\/permbledhja.com\/#\/schema\/logo\/image\/\"},\"sameAs\":[\"https:\/\/www.facebook.com\/press07\/\"]},{\"@type\":\"Person\",\"@id\":\"https:\/\/permbledhja.com\/#\/schema\/person\/0d064377258d3221e50693947b9eb4fe\",\"name\":\"P\u00ebrmbledhja\",\"image\":{\"@type\":\"ImageObject\",\"inLanguage\":\"sq\",\"@id\":\"https:\/\/permbledhja.com\/#\/schema\/person\/image\/\",\"url\":\"https:\/\/permbledhja.com\/wp-content\/uploads\/2026\/01\/452004717_1040944174702970_8932037511805513407_n-96x96.jpg\",\"contentUrl\":\"https:\/\/permbledhja.com\/wp-content\/uploads\/2026\/01\/452004717_1040944174702970_8932037511805513407_n-96x96.jpg\",\"caption\":\"P\u00ebrmbledhja\"},\"sameAs\":[\"https:\/\/www.facebook.com\/kafexhiu.muharrem\/\",\"https:\/\/www.instagram.com\/muharrem_kafexhiu\/\"],\"url\":\"https:\/\/permbledhja.com\/sq\/author\/admin\/\"}]}<\/script>\n<!-- \/ Yoast SEO plugin. -->","yoast_head_json":{"title":"Nisma franko-gjermane p\u00ebr dialogun - flet presidentja Osmani","robots":{"index":"index","follow":"follow","max-snippet":"max-snippet:-1","max-image-preview":"max-image-preview:large","max-video-preview":"max-video-preview:-1"},"canonical":"https:\/\/permbledhja.com\/sq\/nisma-franko-gjermane-per-dialogun-flet-presidentja-osmani\/","og_locale":"sq_AL","og_type":"article","og_title":"Nisma franko-gjermane p\u00ebr dialogun - flet presidentja Osmani","og_description":"Presidentja Vjosa Osmani, \u00ebsht\u00eb deklaruar n\u00eb lidhje me iniciativ\u00ebn franko-gjermane p\u00ebr procesin e dialogut. Osmani ka th\u00ebn\u00eb sot se iniciativa franko-gjermane \u00ebsht\u00eb q\u00eb t\u00eb intensifikohet procesi i dialogut. \u201c\u00c7do iniciativ\u00eb e partner\u00ebve tan\u00eb \u00ebsht\u00eb serioze. Iniciativa \u00ebsht\u00eb q\u00eb t\u00eb intensifikohet procesi i dialogut dhe natyrisht q\u00eb si Franca, si Gjermania kan\u00eb qen\u00eb historikisht partner\u00eb aleat\u00eb [&hellip;]","og_url":"https:\/\/permbledhja.com\/sq\/nisma-franko-gjermane-per-dialogun-flet-presidentja-osmani\/","og_site_name":"Ve\u00e7 artikuj p\u00ebrmbledh\u00ebs","article_publisher":"https:\/\/www.facebook.com\/press07\/","article_author":"https:\/\/www.facebook.com\/kafexhiu.muharrem\/","article_published_time":"2022-10-11T13:24:05+00:00","og_image":[{"width":600,"height":360,"url":"https:\/\/permbledhja.com\/wp-content\/uploads\/2022\/07\/Vjosa-Osmani-600x360-1.jpg","type":"image\/jpeg"}],"author":"P\u00ebrmbledhja","twitter_card":"summary_large_image","twitter_misc":{"Written by":"P\u00ebrmbledhja"},"schema":{"@context":"https:\/\/schema.org","@graph":[{"@type":"Article","@id":"https:\/\/permbledhja.com\/nisma-franko-gjermane-per-dialogun-flet-presidentja-osmani\/#article","isPartOf":{"@id":"https:\/\/permbledhja.com\/nisma-franko-gjermane-per-dialogun-flet-presidentja-osmani\/"},"author":{"name":"P\u00ebrmbledhja","@id":"https:\/\/permbledhja.com\/#\/schema\/person\/0d064377258d3221e50693947b9eb4fe"},"headline":"Nisma franko-gjermane p\u00ebr dialogun &#8211; flet presidentja Osmani","datePublished":"2022-10-11T13:24:05+00:00","dateModified":"2022-10-11T13:24:05+00:00","mainEntityOfPage":{"@id":"https:\/\/permbledhja.com\/nisma-franko-gjermane-per-dialogun-flet-presidentja-osmani\/"},"wordCount":99,"publisher":{"@id":"https:\/\/permbledhja.com\/#organization"},"keywords":["Vjosa Osmani"],"articleSection":["Ballina"],"inLanguage":"sq"},{"@type":"WebPage","@id":"https:\/\/permbledhja.com\/nisma-franko-gjermane-per-dialogun-flet-presidentja-osmani\/","url":"https:\/\/permbledhja.com\/nisma-franko-gjermane-per-dialogun-flet-presidentja-osmani\/","name":"Nisma franko-gjermane p\u00ebr dialogun - flet presidentja Osmani","isPartOf":{"@id":"https:\/\/permbledhja.com\/#website"},"datePublished":"2022-10-11T13:24:05+00:00","dateModified":"2022-10-11T13:24:05+00:00","breadcrumb":{"@id":"https:\/\/permbledhja.com\/nisma-franko-gjermane-per-dialogun-flet-presidentja-osmani\/#breadcrumb"},"inLanguage":"sq","potentialAction":[{"@type":"ReadAction","target":["https:\/\/permbledhja.com\/nisma-franko-gjermane-per-dialogun-flet-presidentja-osmani\/"]}]},{"@type":"BreadcrumbList","@id":"https:\/\/permbledhja.com\/nisma-franko-gjermane-per-dialogun-flet-presidentja-osmani\/#breadcrumb","itemListElement":[{"@type":"ListItem","position":1,"name":"Ballina","item":"https:\/\/permbledhja.com\/sq\/"},{"@type":"ListItem","position":2,"name":"Nisma franko-gjermane p\u00ebr dialogun &#8211; flet presidentja Osmani"}]},{"@type":"WebSite","@id":"https:\/\/permbledhja.com\/#website","url":"https:\/\/permbledhja.com\/","name":"Ve\u00e7 artikuj p\u00ebrmbledh\u00ebs","description":"","publisher":{"@id":"https:\/\/permbledhja.com\/#organization"},"potentialAction":[{"@type":"SearchAction","target":{"@type":"EntryPoint","urlTemplate":"https:\/\/permbledhja.com\/?s={search_term_string}"},"query-input":"required name=search_term_string"}],"inLanguage":"sq"},{"@type":"Organization","@id":"https:\/\/permbledhja.com\/#organization","name":"MK Media & Pr","url":"https:\/\/permbledhja.com\/","logo":{"@type":"ImageObject","inLanguage":"sq","@id":"https:\/\/permbledhja.com\/#\/schema\/logo\/image\/","url":"https:\/\/permbledhja.com\/wp-content\/uploads\/2021\/12\/07-Press-Logo.jpg","contentUrl":"https:\/\/permbledhja.com\/wp-content\/uploads\/2021\/12\/07-Press-Logo.jpg","width":512,"height":512,"caption":"MK Media & Pr"},"image":{"@id":"https:\/\/permbledhja.com\/#\/schema\/logo\/image\/"},"sameAs":["https:\/\/www.facebook.com\/press07\/"]},{"@type":"Person","@id":"https:\/\/permbledhja.com\/#\/schema\/person\/0d064377258d3221e50693947b9eb4fe","name":"P\u00ebrmbledhja","image":{"@type":"ImageObject","inLanguage":"sq","@id":"https:\/\/permbledhja.com\/#\/schema\/person\/image\/","url":"https:\/\/permbledhja.com\/wp-content\/uploads\/2026\/01\/452004717_1040944174702970_8932037511805513407_n-96x96.jpg","contentUrl":"https:\/\/permbledhja.com\/wp-content\/uploads\/2026\/01\/452004717_1040944174702970_8932037511805513407_n-96x96.jpg","caption":"P\u00ebrmbledhja"},"sameAs":["https:\/\/www.facebook.com\/kafexhiu.muharrem\/","https:\/\/www.instagram.com\/muharrem_kafexhiu\/"],"url":"https:\/\/permbledhja.com\/sq\/author\/admin\/"}]}},"_links":{"self":[{"href":"https:\/\/permbledhja.com\/sq\/wp-json\/wp\/v2\/posts\/7381"}],"collection":[{"href":"https:\/\/permbledhja.com\/sq\/wp-json\/wp\/v2\/posts"}],"about":[{"href":"https:\/\/permbledhja.com\/sq\/wp-json\/wp\/v2\/types\/post"}],"author":[{"embeddable":true,"href":"https:\/\/permbledhja.com\/sq\/wp-json\/wp\/v2\/users\/1"}],"replies":[{"embeddable":true,"href":"https:\/\/permbledhja.com\/sq\/wp-json\/wp\/v2\/comments?post=7381"}],"version-history":[{"count":1,"href":"https:\/\/permbledhja.com\/sq\/wp-json\/wp\/v2\/posts\/7381\/revisions"}],"predecessor-version":[{"id":7382,"href":"https:\/\/permbledhja.com\/sq\/wp-json\/wp\/v2\/posts\/7381\/revisions\/7382"}],"wp:featuredmedia":[{"embeddable":true,"href":"https:\/\/permbledhja.com\/sq\/wp-json\/wp\/v2\/media\/831"}],"wp:attachment":[{"href":"https:\/\/permbledhja.com\/sq\/wp-json\/wp\/v2\/media?parent=7381"}],"wp:term":[{"taxonomy":"category","embeddable":true,"href":"https:\/\/permbledhja.com\/sq\/wp-json\/wp\/v2\/categories?post=7381"},{"taxonomy":"post_tag","embeddable":true,"href":"https:\/\/permbledhja.com\/sq\/wp-json\/wp\/v2\/tags?post=7381"}],"curies":[{"name":"wp","href":"https:\/\/api.w.org\/{rel}","templated":true}]}}