{"id":73756,"date":"2025-09-29T09:22:49","date_gmt":"2025-09-29T09:22:49","guid":{"rendered":"https:\/\/permbledhja.com\/?p=73756"},"modified":"2025-09-29T09:22:49","modified_gmt":"2025-09-29T09:22:49","slug":"mos-rrej-si-nuk-te-vjen-turp-eskalon-perplasja-mes-lulzim-pecit-e-prindon-sadriut","status":"publish","type":"post","link":"https:\/\/permbledhja.com\/sq\/mos-rrej-si-nuk-te-vjen-turp-eskalon-perplasja-mes-lulzim-pecit-e-prindon-sadriut\/","title":{"rendered":"\u201cMos rrej\u201d, \u201cSi nuk t\u00eb vjen turp\u201d- Eskalon p\u00ebrplasja mes Lulzim Pecit e Prindon Sadriut"},"content":{"rendered":"<p><strong>\u201cRrjedhimisht, nuk duhet te mashtrohemi nga fotomorgana e fotografive ne New York, pasi perfaqesuesit e establishmentit shteteror te Kosoves nuk kane pasur asnje takim zyrtar bilateral me Administraten e SHBA-ve\u201d. Kjo fjali e ish-diplomatit, Lulzim Peci, i pengoi Zot\u00ebriut t\u00eb Par\u00eb, Prindon Sadriut, ku kaloi n\u00eb fjalosje.<\/strong><\/p>\n<p>Sadriu me an\u00eb t\u00eb nj\u00eb komenti n\u00eb shkrimin e Pecit n\u00eb \u2018Facebook\u2019 i tha \u201cmos rrej\u201d dhe shtoi q\u00eb jan\u00eb realizuar disa bashk\u00ebbisedime formale me shum\u00eb p\u00ebrfaq\u00ebsues t\u00eb administrat\u00ebs aktuale n\u00eb SHBA nga establishmenti kosovar.<\/p>\n<p>\u201c<em>Mos rrej, jane be disa takime e bashkebisedime formale me shume perfaqesues te Administrates, perfshi edhe vet Presidentin Trump<\/em>\u201d, deklaroi Sadriu.<\/p>\n<p><img loading=\"lazy\" decoding=\"async\" class=\"alignnone wp-image-73758 size-full\" src=\"https:\/\/permbledhja.com\/wp-content\/uploads\/2025\/09\/P.S.jpg\" alt=\"\" width=\"653\" height=\"120\" srcset=\"https:\/\/permbledhja.com\/wp-content\/uploads\/2025\/09\/P.S.jpg 653w, https:\/\/permbledhja.com\/wp-content\/uploads\/2025\/09\/P.S-300x55.jpg 300w, https:\/\/permbledhja.com\/wp-content\/uploads\/2025\/09\/P.S-18x3.jpg 18w, https:\/\/permbledhja.com\/wp-content\/uploads\/2025\/09\/P.S-650x120.jpg 650w\" sizes=\"(max-width: 653px) 100vw, 653px\" \/><\/p>\n<p>Peci iu kund\u00ebrp\u00ebrgjigj Sadriut duke e quajtur \u201c<em>profiter t\u00eb lodh\u00ebt<\/em>\u201d.<\/p>\n<p>\u201c<em>Si nuk po te vjen turp! Me kete edhe vet po e deshmon se nuk je as me pak dhe as me shume se nje profiter i lodhet! Ti e dine shume mire se cfare eshte takimi zyrtar, dhe nese nuk e dine pas kaq viteve ne diplomaci, atehere edhe me keq! Mjerim<\/em>\u201d, i tha Peci Sadriut.<\/p>\n<p><img loading=\"lazy\" decoding=\"async\" class=\"alignnone wp-image-73759 size-full\" src=\"https:\/\/permbledhja.com\/wp-content\/uploads\/2025\/09\/LP.jpg\" alt=\"\" width=\"643\" height=\"161\" srcset=\"https:\/\/permbledhja.com\/wp-content\/uploads\/2025\/09\/LP.jpg 643w, https:\/\/permbledhja.com\/wp-content\/uploads\/2025\/09\/LP-300x75.jpg 300w, https:\/\/permbledhja.com\/wp-content\/uploads\/2025\/09\/LP-18x5.jpg 18w\" sizes=\"(max-width: 643px) 100vw, 643px\" \/><\/p>\n<p>Peci n\u00eb postimin e tij b\u00ebri nj\u00eb krahasim mes lider\u00ebve t\u00eb Malit t\u00eb Zi dhe Kosov\u00ebs, ku tha se Milo Gjukanoviq p\u00ebrkund\u00ebr q\u00eb nuk ishte njoh\u00ebs i mir\u00eb i gjuh\u00ebs angleze arriti ta an\u00ebtar\u00ebsonte shtetin e tij n\u00eb NATO. Nd\u00ebrkaq, shtoi se lidershipi aktual p\u00ebrkund\u00ebr q\u00eb jan\u00eb njoh\u00ebs t\u00eb mir\u00eb t\u00eb anglishtes \u201cnuk po kryen pun\u00eb\u201d.<\/p>\n<p><em>Rrjedhimisht, nuk duhet te mashtrohemi nga fotomorgana e fotografive ne New York, pasi perfaqesuesit e establishmentit shteteror te Kosoves nuk kane pasur asnje takim zyrtar bilateral me Administraten e SHBA-ve<\/em>\u201d, tha nd\u00ebr t\u00eb tjera ai, duke iu referuar takimeve t\u00eb presidentes Osmani dhe kryeministrit n\u00eb detyr\u00eb, Albin Kurti, n\u00eb SHBA.<\/p>\n<p><img loading=\"lazy\" decoding=\"async\" class=\"alignnone wp-image-73760 size-full\" src=\"https:\/\/permbledhja.com\/wp-content\/uploads\/2025\/09\/L.P-1.jpg\" alt=\"\" width=\"679\" height=\"397\" srcset=\"https:\/\/permbledhja.com\/wp-content\/uploads\/2025\/09\/L.P-1.jpg 679w, https:\/\/permbledhja.com\/wp-content\/uploads\/2025\/09\/L.P-1-300x175.jpg 300w, https:\/\/permbledhja.com\/wp-content\/uploads\/2025\/09\/L.P-1-18x12.jpg 18w\" sizes=\"(max-width: 679px) 100vw, 679px\" \/><\/p>\n","protected":false},"excerpt":{"rendered":"<p>\u201cRrjedhimisht, nuk duhet te mashtrohemi nga fotomorgana e fotografive ne New York, pasi perfaqesuesit e establishmentit shteteror te Kosoves nuk kane pasur asnje takim zyrtar bilateral me Administraten e SHBA-ve\u201d. Kjo fjali e ish-diplomatit, Lulzim Peci, i pengoi Zot\u00ebriut t\u00eb Par\u00eb, Prindon Sadriut, ku kaloi n\u00eb fjalosje. Sadriu me an\u00eb t\u00eb nj\u00eb komenti n\u00eb shkrimin [&hellip;]<\/p>\n","protected":false},"author":1,"featured_media":73757,"comment_status":"closed","ping_status":"closed","sticky":false,"template":"","format":"standard","meta":{"_monsterinsights_skip_tracking":false,"_monsterinsights_sitenote_active":false,"_monsterinsights_sitenote_note":"","_monsterinsights_sitenote_category":0,"_uf_show_specific_survey":0,"_uf_disable_surveys":false,"footnotes":""},"categories":[3324],"tags":[2608],"yoast_head":"<!-- This site is optimized with the Yoast SEO plugin v21.5 - https:\/\/yoast.com\/wordpress\/plugins\/seo\/ -->\n<title>\u201cMos rrej\u201d, \u201cSi nuk t\u00eb vjen turp\u201d- Eskalon p\u00ebrplasja mes Lulzim Pecit e Prindon Sadriut<\/title>\n<meta name=\"robots\" content=\"index, follow, max-snippet:-1, max-image-preview:large, max-video-preview:-1\" \/>\n<link rel=\"canonical\" href=\"https:\/\/permbledhja.com\/sq\/mos-rrej-si-nuk-te-vjen-turp-eskalon-perplasja-mes-lulzim-pecit-e-prindon-sadriut\/\" \/>\n<meta property=\"og:locale\" content=\"sq_AL\" \/>\n<meta property=\"og:type\" content=\"article\" \/>\n<meta property=\"og:title\" content=\"\u201cMos rrej\u201d, \u201cSi nuk t\u00eb vjen turp\u201d- Eskalon p\u00ebrplasja mes Lulzim Pecit e Prindon Sadriut\" \/>\n<meta property=\"og:description\" content=\"\u201cRrjedhimisht, nuk duhet te mashtrohemi nga fotomorgana e fotografive ne New York, pasi perfaqesuesit e establishmentit shteteror te Kosoves nuk kane pasur asnje takim zyrtar bilateral me Administraten e SHBA-ve\u201d. Kjo fjali e ish-diplomatit, Lulzim Peci, i pengoi Zot\u00ebriut t\u00eb Par\u00eb, Prindon Sadriut, ku kaloi n\u00eb fjalosje. Sadriu me an\u00eb t\u00eb nj\u00eb komenti n\u00eb shkrimin [&hellip;]\" \/>\n<meta property=\"og:url\" content=\"https:\/\/permbledhja.com\/sq\/mos-rrej-si-nuk-te-vjen-turp-eskalon-perplasja-mes-lulzim-pecit-e-prindon-sadriut\/\" \/>\n<meta property=\"og:site_name\" content=\"Ve\u00e7 artikuj p\u00ebrmbledh\u00ebs\" \/>\n<meta property=\"article:publisher\" content=\"https:\/\/www.facebook.com\/press07\/\" \/>\n<meta property=\"article:author\" content=\"https:\/\/www.facebook.com\/kafexhiu.muharrem\/\" \/>\n<meta property=\"article:published_time\" content=\"2025-09-29T09:22:49+00:00\" \/>\n<meta property=\"og:image\" content=\"https:\/\/permbledhja.com\/wp-content\/uploads\/2025\/09\/FB_IMG_1759134616581-1042x580-1.jpg\" \/>\n\t<meta property=\"og:image:width\" content=\"1042\" \/>\n\t<meta property=\"og:image:height\" content=\"580\" \/>\n\t<meta property=\"og:image:type\" content=\"image\/jpeg\" \/>\n<meta name=\"author\" content=\"P\u00ebrmbledhja\" \/>\n<meta name=\"twitter:card\" content=\"summary_large_image\" \/>\n<meta name=\"twitter:label1\" content=\"Written by\" \/>\n\t<meta name=\"twitter:data1\" content=\"P\u00ebrmbledhja\" \/>\n\t<meta name=\"twitter:label2\" content=\"Est. reading time\" \/>\n\t<meta name=\"twitter:data2\" content=\"3 minuta\" \/>\n<script type=\"application\/ld+json\" class=\"yoast-schema-graph\">{\"@context\":\"https:\/\/schema.org\",\"@graph\":[{\"@type\":\"Article\",\"@id\":\"https:\/\/permbledhja.com\/mos-rrej-si-nuk-te-vjen-turp-eskalon-perplasja-mes-lulzim-pecit-e-prindon-sadriut\/#article\",\"isPartOf\":{\"@id\":\"https:\/\/permbledhja.com\/mos-rrej-si-nuk-te-vjen-turp-eskalon-perplasja-mes-lulzim-pecit-e-prindon-sadriut\/\"},\"author\":{\"name\":\"P\u00ebrmbledhja\",\"@id\":\"https:\/\/permbledhja.com\/#\/schema\/person\/0d064377258d3221e50693947b9eb4fe\"},\"headline\":\"\u201cMos rrej\u201d, \u201cSi nuk t\u00eb vjen turp\u201d- Eskalon p\u00ebrplasja mes Lulzim Pecit e Prindon Sadriut\",\"datePublished\":\"2025-09-29T09:22:49+00:00\",\"dateModified\":\"2025-09-29T09:22:49+00:00\",\"mainEntityOfPage\":{\"@id\":\"https:\/\/permbledhja.com\/mos-rrej-si-nuk-te-vjen-turp-eskalon-perplasja-mes-lulzim-pecit-e-prindon-sadriut\/\"},\"wordCount\":315,\"publisher\":{\"@id\":\"https:\/\/permbledhja.com\/#organization\"},\"keywords\":[\"P\u00ebrplasje\"],\"articleSection\":[\"Dyt\u00ebsore\"],\"inLanguage\":\"sq\"},{\"@type\":\"WebPage\",\"@id\":\"https:\/\/permbledhja.com\/mos-rrej-si-nuk-te-vjen-turp-eskalon-perplasja-mes-lulzim-pecit-e-prindon-sadriut\/\",\"url\":\"https:\/\/permbledhja.com\/mos-rrej-si-nuk-te-vjen-turp-eskalon-perplasja-mes-lulzim-pecit-e-prindon-sadriut\/\",\"name\":\"\u201cMos rrej\u201d, \u201cSi nuk t\u00eb vjen turp\u201d- Eskalon p\u00ebrplasja mes Lulzim Pecit e Prindon Sadriut\",\"isPartOf\":{\"@id\":\"https:\/\/permbledhja.com\/#website\"},\"datePublished\":\"2025-09-29T09:22:49+00:00\",\"dateModified\":\"2025-09-29T09:22:49+00:00\",\"breadcrumb\":{\"@id\":\"https:\/\/permbledhja.com\/mos-rrej-si-nuk-te-vjen-turp-eskalon-perplasja-mes-lulzim-pecit-e-prindon-sadriut\/#breadcrumb\"},\"inLanguage\":\"sq\",\"potentialAction\":[{\"@type\":\"ReadAction\",\"target\":[\"https:\/\/permbledhja.com\/mos-rrej-si-nuk-te-vjen-turp-eskalon-perplasja-mes-lulzim-pecit-e-prindon-sadriut\/\"]}]},{\"@type\":\"BreadcrumbList\",\"@id\":\"https:\/\/permbledhja.com\/mos-rrej-si-nuk-te-vjen-turp-eskalon-perplasja-mes-lulzim-pecit-e-prindon-sadriut\/#breadcrumb\",\"itemListElement\":[{\"@type\":\"ListItem\",\"position\":1,\"name\":\"Ballina\",\"item\":\"https:\/\/permbledhja.com\/sq\/\"},{\"@type\":\"ListItem\",\"position\":2,\"name\":\"\u201cMos rrej\u201d, \u201cSi nuk t\u00eb vjen turp\u201d- Eskalon p\u00ebrplasja mes Lulzim Pecit e Prindon Sadriut\"}]},{\"@type\":\"WebSite\",\"@id\":\"https:\/\/permbledhja.com\/#website\",\"url\":\"https:\/\/permbledhja.com\/\",\"name\":\"Ve\u00e7 artikuj p\u00ebrmbledh\u00ebs\",\"description\":\"\",\"publisher\":{\"@id\":\"https:\/\/permbledhja.com\/#organization\"},\"potentialAction\":[{\"@type\":\"SearchAction\",\"target\":{\"@type\":\"EntryPoint\",\"urlTemplate\":\"https:\/\/permbledhja.com\/?s={search_term_string}\"},\"query-input\":\"required name=search_term_string\"}],\"inLanguage\":\"sq\"},{\"@type\":\"Organization\",\"@id\":\"https:\/\/permbledhja.com\/#organization\",\"name\":\"MK Media & Pr\",\"url\":\"https:\/\/permbledhja.com\/\",\"logo\":{\"@type\":\"ImageObject\",\"inLanguage\":\"sq\",\"@id\":\"https:\/\/permbledhja.com\/#\/schema\/logo\/image\/\",\"url\":\"https:\/\/permbledhja.com\/wp-content\/uploads\/2021\/12\/07-Press-Logo.jpg\",\"contentUrl\":\"https:\/\/permbledhja.com\/wp-content\/uploads\/2021\/12\/07-Press-Logo.jpg\",\"width\":512,\"height\":512,\"caption\":\"MK Media & Pr\"},\"image\":{\"@id\":\"https:\/\/permbledhja.com\/#\/schema\/logo\/image\/\"},\"sameAs\":[\"https:\/\/www.facebook.com\/press07\/\"]},{\"@type\":\"Person\",\"@id\":\"https:\/\/permbledhja.com\/#\/schema\/person\/0d064377258d3221e50693947b9eb4fe\",\"name\":\"P\u00ebrmbledhja\",\"image\":{\"@type\":\"ImageObject\",\"inLanguage\":\"sq\",\"@id\":\"https:\/\/permbledhja.com\/#\/schema\/person\/image\/\",\"url\":\"https:\/\/permbledhja.com\/wp-content\/uploads\/2026\/01\/452004717_1040944174702970_8932037511805513407_n-96x96.jpg\",\"contentUrl\":\"https:\/\/permbledhja.com\/wp-content\/uploads\/2026\/01\/452004717_1040944174702970_8932037511805513407_n-96x96.jpg\",\"caption\":\"P\u00ebrmbledhja\"},\"sameAs\":[\"https:\/\/www.facebook.com\/kafexhiu.muharrem\/\",\"https:\/\/www.instagram.com\/muharrem_kafexhiu\/\"],\"url\":\"https:\/\/permbledhja.com\/sq\/author\/admin\/\"}]}<\/script>\n<!-- \/ Yoast SEO plugin. -->","yoast_head_json":{"title":"\u201cMos rrej\u201d, \u201cSi nuk t\u00eb vjen turp\u201d- Eskalon p\u00ebrplasja mes Lulzim Pecit e Prindon Sadriut","robots":{"index":"index","follow":"follow","max-snippet":"max-snippet:-1","max-image-preview":"max-image-preview:large","max-video-preview":"max-video-preview:-1"},"canonical":"https:\/\/permbledhja.com\/sq\/mos-rrej-si-nuk-te-vjen-turp-eskalon-perplasja-mes-lulzim-pecit-e-prindon-sadriut\/","og_locale":"sq_AL","og_type":"article","og_title":"\u201cMos rrej\u201d, \u201cSi nuk t\u00eb vjen turp\u201d- Eskalon p\u00ebrplasja mes Lulzim Pecit e Prindon Sadriut","og_description":"\u201cRrjedhimisht, nuk duhet te mashtrohemi nga fotomorgana e fotografive ne New York, pasi perfaqesuesit e establishmentit shteteror te Kosoves nuk kane pasur asnje takim zyrtar bilateral me Administraten e SHBA-ve\u201d. Kjo fjali e ish-diplomatit, Lulzim Peci, i pengoi Zot\u00ebriut t\u00eb Par\u00eb, Prindon Sadriut, ku kaloi n\u00eb fjalosje. Sadriu me an\u00eb t\u00eb nj\u00eb komenti n\u00eb shkrimin [&hellip;]","og_url":"https:\/\/permbledhja.com\/sq\/mos-rrej-si-nuk-te-vjen-turp-eskalon-perplasja-mes-lulzim-pecit-e-prindon-sadriut\/","og_site_name":"Ve\u00e7 artikuj p\u00ebrmbledh\u00ebs","article_publisher":"https:\/\/www.facebook.com\/press07\/","article_author":"https:\/\/www.facebook.com\/kafexhiu.muharrem\/","article_published_time":"2025-09-29T09:22:49+00:00","og_image":[{"width":1042,"height":580,"url":"https:\/\/permbledhja.com\/wp-content\/uploads\/2025\/09\/FB_IMG_1759134616581-1042x580-1.jpg","type":"image\/jpeg"}],"author":"P\u00ebrmbledhja","twitter_card":"summary_large_image","twitter_misc":{"Written by":"P\u00ebrmbledhja","Est. reading time":"3 minuta"},"schema":{"@context":"https:\/\/schema.org","@graph":[{"@type":"Article","@id":"https:\/\/permbledhja.com\/mos-rrej-si-nuk-te-vjen-turp-eskalon-perplasja-mes-lulzim-pecit-e-prindon-sadriut\/#article","isPartOf":{"@id":"https:\/\/permbledhja.com\/mos-rrej-si-nuk-te-vjen-turp-eskalon-perplasja-mes-lulzim-pecit-e-prindon-sadriut\/"},"author":{"name":"P\u00ebrmbledhja","@id":"https:\/\/permbledhja.com\/#\/schema\/person\/0d064377258d3221e50693947b9eb4fe"},"headline":"\u201cMos rrej\u201d, \u201cSi nuk t\u00eb vjen turp\u201d- Eskalon p\u00ebrplasja mes Lulzim Pecit e Prindon Sadriut","datePublished":"2025-09-29T09:22:49+00:00","dateModified":"2025-09-29T09:22:49+00:00","mainEntityOfPage":{"@id":"https:\/\/permbledhja.com\/mos-rrej-si-nuk-te-vjen-turp-eskalon-perplasja-mes-lulzim-pecit-e-prindon-sadriut\/"},"wordCount":315,"publisher":{"@id":"https:\/\/permbledhja.com\/#organization"},"keywords":["P\u00ebrplasje"],"articleSection":["Dyt\u00ebsore"],"inLanguage":"sq"},{"@type":"WebPage","@id":"https:\/\/permbledhja.com\/mos-rrej-si-nuk-te-vjen-turp-eskalon-perplasja-mes-lulzim-pecit-e-prindon-sadriut\/","url":"https:\/\/permbledhja.com\/mos-rrej-si-nuk-te-vjen-turp-eskalon-perplasja-mes-lulzim-pecit-e-prindon-sadriut\/","name":"\u201cMos rrej\u201d, \u201cSi nuk t\u00eb vjen turp\u201d- Eskalon p\u00ebrplasja mes Lulzim Pecit e Prindon Sadriut","isPartOf":{"@id":"https:\/\/permbledhja.com\/#website"},"datePublished":"2025-09-29T09:22:49+00:00","dateModified":"2025-09-29T09:22:49+00:00","breadcrumb":{"@id":"https:\/\/permbledhja.com\/mos-rrej-si-nuk-te-vjen-turp-eskalon-perplasja-mes-lulzim-pecit-e-prindon-sadriut\/#breadcrumb"},"inLanguage":"sq","potentialAction":[{"@type":"ReadAction","target":["https:\/\/permbledhja.com\/mos-rrej-si-nuk-te-vjen-turp-eskalon-perplasja-mes-lulzim-pecit-e-prindon-sadriut\/"]}]},{"@type":"BreadcrumbList","@id":"https:\/\/permbledhja.com\/mos-rrej-si-nuk-te-vjen-turp-eskalon-perplasja-mes-lulzim-pecit-e-prindon-sadriut\/#breadcrumb","itemListElement":[{"@type":"ListItem","position":1,"name":"Ballina","item":"https:\/\/permbledhja.com\/sq\/"},{"@type":"ListItem","position":2,"name":"\u201cMos rrej\u201d, \u201cSi nuk t\u00eb vjen turp\u201d- Eskalon p\u00ebrplasja mes Lulzim Pecit e Prindon Sadriut"}]},{"@type":"WebSite","@id":"https:\/\/permbledhja.com\/#website","url":"https:\/\/permbledhja.com\/","name":"Ve\u00e7 artikuj p\u00ebrmbledh\u00ebs","description":"","publisher":{"@id":"https:\/\/permbledhja.com\/#organization"},"potentialAction":[{"@type":"SearchAction","target":{"@type":"EntryPoint","urlTemplate":"https:\/\/permbledhja.com\/?s={search_term_string}"},"query-input":"required name=search_term_string"}],"inLanguage":"sq"},{"@type":"Organization","@id":"https:\/\/permbledhja.com\/#organization","name":"MK Media & Pr","url":"https:\/\/permbledhja.com\/","logo":{"@type":"ImageObject","inLanguage":"sq","@id":"https:\/\/permbledhja.com\/#\/schema\/logo\/image\/","url":"https:\/\/permbledhja.com\/wp-content\/uploads\/2021\/12\/07-Press-Logo.jpg","contentUrl":"https:\/\/permbledhja.com\/wp-content\/uploads\/2021\/12\/07-Press-Logo.jpg","width":512,"height":512,"caption":"MK Media & Pr"},"image":{"@id":"https:\/\/permbledhja.com\/#\/schema\/logo\/image\/"},"sameAs":["https:\/\/www.facebook.com\/press07\/"]},{"@type":"Person","@id":"https:\/\/permbledhja.com\/#\/schema\/person\/0d064377258d3221e50693947b9eb4fe","name":"P\u00ebrmbledhja","image":{"@type":"ImageObject","inLanguage":"sq","@id":"https:\/\/permbledhja.com\/#\/schema\/person\/image\/","url":"https:\/\/permbledhja.com\/wp-content\/uploads\/2026\/01\/452004717_1040944174702970_8932037511805513407_n-96x96.jpg","contentUrl":"https:\/\/permbledhja.com\/wp-content\/uploads\/2026\/01\/452004717_1040944174702970_8932037511805513407_n-96x96.jpg","caption":"P\u00ebrmbledhja"},"sameAs":["https:\/\/www.facebook.com\/kafexhiu.muharrem\/","https:\/\/www.instagram.com\/muharrem_kafexhiu\/"],"url":"https:\/\/permbledhja.com\/sq\/author\/admin\/"}]}},"_links":{"self":[{"href":"https:\/\/permbledhja.com\/sq\/wp-json\/wp\/v2\/posts\/73756"}],"collection":[{"href":"https:\/\/permbledhja.com\/sq\/wp-json\/wp\/v2\/posts"}],"about":[{"href":"https:\/\/permbledhja.com\/sq\/wp-json\/wp\/v2\/types\/post"}],"author":[{"embeddable":true,"href":"https:\/\/permbledhja.com\/sq\/wp-json\/wp\/v2\/users\/1"}],"replies":[{"embeddable":true,"href":"https:\/\/permbledhja.com\/sq\/wp-json\/wp\/v2\/comments?post=73756"}],"version-history":[{"count":1,"href":"https:\/\/permbledhja.com\/sq\/wp-json\/wp\/v2\/posts\/73756\/revisions"}],"predecessor-version":[{"id":73761,"href":"https:\/\/permbledhja.com\/sq\/wp-json\/wp\/v2\/posts\/73756\/revisions\/73761"}],"wp:featuredmedia":[{"embeddable":true,"href":"https:\/\/permbledhja.com\/sq\/wp-json\/wp\/v2\/media\/73757"}],"wp:attachment":[{"href":"https:\/\/permbledhja.com\/sq\/wp-json\/wp\/v2\/media?parent=73756"}],"wp:term":[{"taxonomy":"category","embeddable":true,"href":"https:\/\/permbledhja.com\/sq\/wp-json\/wp\/v2\/categories?post=73756"},{"taxonomy":"post_tag","embeddable":true,"href":"https:\/\/permbledhja.com\/sq\/wp-json\/wp\/v2\/tags?post=73756"}],"curies":[{"name":"wp","href":"https:\/\/api.w.org\/{rel}","templated":true}]}}