{"id":73574,"date":"2025-09-25T07:36:49","date_gmt":"2025-09-25T07:36:49","guid":{"rendered":"https:\/\/permbledhja.com\/?p=73574"},"modified":"2025-09-25T09:44:09","modified_gmt":"2025-09-25T09:44:09","slug":"begaj-ne-okb-kosova-e-meriton-vendin-ne1","status":"publish","type":"post","link":"https:\/\/permbledhja.com\/sq\/begaj-ne-okb-kosova-e-meriton-vendin-ne1\/","title":{"rendered":"Begaj n\u00eb OKB: Kosova e meriton vendin n\u00eb Asamble"},"content":{"rendered":"<p><strong>Presidenti i Shqip\u00ebris\u00eb, Bajram Begaj, n\u00eb fjalimin e tij n\u00eb debatin e p\u00ebrgjithsh\u00ebm t\u00eb Asambles\u00eb s\u00eb Kombeve t\u00eb Bashkuara n\u00eb Nju Jork, vuri theksin te roli i Kosov\u00ebs si kontribuuese e paqes dhe dialogut n\u00eb Ballkanin Per\u00ebndimor.<\/strong><\/p>\n<p>Ai tha se 17 vjet pas shpalljes s\u00eb pavar\u00ebsis\u00eb, Kosova ka d\u00ebshmuar me vepra se \u00ebsht\u00eb nj\u00eb an\u00ebtare e p\u00ebrgjegjshme e komunitetit nd\u00ebrkomb\u00ebtar, e p\u00ebrkushtuar ndaj stabilitetit dhe vlerave demokratike.<\/p>\n<p>\u201c<em>Megjithat\u00eb, vendi i Kosov\u00ebs n\u00eb k\u00ebt\u00eb Asamble mbetet padrejt\u00ebsisht bosh. Njohja e pavar\u00ebsis\u00eb s\u00eb saj dhe mb\u00ebshtetja p\u00ebr an\u00ebtar\u00ebsimin n\u00eb OKB dhe organizatat e tjera nd\u00ebrkomb\u00ebtare \u00ebsht\u00eb nj\u00eb akt drejt\u00ebsie ndaj popullit t\u00eb Kosov\u00ebs dhe nj\u00eb hap q\u00eb forcon paqen e sigurin\u00eb n\u00eb Ballkanin Per\u00ebndimor,<\/em>\u201d u shpreh Begaj.<\/p>\n<p>Ai k\u00ebrkoi gjithashtu respektimin e t\u00eb drejtave dhe lirive t\u00eb shqiptar\u00ebve t\u00eb Lugin\u00ebs s\u00eb Preshev\u00ebs, integrimin e tyre, p\u00ebrdorimin e gjuh\u00ebs shqipe dhe mbrojtjen e identitetit e kultur\u00ebs s\u00eb tyre.<\/p>\n<p>Presidenti Begaj theksoi se Shqip\u00ebria promovon aktivisht dialogun, marr\u00ebdh\u00ebniet e fqinj\u00ebsis\u00eb s\u00eb mir\u00eb dhe integrimin rajonal si rruga e vetme drejt stabilitetit dhe prosperitetit t\u00eb q\u00ebndruesh\u00ebm.<\/p>\n<p>\u201c<em>Vizioni yn\u00eb \u00ebsht\u00eb integrimi, zhvillimi i q\u00ebndruesh\u00ebm dhe ruajtja e vlerave demokratike. E ardhmja e rajonit ton\u00eb q\u00ebndron te bashk\u00ebpunimi, jo konflikti<\/em>,\u201d tha ai.<\/p>\n<p>N\u00eb vijim, Kreu i Shtetit kujtoi udh\u00ebtimin e Shqip\u00ebris\u00eb nga izolimi tek integrimi euroatlantik dhe theksoi p\u00ebrkushtimin p\u00ebr p\u00ebrfundimin e negociatave t\u00eb an\u00ebtar\u00ebsimit n\u00eb BE n\u00eb vitin 2027 dhe an\u00ebtar\u00ebsimin e plot\u00eb deri n\u00eb vitin 2030.<\/p>\n<p>Begaj n\u00ebnvizoi gjithashtu p\u00ebrparimet e Shqip\u00ebris\u00eb n\u00eb energjin\u00eb e past\u00ebr, mbrojtjen nga ndryshimet klimatike, transformimin digjital, arsimin, sh\u00ebndet\u00ebsin\u00eb dhe barazin\u00eb gjinore, duke e konsideruar gjith\u00ebp\u00ebrfshirjen si rrug\u00ebn e vetme drejt zhvillimit t\u00eb q\u00ebndruesh\u00ebm.<\/p>\n<p>Ai kujtoi angazhimin e Shqip\u00ebris\u00eb n\u00eb \u201cPaktin p\u00ebr t\u00eb Ardhmen\u201d dhe theksoi se \u00ebsht\u00eb koha q\u00eb fjal\u00ebt t\u00eb kthehen n\u00eb vepra p\u00ebr paqen, sigurin\u00eb, klim\u00ebn, bashk\u00ebpunimin digjital dhe t\u00eb drejtat e njeriut. \u201cShqip\u00ebria do t\u00eb jap\u00eb shembullin duke e p\u00ebrfshir\u00eb Paktin n\u00eb Rishikimin ton\u00eb Vullnetar Komb\u00ebtar,\u201d theksoi presidenti Begaj.<\/p>\n","protected":false},"excerpt":{"rendered":"<p>Presidenti i Shqip\u00ebris\u00eb, Bajram Begaj, n\u00eb fjalimin e tij n\u00eb debatin e p\u00ebrgjithsh\u00ebm t\u00eb Asambles\u00eb s\u00eb Kombeve t\u00eb Bashkuara n\u00eb Nju Jork, vuri theksin te roli i Kosov\u00ebs si kontribuuese e paqes dhe dialogut n\u00eb Ballkanin Per\u00ebndimor. Ai tha se 17 vjet pas shpalljes s\u00eb pavar\u00ebsis\u00eb, Kosova ka d\u00ebshmuar me vepra se \u00ebsht\u00eb nj\u00eb an\u00ebtare [&hellip;]<\/p>\n","protected":false},"author":1,"featured_media":73576,"comment_status":"closed","ping_status":"closed","sticky":false,"template":"","format":"standard","meta":{"_monsterinsights_skip_tracking":false,"_monsterinsights_sitenote_active":false,"_monsterinsights_sitenote_note":"","_monsterinsights_sitenote_category":0,"_uf_show_specific_survey":0,"_uf_disable_surveys":false,"footnotes":""},"categories":[2645],"tags":[672],"yoast_head":"<!-- This site is optimized with the Yoast SEO plugin v21.5 - https:\/\/yoast.com\/wordpress\/plugins\/seo\/ -->\n<title>Begaj n\u00eb OKB: Kosova e meriton vendin n\u00eb Asamble<\/title>\n<meta name=\"robots\" content=\"index, follow, max-snippet:-1, max-image-preview:large, max-video-preview:-1\" \/>\n<link rel=\"canonical\" href=\"https:\/\/permbledhja.com\/sq\/begaj-ne-okb-kosova-e-meriton-vendin-ne1\/\" \/>\n<meta property=\"og:locale\" content=\"sq_AL\" \/>\n<meta property=\"og:type\" content=\"article\" \/>\n<meta property=\"og:title\" content=\"Begaj n\u00eb OKB: Kosova e meriton vendin n\u00eb Asamble\" \/>\n<meta property=\"og:description\" content=\"Presidenti i Shqip\u00ebris\u00eb, Bajram Begaj, n\u00eb fjalimin e tij n\u00eb debatin e p\u00ebrgjithsh\u00ebm t\u00eb Asambles\u00eb s\u00eb Kombeve t\u00eb Bashkuara n\u00eb Nju Jork, vuri theksin te roli i Kosov\u00ebs si kontribuuese e paqes dhe dialogut n\u00eb Ballkanin Per\u00ebndimor. Ai tha se 17 vjet pas shpalljes s\u00eb pavar\u00ebsis\u00eb, Kosova ka d\u00ebshmuar me vepra se \u00ebsht\u00eb nj\u00eb an\u00ebtare [&hellip;]\" \/>\n<meta property=\"og:url\" content=\"https:\/\/permbledhja.com\/sq\/begaj-ne-okb-kosova-e-meriton-vendin-ne1\/\" \/>\n<meta property=\"og:site_name\" content=\"Ve\u00e7 artikuj p\u00ebrmbledh\u00ebs\" \/>\n<meta property=\"article:publisher\" content=\"https:\/\/www.facebook.com\/press07\/\" \/>\n<meta property=\"article:author\" content=\"https:\/\/www.facebook.com\/kafexhiu.muharrem\/\" \/>\n<meta property=\"article:published_time\" content=\"2025-09-25T07:36:49+00:00\" \/>\n<meta property=\"article:modified_time\" content=\"2025-09-25T09:44:09+00:00\" \/>\n<meta property=\"og:image\" content=\"https:\/\/permbledhja.com\/wp-content\/uploads\/2025\/09\/IMG_4149.jpeg\" \/>\n\t<meta property=\"og:image:width\" content=\"600\" \/>\n\t<meta property=\"og:image:height\" content=\"360\" \/>\n\t<meta property=\"og:image:type\" content=\"image\/jpeg\" \/>\n<meta name=\"author\" content=\"P\u00ebrmbledhja\" \/>\n<meta name=\"twitter:card\" content=\"summary_large_image\" \/>\n<meta name=\"twitter:label1\" content=\"Written by\" \/>\n\t<meta name=\"twitter:data1\" content=\"P\u00ebrmbledhja\" \/>\n\t<meta name=\"twitter:label2\" content=\"Est. reading time\" \/>\n\t<meta name=\"twitter:data2\" content=\"2 minuta\" \/>\n<script type=\"application\/ld+json\" class=\"yoast-schema-graph\">{\"@context\":\"https:\/\/schema.org\",\"@graph\":[{\"@type\":\"Article\",\"@id\":\"https:\/\/permbledhja.com\/begaj-ne-okb-kosova-e-meriton-vendin-ne1\/#article\",\"isPartOf\":{\"@id\":\"https:\/\/permbledhja.com\/begaj-ne-okb-kosova-e-meriton-vendin-ne1\/\"},\"author\":{\"name\":\"P\u00ebrmbledhja\",\"@id\":\"https:\/\/permbledhja.com\/#\/schema\/person\/0d064377258d3221e50693947b9eb4fe\"},\"headline\":\"Begaj n\u00eb OKB: Kosova e meriton vendin n\u00eb Asamble\",\"datePublished\":\"2025-09-25T07:36:49+00:00\",\"dateModified\":\"2025-09-25T09:44:09+00:00\",\"mainEntityOfPage\":{\"@id\":\"https:\/\/permbledhja.com\/begaj-ne-okb-kosova-e-meriton-vendin-ne1\/\"},\"wordCount\":390,\"publisher\":{\"@id\":\"https:\/\/permbledhja.com\/#organization\"},\"keywords\":[\"Bajram Begaj\"],\"articleSection\":[\"T\u00eb r\u00ebnd\u00ebsishme\"],\"inLanguage\":\"sq\"},{\"@type\":\"WebPage\",\"@id\":\"https:\/\/permbledhja.com\/begaj-ne-okb-kosova-e-meriton-vendin-ne1\/\",\"url\":\"https:\/\/permbledhja.com\/begaj-ne-okb-kosova-e-meriton-vendin-ne1\/\",\"name\":\"Begaj n\u00eb OKB: Kosova e meriton vendin n\u00eb Asamble\",\"isPartOf\":{\"@id\":\"https:\/\/permbledhja.com\/#website\"},\"datePublished\":\"2025-09-25T07:36:49+00:00\",\"dateModified\":\"2025-09-25T09:44:09+00:00\",\"breadcrumb\":{\"@id\":\"https:\/\/permbledhja.com\/begaj-ne-okb-kosova-e-meriton-vendin-ne1\/#breadcrumb\"},\"inLanguage\":\"sq\",\"potentialAction\":[{\"@type\":\"ReadAction\",\"target\":[\"https:\/\/permbledhja.com\/begaj-ne-okb-kosova-e-meriton-vendin-ne1\/\"]}]},{\"@type\":\"BreadcrumbList\",\"@id\":\"https:\/\/permbledhja.com\/begaj-ne-okb-kosova-e-meriton-vendin-ne1\/#breadcrumb\",\"itemListElement\":[{\"@type\":\"ListItem\",\"position\":1,\"name\":\"Ballina\",\"item\":\"https:\/\/permbledhja.com\/sq\/\"},{\"@type\":\"ListItem\",\"position\":2,\"name\":\"Begaj n\u00eb OKB: Kosova e meriton vendin n\u00eb Asamble\"}]},{\"@type\":\"WebSite\",\"@id\":\"https:\/\/permbledhja.com\/#website\",\"url\":\"https:\/\/permbledhja.com\/\",\"name\":\"Ve\u00e7 artikuj p\u00ebrmbledh\u00ebs\",\"description\":\"\",\"publisher\":{\"@id\":\"https:\/\/permbledhja.com\/#organization\"},\"potentialAction\":[{\"@type\":\"SearchAction\",\"target\":{\"@type\":\"EntryPoint\",\"urlTemplate\":\"https:\/\/permbledhja.com\/?s={search_term_string}\"},\"query-input\":\"required name=search_term_string\"}],\"inLanguage\":\"sq\"},{\"@type\":\"Organization\",\"@id\":\"https:\/\/permbledhja.com\/#organization\",\"name\":\"MK Media & Pr\",\"url\":\"https:\/\/permbledhja.com\/\",\"logo\":{\"@type\":\"ImageObject\",\"inLanguage\":\"sq\",\"@id\":\"https:\/\/permbledhja.com\/#\/schema\/logo\/image\/\",\"url\":\"https:\/\/permbledhja.com\/wp-content\/uploads\/2021\/12\/07-Press-Logo.jpg\",\"contentUrl\":\"https:\/\/permbledhja.com\/wp-content\/uploads\/2021\/12\/07-Press-Logo.jpg\",\"width\":512,\"height\":512,\"caption\":\"MK Media & Pr\"},\"image\":{\"@id\":\"https:\/\/permbledhja.com\/#\/schema\/logo\/image\/\"},\"sameAs\":[\"https:\/\/www.facebook.com\/press07\/\"]},{\"@type\":\"Person\",\"@id\":\"https:\/\/permbledhja.com\/#\/schema\/person\/0d064377258d3221e50693947b9eb4fe\",\"name\":\"P\u00ebrmbledhja\",\"image\":{\"@type\":\"ImageObject\",\"inLanguage\":\"sq\",\"@id\":\"https:\/\/permbledhja.com\/#\/schema\/person\/image\/\",\"url\":\"https:\/\/permbledhja.com\/wp-content\/uploads\/2026\/01\/452004717_1040944174702970_8932037511805513407_n-96x96.jpg\",\"contentUrl\":\"https:\/\/permbledhja.com\/wp-content\/uploads\/2026\/01\/452004717_1040944174702970_8932037511805513407_n-96x96.jpg\",\"caption\":\"P\u00ebrmbledhja\"},\"sameAs\":[\"https:\/\/www.facebook.com\/kafexhiu.muharrem\/\",\"https:\/\/www.instagram.com\/muharrem_kafexhiu\/\"],\"url\":\"https:\/\/permbledhja.com\/sq\/author\/admin\/\"}]}<\/script>\n<!-- \/ Yoast SEO plugin. -->","yoast_head_json":{"title":"Begaj n\u00eb OKB: Kosova e meriton vendin n\u00eb Asamble","robots":{"index":"index","follow":"follow","max-snippet":"max-snippet:-1","max-image-preview":"max-image-preview:large","max-video-preview":"max-video-preview:-1"},"canonical":"https:\/\/permbledhja.com\/sq\/begaj-ne-okb-kosova-e-meriton-vendin-ne1\/","og_locale":"sq_AL","og_type":"article","og_title":"Begaj n\u00eb OKB: Kosova e meriton vendin n\u00eb Asamble","og_description":"Presidenti i Shqip\u00ebris\u00eb, Bajram Begaj, n\u00eb fjalimin e tij n\u00eb debatin e p\u00ebrgjithsh\u00ebm t\u00eb Asambles\u00eb s\u00eb Kombeve t\u00eb Bashkuara n\u00eb Nju Jork, vuri theksin te roli i Kosov\u00ebs si kontribuuese e paqes dhe dialogut n\u00eb Ballkanin Per\u00ebndimor. Ai tha se 17 vjet pas shpalljes s\u00eb pavar\u00ebsis\u00eb, Kosova ka d\u00ebshmuar me vepra se \u00ebsht\u00eb nj\u00eb an\u00ebtare [&hellip;]","og_url":"https:\/\/permbledhja.com\/sq\/begaj-ne-okb-kosova-e-meriton-vendin-ne1\/","og_site_name":"Ve\u00e7 artikuj p\u00ebrmbledh\u00ebs","article_publisher":"https:\/\/www.facebook.com\/press07\/","article_author":"https:\/\/www.facebook.com\/kafexhiu.muharrem\/","article_published_time":"2025-09-25T07:36:49+00:00","article_modified_time":"2025-09-25T09:44:09+00:00","og_image":[{"width":600,"height":360,"url":"https:\/\/permbledhja.com\/wp-content\/uploads\/2025\/09\/IMG_4149.jpeg","type":"image\/jpeg"}],"author":"P\u00ebrmbledhja","twitter_card":"summary_large_image","twitter_misc":{"Written by":"P\u00ebrmbledhja","Est. reading time":"2 minuta"},"schema":{"@context":"https:\/\/schema.org","@graph":[{"@type":"Article","@id":"https:\/\/permbledhja.com\/begaj-ne-okb-kosova-e-meriton-vendin-ne1\/#article","isPartOf":{"@id":"https:\/\/permbledhja.com\/begaj-ne-okb-kosova-e-meriton-vendin-ne1\/"},"author":{"name":"P\u00ebrmbledhja","@id":"https:\/\/permbledhja.com\/#\/schema\/person\/0d064377258d3221e50693947b9eb4fe"},"headline":"Begaj n\u00eb OKB: Kosova e meriton vendin n\u00eb Asamble","datePublished":"2025-09-25T07:36:49+00:00","dateModified":"2025-09-25T09:44:09+00:00","mainEntityOfPage":{"@id":"https:\/\/permbledhja.com\/begaj-ne-okb-kosova-e-meriton-vendin-ne1\/"},"wordCount":390,"publisher":{"@id":"https:\/\/permbledhja.com\/#organization"},"keywords":["Bajram Begaj"],"articleSection":["T\u00eb r\u00ebnd\u00ebsishme"],"inLanguage":"sq"},{"@type":"WebPage","@id":"https:\/\/permbledhja.com\/begaj-ne-okb-kosova-e-meriton-vendin-ne1\/","url":"https:\/\/permbledhja.com\/begaj-ne-okb-kosova-e-meriton-vendin-ne1\/","name":"Begaj n\u00eb OKB: Kosova e meriton vendin n\u00eb Asamble","isPartOf":{"@id":"https:\/\/permbledhja.com\/#website"},"datePublished":"2025-09-25T07:36:49+00:00","dateModified":"2025-09-25T09:44:09+00:00","breadcrumb":{"@id":"https:\/\/permbledhja.com\/begaj-ne-okb-kosova-e-meriton-vendin-ne1\/#breadcrumb"},"inLanguage":"sq","potentialAction":[{"@type":"ReadAction","target":["https:\/\/permbledhja.com\/begaj-ne-okb-kosova-e-meriton-vendin-ne1\/"]}]},{"@type":"BreadcrumbList","@id":"https:\/\/permbledhja.com\/begaj-ne-okb-kosova-e-meriton-vendin-ne1\/#breadcrumb","itemListElement":[{"@type":"ListItem","position":1,"name":"Ballina","item":"https:\/\/permbledhja.com\/sq\/"},{"@type":"ListItem","position":2,"name":"Begaj n\u00eb OKB: Kosova e meriton vendin n\u00eb Asamble"}]},{"@type":"WebSite","@id":"https:\/\/permbledhja.com\/#website","url":"https:\/\/permbledhja.com\/","name":"Ve\u00e7 artikuj p\u00ebrmbledh\u00ebs","description":"","publisher":{"@id":"https:\/\/permbledhja.com\/#organization"},"potentialAction":[{"@type":"SearchAction","target":{"@type":"EntryPoint","urlTemplate":"https:\/\/permbledhja.com\/?s={search_term_string}"},"query-input":"required name=search_term_string"}],"inLanguage":"sq"},{"@type":"Organization","@id":"https:\/\/permbledhja.com\/#organization","name":"MK Media & Pr","url":"https:\/\/permbledhja.com\/","logo":{"@type":"ImageObject","inLanguage":"sq","@id":"https:\/\/permbledhja.com\/#\/schema\/logo\/image\/","url":"https:\/\/permbledhja.com\/wp-content\/uploads\/2021\/12\/07-Press-Logo.jpg","contentUrl":"https:\/\/permbledhja.com\/wp-content\/uploads\/2021\/12\/07-Press-Logo.jpg","width":512,"height":512,"caption":"MK Media & Pr"},"image":{"@id":"https:\/\/permbledhja.com\/#\/schema\/logo\/image\/"},"sameAs":["https:\/\/www.facebook.com\/press07\/"]},{"@type":"Person","@id":"https:\/\/permbledhja.com\/#\/schema\/person\/0d064377258d3221e50693947b9eb4fe","name":"P\u00ebrmbledhja","image":{"@type":"ImageObject","inLanguage":"sq","@id":"https:\/\/permbledhja.com\/#\/schema\/person\/image\/","url":"https:\/\/permbledhja.com\/wp-content\/uploads\/2026\/01\/452004717_1040944174702970_8932037511805513407_n-96x96.jpg","contentUrl":"https:\/\/permbledhja.com\/wp-content\/uploads\/2026\/01\/452004717_1040944174702970_8932037511805513407_n-96x96.jpg","caption":"P\u00ebrmbledhja"},"sameAs":["https:\/\/www.facebook.com\/kafexhiu.muharrem\/","https:\/\/www.instagram.com\/muharrem_kafexhiu\/"],"url":"https:\/\/permbledhja.com\/sq\/author\/admin\/"}]}},"_links":{"self":[{"href":"https:\/\/permbledhja.com\/sq\/wp-json\/wp\/v2\/posts\/73574"}],"collection":[{"href":"https:\/\/permbledhja.com\/sq\/wp-json\/wp\/v2\/posts"}],"about":[{"href":"https:\/\/permbledhja.com\/sq\/wp-json\/wp\/v2\/types\/post"}],"author":[{"embeddable":true,"href":"https:\/\/permbledhja.com\/sq\/wp-json\/wp\/v2\/users\/1"}],"replies":[{"embeddable":true,"href":"https:\/\/permbledhja.com\/sq\/wp-json\/wp\/v2\/comments?post=73574"}],"version-history":[{"count":3,"href":"https:\/\/permbledhja.com\/sq\/wp-json\/wp\/v2\/posts\/73574\/revisions"}],"predecessor-version":[{"id":73579,"href":"https:\/\/permbledhja.com\/sq\/wp-json\/wp\/v2\/posts\/73574\/revisions\/73579"}],"wp:featuredmedia":[{"embeddable":true,"href":"https:\/\/permbledhja.com\/sq\/wp-json\/wp\/v2\/media\/73576"}],"wp:attachment":[{"href":"https:\/\/permbledhja.com\/sq\/wp-json\/wp\/v2\/media?parent=73574"}],"wp:term":[{"taxonomy":"category","embeddable":true,"href":"https:\/\/permbledhja.com\/sq\/wp-json\/wp\/v2\/categories?post=73574"},{"taxonomy":"post_tag","embeddable":true,"href":"https:\/\/permbledhja.com\/sq\/wp-json\/wp\/v2\/tags?post=73574"}],"curies":[{"name":"wp","href":"https:\/\/api.w.org\/{rel}","templated":true}]}}