{"id":73571,"date":"2025-09-24T21:06:29","date_gmt":"2025-09-24T21:06:29","guid":{"rendered":"https:\/\/permbledhja.com\/?p=73571"},"modified":"2025-09-24T21:06:29","modified_gmt":"2025-09-24T21:06:29","slug":"spiropali-bashkimi-evropian-duhet-tia-heqe-sanksionet-kosoves","status":"publish","type":"post","link":"https:\/\/permbledhja.com\/sq\/spiropali-bashkimi-evropian-duhet-tia-heqe-sanksionet-kosoves\/","title":{"rendered":"Spiropali: Bashkimi Evropian duhet t&#8217;ia heq\u00eb sanksionet Kosov\u00ebs"},"content":{"rendered":"<p><strong>Ministrja p\u00ebr Evrop\u00ebn dhe Pun\u00ebt e Jashtme Elisa Spiropali tha sot se Bashkimi Evropian duhet t\u2019ia heq\u00eb sanksionet Kosov\u00ebs, nd\u00ebrsa u shpreh e keqardhur q\u00eb ende nuk kan\u00eb arritur konstituimin e Kuvendit.<\/strong><\/p>\n<p><em>\u201cP\u00ebr t\u00eb ardhur keq q\u00eb institucionet n\u00eb Kosov\u00eb po ngecin. Puna \u00ebsht\u00eb se sa vullnet politik ka nga t\u00eb gjitha pal\u00ebt p\u00ebr t\u2019i tejkaluar k\u00ebto v\u00ebshtir\u00ebsi. Duhet ta them q\u00eb sanksionet ndaj Kosov\u00ebs duhet t\u00eb hiqen, por sigurisht institucionet n\u00eb Kosov\u00eb duhet t\u00eb jen\u00eb m\u00eb p\u00ebrgjegj\u00ebse. Duhet respektuar edhe sovraniteti dhe integriteti territorial\u201d<\/em>, u shpreh Spiropali.<\/p>\n<p>Duke u ndalur te sulmi n\u00eb Banjsk\u00eb, Spiropali tha se qartazi ai ishte nj\u00eb sulm terrorist dhe se autor\u00ebt duhet t\u00eb dalin para drejt\u00ebsis\u00eb.<\/p>\n<p><em>\u201cSulmi n\u00eb Banjsk\u00eb ishte i papranuesh\u00ebm dhe asnj\u00eb alibi nuk mund t\u00eb fsheh\u00eb p\u00ebrgjegj\u00ebsin\u00eb e atyre q\u00eb nd\u00ebrmor\u00ebn at\u00eb sulm. Sa i takon \u00e7\u00ebshtje t\u00eb siguris\u00eb n\u00eb Kosov\u00eb, SHBA e ka b\u00ebr\u00eb t\u00eb qart\u00eb q\u00eb misioni i UNMIK nuk duhet t\u00eb jet\u00eb m\u00eb. KFOR, EULEX, autoritet e Kosov\u00ebs mjaftojn\u00eb p\u00ebr t\u00eb garantuar sigurin\u00eb. Pra, garantimi i sovranitetit dhe shtrirjes s\u00eb k\u00ebtij sovraniteti n\u00eb gjith\u00eb territorin duhet t\u00eb ecin paralelisht. Duhet gjetur nj\u00eb marr\u00ebveshje q\u00eb garanton koh\u00eb p\u00ebr zhvendosjen e UNMIK\u201d<\/em>, tha Spiropali.<\/p>\n<p>Spiropali tha gjithashtu se Kosova nuk duhet t\u00eb thelloj\u00eb ndarjen me Shtetet e Bashkuara t\u00eb Amerik\u00ebs, por t\u00eb tregoj\u00eb kujdes t\u00eb shtuar.<\/p>\n<p>Spiropali tha se \u00e7do \u00e7\u00ebshtje q\u00eb cenon marr\u00ebdh\u00ebniet me SHBA-n\u00eb \u00ebsht\u00eb nj\u00eb problem jo i vog\u00ebl.<\/p>\n<p><em>\u201c\u00c7do fraksion, \u00e7do moskuptim, \u00e7do keqkuptim me partner\u00ebt tan\u00eb, sidomos me SHBA, sigurisht q\u00eb sjell shqet\u00ebsim n\u00eb Kosov\u00eb, sjell shqet\u00ebsim dhe n\u00eb Tiran\u00eb. Ne do punojm\u00eb fort, ashtu si\u00e7 kemi b\u00ebr\u00eb deri tani jo vet\u00ebm q\u00eb t\u00eb p\u00ebrfaq\u00ebsojm\u00eb Shqip\u00ebrin\u00eb n\u00eb ambasadat tona, si n\u00eb organizatat nd\u00ebrkomb\u00ebtare n\u00eb NATO apo kudo tjet\u00ebr, ku Shqip\u00ebria e ka nj\u00eb z\u00eb dhe nuk e ka nj\u00eb z\u00eb t\u00eb mek\u00ebt, por e ka nj\u00eb z\u00eb t\u00eb fort\u00eb, e ka fituar k\u00ebt\u00eb prestigj. <\/em><\/p>\n<p><em>Do ta p\u00ebrdorim k\u00ebt\u00eb z\u00eb edhe p\u00ebr Kosov\u00ebn, pavar\u00ebsisht arsyeve, \u00e7\u00ebshtjeve, pavar\u00ebsisht se ku q\u00ebndron faji dhe ku q\u00ebndron \u00e7\u00ebshtja, ne do ta p\u00ebrdorim z\u00ebrin dhe forc\u00ebn ton\u00eb p\u00ebr ta mb\u00ebshtetur Kosov\u00ebn n\u00eb \u00e7do hap.<\/em><em>\u201c\u00c7do \u00e7\u00ebshtje q\u00eb cenon marr\u00ebdh\u00ebniet me SHBA \u00ebsht\u00eb nj\u00eb problem jo i vog\u00ebl p\u00ebr Kosov\u00ebn. Besoj se k\u00ebtu bien t\u00eb gjith\u00eb dakord, besoj se bie dakord edhe vet\u00eb kryeministri i Kosov\u00ebs\u201d<\/em>, tha Spiropali.<\/p>\n<p>Spiropali tha se \u201cduhet gjetur m\u00ebnyra q\u00eb q\u00ebndrimet t\u00eb afrohen, q\u00eb ng\u00ebr\u00e7et institucionale mos t\u00eb sjellin pasoja t\u00eb r\u00ebnda si n\u00eb jet\u00ebn e institucioneve dhe jet\u00ebn e qytetar\u00ebve t\u00eb Kosov\u00ebs dhe ajo q\u00eb Shqip\u00ebria mund garantoj\u00eb \u00ebsht\u00eb q\u00eb gjithkund ku do kemi mund\u00ebsis\u00eb p\u00ebr ta afruar q\u00ebndrimet, p\u00ebr t\u00eb negociuar, p\u00ebr t\u00eb ngritur z\u00ebrin dhe p\u00ebr t\u00eb mbajtur q\u00ebndrim pro Kosov\u00ebs, ne do ta b\u00ebjm\u00eb pa diskutim\u201d.<\/p>\n<p><em>\u201c\u00cbsht\u00eb detyrim kushtetues, detyrim komb\u00ebtar dhe patriotik ta b\u00ebjm\u00eb k\u00ebt\u00eb gj\u00eb\u201d<\/em>, u shpreh Spiropali, gjat\u00eb nj\u00eb interviste televizive.<\/p>\n","protected":false},"excerpt":{"rendered":"<p>Ministrja p\u00ebr Evrop\u00ebn dhe Pun\u00ebt e Jashtme Elisa Spiropali tha sot se Bashkimi Evropian duhet t\u2019ia heq\u00eb sanksionet Kosov\u00ebs, nd\u00ebrsa u shpreh e keqardhur q\u00eb ende nuk kan\u00eb arritur konstituimin e Kuvendit. \u201cP\u00ebr t\u00eb ardhur keq q\u00eb institucionet n\u00eb Kosov\u00eb po ngecin. Puna \u00ebsht\u00eb se sa vullnet politik ka nga t\u00eb gjitha pal\u00ebt p\u00ebr t\u2019i [&hellip;]<\/p>\n","protected":false},"author":1,"featured_media":73572,"comment_status":"closed","ping_status":"closed","sticky":false,"template":"","format":"standard","meta":{"_monsterinsights_skip_tracking":false,"_monsterinsights_sitenote_active":false,"_monsterinsights_sitenote_note":"","_monsterinsights_sitenote_category":0,"_uf_show_specific_survey":0,"_uf_disable_surveys":false,"footnotes":""},"categories":[2645],"tags":[3622],"yoast_head":"<!-- This site is optimized with the Yoast SEO plugin v21.5 - https:\/\/yoast.com\/wordpress\/plugins\/seo\/ -->\n<title>Spiropali: Bashkimi Evropian duhet t&#039;ia heq\u00eb sanksionet Kosov\u00ebs<\/title>\n<meta name=\"robots\" content=\"index, follow, max-snippet:-1, max-image-preview:large, max-video-preview:-1\" \/>\n<link rel=\"canonical\" href=\"https:\/\/permbledhja.com\/sq\/spiropali-bashkimi-evropian-duhet-tia-heqe-sanksionet-kosoves\/\" \/>\n<meta property=\"og:locale\" content=\"sq_AL\" \/>\n<meta property=\"og:type\" content=\"article\" \/>\n<meta property=\"og:title\" content=\"Spiropali: Bashkimi Evropian duhet t&#039;ia heq\u00eb sanksionet Kosov\u00ebs\" \/>\n<meta property=\"og:description\" content=\"Ministrja p\u00ebr Evrop\u00ebn dhe Pun\u00ebt e Jashtme Elisa Spiropali tha sot se Bashkimi Evropian duhet t\u2019ia heq\u00eb sanksionet Kosov\u00ebs, nd\u00ebrsa u shpreh e keqardhur q\u00eb ende nuk kan\u00eb arritur konstituimin e Kuvendit. \u201cP\u00ebr t\u00eb ardhur keq q\u00eb institucionet n\u00eb Kosov\u00eb po ngecin. Puna \u00ebsht\u00eb se sa vullnet politik ka nga t\u00eb gjitha pal\u00ebt p\u00ebr t\u2019i [&hellip;]\" \/>\n<meta property=\"og:url\" content=\"https:\/\/permbledhja.com\/sq\/spiropali-bashkimi-evropian-duhet-tia-heqe-sanksionet-kosoves\/\" \/>\n<meta property=\"og:site_name\" content=\"Ve\u00e7 artikuj p\u00ebrmbledh\u00ebs\" \/>\n<meta property=\"article:publisher\" content=\"https:\/\/www.facebook.com\/press07\/\" \/>\n<meta property=\"article:author\" content=\"https:\/\/www.facebook.com\/kafexhiu.muharrem\/\" \/>\n<meta property=\"article:published_time\" content=\"2025-09-24T21:06:29+00:00\" \/>\n<meta property=\"og:image\" content=\"https:\/\/permbledhja.com\/wp-content\/uploads\/2025\/09\/640-0-spiropali-531.png\" \/>\n\t<meta property=\"og:image:width\" content=\"640\" \/>\n\t<meta property=\"og:image:height\" content=\"419\" \/>\n\t<meta property=\"og:image:type\" content=\"image\/png\" \/>\n<meta name=\"author\" content=\"P\u00ebrmbledhja\" \/>\n<meta name=\"twitter:card\" content=\"summary_large_image\" \/>\n<meta name=\"twitter:label1\" content=\"Written by\" \/>\n\t<meta name=\"twitter:data1\" content=\"P\u00ebrmbledhja\" \/>\n\t<meta name=\"twitter:label2\" content=\"Est. reading time\" \/>\n\t<meta name=\"twitter:data2\" content=\"3 minuta\" \/>\n<script type=\"application\/ld+json\" class=\"yoast-schema-graph\">{\"@context\":\"https:\/\/schema.org\",\"@graph\":[{\"@type\":\"Article\",\"@id\":\"https:\/\/permbledhja.com\/spiropali-bashkimi-evropian-duhet-tia-heqe-sanksionet-kosoves\/#article\",\"isPartOf\":{\"@id\":\"https:\/\/permbledhja.com\/spiropali-bashkimi-evropian-duhet-tia-heqe-sanksionet-kosoves\/\"},\"author\":{\"name\":\"P\u00ebrmbledhja\",\"@id\":\"https:\/\/permbledhja.com\/#\/schema\/person\/0d064377258d3221e50693947b9eb4fe\"},\"headline\":\"Spiropali: Bashkimi Evropian duhet t&#8217;ia heq\u00eb sanksionet Kosov\u00ebs\",\"datePublished\":\"2025-09-24T21:06:29+00:00\",\"dateModified\":\"2025-09-24T21:06:29+00:00\",\"mainEntityOfPage\":{\"@id\":\"https:\/\/permbledhja.com\/spiropali-bashkimi-evropian-duhet-tia-heqe-sanksionet-kosoves\/\"},\"wordCount\":562,\"publisher\":{\"@id\":\"https:\/\/permbledhja.com\/#organization\"},\"keywords\":[\"Elisa Spiropali\"],\"articleSection\":[\"T\u00eb r\u00ebnd\u00ebsishme\"],\"inLanguage\":\"sq\"},{\"@type\":\"WebPage\",\"@id\":\"https:\/\/permbledhja.com\/spiropali-bashkimi-evropian-duhet-tia-heqe-sanksionet-kosoves\/\",\"url\":\"https:\/\/permbledhja.com\/spiropali-bashkimi-evropian-duhet-tia-heqe-sanksionet-kosoves\/\",\"name\":\"Spiropali: Bashkimi Evropian duhet t'ia heq\u00eb sanksionet Kosov\u00ebs\",\"isPartOf\":{\"@id\":\"https:\/\/permbledhja.com\/#website\"},\"datePublished\":\"2025-09-24T21:06:29+00:00\",\"dateModified\":\"2025-09-24T21:06:29+00:00\",\"breadcrumb\":{\"@id\":\"https:\/\/permbledhja.com\/spiropali-bashkimi-evropian-duhet-tia-heqe-sanksionet-kosoves\/#breadcrumb\"},\"inLanguage\":\"sq\",\"potentialAction\":[{\"@type\":\"ReadAction\",\"target\":[\"https:\/\/permbledhja.com\/spiropali-bashkimi-evropian-duhet-tia-heqe-sanksionet-kosoves\/\"]}]},{\"@type\":\"BreadcrumbList\",\"@id\":\"https:\/\/permbledhja.com\/spiropali-bashkimi-evropian-duhet-tia-heqe-sanksionet-kosoves\/#breadcrumb\",\"itemListElement\":[{\"@type\":\"ListItem\",\"position\":1,\"name\":\"Ballina\",\"item\":\"https:\/\/permbledhja.com\/sq\/\"},{\"@type\":\"ListItem\",\"position\":2,\"name\":\"Spiropali: Bashkimi Evropian duhet t&#8217;ia heq\u00eb sanksionet Kosov\u00ebs\"}]},{\"@type\":\"WebSite\",\"@id\":\"https:\/\/permbledhja.com\/#website\",\"url\":\"https:\/\/permbledhja.com\/\",\"name\":\"Ve\u00e7 artikuj p\u00ebrmbledh\u00ebs\",\"description\":\"\",\"publisher\":{\"@id\":\"https:\/\/permbledhja.com\/#organization\"},\"potentialAction\":[{\"@type\":\"SearchAction\",\"target\":{\"@type\":\"EntryPoint\",\"urlTemplate\":\"https:\/\/permbledhja.com\/?s={search_term_string}\"},\"query-input\":\"required name=search_term_string\"}],\"inLanguage\":\"sq\"},{\"@type\":\"Organization\",\"@id\":\"https:\/\/permbledhja.com\/#organization\",\"name\":\"MK Media & Pr\",\"url\":\"https:\/\/permbledhja.com\/\",\"logo\":{\"@type\":\"ImageObject\",\"inLanguage\":\"sq\",\"@id\":\"https:\/\/permbledhja.com\/#\/schema\/logo\/image\/\",\"url\":\"https:\/\/permbledhja.com\/wp-content\/uploads\/2021\/12\/07-Press-Logo.jpg\",\"contentUrl\":\"https:\/\/permbledhja.com\/wp-content\/uploads\/2021\/12\/07-Press-Logo.jpg\",\"width\":512,\"height\":512,\"caption\":\"MK Media & Pr\"},\"image\":{\"@id\":\"https:\/\/permbledhja.com\/#\/schema\/logo\/image\/\"},\"sameAs\":[\"https:\/\/www.facebook.com\/press07\/\"]},{\"@type\":\"Person\",\"@id\":\"https:\/\/permbledhja.com\/#\/schema\/person\/0d064377258d3221e50693947b9eb4fe\",\"name\":\"P\u00ebrmbledhja\",\"image\":{\"@type\":\"ImageObject\",\"inLanguage\":\"sq\",\"@id\":\"https:\/\/permbledhja.com\/#\/schema\/person\/image\/\",\"url\":\"https:\/\/permbledhja.com\/wp-content\/uploads\/2026\/01\/452004717_1040944174702970_8932037511805513407_n-96x96.jpg\",\"contentUrl\":\"https:\/\/permbledhja.com\/wp-content\/uploads\/2026\/01\/452004717_1040944174702970_8932037511805513407_n-96x96.jpg\",\"caption\":\"P\u00ebrmbledhja\"},\"sameAs\":[\"https:\/\/www.facebook.com\/kafexhiu.muharrem\/\",\"https:\/\/www.instagram.com\/muharrem_kafexhiu\/\"],\"url\":\"https:\/\/permbledhja.com\/sq\/author\/admin\/\"}]}<\/script>\n<!-- \/ Yoast SEO plugin. -->","yoast_head_json":{"title":"Spiropali: Bashkimi Evropian duhet t'ia heq\u00eb sanksionet Kosov\u00ebs","robots":{"index":"index","follow":"follow","max-snippet":"max-snippet:-1","max-image-preview":"max-image-preview:large","max-video-preview":"max-video-preview:-1"},"canonical":"https:\/\/permbledhja.com\/sq\/spiropali-bashkimi-evropian-duhet-tia-heqe-sanksionet-kosoves\/","og_locale":"sq_AL","og_type":"article","og_title":"Spiropali: Bashkimi Evropian duhet t'ia heq\u00eb sanksionet Kosov\u00ebs","og_description":"Ministrja p\u00ebr Evrop\u00ebn dhe Pun\u00ebt e Jashtme Elisa Spiropali tha sot se Bashkimi Evropian duhet t\u2019ia heq\u00eb sanksionet Kosov\u00ebs, nd\u00ebrsa u shpreh e keqardhur q\u00eb ende nuk kan\u00eb arritur konstituimin e Kuvendit. \u201cP\u00ebr t\u00eb ardhur keq q\u00eb institucionet n\u00eb Kosov\u00eb po ngecin. Puna \u00ebsht\u00eb se sa vullnet politik ka nga t\u00eb gjitha pal\u00ebt p\u00ebr t\u2019i [&hellip;]","og_url":"https:\/\/permbledhja.com\/sq\/spiropali-bashkimi-evropian-duhet-tia-heqe-sanksionet-kosoves\/","og_site_name":"Ve\u00e7 artikuj p\u00ebrmbledh\u00ebs","article_publisher":"https:\/\/www.facebook.com\/press07\/","article_author":"https:\/\/www.facebook.com\/kafexhiu.muharrem\/","article_published_time":"2025-09-24T21:06:29+00:00","og_image":[{"width":640,"height":419,"url":"https:\/\/permbledhja.com\/wp-content\/uploads\/2025\/09\/640-0-spiropali-531.png","type":"image\/png"}],"author":"P\u00ebrmbledhja","twitter_card":"summary_large_image","twitter_misc":{"Written by":"P\u00ebrmbledhja","Est. reading time":"3 minuta"},"schema":{"@context":"https:\/\/schema.org","@graph":[{"@type":"Article","@id":"https:\/\/permbledhja.com\/spiropali-bashkimi-evropian-duhet-tia-heqe-sanksionet-kosoves\/#article","isPartOf":{"@id":"https:\/\/permbledhja.com\/spiropali-bashkimi-evropian-duhet-tia-heqe-sanksionet-kosoves\/"},"author":{"name":"P\u00ebrmbledhja","@id":"https:\/\/permbledhja.com\/#\/schema\/person\/0d064377258d3221e50693947b9eb4fe"},"headline":"Spiropali: Bashkimi Evropian duhet t&#8217;ia heq\u00eb sanksionet Kosov\u00ebs","datePublished":"2025-09-24T21:06:29+00:00","dateModified":"2025-09-24T21:06:29+00:00","mainEntityOfPage":{"@id":"https:\/\/permbledhja.com\/spiropali-bashkimi-evropian-duhet-tia-heqe-sanksionet-kosoves\/"},"wordCount":562,"publisher":{"@id":"https:\/\/permbledhja.com\/#organization"},"keywords":["Elisa Spiropali"],"articleSection":["T\u00eb r\u00ebnd\u00ebsishme"],"inLanguage":"sq"},{"@type":"WebPage","@id":"https:\/\/permbledhja.com\/spiropali-bashkimi-evropian-duhet-tia-heqe-sanksionet-kosoves\/","url":"https:\/\/permbledhja.com\/spiropali-bashkimi-evropian-duhet-tia-heqe-sanksionet-kosoves\/","name":"Spiropali: Bashkimi Evropian duhet t'ia heq\u00eb sanksionet Kosov\u00ebs","isPartOf":{"@id":"https:\/\/permbledhja.com\/#website"},"datePublished":"2025-09-24T21:06:29+00:00","dateModified":"2025-09-24T21:06:29+00:00","breadcrumb":{"@id":"https:\/\/permbledhja.com\/spiropali-bashkimi-evropian-duhet-tia-heqe-sanksionet-kosoves\/#breadcrumb"},"inLanguage":"sq","potentialAction":[{"@type":"ReadAction","target":["https:\/\/permbledhja.com\/spiropali-bashkimi-evropian-duhet-tia-heqe-sanksionet-kosoves\/"]}]},{"@type":"BreadcrumbList","@id":"https:\/\/permbledhja.com\/spiropali-bashkimi-evropian-duhet-tia-heqe-sanksionet-kosoves\/#breadcrumb","itemListElement":[{"@type":"ListItem","position":1,"name":"Ballina","item":"https:\/\/permbledhja.com\/sq\/"},{"@type":"ListItem","position":2,"name":"Spiropali: Bashkimi Evropian duhet t&#8217;ia heq\u00eb sanksionet Kosov\u00ebs"}]},{"@type":"WebSite","@id":"https:\/\/permbledhja.com\/#website","url":"https:\/\/permbledhja.com\/","name":"Ve\u00e7 artikuj p\u00ebrmbledh\u00ebs","description":"","publisher":{"@id":"https:\/\/permbledhja.com\/#organization"},"potentialAction":[{"@type":"SearchAction","target":{"@type":"EntryPoint","urlTemplate":"https:\/\/permbledhja.com\/?s={search_term_string}"},"query-input":"required name=search_term_string"}],"inLanguage":"sq"},{"@type":"Organization","@id":"https:\/\/permbledhja.com\/#organization","name":"MK Media & Pr","url":"https:\/\/permbledhja.com\/","logo":{"@type":"ImageObject","inLanguage":"sq","@id":"https:\/\/permbledhja.com\/#\/schema\/logo\/image\/","url":"https:\/\/permbledhja.com\/wp-content\/uploads\/2021\/12\/07-Press-Logo.jpg","contentUrl":"https:\/\/permbledhja.com\/wp-content\/uploads\/2021\/12\/07-Press-Logo.jpg","width":512,"height":512,"caption":"MK Media & Pr"},"image":{"@id":"https:\/\/permbledhja.com\/#\/schema\/logo\/image\/"},"sameAs":["https:\/\/www.facebook.com\/press07\/"]},{"@type":"Person","@id":"https:\/\/permbledhja.com\/#\/schema\/person\/0d064377258d3221e50693947b9eb4fe","name":"P\u00ebrmbledhja","image":{"@type":"ImageObject","inLanguage":"sq","@id":"https:\/\/permbledhja.com\/#\/schema\/person\/image\/","url":"https:\/\/permbledhja.com\/wp-content\/uploads\/2026\/01\/452004717_1040944174702970_8932037511805513407_n-96x96.jpg","contentUrl":"https:\/\/permbledhja.com\/wp-content\/uploads\/2026\/01\/452004717_1040944174702970_8932037511805513407_n-96x96.jpg","caption":"P\u00ebrmbledhja"},"sameAs":["https:\/\/www.facebook.com\/kafexhiu.muharrem\/","https:\/\/www.instagram.com\/muharrem_kafexhiu\/"],"url":"https:\/\/permbledhja.com\/sq\/author\/admin\/"}]}},"_links":{"self":[{"href":"https:\/\/permbledhja.com\/sq\/wp-json\/wp\/v2\/posts\/73571"}],"collection":[{"href":"https:\/\/permbledhja.com\/sq\/wp-json\/wp\/v2\/posts"}],"about":[{"href":"https:\/\/permbledhja.com\/sq\/wp-json\/wp\/v2\/types\/post"}],"author":[{"embeddable":true,"href":"https:\/\/permbledhja.com\/sq\/wp-json\/wp\/v2\/users\/1"}],"replies":[{"embeddable":true,"href":"https:\/\/permbledhja.com\/sq\/wp-json\/wp\/v2\/comments?post=73571"}],"version-history":[{"count":1,"href":"https:\/\/permbledhja.com\/sq\/wp-json\/wp\/v2\/posts\/73571\/revisions"}],"predecessor-version":[{"id":73573,"href":"https:\/\/permbledhja.com\/sq\/wp-json\/wp\/v2\/posts\/73571\/revisions\/73573"}],"wp:featuredmedia":[{"embeddable":true,"href":"https:\/\/permbledhja.com\/sq\/wp-json\/wp\/v2\/media\/73572"}],"wp:attachment":[{"href":"https:\/\/permbledhja.com\/sq\/wp-json\/wp\/v2\/media?parent=73571"}],"wp:term":[{"taxonomy":"category","embeddable":true,"href":"https:\/\/permbledhja.com\/sq\/wp-json\/wp\/v2\/categories?post=73571"},{"taxonomy":"post_tag","embeddable":true,"href":"https:\/\/permbledhja.com\/sq\/wp-json\/wp\/v2\/tags?post=73571"}],"curies":[{"name":"wp","href":"https:\/\/api.w.org\/{rel}","templated":true}]}}