{"id":7337,"date":"2022-10-10T08:32:37","date_gmt":"2022-10-10T08:32:37","guid":{"rendered":"https:\/\/permbledhja.com\/?p=7337"},"modified":"2022-10-10T08:32:37","modified_gmt":"2022-10-10T08:32:37","slug":"kurre-skam-nevoje-me-shku-te-mjeku-flet-55-vjecari-qe-jeton-ne-luboten","status":"publish","type":"post","link":"https:\/\/permbledhja.com\/sq\/kurre-skam-nevoje-me-shku-te-mjeku-flet-55-vjecari-qe-jeton-ne-luboten\/","title":{"rendered":"\u201cKurr\u00eb s\u2019kam nevoj\u00eb me shku te mjeku\u201d | Flet 55-vje\u00e7ari q\u00eb jeton n\u00eb Luboten"},"content":{"rendered":"<p>Lart n\u00eb malet e Sharrit ndodhet maja e Lubotenit. Ky rrug\u00ebtim me kthesa t\u00eb forta t\u00eb d\u00ebrgon te nj\u00eb pamje e mahnitshme e bukurive t\u00eb vendit ton\u00eb.<\/p>\n<p>Rruga me gur e me natyr\u00eb piktoreske jep drejtimin p\u00ebr te stanet e shum\u00eb familjeve shqiptare, t\u00eb cilat pjes\u00ebn m\u00eb t\u00eb madhe t\u00eb ver\u00ebs e kalojn\u00eb atje.<\/p>\n<p>Pos bukurive natyrore, ajo q\u00eb e karakterizon vizit\u00ebn n\u00eb stanet e Lubotenit \u00ebsht\u00eb edhe mikpritja e familjeve atje.<\/p>\n<p>Jeta n\u00eb stanet e k\u00ebtij vendi jo rrall\u00ebher\u00eb di t\u00eb jet\u00eb e v\u00ebshtir\u00eb.<\/p>\n<p>Kjo pik\u00ebrisht ndodh\u00eb edhe me Ajet Vishin.<\/p>\n<p>Bukurit\u00eb e k\u00ebtij vendi dhe rr\u00ebfimin e plot\u00eb e keni n\u00eb video.<\/p>\n","protected":false},"excerpt":{"rendered":"<p>Lart n\u00eb malet e Sharrit ndodhet maja e Lubotenit. Ky rrug\u00ebtim me kthesa t\u00eb forta t\u00eb d\u00ebrgon te nj\u00eb pamje e mahnitshme e bukurive t\u00eb vendit ton\u00eb. Rruga me gur e me natyr\u00eb piktoreske jep drejtimin p\u00ebr te stanet e shum\u00eb familjeve shqiptare, t\u00eb cilat pjes\u00ebn m\u00eb t\u00eb madhe t\u00eb ver\u00ebs e kalojn\u00eb atje. Pos [&hellip;]<\/p>\n","protected":false},"author":1,"featured_media":7338,"comment_status":"closed","ping_status":"closed","sticky":false,"template":"","format":"standard","meta":{"_monsterinsights_skip_tracking":false,"_monsterinsights_sitenote_active":false,"_monsterinsights_sitenote_note":"","_monsterinsights_sitenote_category":0,"_uf_show_specific_survey":0,"_uf_disable_surveys":false,"footnotes":""},"categories":[23,15],"tags":[894],"yoast_head":"<!-- This site is optimized with the Yoast SEO plugin v21.5 - https:\/\/yoast.com\/wordpress\/plugins\/seo\/ -->\n<title>\u201cKurr\u00eb s\u2019kam nevoj\u00eb me shku te mjeku\u201d | Flet 55-vje\u00e7ari q\u00eb jeton n\u00eb Luboten<\/title>\n<meta name=\"robots\" content=\"index, follow, max-snippet:-1, max-image-preview:large, max-video-preview:-1\" \/>\n<link rel=\"canonical\" href=\"https:\/\/permbledhja.com\/sq\/kurre-skam-nevoje-me-shku-te-mjeku-flet-55-vjecari-qe-jeton-ne-luboten\/\" \/>\n<meta property=\"og:locale\" content=\"sq_AL\" \/>\n<meta property=\"og:type\" content=\"article\" \/>\n<meta property=\"og:title\" content=\"\u201cKurr\u00eb s\u2019kam nevoj\u00eb me shku te mjeku\u201d | Flet 55-vje\u00e7ari q\u00eb jeton n\u00eb Luboten\" \/>\n<meta property=\"og:description\" content=\"Lart n\u00eb malet e Sharrit ndodhet maja e Lubotenit. Ky rrug\u00ebtim me kthesa t\u00eb forta t\u00eb d\u00ebrgon te nj\u00eb pamje e mahnitshme e bukurive t\u00eb vendit ton\u00eb. Rruga me gur e me natyr\u00eb piktoreske jep drejtimin p\u00ebr te stanet e shum\u00eb familjeve shqiptare, t\u00eb cilat pjes\u00ebn m\u00eb t\u00eb madhe t\u00eb ver\u00ebs e kalojn\u00eb atje. Pos [&hellip;]\" \/>\n<meta property=\"og:url\" content=\"https:\/\/permbledhja.com\/sq\/kurre-skam-nevoje-me-shku-te-mjeku-flet-55-vjecari-qe-jeton-ne-luboten\/\" \/>\n<meta property=\"og:site_name\" content=\"Ve\u00e7 artikuj p\u00ebrmbledh\u00ebs\" \/>\n<meta property=\"article:publisher\" content=\"https:\/\/www.facebook.com\/press07\/\" \/>\n<meta property=\"article:author\" content=\"https:\/\/www.facebook.com\/kafexhiu.muharrem\/\" \/>\n<meta property=\"article:published_time\" content=\"2022-10-10T08:32:37+00:00\" \/>\n<meta property=\"og:image\" content=\"https:\/\/permbledhja.com\/wp-content\/uploads\/2022\/10\/08D28B06-80AD-4553-B4DF-E6989C09102F.jpeg\" \/>\n\t<meta property=\"og:image:width\" content=\"595\" \/>\n\t<meta property=\"og:image:height\" content=\"304\" \/>\n\t<meta property=\"og:image:type\" content=\"image\/jpeg\" \/>\n<meta name=\"author\" content=\"P\u00ebrmbledhja\" \/>\n<meta name=\"twitter:card\" content=\"summary_large_image\" \/>\n<meta name=\"twitter:label1\" content=\"Written by\" \/>\n\t<meta name=\"twitter:data1\" content=\"P\u00ebrmbledhja\" \/>\n\t<meta name=\"twitter:label2\" content=\"Est. reading time\" \/>\n\t<meta name=\"twitter:data2\" content=\"1 minut\u00eb\" \/>\n<script type=\"application\/ld+json\" class=\"yoast-schema-graph\">{\"@context\":\"https:\/\/schema.org\",\"@graph\":[{\"@type\":\"Article\",\"@id\":\"https:\/\/permbledhja.com\/kurre-skam-nevoje-me-shku-te-mjeku-flet-55-vjecari-qe-jeton-ne-luboten\/#article\",\"isPartOf\":{\"@id\":\"https:\/\/permbledhja.com\/kurre-skam-nevoje-me-shku-te-mjeku-flet-55-vjecari-qe-jeton-ne-luboten\/\"},\"author\":{\"name\":\"P\u00ebrmbledhja\",\"@id\":\"https:\/\/permbledhja.com\/#\/schema\/person\/0d064377258d3221e50693947b9eb4fe\"},\"headline\":\"\u201cKurr\u00eb s\u2019kam nevoj\u00eb me shku te mjeku\u201d | Flet 55-vje\u00e7ari q\u00eb jeton n\u00eb Luboten\",\"datePublished\":\"2022-10-10T08:32:37+00:00\",\"dateModified\":\"2022-10-10T08:32:37+00:00\",\"mainEntityOfPage\":{\"@id\":\"https:\/\/permbledhja.com\/kurre-skam-nevoje-me-shku-te-mjeku-flet-55-vjecari-qe-jeton-ne-luboten\/\"},\"wordCount\":131,\"publisher\":{\"@id\":\"https:\/\/permbledhja.com\/#organization\"},\"keywords\":[\"Luboten\"],\"articleSection\":[\"Komb\u00ebtare\",\"Lajme\"],\"inLanguage\":\"sq\"},{\"@type\":\"WebPage\",\"@id\":\"https:\/\/permbledhja.com\/kurre-skam-nevoje-me-shku-te-mjeku-flet-55-vjecari-qe-jeton-ne-luboten\/\",\"url\":\"https:\/\/permbledhja.com\/kurre-skam-nevoje-me-shku-te-mjeku-flet-55-vjecari-qe-jeton-ne-luboten\/\",\"name\":\"\u201cKurr\u00eb s\u2019kam nevoj\u00eb me shku te mjeku\u201d | Flet 55-vje\u00e7ari q\u00eb jeton n\u00eb Luboten\",\"isPartOf\":{\"@id\":\"https:\/\/permbledhja.com\/#website\"},\"datePublished\":\"2022-10-10T08:32:37+00:00\",\"dateModified\":\"2022-10-10T08:32:37+00:00\",\"breadcrumb\":{\"@id\":\"https:\/\/permbledhja.com\/kurre-skam-nevoje-me-shku-te-mjeku-flet-55-vjecari-qe-jeton-ne-luboten\/#breadcrumb\"},\"inLanguage\":\"sq\",\"potentialAction\":[{\"@type\":\"ReadAction\",\"target\":[\"https:\/\/permbledhja.com\/kurre-skam-nevoje-me-shku-te-mjeku-flet-55-vjecari-qe-jeton-ne-luboten\/\"]}]},{\"@type\":\"BreadcrumbList\",\"@id\":\"https:\/\/permbledhja.com\/kurre-skam-nevoje-me-shku-te-mjeku-flet-55-vjecari-qe-jeton-ne-luboten\/#breadcrumb\",\"itemListElement\":[{\"@type\":\"ListItem\",\"position\":1,\"name\":\"Ballina\",\"item\":\"https:\/\/permbledhja.com\/sq\/\"},{\"@type\":\"ListItem\",\"position\":2,\"name\":\"\u201cKurr\u00eb s\u2019kam nevoj\u00eb me shku te mjeku\u201d | Flet 55-vje\u00e7ari q\u00eb jeton n\u00eb Luboten\"}]},{\"@type\":\"WebSite\",\"@id\":\"https:\/\/permbledhja.com\/#website\",\"url\":\"https:\/\/permbledhja.com\/\",\"name\":\"Ve\u00e7 artikuj p\u00ebrmbledh\u00ebs\",\"description\":\"\",\"publisher\":{\"@id\":\"https:\/\/permbledhja.com\/#organization\"},\"potentialAction\":[{\"@type\":\"SearchAction\",\"target\":{\"@type\":\"EntryPoint\",\"urlTemplate\":\"https:\/\/permbledhja.com\/?s={search_term_string}\"},\"query-input\":\"required name=search_term_string\"}],\"inLanguage\":\"sq\"},{\"@type\":\"Organization\",\"@id\":\"https:\/\/permbledhja.com\/#organization\",\"name\":\"MK Media & Pr\",\"url\":\"https:\/\/permbledhja.com\/\",\"logo\":{\"@type\":\"ImageObject\",\"inLanguage\":\"sq\",\"@id\":\"https:\/\/permbledhja.com\/#\/schema\/logo\/image\/\",\"url\":\"https:\/\/permbledhja.com\/wp-content\/uploads\/2021\/12\/07-Press-Logo.jpg\",\"contentUrl\":\"https:\/\/permbledhja.com\/wp-content\/uploads\/2021\/12\/07-Press-Logo.jpg\",\"width\":512,\"height\":512,\"caption\":\"MK Media & Pr\"},\"image\":{\"@id\":\"https:\/\/permbledhja.com\/#\/schema\/logo\/image\/\"},\"sameAs\":[\"https:\/\/www.facebook.com\/press07\/\"]},{\"@type\":\"Person\",\"@id\":\"https:\/\/permbledhja.com\/#\/schema\/person\/0d064377258d3221e50693947b9eb4fe\",\"name\":\"P\u00ebrmbledhja\",\"image\":{\"@type\":\"ImageObject\",\"inLanguage\":\"sq\",\"@id\":\"https:\/\/permbledhja.com\/#\/schema\/person\/image\/\",\"url\":\"https:\/\/permbledhja.com\/wp-content\/uploads\/2026\/01\/452004717_1040944174702970_8932037511805513407_n-96x96.jpg\",\"contentUrl\":\"https:\/\/permbledhja.com\/wp-content\/uploads\/2026\/01\/452004717_1040944174702970_8932037511805513407_n-96x96.jpg\",\"caption\":\"P\u00ebrmbledhja\"},\"sameAs\":[\"https:\/\/www.facebook.com\/kafexhiu.muharrem\/\",\"https:\/\/www.instagram.com\/muharrem_kafexhiu\/\"],\"url\":\"https:\/\/permbledhja.com\/sq\/author\/admin\/\"}]}<\/script>\n<!-- \/ Yoast SEO plugin. -->","yoast_head_json":{"title":"\u201cKurr\u00eb s\u2019kam nevoj\u00eb me shku te mjeku\u201d | Flet 55-vje\u00e7ari q\u00eb jeton n\u00eb Luboten","robots":{"index":"index","follow":"follow","max-snippet":"max-snippet:-1","max-image-preview":"max-image-preview:large","max-video-preview":"max-video-preview:-1"},"canonical":"https:\/\/permbledhja.com\/sq\/kurre-skam-nevoje-me-shku-te-mjeku-flet-55-vjecari-qe-jeton-ne-luboten\/","og_locale":"sq_AL","og_type":"article","og_title":"\u201cKurr\u00eb s\u2019kam nevoj\u00eb me shku te mjeku\u201d | Flet 55-vje\u00e7ari q\u00eb jeton n\u00eb Luboten","og_description":"Lart n\u00eb malet e Sharrit ndodhet maja e Lubotenit. Ky rrug\u00ebtim me kthesa t\u00eb forta t\u00eb d\u00ebrgon te nj\u00eb pamje e mahnitshme e bukurive t\u00eb vendit ton\u00eb. Rruga me gur e me natyr\u00eb piktoreske jep drejtimin p\u00ebr te stanet e shum\u00eb familjeve shqiptare, t\u00eb cilat pjes\u00ebn m\u00eb t\u00eb madhe t\u00eb ver\u00ebs e kalojn\u00eb atje. Pos [&hellip;]","og_url":"https:\/\/permbledhja.com\/sq\/kurre-skam-nevoje-me-shku-te-mjeku-flet-55-vjecari-qe-jeton-ne-luboten\/","og_site_name":"Ve\u00e7 artikuj p\u00ebrmbledh\u00ebs","article_publisher":"https:\/\/www.facebook.com\/press07\/","article_author":"https:\/\/www.facebook.com\/kafexhiu.muharrem\/","article_published_time":"2022-10-10T08:32:37+00:00","og_image":[{"width":595,"height":304,"url":"https:\/\/permbledhja.com\/wp-content\/uploads\/2022\/10\/08D28B06-80AD-4553-B4DF-E6989C09102F.jpeg","type":"image\/jpeg"}],"author":"P\u00ebrmbledhja","twitter_card":"summary_large_image","twitter_misc":{"Written by":"P\u00ebrmbledhja","Est. reading time":"1 minut\u00eb"},"schema":{"@context":"https:\/\/schema.org","@graph":[{"@type":"Article","@id":"https:\/\/permbledhja.com\/kurre-skam-nevoje-me-shku-te-mjeku-flet-55-vjecari-qe-jeton-ne-luboten\/#article","isPartOf":{"@id":"https:\/\/permbledhja.com\/kurre-skam-nevoje-me-shku-te-mjeku-flet-55-vjecari-qe-jeton-ne-luboten\/"},"author":{"name":"P\u00ebrmbledhja","@id":"https:\/\/permbledhja.com\/#\/schema\/person\/0d064377258d3221e50693947b9eb4fe"},"headline":"\u201cKurr\u00eb s\u2019kam nevoj\u00eb me shku te mjeku\u201d | Flet 55-vje\u00e7ari q\u00eb jeton n\u00eb Luboten","datePublished":"2022-10-10T08:32:37+00:00","dateModified":"2022-10-10T08:32:37+00:00","mainEntityOfPage":{"@id":"https:\/\/permbledhja.com\/kurre-skam-nevoje-me-shku-te-mjeku-flet-55-vjecari-qe-jeton-ne-luboten\/"},"wordCount":131,"publisher":{"@id":"https:\/\/permbledhja.com\/#organization"},"keywords":["Luboten"],"articleSection":["Komb\u00ebtare","Lajme"],"inLanguage":"sq"},{"@type":"WebPage","@id":"https:\/\/permbledhja.com\/kurre-skam-nevoje-me-shku-te-mjeku-flet-55-vjecari-qe-jeton-ne-luboten\/","url":"https:\/\/permbledhja.com\/kurre-skam-nevoje-me-shku-te-mjeku-flet-55-vjecari-qe-jeton-ne-luboten\/","name":"\u201cKurr\u00eb s\u2019kam nevoj\u00eb me shku te mjeku\u201d | Flet 55-vje\u00e7ari q\u00eb jeton n\u00eb Luboten","isPartOf":{"@id":"https:\/\/permbledhja.com\/#website"},"datePublished":"2022-10-10T08:32:37+00:00","dateModified":"2022-10-10T08:32:37+00:00","breadcrumb":{"@id":"https:\/\/permbledhja.com\/kurre-skam-nevoje-me-shku-te-mjeku-flet-55-vjecari-qe-jeton-ne-luboten\/#breadcrumb"},"inLanguage":"sq","potentialAction":[{"@type":"ReadAction","target":["https:\/\/permbledhja.com\/kurre-skam-nevoje-me-shku-te-mjeku-flet-55-vjecari-qe-jeton-ne-luboten\/"]}]},{"@type":"BreadcrumbList","@id":"https:\/\/permbledhja.com\/kurre-skam-nevoje-me-shku-te-mjeku-flet-55-vjecari-qe-jeton-ne-luboten\/#breadcrumb","itemListElement":[{"@type":"ListItem","position":1,"name":"Ballina","item":"https:\/\/permbledhja.com\/sq\/"},{"@type":"ListItem","position":2,"name":"\u201cKurr\u00eb s\u2019kam nevoj\u00eb me shku te mjeku\u201d | Flet 55-vje\u00e7ari q\u00eb jeton n\u00eb Luboten"}]},{"@type":"WebSite","@id":"https:\/\/permbledhja.com\/#website","url":"https:\/\/permbledhja.com\/","name":"Ve\u00e7 artikuj p\u00ebrmbledh\u00ebs","description":"","publisher":{"@id":"https:\/\/permbledhja.com\/#organization"},"potentialAction":[{"@type":"SearchAction","target":{"@type":"EntryPoint","urlTemplate":"https:\/\/permbledhja.com\/?s={search_term_string}"},"query-input":"required name=search_term_string"}],"inLanguage":"sq"},{"@type":"Organization","@id":"https:\/\/permbledhja.com\/#organization","name":"MK Media & Pr","url":"https:\/\/permbledhja.com\/","logo":{"@type":"ImageObject","inLanguage":"sq","@id":"https:\/\/permbledhja.com\/#\/schema\/logo\/image\/","url":"https:\/\/permbledhja.com\/wp-content\/uploads\/2021\/12\/07-Press-Logo.jpg","contentUrl":"https:\/\/permbledhja.com\/wp-content\/uploads\/2021\/12\/07-Press-Logo.jpg","width":512,"height":512,"caption":"MK Media & Pr"},"image":{"@id":"https:\/\/permbledhja.com\/#\/schema\/logo\/image\/"},"sameAs":["https:\/\/www.facebook.com\/press07\/"]},{"@type":"Person","@id":"https:\/\/permbledhja.com\/#\/schema\/person\/0d064377258d3221e50693947b9eb4fe","name":"P\u00ebrmbledhja","image":{"@type":"ImageObject","inLanguage":"sq","@id":"https:\/\/permbledhja.com\/#\/schema\/person\/image\/","url":"https:\/\/permbledhja.com\/wp-content\/uploads\/2026\/01\/452004717_1040944174702970_8932037511805513407_n-96x96.jpg","contentUrl":"https:\/\/permbledhja.com\/wp-content\/uploads\/2026\/01\/452004717_1040944174702970_8932037511805513407_n-96x96.jpg","caption":"P\u00ebrmbledhja"},"sameAs":["https:\/\/www.facebook.com\/kafexhiu.muharrem\/","https:\/\/www.instagram.com\/muharrem_kafexhiu\/"],"url":"https:\/\/permbledhja.com\/sq\/author\/admin\/"}]}},"_links":{"self":[{"href":"https:\/\/permbledhja.com\/sq\/wp-json\/wp\/v2\/posts\/7337"}],"collection":[{"href":"https:\/\/permbledhja.com\/sq\/wp-json\/wp\/v2\/posts"}],"about":[{"href":"https:\/\/permbledhja.com\/sq\/wp-json\/wp\/v2\/types\/post"}],"author":[{"embeddable":true,"href":"https:\/\/permbledhja.com\/sq\/wp-json\/wp\/v2\/users\/1"}],"replies":[{"embeddable":true,"href":"https:\/\/permbledhja.com\/sq\/wp-json\/wp\/v2\/comments?post=7337"}],"version-history":[{"count":1,"href":"https:\/\/permbledhja.com\/sq\/wp-json\/wp\/v2\/posts\/7337\/revisions"}],"predecessor-version":[{"id":7339,"href":"https:\/\/permbledhja.com\/sq\/wp-json\/wp\/v2\/posts\/7337\/revisions\/7339"}],"wp:featuredmedia":[{"embeddable":true,"href":"https:\/\/permbledhja.com\/sq\/wp-json\/wp\/v2\/media\/7338"}],"wp:attachment":[{"href":"https:\/\/permbledhja.com\/sq\/wp-json\/wp\/v2\/media?parent=7337"}],"wp:term":[{"taxonomy":"category","embeddable":true,"href":"https:\/\/permbledhja.com\/sq\/wp-json\/wp\/v2\/categories?post=7337"},{"taxonomy":"post_tag","embeddable":true,"href":"https:\/\/permbledhja.com\/sq\/wp-json\/wp\/v2\/tags?post=7337"}],"curies":[{"name":"wp","href":"https:\/\/api.w.org\/{rel}","templated":true}]}}