{"id":73199,"date":"2025-09-03T15:15:18","date_gmt":"2025-09-03T15:15:18","guid":{"rendered":"https:\/\/permbledhja.com\/?p=73199"},"modified":"2025-09-03T15:15:18","modified_gmt":"2025-09-03T15:15:18","slug":"rohde-ende-jemi-ne-ngerc-politik","status":"publish","type":"post","link":"https:\/\/permbledhja.com\/sq\/rohde-ende-jemi-ne-ngerc-politik\/","title":{"rendered":"Rohde: Ende jemi n\u00eb ng\u00ebr\u00e7 politik"},"content":{"rendered":"<p><strong>Ambasadori gjerman, Jorn Rohde, ka shkruar sot p\u00ebr takimin e djesh\u00ebm q\u00eb pati me presidenten Vjosa Osmani, me t\u00eb cil\u00ebn ka diskutuar p\u00ebr procesin e konstituimit t\u00eb institucioneve.<\/strong><\/p>\n<p>Rohde konstatoi se ka \u201cng\u00ebr\u00e7 institucional\u201d pas pretendimeve nga kryeparlamentari Dimal Basha se Kuvendi i Kosov\u00ebs \u00ebsht\u00eb konstituuar.<\/p>\n<p>Ai tha se Osmanit ia ka shprehur shqet\u00ebsimet e tij p\u00ebr \u201cng\u00ebr\u00e7in e vazhduesh\u00ebm politik dhe institucional\u201d, nd\u00ebrsa tha se ka v\u00ebn\u00eb n\u00eb dukje edhe diskursin e fundit p\u00ebr dyshime ndaj vendimeve gjyq\u00ebsore.<\/p>\n<p>Rohde paralajm\u00ebroi se ky diskurs zvog\u00eblon besimin n\u00eb organet e drejt\u00ebsis\u00eb dhe pavar\u00ebsin\u00eb e gjyq\u00ebsorit.<\/p>\n<p><em>\u201cN\u00eb takim shpreha shqet\u00ebsimin tim p\u00ebr ng\u00ebr\u00e7in e vazhduesh\u00ebm politik dhe institucional, si dhe p\u00ebr diskursin publik t\u00eb koh\u00ebve t\u00eb fundit q\u00eb hedh dyshime mbi vendimet gjyq\u00ebsore, pasi zhvillime t\u00eb tilla rrezikojn\u00eb t\u00eb g\u00ebrryejn\u00eb besimin e publikut n\u00eb pavar\u00ebsin\u00eb dhe integritetin e gjyq\u00ebsorit\u201d<\/em>, ka th\u00ebn\u00eb Rohde.<\/p>\n<p>Kuvendin t\u00eb pakonstituuar po e sheh edhe ambasadori britanik, Jonathan Hargreaves, i cili pas takimit t\u00eb djesh\u00ebm me Osmanin tha se diskutuan p\u00ebr \u201cnevoj\u00ebn urgjente p\u00ebr hapat e m\u00ebtejsh\u00ebm p\u00ebr formimin e Kuvendit n\u00eb p\u00ebrputhje me Kushtetut\u00ebn e Kosov\u00ebs\u201d.<\/p>\n<p>Nd\u00ebrkaq, si\u00e7 shkruan Express, presidentja Osmani ka th\u00ebn\u00eb se ekipi ligjor i Presidenc\u00ebs \u00ebsht\u00eb duke b\u00ebr\u00eb analiz\u00ebn lidhur me procesin e konstituimit t\u00eb Kuvendit t\u00eb Kosov\u00ebs.<\/p>\n<p>Ajo \u00ebsht\u00eb zotuar se do t\u00eb veproj\u00eb n\u00eb p\u00ebrputhje t\u00eb plot\u00eb me Kushtetut\u00ebn dhe ligjet n\u00eb fuqi.<\/p>\n","protected":false},"excerpt":{"rendered":"<p>Ambasadori gjerman, Jorn Rohde, ka shkruar sot p\u00ebr takimin e djesh\u00ebm q\u00eb pati me presidenten Vjosa Osmani, me t\u00eb cil\u00ebn ka diskutuar p\u00ebr procesin e konstituimit t\u00eb institucioneve. Rohde konstatoi se ka \u201cng\u00ebr\u00e7 institucional\u201d pas pretendimeve nga kryeparlamentari Dimal Basha se Kuvendi i Kosov\u00ebs \u00ebsht\u00eb konstituuar. Ai tha se Osmanit ia ka shprehur shqet\u00ebsimet e [&hellip;]<\/p>\n","protected":false},"author":1,"featured_media":46346,"comment_status":"closed","ping_status":"closed","sticky":false,"template":"","format":"standard","meta":{"_monsterinsights_skip_tracking":false,"_monsterinsights_sitenote_active":false,"_monsterinsights_sitenote_note":"","_monsterinsights_sitenote_category":0,"_uf_show_specific_survey":0,"_uf_disable_surveys":false,"footnotes":""},"categories":[3325],"tags":[3124],"yoast_head":"<!-- This site is optimized with the Yoast SEO plugin v21.5 - https:\/\/yoast.com\/wordpress\/plugins\/seo\/ -->\n<title>Rohde: Ende jemi n\u00eb ng\u00ebr\u00e7 politik<\/title>\n<meta name=\"robots\" content=\"index, follow, max-snippet:-1, max-image-preview:large, max-video-preview:-1\" \/>\n<link rel=\"canonical\" href=\"https:\/\/permbledhja.com\/sq\/rohde-ende-jemi-ne-ngerc-politik\/\" \/>\n<meta property=\"og:locale\" content=\"sq_AL\" \/>\n<meta property=\"og:type\" content=\"article\" \/>\n<meta property=\"og:title\" content=\"Rohde: Ende jemi n\u00eb ng\u00ebr\u00e7 politik\" \/>\n<meta property=\"og:description\" content=\"Ambasadori gjerman, Jorn Rohde, ka shkruar sot p\u00ebr takimin e djesh\u00ebm q\u00eb pati me presidenten Vjosa Osmani, me t\u00eb cil\u00ebn ka diskutuar p\u00ebr procesin e konstituimit t\u00eb institucioneve. Rohde konstatoi se ka \u201cng\u00ebr\u00e7 institucional\u201d pas pretendimeve nga kryeparlamentari Dimal Basha se Kuvendi i Kosov\u00ebs \u00ebsht\u00eb konstituuar. Ai tha se Osmanit ia ka shprehur shqet\u00ebsimet e [&hellip;]\" \/>\n<meta property=\"og:url\" content=\"https:\/\/permbledhja.com\/sq\/rohde-ende-jemi-ne-ngerc-politik\/\" \/>\n<meta property=\"og:site_name\" content=\"Ve\u00e7 artikuj p\u00ebrmbledh\u00ebs\" \/>\n<meta property=\"article:publisher\" content=\"https:\/\/www.facebook.com\/press07\/\" \/>\n<meta property=\"article:author\" content=\"https:\/\/www.facebook.com\/kafexhiu.muharrem\/\" \/>\n<meta property=\"article:published_time\" content=\"2025-09-03T15:15:18+00:00\" \/>\n<meta property=\"og:image\" content=\"https:\/\/permbledhja.com\/wp-content\/uploads\/2024\/02\/rohde.jpg\" \/>\n\t<meta property=\"og:image:width\" content=\"1130\" \/>\n\t<meta property=\"og:image:height\" content=\"635\" \/>\n\t<meta property=\"og:image:type\" content=\"image\/jpeg\" \/>\n<meta name=\"author\" content=\"P\u00ebrmbledhja\" \/>\n<meta name=\"twitter:card\" content=\"summary_large_image\" \/>\n<meta name=\"twitter:label1\" content=\"Written by\" \/>\n\t<meta name=\"twitter:data1\" content=\"P\u00ebrmbledhja\" \/>\n\t<meta name=\"twitter:label2\" content=\"Est. reading time\" \/>\n\t<meta name=\"twitter:data2\" content=\"2 minuta\" \/>\n<script type=\"application\/ld+json\" class=\"yoast-schema-graph\">{\"@context\":\"https:\/\/schema.org\",\"@graph\":[{\"@type\":\"Article\",\"@id\":\"https:\/\/permbledhja.com\/rohde-ende-jemi-ne-ngerc-politik\/#article\",\"isPartOf\":{\"@id\":\"https:\/\/permbledhja.com\/rohde-ende-jemi-ne-ngerc-politik\/\"},\"author\":{\"name\":\"P\u00ebrmbledhja\",\"@id\":\"https:\/\/permbledhja.com\/#\/schema\/person\/0d064377258d3221e50693947b9eb4fe\"},\"headline\":\"Rohde: Ende jemi n\u00eb ng\u00ebr\u00e7 politik\",\"datePublished\":\"2025-09-03T15:15:18+00:00\",\"dateModified\":\"2025-09-03T15:15:18+00:00\",\"mainEntityOfPage\":{\"@id\":\"https:\/\/permbledhja.com\/rohde-ende-jemi-ne-ngerc-politik\/\"},\"wordCount\":279,\"publisher\":{\"@id\":\"https:\/\/permbledhja.com\/#organization\"},\"keywords\":[\"Jorn Rohde\"],\"articleSection\":[\"Kryesore\"],\"inLanguage\":\"sq\"},{\"@type\":\"WebPage\",\"@id\":\"https:\/\/permbledhja.com\/rohde-ende-jemi-ne-ngerc-politik\/\",\"url\":\"https:\/\/permbledhja.com\/rohde-ende-jemi-ne-ngerc-politik\/\",\"name\":\"Rohde: Ende jemi n\u00eb ng\u00ebr\u00e7 politik\",\"isPartOf\":{\"@id\":\"https:\/\/permbledhja.com\/#website\"},\"datePublished\":\"2025-09-03T15:15:18+00:00\",\"dateModified\":\"2025-09-03T15:15:18+00:00\",\"breadcrumb\":{\"@id\":\"https:\/\/permbledhja.com\/rohde-ende-jemi-ne-ngerc-politik\/#breadcrumb\"},\"inLanguage\":\"sq\",\"potentialAction\":[{\"@type\":\"ReadAction\",\"target\":[\"https:\/\/permbledhja.com\/rohde-ende-jemi-ne-ngerc-politik\/\"]}]},{\"@type\":\"BreadcrumbList\",\"@id\":\"https:\/\/permbledhja.com\/rohde-ende-jemi-ne-ngerc-politik\/#breadcrumb\",\"itemListElement\":[{\"@type\":\"ListItem\",\"position\":1,\"name\":\"Ballina\",\"item\":\"https:\/\/permbledhja.com\/sq\/\"},{\"@type\":\"ListItem\",\"position\":2,\"name\":\"Rohde: Ende jemi n\u00eb ng\u00ebr\u00e7 politik\"}]},{\"@type\":\"WebSite\",\"@id\":\"https:\/\/permbledhja.com\/#website\",\"url\":\"https:\/\/permbledhja.com\/\",\"name\":\"Ve\u00e7 artikuj p\u00ebrmbledh\u00ebs\",\"description\":\"\",\"publisher\":{\"@id\":\"https:\/\/permbledhja.com\/#organization\"},\"potentialAction\":[{\"@type\":\"SearchAction\",\"target\":{\"@type\":\"EntryPoint\",\"urlTemplate\":\"https:\/\/permbledhja.com\/?s={search_term_string}\"},\"query-input\":\"required name=search_term_string\"}],\"inLanguage\":\"sq\"},{\"@type\":\"Organization\",\"@id\":\"https:\/\/permbledhja.com\/#organization\",\"name\":\"MK Media & Pr\",\"url\":\"https:\/\/permbledhja.com\/\",\"logo\":{\"@type\":\"ImageObject\",\"inLanguage\":\"sq\",\"@id\":\"https:\/\/permbledhja.com\/#\/schema\/logo\/image\/\",\"url\":\"https:\/\/permbledhja.com\/wp-content\/uploads\/2021\/12\/07-Press-Logo.jpg\",\"contentUrl\":\"https:\/\/permbledhja.com\/wp-content\/uploads\/2021\/12\/07-Press-Logo.jpg\",\"width\":512,\"height\":512,\"caption\":\"MK Media & Pr\"},\"image\":{\"@id\":\"https:\/\/permbledhja.com\/#\/schema\/logo\/image\/\"},\"sameAs\":[\"https:\/\/www.facebook.com\/press07\/\"]},{\"@type\":\"Person\",\"@id\":\"https:\/\/permbledhja.com\/#\/schema\/person\/0d064377258d3221e50693947b9eb4fe\",\"name\":\"P\u00ebrmbledhja\",\"image\":{\"@type\":\"ImageObject\",\"inLanguage\":\"sq\",\"@id\":\"https:\/\/permbledhja.com\/#\/schema\/person\/image\/\",\"url\":\"https:\/\/permbledhja.com\/wp-content\/uploads\/2026\/01\/452004717_1040944174702970_8932037511805513407_n-96x96.jpg\",\"contentUrl\":\"https:\/\/permbledhja.com\/wp-content\/uploads\/2026\/01\/452004717_1040944174702970_8932037511805513407_n-96x96.jpg\",\"caption\":\"P\u00ebrmbledhja\"},\"sameAs\":[\"https:\/\/www.facebook.com\/kafexhiu.muharrem\/\",\"https:\/\/www.instagram.com\/muharrem_kafexhiu\/\"],\"url\":\"https:\/\/permbledhja.com\/sq\/author\/admin\/\"}]}<\/script>\n<!-- \/ Yoast SEO plugin. -->","yoast_head_json":{"title":"Rohde: Ende jemi n\u00eb ng\u00ebr\u00e7 politik","robots":{"index":"index","follow":"follow","max-snippet":"max-snippet:-1","max-image-preview":"max-image-preview:large","max-video-preview":"max-video-preview:-1"},"canonical":"https:\/\/permbledhja.com\/sq\/rohde-ende-jemi-ne-ngerc-politik\/","og_locale":"sq_AL","og_type":"article","og_title":"Rohde: Ende jemi n\u00eb ng\u00ebr\u00e7 politik","og_description":"Ambasadori gjerman, Jorn Rohde, ka shkruar sot p\u00ebr takimin e djesh\u00ebm q\u00eb pati me presidenten Vjosa Osmani, me t\u00eb cil\u00ebn ka diskutuar p\u00ebr procesin e konstituimit t\u00eb institucioneve. Rohde konstatoi se ka \u201cng\u00ebr\u00e7 institucional\u201d pas pretendimeve nga kryeparlamentari Dimal Basha se Kuvendi i Kosov\u00ebs \u00ebsht\u00eb konstituuar. Ai tha se Osmanit ia ka shprehur shqet\u00ebsimet e [&hellip;]","og_url":"https:\/\/permbledhja.com\/sq\/rohde-ende-jemi-ne-ngerc-politik\/","og_site_name":"Ve\u00e7 artikuj p\u00ebrmbledh\u00ebs","article_publisher":"https:\/\/www.facebook.com\/press07\/","article_author":"https:\/\/www.facebook.com\/kafexhiu.muharrem\/","article_published_time":"2025-09-03T15:15:18+00:00","og_image":[{"width":1130,"height":635,"url":"https:\/\/permbledhja.com\/wp-content\/uploads\/2024\/02\/rohde.jpg","type":"image\/jpeg"}],"author":"P\u00ebrmbledhja","twitter_card":"summary_large_image","twitter_misc":{"Written by":"P\u00ebrmbledhja","Est. reading time":"2 minuta"},"schema":{"@context":"https:\/\/schema.org","@graph":[{"@type":"Article","@id":"https:\/\/permbledhja.com\/rohde-ende-jemi-ne-ngerc-politik\/#article","isPartOf":{"@id":"https:\/\/permbledhja.com\/rohde-ende-jemi-ne-ngerc-politik\/"},"author":{"name":"P\u00ebrmbledhja","@id":"https:\/\/permbledhja.com\/#\/schema\/person\/0d064377258d3221e50693947b9eb4fe"},"headline":"Rohde: Ende jemi n\u00eb ng\u00ebr\u00e7 politik","datePublished":"2025-09-03T15:15:18+00:00","dateModified":"2025-09-03T15:15:18+00:00","mainEntityOfPage":{"@id":"https:\/\/permbledhja.com\/rohde-ende-jemi-ne-ngerc-politik\/"},"wordCount":279,"publisher":{"@id":"https:\/\/permbledhja.com\/#organization"},"keywords":["Jorn Rohde"],"articleSection":["Kryesore"],"inLanguage":"sq"},{"@type":"WebPage","@id":"https:\/\/permbledhja.com\/rohde-ende-jemi-ne-ngerc-politik\/","url":"https:\/\/permbledhja.com\/rohde-ende-jemi-ne-ngerc-politik\/","name":"Rohde: Ende jemi n\u00eb ng\u00ebr\u00e7 politik","isPartOf":{"@id":"https:\/\/permbledhja.com\/#website"},"datePublished":"2025-09-03T15:15:18+00:00","dateModified":"2025-09-03T15:15:18+00:00","breadcrumb":{"@id":"https:\/\/permbledhja.com\/rohde-ende-jemi-ne-ngerc-politik\/#breadcrumb"},"inLanguage":"sq","potentialAction":[{"@type":"ReadAction","target":["https:\/\/permbledhja.com\/rohde-ende-jemi-ne-ngerc-politik\/"]}]},{"@type":"BreadcrumbList","@id":"https:\/\/permbledhja.com\/rohde-ende-jemi-ne-ngerc-politik\/#breadcrumb","itemListElement":[{"@type":"ListItem","position":1,"name":"Ballina","item":"https:\/\/permbledhja.com\/sq\/"},{"@type":"ListItem","position":2,"name":"Rohde: Ende jemi n\u00eb ng\u00ebr\u00e7 politik"}]},{"@type":"WebSite","@id":"https:\/\/permbledhja.com\/#website","url":"https:\/\/permbledhja.com\/","name":"Ve\u00e7 artikuj p\u00ebrmbledh\u00ebs","description":"","publisher":{"@id":"https:\/\/permbledhja.com\/#organization"},"potentialAction":[{"@type":"SearchAction","target":{"@type":"EntryPoint","urlTemplate":"https:\/\/permbledhja.com\/?s={search_term_string}"},"query-input":"required name=search_term_string"}],"inLanguage":"sq"},{"@type":"Organization","@id":"https:\/\/permbledhja.com\/#organization","name":"MK Media & Pr","url":"https:\/\/permbledhja.com\/","logo":{"@type":"ImageObject","inLanguage":"sq","@id":"https:\/\/permbledhja.com\/#\/schema\/logo\/image\/","url":"https:\/\/permbledhja.com\/wp-content\/uploads\/2021\/12\/07-Press-Logo.jpg","contentUrl":"https:\/\/permbledhja.com\/wp-content\/uploads\/2021\/12\/07-Press-Logo.jpg","width":512,"height":512,"caption":"MK Media & Pr"},"image":{"@id":"https:\/\/permbledhja.com\/#\/schema\/logo\/image\/"},"sameAs":["https:\/\/www.facebook.com\/press07\/"]},{"@type":"Person","@id":"https:\/\/permbledhja.com\/#\/schema\/person\/0d064377258d3221e50693947b9eb4fe","name":"P\u00ebrmbledhja","image":{"@type":"ImageObject","inLanguage":"sq","@id":"https:\/\/permbledhja.com\/#\/schema\/person\/image\/","url":"https:\/\/permbledhja.com\/wp-content\/uploads\/2026\/01\/452004717_1040944174702970_8932037511805513407_n-96x96.jpg","contentUrl":"https:\/\/permbledhja.com\/wp-content\/uploads\/2026\/01\/452004717_1040944174702970_8932037511805513407_n-96x96.jpg","caption":"P\u00ebrmbledhja"},"sameAs":["https:\/\/www.facebook.com\/kafexhiu.muharrem\/","https:\/\/www.instagram.com\/muharrem_kafexhiu\/"],"url":"https:\/\/permbledhja.com\/sq\/author\/admin\/"}]}},"_links":{"self":[{"href":"https:\/\/permbledhja.com\/sq\/wp-json\/wp\/v2\/posts\/73199"}],"collection":[{"href":"https:\/\/permbledhja.com\/sq\/wp-json\/wp\/v2\/posts"}],"about":[{"href":"https:\/\/permbledhja.com\/sq\/wp-json\/wp\/v2\/types\/post"}],"author":[{"embeddable":true,"href":"https:\/\/permbledhja.com\/sq\/wp-json\/wp\/v2\/users\/1"}],"replies":[{"embeddable":true,"href":"https:\/\/permbledhja.com\/sq\/wp-json\/wp\/v2\/comments?post=73199"}],"version-history":[{"count":1,"href":"https:\/\/permbledhja.com\/sq\/wp-json\/wp\/v2\/posts\/73199\/revisions"}],"predecessor-version":[{"id":73200,"href":"https:\/\/permbledhja.com\/sq\/wp-json\/wp\/v2\/posts\/73199\/revisions\/73200"}],"wp:featuredmedia":[{"embeddable":true,"href":"https:\/\/permbledhja.com\/sq\/wp-json\/wp\/v2\/media\/46346"}],"wp:attachment":[{"href":"https:\/\/permbledhja.com\/sq\/wp-json\/wp\/v2\/media?parent=73199"}],"wp:term":[{"taxonomy":"category","embeddable":true,"href":"https:\/\/permbledhja.com\/sq\/wp-json\/wp\/v2\/categories?post=73199"},{"taxonomy":"post_tag","embeddable":true,"href":"https:\/\/permbledhja.com\/sq\/wp-json\/wp\/v2\/tags?post=73199"}],"curies":[{"name":"wp","href":"https:\/\/api.w.org\/{rel}","templated":true}]}}