{"id":73196,"date":"2025-09-03T15:12:01","date_gmt":"2025-09-03T15:12:01","guid":{"rendered":"https:\/\/permbledhja.com\/?p=73196"},"modified":"2025-09-03T15:12:01","modified_gmt":"2025-09-03T15:12:01","slug":"rashiq-kuvendi-seshte-konstituuar-pres-mase-te-perkohshme-nga-kushtetuesja","status":"publish","type":"post","link":"https:\/\/permbledhja.com\/sq\/rashiq-kuvendi-seshte-konstituuar-pres-mase-te-perkohshme-nga-kushtetuesja\/","title":{"rendered":"Rashiq: Kuvendi s&#8217;\u00ebsht\u00eb konstituuar, pres mas\u00eb t\u00eb p\u00ebrkohshme nga Kushtetuesja"},"content":{"rendered":"<p><strong>Kryetari i Partis\u00eb p\u00ebr Liri, Drejt\u00ebsi dhe Mbijetes\u00eb, Nenad Rashiq, vler\u00ebson se Kuvendi i Kosov\u00ebs nuk \u00ebsht\u00eb konstituuar, pavar\u00ebsisht q\u00eb kryeparlamentari Dimal Basha e shpalli t\u00eb mbyllur seanc\u00ebn.<\/strong><\/p>\n<p>Rashiq, i cili \u00ebsht\u00eb edhe deputet n\u00eb Kuvend nga komuniteti serb, thekson nevoj\u00ebn e zgjedhjes s\u00eb n\u00ebnkryetarit nga komuniteti serb p\u00ebr t\u00eb p\u00ebrmbyllur k\u00ebt\u00eb proces, ndon\u00ebse edhe vet\u00eb ishte kandidat p\u00ebr n\u00ebnkryetar, por nuk arriti t\u2019i marr\u00eb 61 vota.<\/p>\n<p><em>\u201cUn\u00eb kam komunikim t\u00eb mir\u00eb me kryeministrin dhe ministrat e tjer\u00eb, por megjithat\u00eb, prap\u00eb t\u00eb gjith\u00eb ne politikan\u00ebt duhet t\u00eb jemi objektiv\u00eb dhe t\u00eb jemi t\u00eb p\u00ebrgjegjsh\u00ebm p\u00ebr pun\u00ebn q\u00eb e b\u00ebjm\u00eb dhe ta flasim t\u00eb v\u00ebrtet\u00ebn. N\u00eb k\u00ebt\u00eb rast, p\u00ebr mendimin tim, t\u00eb gjith\u00eb politikan\u00ebt kan\u00eb obligim q\u00eb ta thon\u00eb t\u00eb v\u00ebrtet\u00ebn nga k\u00ebndi q\u00eb ne shikojm\u00eb gj\u00ebrat. Un\u00eb n\u00eb k\u00ebt\u00eb rast po m\u00eb duhet t\u00eb jem m\u00eb i p\u00ebrgjegjsh\u00ebm mbi t\u00eb gjith\u00eb ata p\u00ebrfaq\u00ebsues t\u00eb List\u00ebs Serbe q\u00eb nuk din\u00eb as t\u00eb drejtohen n\u00eb m\u00ebnyr\u00ebn e duhur. Un\u00eb, me \u00e7do respekt q\u00eb kam ndaj p\u00ebrfaq\u00ebsuesve t\u00eb LVV-s\u00eb, m\u00eb duhet t\u00eb tregoj se n\u00eb k\u00ebt\u00eb rast dhe besoj se do t\u00eb d\u00ebshmohet se nuk \u00ebsht\u00eb konstituar Kuvendi, si\u00e7 \u00ebsht\u00eb parapar\u00eb me Kushtetut\u00eb\u201d<\/em>, deklaroi Rashiq p\u00ebr KosovaPress.<\/p>\n<p>Krahas k\u00ebsaj, Rashiq pret q\u00eb Gjykata Kushtetuese, gjat\u00eb k\u00ebsaj jave, t\u00eb vendos\u00eb mas\u00eb t\u00eb p\u00ebrkohshme p\u00ebr seanc\u00ebn konstituive n\u00eb m\u00ebnyr\u00eb q\u00eb t\u00eb mos rrjedh\u00eb afati p\u00ebr formimin e qeveris\u00eb.<\/p>\n<p>Teksa foli s\u00ebrish p\u00ebr kandidatur\u00ebn e tij p\u00ebr n\u00ebnkryetar t\u00eb Kuvendit, Rashiq thot\u00eb se n\u00ebse Kushtetuesja aprovon k\u00ebrkes\u00ebn e List\u00ebs Serbe dhe vendoset q\u00eb votimi p\u00ebr n\u00ebnkryetar\u00ebt nga komunitetet jo shumic\u00eb t\u00eb b\u00ebhet n\u00eb pako, at\u00ebher\u00eb ai pajtohet me nj\u00eb gj\u00eb t\u00eb till\u00eb.<\/p>\n<p>Rashiq madje shprehet i bindur se as presidentja Vjosa Osmani nuk do ta mandatoj\u00eb kandidatin e LVV-s\u00eb p\u00ebr kryeminist\u00ebr, derisa t\u00eb ket\u00eb nj\u00eb vendimmarrje t\u00eb Kushtetueses, pas ankes\u00ebs s\u00eb List\u00ebs Serbe.<\/p>\n<p>Presidentja Vjosa Osmani ka pasur nj\u00eb takim me kryetarin e Kuvendit, Dimal Basha, n\u00eb fillim t\u00eb k\u00ebsaj jave. Pas takimit, p\u00ebrmes nj\u00eb kumtese p\u00ebr media nga zyra e t\u00eb par\u00ebs s\u00eb shtetit, \u00ebsht\u00eb th\u00ebn\u00eb se ajo, bashk\u00eb me ekipin e saj ligjor, po analizojn\u00eb situat\u00ebn n\u00eb Kuvend q\u00eb m\u00eb pas t\u00eb ken\u00eb nj\u00eb q\u00ebndrim.<\/p>\n","protected":false},"excerpt":{"rendered":"<p>Kryetari i Partis\u00eb p\u00ebr Liri, Drejt\u00ebsi dhe Mbijetes\u00eb, Nenad Rashiq, vler\u00ebson se Kuvendi i Kosov\u00ebs nuk \u00ebsht\u00eb konstituuar, pavar\u00ebsisht q\u00eb kryeparlamentari Dimal Basha e shpalli t\u00eb mbyllur seanc\u00ebn. Rashiq, i cili \u00ebsht\u00eb edhe deputet n\u00eb Kuvend nga komuniteti serb, thekson nevoj\u00ebn e zgjedhjes s\u00eb n\u00ebnkryetarit nga komuniteti serb p\u00ebr t\u00eb p\u00ebrmbyllur k\u00ebt\u00eb proces, ndon\u00ebse edhe [&hellip;]<\/p>\n","protected":false},"author":1,"featured_media":73197,"comment_status":"closed","ping_status":"closed","sticky":false,"template":"","format":"standard","meta":{"_monsterinsights_skip_tracking":false,"_monsterinsights_sitenote_active":false,"_monsterinsights_sitenote_note":"","_monsterinsights_sitenote_category":0,"_uf_show_specific_survey":0,"_uf_disable_surveys":false,"footnotes":""},"categories":[3324],"tags":[1312],"yoast_head":"<!-- This site is optimized with the Yoast SEO plugin v21.5 - https:\/\/yoast.com\/wordpress\/plugins\/seo\/ -->\n<title>Rashiq: Kuvendi s&#039;\u00ebsht\u00eb konstituuar, pres mas\u00eb t\u00eb p\u00ebrkohshme nga Kushtetuesja<\/title>\n<meta name=\"robots\" content=\"index, follow, max-snippet:-1, max-image-preview:large, max-video-preview:-1\" \/>\n<link rel=\"canonical\" href=\"https:\/\/permbledhja.com\/sq\/rashiq-kuvendi-seshte-konstituuar-pres-mase-te-perkohshme-nga-kushtetuesja\/\" \/>\n<meta property=\"og:locale\" content=\"sq_AL\" \/>\n<meta property=\"og:type\" content=\"article\" \/>\n<meta property=\"og:title\" content=\"Rashiq: Kuvendi s&#039;\u00ebsht\u00eb konstituuar, pres mas\u00eb t\u00eb p\u00ebrkohshme nga Kushtetuesja\" \/>\n<meta property=\"og:description\" content=\"Kryetari i Partis\u00eb p\u00ebr Liri, Drejt\u00ebsi dhe Mbijetes\u00eb, Nenad Rashiq, vler\u00ebson se Kuvendi i Kosov\u00ebs nuk \u00ebsht\u00eb konstituuar, pavar\u00ebsisht q\u00eb kryeparlamentari Dimal Basha e shpalli t\u00eb mbyllur seanc\u00ebn. Rashiq, i cili \u00ebsht\u00eb edhe deputet n\u00eb Kuvend nga komuniteti serb, thekson nevoj\u00ebn e zgjedhjes s\u00eb n\u00ebnkryetarit nga komuniteti serb p\u00ebr t\u00eb p\u00ebrmbyllur k\u00ebt\u00eb proces, ndon\u00ebse edhe [&hellip;]\" \/>\n<meta property=\"og:url\" content=\"https:\/\/permbledhja.com\/sq\/rashiq-kuvendi-seshte-konstituuar-pres-mase-te-perkohshme-nga-kushtetuesja\/\" \/>\n<meta property=\"og:site_name\" content=\"Ve\u00e7 artikuj p\u00ebrmbledh\u00ebs\" \/>\n<meta property=\"article:publisher\" content=\"https:\/\/www.facebook.com\/press07\/\" \/>\n<meta property=\"article:author\" content=\"https:\/\/www.facebook.com\/kafexhiu.muharrem\/\" \/>\n<meta property=\"article:published_time\" content=\"2025-09-03T15:12:01+00:00\" \/>\n<meta property=\"og:image\" content=\"https:\/\/permbledhja.com\/wp-content\/uploads\/2025\/09\/541064719_1223609243143387_2847886585689570749_n.jpg\" \/>\n\t<meta property=\"og:image:width\" content=\"1666\" \/>\n\t<meta property=\"og:image:height\" content=\"1103\" \/>\n\t<meta property=\"og:image:type\" content=\"image\/jpeg\" \/>\n<meta name=\"author\" content=\"P\u00ebrmbledhja\" \/>\n<meta name=\"twitter:card\" content=\"summary_large_image\" \/>\n<meta name=\"twitter:label1\" content=\"Written by\" \/>\n\t<meta name=\"twitter:data1\" content=\"P\u00ebrmbledhja\" \/>\n\t<meta name=\"twitter:label2\" content=\"Est. reading time\" \/>\n\t<meta name=\"twitter:data2\" content=\"2 minuta\" \/>\n<script type=\"application\/ld+json\" class=\"yoast-schema-graph\">{\"@context\":\"https:\/\/schema.org\",\"@graph\":[{\"@type\":\"Article\",\"@id\":\"https:\/\/permbledhja.com\/rashiq-kuvendi-seshte-konstituuar-pres-mase-te-perkohshme-nga-kushtetuesja\/#article\",\"isPartOf\":{\"@id\":\"https:\/\/permbledhja.com\/rashiq-kuvendi-seshte-konstituuar-pres-mase-te-perkohshme-nga-kushtetuesja\/\"},\"author\":{\"name\":\"P\u00ebrmbledhja\",\"@id\":\"https:\/\/permbledhja.com\/#\/schema\/person\/0d064377258d3221e50693947b9eb4fe\"},\"headline\":\"Rashiq: Kuvendi s&#8217;\u00ebsht\u00eb konstituuar, pres mas\u00eb t\u00eb p\u00ebrkohshme nga Kushtetuesja\",\"datePublished\":\"2025-09-03T15:12:01+00:00\",\"dateModified\":\"2025-09-03T15:12:01+00:00\",\"mainEntityOfPage\":{\"@id\":\"https:\/\/permbledhja.com\/rashiq-kuvendi-seshte-konstituuar-pres-mase-te-perkohshme-nga-kushtetuesja\/\"},\"wordCount\":437,\"publisher\":{\"@id\":\"https:\/\/permbledhja.com\/#organization\"},\"keywords\":[\"Nenad Rashiq\"],\"articleSection\":[\"Dyt\u00ebsore\"],\"inLanguage\":\"sq\"},{\"@type\":\"WebPage\",\"@id\":\"https:\/\/permbledhja.com\/rashiq-kuvendi-seshte-konstituuar-pres-mase-te-perkohshme-nga-kushtetuesja\/\",\"url\":\"https:\/\/permbledhja.com\/rashiq-kuvendi-seshte-konstituuar-pres-mase-te-perkohshme-nga-kushtetuesja\/\",\"name\":\"Rashiq: Kuvendi s'\u00ebsht\u00eb konstituuar, pres mas\u00eb t\u00eb p\u00ebrkohshme nga Kushtetuesja\",\"isPartOf\":{\"@id\":\"https:\/\/permbledhja.com\/#website\"},\"datePublished\":\"2025-09-03T15:12:01+00:00\",\"dateModified\":\"2025-09-03T15:12:01+00:00\",\"breadcrumb\":{\"@id\":\"https:\/\/permbledhja.com\/rashiq-kuvendi-seshte-konstituuar-pres-mase-te-perkohshme-nga-kushtetuesja\/#breadcrumb\"},\"inLanguage\":\"sq\",\"potentialAction\":[{\"@type\":\"ReadAction\",\"target\":[\"https:\/\/permbledhja.com\/rashiq-kuvendi-seshte-konstituuar-pres-mase-te-perkohshme-nga-kushtetuesja\/\"]}]},{\"@type\":\"BreadcrumbList\",\"@id\":\"https:\/\/permbledhja.com\/rashiq-kuvendi-seshte-konstituuar-pres-mase-te-perkohshme-nga-kushtetuesja\/#breadcrumb\",\"itemListElement\":[{\"@type\":\"ListItem\",\"position\":1,\"name\":\"Ballina\",\"item\":\"https:\/\/permbledhja.com\/sq\/\"},{\"@type\":\"ListItem\",\"position\":2,\"name\":\"Rashiq: Kuvendi s&#8217;\u00ebsht\u00eb konstituuar, pres mas\u00eb t\u00eb p\u00ebrkohshme nga Kushtetuesja\"}]},{\"@type\":\"WebSite\",\"@id\":\"https:\/\/permbledhja.com\/#website\",\"url\":\"https:\/\/permbledhja.com\/\",\"name\":\"Ve\u00e7 artikuj p\u00ebrmbledh\u00ebs\",\"description\":\"\",\"publisher\":{\"@id\":\"https:\/\/permbledhja.com\/#organization\"},\"potentialAction\":[{\"@type\":\"SearchAction\",\"target\":{\"@type\":\"EntryPoint\",\"urlTemplate\":\"https:\/\/permbledhja.com\/?s={search_term_string}\"},\"query-input\":\"required name=search_term_string\"}],\"inLanguage\":\"sq\"},{\"@type\":\"Organization\",\"@id\":\"https:\/\/permbledhja.com\/#organization\",\"name\":\"MK Media & Pr\",\"url\":\"https:\/\/permbledhja.com\/\",\"logo\":{\"@type\":\"ImageObject\",\"inLanguage\":\"sq\",\"@id\":\"https:\/\/permbledhja.com\/#\/schema\/logo\/image\/\",\"url\":\"https:\/\/permbledhja.com\/wp-content\/uploads\/2021\/12\/07-Press-Logo.jpg\",\"contentUrl\":\"https:\/\/permbledhja.com\/wp-content\/uploads\/2021\/12\/07-Press-Logo.jpg\",\"width\":512,\"height\":512,\"caption\":\"MK Media & Pr\"},\"image\":{\"@id\":\"https:\/\/permbledhja.com\/#\/schema\/logo\/image\/\"},\"sameAs\":[\"https:\/\/www.facebook.com\/press07\/\"]},{\"@type\":\"Person\",\"@id\":\"https:\/\/permbledhja.com\/#\/schema\/person\/0d064377258d3221e50693947b9eb4fe\",\"name\":\"P\u00ebrmbledhja\",\"image\":{\"@type\":\"ImageObject\",\"inLanguage\":\"sq\",\"@id\":\"https:\/\/permbledhja.com\/#\/schema\/person\/image\/\",\"url\":\"https:\/\/permbledhja.com\/wp-content\/uploads\/2026\/01\/452004717_1040944174702970_8932037511805513407_n-96x96.jpg\",\"contentUrl\":\"https:\/\/permbledhja.com\/wp-content\/uploads\/2026\/01\/452004717_1040944174702970_8932037511805513407_n-96x96.jpg\",\"caption\":\"P\u00ebrmbledhja\"},\"sameAs\":[\"https:\/\/www.facebook.com\/kafexhiu.muharrem\/\",\"https:\/\/www.instagram.com\/muharrem_kafexhiu\/\"],\"url\":\"https:\/\/permbledhja.com\/sq\/author\/admin\/\"}]}<\/script>\n<!-- \/ Yoast SEO plugin. -->","yoast_head_json":{"title":"Rashiq: Kuvendi s'\u00ebsht\u00eb konstituuar, pres mas\u00eb t\u00eb p\u00ebrkohshme nga Kushtetuesja","robots":{"index":"index","follow":"follow","max-snippet":"max-snippet:-1","max-image-preview":"max-image-preview:large","max-video-preview":"max-video-preview:-1"},"canonical":"https:\/\/permbledhja.com\/sq\/rashiq-kuvendi-seshte-konstituuar-pres-mase-te-perkohshme-nga-kushtetuesja\/","og_locale":"sq_AL","og_type":"article","og_title":"Rashiq: Kuvendi s'\u00ebsht\u00eb konstituuar, pres mas\u00eb t\u00eb p\u00ebrkohshme nga Kushtetuesja","og_description":"Kryetari i Partis\u00eb p\u00ebr Liri, Drejt\u00ebsi dhe Mbijetes\u00eb, Nenad Rashiq, vler\u00ebson se Kuvendi i Kosov\u00ebs nuk \u00ebsht\u00eb konstituuar, pavar\u00ebsisht q\u00eb kryeparlamentari Dimal Basha e shpalli t\u00eb mbyllur seanc\u00ebn. Rashiq, i cili \u00ebsht\u00eb edhe deputet n\u00eb Kuvend nga komuniteti serb, thekson nevoj\u00ebn e zgjedhjes s\u00eb n\u00ebnkryetarit nga komuniteti serb p\u00ebr t\u00eb p\u00ebrmbyllur k\u00ebt\u00eb proces, ndon\u00ebse edhe [&hellip;]","og_url":"https:\/\/permbledhja.com\/sq\/rashiq-kuvendi-seshte-konstituuar-pres-mase-te-perkohshme-nga-kushtetuesja\/","og_site_name":"Ve\u00e7 artikuj p\u00ebrmbledh\u00ebs","article_publisher":"https:\/\/www.facebook.com\/press07\/","article_author":"https:\/\/www.facebook.com\/kafexhiu.muharrem\/","article_published_time":"2025-09-03T15:12:01+00:00","og_image":[{"width":1666,"height":1103,"url":"https:\/\/permbledhja.com\/wp-content\/uploads\/2025\/09\/541064719_1223609243143387_2847886585689570749_n.jpg","type":"image\/jpeg"}],"author":"P\u00ebrmbledhja","twitter_card":"summary_large_image","twitter_misc":{"Written by":"P\u00ebrmbledhja","Est. reading time":"2 minuta"},"schema":{"@context":"https:\/\/schema.org","@graph":[{"@type":"Article","@id":"https:\/\/permbledhja.com\/rashiq-kuvendi-seshte-konstituuar-pres-mase-te-perkohshme-nga-kushtetuesja\/#article","isPartOf":{"@id":"https:\/\/permbledhja.com\/rashiq-kuvendi-seshte-konstituuar-pres-mase-te-perkohshme-nga-kushtetuesja\/"},"author":{"name":"P\u00ebrmbledhja","@id":"https:\/\/permbledhja.com\/#\/schema\/person\/0d064377258d3221e50693947b9eb4fe"},"headline":"Rashiq: Kuvendi s&#8217;\u00ebsht\u00eb konstituuar, pres mas\u00eb t\u00eb p\u00ebrkohshme nga Kushtetuesja","datePublished":"2025-09-03T15:12:01+00:00","dateModified":"2025-09-03T15:12:01+00:00","mainEntityOfPage":{"@id":"https:\/\/permbledhja.com\/rashiq-kuvendi-seshte-konstituuar-pres-mase-te-perkohshme-nga-kushtetuesja\/"},"wordCount":437,"publisher":{"@id":"https:\/\/permbledhja.com\/#organization"},"keywords":["Nenad Rashiq"],"articleSection":["Dyt\u00ebsore"],"inLanguage":"sq"},{"@type":"WebPage","@id":"https:\/\/permbledhja.com\/rashiq-kuvendi-seshte-konstituuar-pres-mase-te-perkohshme-nga-kushtetuesja\/","url":"https:\/\/permbledhja.com\/rashiq-kuvendi-seshte-konstituuar-pres-mase-te-perkohshme-nga-kushtetuesja\/","name":"Rashiq: Kuvendi s'\u00ebsht\u00eb konstituuar, pres mas\u00eb t\u00eb p\u00ebrkohshme nga Kushtetuesja","isPartOf":{"@id":"https:\/\/permbledhja.com\/#website"},"datePublished":"2025-09-03T15:12:01+00:00","dateModified":"2025-09-03T15:12:01+00:00","breadcrumb":{"@id":"https:\/\/permbledhja.com\/rashiq-kuvendi-seshte-konstituuar-pres-mase-te-perkohshme-nga-kushtetuesja\/#breadcrumb"},"inLanguage":"sq","potentialAction":[{"@type":"ReadAction","target":["https:\/\/permbledhja.com\/rashiq-kuvendi-seshte-konstituuar-pres-mase-te-perkohshme-nga-kushtetuesja\/"]}]},{"@type":"BreadcrumbList","@id":"https:\/\/permbledhja.com\/rashiq-kuvendi-seshte-konstituuar-pres-mase-te-perkohshme-nga-kushtetuesja\/#breadcrumb","itemListElement":[{"@type":"ListItem","position":1,"name":"Ballina","item":"https:\/\/permbledhja.com\/sq\/"},{"@type":"ListItem","position":2,"name":"Rashiq: Kuvendi s&#8217;\u00ebsht\u00eb konstituuar, pres mas\u00eb t\u00eb p\u00ebrkohshme nga Kushtetuesja"}]},{"@type":"WebSite","@id":"https:\/\/permbledhja.com\/#website","url":"https:\/\/permbledhja.com\/","name":"Ve\u00e7 artikuj p\u00ebrmbledh\u00ebs","description":"","publisher":{"@id":"https:\/\/permbledhja.com\/#organization"},"potentialAction":[{"@type":"SearchAction","target":{"@type":"EntryPoint","urlTemplate":"https:\/\/permbledhja.com\/?s={search_term_string}"},"query-input":"required name=search_term_string"}],"inLanguage":"sq"},{"@type":"Organization","@id":"https:\/\/permbledhja.com\/#organization","name":"MK Media & Pr","url":"https:\/\/permbledhja.com\/","logo":{"@type":"ImageObject","inLanguage":"sq","@id":"https:\/\/permbledhja.com\/#\/schema\/logo\/image\/","url":"https:\/\/permbledhja.com\/wp-content\/uploads\/2021\/12\/07-Press-Logo.jpg","contentUrl":"https:\/\/permbledhja.com\/wp-content\/uploads\/2021\/12\/07-Press-Logo.jpg","width":512,"height":512,"caption":"MK Media & Pr"},"image":{"@id":"https:\/\/permbledhja.com\/#\/schema\/logo\/image\/"},"sameAs":["https:\/\/www.facebook.com\/press07\/"]},{"@type":"Person","@id":"https:\/\/permbledhja.com\/#\/schema\/person\/0d064377258d3221e50693947b9eb4fe","name":"P\u00ebrmbledhja","image":{"@type":"ImageObject","inLanguage":"sq","@id":"https:\/\/permbledhja.com\/#\/schema\/person\/image\/","url":"https:\/\/permbledhja.com\/wp-content\/uploads\/2026\/01\/452004717_1040944174702970_8932037511805513407_n-96x96.jpg","contentUrl":"https:\/\/permbledhja.com\/wp-content\/uploads\/2026\/01\/452004717_1040944174702970_8932037511805513407_n-96x96.jpg","caption":"P\u00ebrmbledhja"},"sameAs":["https:\/\/www.facebook.com\/kafexhiu.muharrem\/","https:\/\/www.instagram.com\/muharrem_kafexhiu\/"],"url":"https:\/\/permbledhja.com\/sq\/author\/admin\/"}]}},"_links":{"self":[{"href":"https:\/\/permbledhja.com\/sq\/wp-json\/wp\/v2\/posts\/73196"}],"collection":[{"href":"https:\/\/permbledhja.com\/sq\/wp-json\/wp\/v2\/posts"}],"about":[{"href":"https:\/\/permbledhja.com\/sq\/wp-json\/wp\/v2\/types\/post"}],"author":[{"embeddable":true,"href":"https:\/\/permbledhja.com\/sq\/wp-json\/wp\/v2\/users\/1"}],"replies":[{"embeddable":true,"href":"https:\/\/permbledhja.com\/sq\/wp-json\/wp\/v2\/comments?post=73196"}],"version-history":[{"count":1,"href":"https:\/\/permbledhja.com\/sq\/wp-json\/wp\/v2\/posts\/73196\/revisions"}],"predecessor-version":[{"id":73198,"href":"https:\/\/permbledhja.com\/sq\/wp-json\/wp\/v2\/posts\/73196\/revisions\/73198"}],"wp:featuredmedia":[{"embeddable":true,"href":"https:\/\/permbledhja.com\/sq\/wp-json\/wp\/v2\/media\/73197"}],"wp:attachment":[{"href":"https:\/\/permbledhja.com\/sq\/wp-json\/wp\/v2\/media?parent=73196"}],"wp:term":[{"taxonomy":"category","embeddable":true,"href":"https:\/\/permbledhja.com\/sq\/wp-json\/wp\/v2\/categories?post=73196"},{"taxonomy":"post_tag","embeddable":true,"href":"https:\/\/permbledhja.com\/sq\/wp-json\/wp\/v2\/tags?post=73196"}],"curies":[{"name":"wp","href":"https:\/\/api.w.org\/{rel}","templated":true}]}}