{"id":73187,"date":"2025-09-03T07:45:09","date_gmt":"2025-09-03T07:45:09","guid":{"rendered":"https:\/\/permbledhja.com\/?p=73187"},"modified":"2025-09-03T07:45:09","modified_gmt":"2025-09-03T07:45:09","slug":"polici-kosovar-shpeton-nje-21-vjecare-nga-vetevrasja-hyri-me-force-ne-ballkon","status":"publish","type":"post","link":"https:\/\/permbledhja.com\/sq\/polici-kosovar-shpeton-nje-21-vjecare-nga-vetevrasja-hyri-me-force-ne-ballkon\/","title":{"rendered":"Polici kosovar shp\u00ebton nj\u00eb 21-vje\u00e7are nga vet\u00ebvrasja, hyri me forc\u00eb n\u00eb ballkon"},"content":{"rendered":"<p><strong>Sot, rreth or\u00ebs 04:30, policia n\u00eb Ferizaj ka pranuar nj\u00eb informacion nga qytetar\u00ebt se n\u00eb nj\u00eb kompleks banesor, n\u00eb katin e kat\u00ebrt, nj\u00eb vajz\u00eb 21-vje\u00e7are po tentonte t\u00eb hidhej nga ballkoni.<\/strong><\/p>\n<p>Menj\u00ebher\u00eb pas pranimit t\u00eb informat\u00ebs, patrullat policore kan\u00eb dal\u00eb n\u00eb vendngjarje, ku fillimisht kan\u00eb kontaktuar me d\u00ebshmitar\u00ebt dhe m\u00eb pas kan\u00eb v\u00ebrejtur vajz\u00ebn n\u00eb an\u00ebn e jashtme t\u00eb ballkonit.<\/p>\n<p>Policia ka tentuar ta qet\u00ebsoj\u00eb p\u00ebrmes komunikimit, nd\u00ebrkoh\u00eb q\u00eb nj\u00ebri prej polic\u00ebve \u00ebsht\u00eb ngjitur n\u00eb banes\u00ebn ku ndodhej ajo.<\/p>\n<p>P\u00ebr shkak t\u00eb urgjenc\u00ebs dhe rrezikut t\u00eb lart\u00eb, polici \u00ebsht\u00eb detyruar t\u00eb hap\u00eb der\u00ebn me forc\u00eb dhe ka nd\u00ebrhyr\u00eb me shpejt\u00ebsi n\u00eb ballkon, duke arritur ta kap\u00eb dhe ta t\u00ebrheq\u00eb viktim\u00ebn brenda rrethojave, me ndihm\u00ebn edhe t\u00eb nj\u00eb kolegu tjet\u00ebr.<\/p>\n","protected":false},"excerpt":{"rendered":"<p>Sot, rreth or\u00ebs 04:30, policia n\u00eb Ferizaj ka pranuar nj\u00eb informacion nga qytetar\u00ebt se n\u00eb nj\u00eb kompleks banesor, n\u00eb katin e kat\u00ebrt, nj\u00eb vajz\u00eb 21-vje\u00e7are po tentonte t\u00eb hidhej nga ballkoni. Menj\u00ebher\u00eb pas pranimit t\u00eb informat\u00ebs, patrullat policore kan\u00eb dal\u00eb n\u00eb vendngjarje, ku fillimisht kan\u00eb kontaktuar me d\u00ebshmitar\u00ebt dhe m\u00eb pas kan\u00eb v\u00ebrejtur vajz\u00ebn n\u00eb [&hellip;]<\/p>\n","protected":false},"author":1,"featured_media":64110,"comment_status":"closed","ping_status":"closed","sticky":false,"template":"","format":"standard","meta":{"_monsterinsights_skip_tracking":false,"_monsterinsights_sitenote_active":false,"_monsterinsights_sitenote_note":"","_monsterinsights_sitenote_category":0,"_uf_show_specific_survey":0,"_uf_disable_surveys":false,"footnotes":""},"categories":[3324],"tags":[367],"yoast_head":"<!-- This site is optimized with the Yoast SEO plugin v21.5 - https:\/\/yoast.com\/wordpress\/plugins\/seo\/ -->\n<title>Polici kosovar shp\u00ebton nj\u00eb 21-vje\u00e7are nga vet\u00ebvrasja, hyri me forc\u00eb n\u00eb ballkon<\/title>\n<meta name=\"robots\" content=\"index, follow, max-snippet:-1, max-image-preview:large, max-video-preview:-1\" \/>\n<link rel=\"canonical\" href=\"https:\/\/permbledhja.com\/sq\/polici-kosovar-shpeton-nje-21-vjecare-nga-vetevrasja-hyri-me-force-ne-ballkon\/\" \/>\n<meta property=\"og:locale\" content=\"sq_AL\" \/>\n<meta property=\"og:type\" content=\"article\" \/>\n<meta property=\"og:title\" content=\"Polici kosovar shp\u00ebton nj\u00eb 21-vje\u00e7are nga vet\u00ebvrasja, hyri me forc\u00eb n\u00eb ballkon\" \/>\n<meta property=\"og:description\" content=\"Sot, rreth or\u00ebs 04:30, policia n\u00eb Ferizaj ka pranuar nj\u00eb informacion nga qytetar\u00ebt se n\u00eb nj\u00eb kompleks banesor, n\u00eb katin e kat\u00ebrt, nj\u00eb vajz\u00eb 21-vje\u00e7are po tentonte t\u00eb hidhej nga ballkoni. Menj\u00ebher\u00eb pas pranimit t\u00eb informat\u00ebs, patrullat policore kan\u00eb dal\u00eb n\u00eb vendngjarje, ku fillimisht kan\u00eb kontaktuar me d\u00ebshmitar\u00ebt dhe m\u00eb pas kan\u00eb v\u00ebrejtur vajz\u00ebn n\u00eb [&hellip;]\" \/>\n<meta property=\"og:url\" content=\"https:\/\/permbledhja.com\/sq\/polici-kosovar-shpeton-nje-21-vjecare-nga-vetevrasja-hyri-me-force-ne-ballkon\/\" \/>\n<meta property=\"og:site_name\" content=\"Ve\u00e7 artikuj p\u00ebrmbledh\u00ebs\" \/>\n<meta property=\"article:publisher\" content=\"https:\/\/www.facebook.com\/press07\/\" \/>\n<meta property=\"article:author\" content=\"https:\/\/www.facebook.com\/kafexhiu.muharrem\/\" \/>\n<meta property=\"article:published_time\" content=\"2025-09-03T07:45:09+00:00\" \/>\n<meta property=\"og:image\" content=\"https:\/\/permbledhja.com\/wp-content\/uploads\/2024\/05\/policia-e-kosoves-600x360-1.jpg\" \/>\n\t<meta property=\"og:image:width\" content=\"600\" \/>\n\t<meta property=\"og:image:height\" content=\"360\" \/>\n\t<meta property=\"og:image:type\" content=\"image\/jpeg\" \/>\n<meta name=\"author\" content=\"P\u00ebrmbledhja\" \/>\n<meta name=\"twitter:card\" content=\"summary_large_image\" \/>\n<meta name=\"twitter:label1\" content=\"Written by\" \/>\n\t<meta name=\"twitter:data1\" content=\"P\u00ebrmbledhja\" \/>\n\t<meta name=\"twitter:label2\" content=\"Est. reading time\" \/>\n\t<meta name=\"twitter:data2\" content=\"1 minut\u00eb\" \/>\n<script type=\"application\/ld+json\" class=\"yoast-schema-graph\">{\"@context\":\"https:\/\/schema.org\",\"@graph\":[{\"@type\":\"Article\",\"@id\":\"https:\/\/permbledhja.com\/polici-kosovar-shpeton-nje-21-vjecare-nga-vetevrasja-hyri-me-force-ne-ballkon\/#article\",\"isPartOf\":{\"@id\":\"https:\/\/permbledhja.com\/polici-kosovar-shpeton-nje-21-vjecare-nga-vetevrasja-hyri-me-force-ne-ballkon\/\"},\"author\":{\"name\":\"P\u00ebrmbledhja\",\"@id\":\"https:\/\/permbledhja.com\/#\/schema\/person\/0d064377258d3221e50693947b9eb4fe\"},\"headline\":\"Polici kosovar shp\u00ebton nj\u00eb 21-vje\u00e7are nga vet\u00ebvrasja, hyri me forc\u00eb n\u00eb ballkon\",\"datePublished\":\"2025-09-03T07:45:09+00:00\",\"dateModified\":\"2025-09-03T07:45:09+00:00\",\"mainEntityOfPage\":{\"@id\":\"https:\/\/permbledhja.com\/polici-kosovar-shpeton-nje-21-vjecare-nga-vetevrasja-hyri-me-force-ne-ballkon\/\"},\"wordCount\":159,\"publisher\":{\"@id\":\"https:\/\/permbledhja.com\/#organization\"},\"keywords\":[\"Ferizaj\"],\"articleSection\":[\"Dyt\u00ebsore\"],\"inLanguage\":\"sq\"},{\"@type\":\"WebPage\",\"@id\":\"https:\/\/permbledhja.com\/polici-kosovar-shpeton-nje-21-vjecare-nga-vetevrasja-hyri-me-force-ne-ballkon\/\",\"url\":\"https:\/\/permbledhja.com\/polici-kosovar-shpeton-nje-21-vjecare-nga-vetevrasja-hyri-me-force-ne-ballkon\/\",\"name\":\"Polici kosovar shp\u00ebton nj\u00eb 21-vje\u00e7are nga vet\u00ebvrasja, hyri me forc\u00eb n\u00eb ballkon\",\"isPartOf\":{\"@id\":\"https:\/\/permbledhja.com\/#website\"},\"datePublished\":\"2025-09-03T07:45:09+00:00\",\"dateModified\":\"2025-09-03T07:45:09+00:00\",\"breadcrumb\":{\"@id\":\"https:\/\/permbledhja.com\/polici-kosovar-shpeton-nje-21-vjecare-nga-vetevrasja-hyri-me-force-ne-ballkon\/#breadcrumb\"},\"inLanguage\":\"sq\",\"potentialAction\":[{\"@type\":\"ReadAction\",\"target\":[\"https:\/\/permbledhja.com\/polici-kosovar-shpeton-nje-21-vjecare-nga-vetevrasja-hyri-me-force-ne-ballkon\/\"]}]},{\"@type\":\"BreadcrumbList\",\"@id\":\"https:\/\/permbledhja.com\/polici-kosovar-shpeton-nje-21-vjecare-nga-vetevrasja-hyri-me-force-ne-ballkon\/#breadcrumb\",\"itemListElement\":[{\"@type\":\"ListItem\",\"position\":1,\"name\":\"Ballina\",\"item\":\"https:\/\/permbledhja.com\/sq\/\"},{\"@type\":\"ListItem\",\"position\":2,\"name\":\"Polici kosovar shp\u00ebton nj\u00eb 21-vje\u00e7are nga vet\u00ebvrasja, hyri me forc\u00eb n\u00eb ballkon\"}]},{\"@type\":\"WebSite\",\"@id\":\"https:\/\/permbledhja.com\/#website\",\"url\":\"https:\/\/permbledhja.com\/\",\"name\":\"Ve\u00e7 artikuj p\u00ebrmbledh\u00ebs\",\"description\":\"\",\"publisher\":{\"@id\":\"https:\/\/permbledhja.com\/#organization\"},\"potentialAction\":[{\"@type\":\"SearchAction\",\"target\":{\"@type\":\"EntryPoint\",\"urlTemplate\":\"https:\/\/permbledhja.com\/?s={search_term_string}\"},\"query-input\":\"required name=search_term_string\"}],\"inLanguage\":\"sq\"},{\"@type\":\"Organization\",\"@id\":\"https:\/\/permbledhja.com\/#organization\",\"name\":\"MK Media & Pr\",\"url\":\"https:\/\/permbledhja.com\/\",\"logo\":{\"@type\":\"ImageObject\",\"inLanguage\":\"sq\",\"@id\":\"https:\/\/permbledhja.com\/#\/schema\/logo\/image\/\",\"url\":\"https:\/\/permbledhja.com\/wp-content\/uploads\/2021\/12\/07-Press-Logo.jpg\",\"contentUrl\":\"https:\/\/permbledhja.com\/wp-content\/uploads\/2021\/12\/07-Press-Logo.jpg\",\"width\":512,\"height\":512,\"caption\":\"MK Media & Pr\"},\"image\":{\"@id\":\"https:\/\/permbledhja.com\/#\/schema\/logo\/image\/\"},\"sameAs\":[\"https:\/\/www.facebook.com\/press07\/\"]},{\"@type\":\"Person\",\"@id\":\"https:\/\/permbledhja.com\/#\/schema\/person\/0d064377258d3221e50693947b9eb4fe\",\"name\":\"P\u00ebrmbledhja\",\"image\":{\"@type\":\"ImageObject\",\"inLanguage\":\"sq\",\"@id\":\"https:\/\/permbledhja.com\/#\/schema\/person\/image\/\",\"url\":\"https:\/\/permbledhja.com\/wp-content\/uploads\/2026\/01\/452004717_1040944174702970_8932037511805513407_n-96x96.jpg\",\"contentUrl\":\"https:\/\/permbledhja.com\/wp-content\/uploads\/2026\/01\/452004717_1040944174702970_8932037511805513407_n-96x96.jpg\",\"caption\":\"P\u00ebrmbledhja\"},\"sameAs\":[\"https:\/\/www.facebook.com\/kafexhiu.muharrem\/\",\"https:\/\/www.instagram.com\/muharrem_kafexhiu\/\"],\"url\":\"https:\/\/permbledhja.com\/sq\/author\/admin\/\"}]}<\/script>\n<!-- \/ Yoast SEO plugin. -->","yoast_head_json":{"title":"Polici kosovar shp\u00ebton nj\u00eb 21-vje\u00e7are nga vet\u00ebvrasja, hyri me forc\u00eb n\u00eb ballkon","robots":{"index":"index","follow":"follow","max-snippet":"max-snippet:-1","max-image-preview":"max-image-preview:large","max-video-preview":"max-video-preview:-1"},"canonical":"https:\/\/permbledhja.com\/sq\/polici-kosovar-shpeton-nje-21-vjecare-nga-vetevrasja-hyri-me-force-ne-ballkon\/","og_locale":"sq_AL","og_type":"article","og_title":"Polici kosovar shp\u00ebton nj\u00eb 21-vje\u00e7are nga vet\u00ebvrasja, hyri me forc\u00eb n\u00eb ballkon","og_description":"Sot, rreth or\u00ebs 04:30, policia n\u00eb Ferizaj ka pranuar nj\u00eb informacion nga qytetar\u00ebt se n\u00eb nj\u00eb kompleks banesor, n\u00eb katin e kat\u00ebrt, nj\u00eb vajz\u00eb 21-vje\u00e7are po tentonte t\u00eb hidhej nga ballkoni. Menj\u00ebher\u00eb pas pranimit t\u00eb informat\u00ebs, patrullat policore kan\u00eb dal\u00eb n\u00eb vendngjarje, ku fillimisht kan\u00eb kontaktuar me d\u00ebshmitar\u00ebt dhe m\u00eb pas kan\u00eb v\u00ebrejtur vajz\u00ebn n\u00eb [&hellip;]","og_url":"https:\/\/permbledhja.com\/sq\/polici-kosovar-shpeton-nje-21-vjecare-nga-vetevrasja-hyri-me-force-ne-ballkon\/","og_site_name":"Ve\u00e7 artikuj p\u00ebrmbledh\u00ebs","article_publisher":"https:\/\/www.facebook.com\/press07\/","article_author":"https:\/\/www.facebook.com\/kafexhiu.muharrem\/","article_published_time":"2025-09-03T07:45:09+00:00","og_image":[{"width":600,"height":360,"url":"https:\/\/permbledhja.com\/wp-content\/uploads\/2024\/05\/policia-e-kosoves-600x360-1.jpg","type":"image\/jpeg"}],"author":"P\u00ebrmbledhja","twitter_card":"summary_large_image","twitter_misc":{"Written by":"P\u00ebrmbledhja","Est. reading time":"1 minut\u00eb"},"schema":{"@context":"https:\/\/schema.org","@graph":[{"@type":"Article","@id":"https:\/\/permbledhja.com\/polici-kosovar-shpeton-nje-21-vjecare-nga-vetevrasja-hyri-me-force-ne-ballkon\/#article","isPartOf":{"@id":"https:\/\/permbledhja.com\/polici-kosovar-shpeton-nje-21-vjecare-nga-vetevrasja-hyri-me-force-ne-ballkon\/"},"author":{"name":"P\u00ebrmbledhja","@id":"https:\/\/permbledhja.com\/#\/schema\/person\/0d064377258d3221e50693947b9eb4fe"},"headline":"Polici kosovar shp\u00ebton nj\u00eb 21-vje\u00e7are nga vet\u00ebvrasja, hyri me forc\u00eb n\u00eb ballkon","datePublished":"2025-09-03T07:45:09+00:00","dateModified":"2025-09-03T07:45:09+00:00","mainEntityOfPage":{"@id":"https:\/\/permbledhja.com\/polici-kosovar-shpeton-nje-21-vjecare-nga-vetevrasja-hyri-me-force-ne-ballkon\/"},"wordCount":159,"publisher":{"@id":"https:\/\/permbledhja.com\/#organization"},"keywords":["Ferizaj"],"articleSection":["Dyt\u00ebsore"],"inLanguage":"sq"},{"@type":"WebPage","@id":"https:\/\/permbledhja.com\/polici-kosovar-shpeton-nje-21-vjecare-nga-vetevrasja-hyri-me-force-ne-ballkon\/","url":"https:\/\/permbledhja.com\/polici-kosovar-shpeton-nje-21-vjecare-nga-vetevrasja-hyri-me-force-ne-ballkon\/","name":"Polici kosovar shp\u00ebton nj\u00eb 21-vje\u00e7are nga vet\u00ebvrasja, hyri me forc\u00eb n\u00eb ballkon","isPartOf":{"@id":"https:\/\/permbledhja.com\/#website"},"datePublished":"2025-09-03T07:45:09+00:00","dateModified":"2025-09-03T07:45:09+00:00","breadcrumb":{"@id":"https:\/\/permbledhja.com\/polici-kosovar-shpeton-nje-21-vjecare-nga-vetevrasja-hyri-me-force-ne-ballkon\/#breadcrumb"},"inLanguage":"sq","potentialAction":[{"@type":"ReadAction","target":["https:\/\/permbledhja.com\/polici-kosovar-shpeton-nje-21-vjecare-nga-vetevrasja-hyri-me-force-ne-ballkon\/"]}]},{"@type":"BreadcrumbList","@id":"https:\/\/permbledhja.com\/polici-kosovar-shpeton-nje-21-vjecare-nga-vetevrasja-hyri-me-force-ne-ballkon\/#breadcrumb","itemListElement":[{"@type":"ListItem","position":1,"name":"Ballina","item":"https:\/\/permbledhja.com\/sq\/"},{"@type":"ListItem","position":2,"name":"Polici kosovar shp\u00ebton nj\u00eb 21-vje\u00e7are nga vet\u00ebvrasja, hyri me forc\u00eb n\u00eb ballkon"}]},{"@type":"WebSite","@id":"https:\/\/permbledhja.com\/#website","url":"https:\/\/permbledhja.com\/","name":"Ve\u00e7 artikuj p\u00ebrmbledh\u00ebs","description":"","publisher":{"@id":"https:\/\/permbledhja.com\/#organization"},"potentialAction":[{"@type":"SearchAction","target":{"@type":"EntryPoint","urlTemplate":"https:\/\/permbledhja.com\/?s={search_term_string}"},"query-input":"required name=search_term_string"}],"inLanguage":"sq"},{"@type":"Organization","@id":"https:\/\/permbledhja.com\/#organization","name":"MK Media & Pr","url":"https:\/\/permbledhja.com\/","logo":{"@type":"ImageObject","inLanguage":"sq","@id":"https:\/\/permbledhja.com\/#\/schema\/logo\/image\/","url":"https:\/\/permbledhja.com\/wp-content\/uploads\/2021\/12\/07-Press-Logo.jpg","contentUrl":"https:\/\/permbledhja.com\/wp-content\/uploads\/2021\/12\/07-Press-Logo.jpg","width":512,"height":512,"caption":"MK Media & Pr"},"image":{"@id":"https:\/\/permbledhja.com\/#\/schema\/logo\/image\/"},"sameAs":["https:\/\/www.facebook.com\/press07\/"]},{"@type":"Person","@id":"https:\/\/permbledhja.com\/#\/schema\/person\/0d064377258d3221e50693947b9eb4fe","name":"P\u00ebrmbledhja","image":{"@type":"ImageObject","inLanguage":"sq","@id":"https:\/\/permbledhja.com\/#\/schema\/person\/image\/","url":"https:\/\/permbledhja.com\/wp-content\/uploads\/2026\/01\/452004717_1040944174702970_8932037511805513407_n-96x96.jpg","contentUrl":"https:\/\/permbledhja.com\/wp-content\/uploads\/2026\/01\/452004717_1040944174702970_8932037511805513407_n-96x96.jpg","caption":"P\u00ebrmbledhja"},"sameAs":["https:\/\/www.facebook.com\/kafexhiu.muharrem\/","https:\/\/www.instagram.com\/muharrem_kafexhiu\/"],"url":"https:\/\/permbledhja.com\/sq\/author\/admin\/"}]}},"_links":{"self":[{"href":"https:\/\/permbledhja.com\/sq\/wp-json\/wp\/v2\/posts\/73187"}],"collection":[{"href":"https:\/\/permbledhja.com\/sq\/wp-json\/wp\/v2\/posts"}],"about":[{"href":"https:\/\/permbledhja.com\/sq\/wp-json\/wp\/v2\/types\/post"}],"author":[{"embeddable":true,"href":"https:\/\/permbledhja.com\/sq\/wp-json\/wp\/v2\/users\/1"}],"replies":[{"embeddable":true,"href":"https:\/\/permbledhja.com\/sq\/wp-json\/wp\/v2\/comments?post=73187"}],"version-history":[{"count":1,"href":"https:\/\/permbledhja.com\/sq\/wp-json\/wp\/v2\/posts\/73187\/revisions"}],"predecessor-version":[{"id":73188,"href":"https:\/\/permbledhja.com\/sq\/wp-json\/wp\/v2\/posts\/73187\/revisions\/73188"}],"wp:featuredmedia":[{"embeddable":true,"href":"https:\/\/permbledhja.com\/sq\/wp-json\/wp\/v2\/media\/64110"}],"wp:attachment":[{"href":"https:\/\/permbledhja.com\/sq\/wp-json\/wp\/v2\/media?parent=73187"}],"wp:term":[{"taxonomy":"category","embeddable":true,"href":"https:\/\/permbledhja.com\/sq\/wp-json\/wp\/v2\/categories?post=73187"},{"taxonomy":"post_tag","embeddable":true,"href":"https:\/\/permbledhja.com\/sq\/wp-json\/wp\/v2\/tags?post=73187"}],"curies":[{"name":"wp","href":"https:\/\/api.w.org\/{rel}","templated":true}]}}