{"id":72870,"date":"2025-08-20T17:23:42","date_gmt":"2025-08-20T17:23:42","guid":{"rendered":"https:\/\/permbledhja.com\/?p=72870"},"modified":"2025-08-20T17:23:42","modified_gmt":"2025-08-20T17:23:42","slug":"shba-sanksionon-gjyqtarin-qe-konfirmoi-aktakuzen-kunder-krereve-te-uck-se","status":"publish","type":"post","link":"https:\/\/permbledhja.com\/sq\/shba-sanksionon-gjyqtarin-qe-konfirmoi-aktakuzen-kunder-krereve-te-uck-se\/","title":{"rendered":"ShBA sanksionon gjyqtarin q\u00eb konfirmoi aktakuz\u00ebn kund\u00ebr krer\u00ebve t\u00eb U\u00c7K-s\u00eb"},"content":{"rendered":"<p><strong>Shtetet e Bashkuara t\u00eb Amerik\u00ebs kan\u00eb vendosur sanksione ndaj dy gjyqtar\u00ebve dhe dy prokuror\u00ebve t\u00eb Gjykat\u00ebs Penale Nd\u00ebrkomb\u00ebtare.<\/strong><\/p>\n<p>Nd\u00ebr t\u00eb sanksionuarit \u00ebsht\u00eb Nicolas Yann Gillou, gjyqtari paraprak q\u00eb kishte konfirmuar aktakuz\u00ebn kund\u00ebr Hashim Tha\u00e7it, Kadri Veselit, Rexhep Selimit e Jakup Krasniqit.<\/p>\n<p>Masat n\u00eb fjal\u00eb,<a href=\"https:\/\/www.state.gov\/releases\/office-of-the-spokesperson\/2025\/08\/imposing-further-sanctions-in-response-to-the-iccs-ongoing-threat-to-americans-and-israelis\/?fbclid=IwY2xjawMSzSVleHRuA2FlbQIxMABicmlkETFRRkFUaHMzUkU5cVM0NlgyAR4FZzU_Oflc31ieWkl8WczFRxMLBPKI-TMCbPcPrlfTx-JpknemIDCYry0mlQ_aem_L9stxge5qk6s4oBN5WA8rg\">\u00a0si\u00e7 ka njoftuar Departamenti Amerikan i Shtetit,<\/a>\u00a0jan\u00eb nd\u00ebrmarr\u00eb n\u00eb p\u00ebrputhje me Urdhrin Ekzekutiv 14203, i cili \u201cautorizon sanksione ndaj personave t\u00eb huaj t\u00eb p\u00ebrfshir\u00eb n\u00eb veprime t\u00eb d\u00ebmshme nga GJPN, t\u00eb cilat konsiderohen n\u00eb kund\u00ebrshtim me interesat e Shteteve t\u00eb Bashkuara\u201d.<\/p>\n<p>Sipas seksionit 1(a)(ii)(A) t\u00eb k\u00ebtij urdhri, \u201cjan\u00eb sanksionuar individ\u00ebt q\u00eb jan\u00eb p\u00ebrfshir\u00eb drejtp\u00ebrdrejt n\u00eb p\u00ebrpjekje t\u00eb GJPN-s\u00eb p\u00ebr t\u00eb hetuar, arrestuar, ndaluar apo ndjekur penalisht persona t\u00eb mbrojtur, pa p\u00eblqimin e shtetit t\u00eb tyre t\u00eb shtet\u00ebsis\u00eb\u201d.<\/p>\n<p><strong>T\u00eb sanksionuarit jan\u00eb:<\/strong><\/p>\n<p>Kimberly Prost, gjyqtare n\u00eb Dhom\u00ebn e Gjykimit t\u00eb GJPN-s\u00eb.<\/p>\n<p><strong>Nicolas Yann Guillou<\/strong>, gjyqtar n\u00eb Dhom\u00ebn e Gjykimit t\u00eb GJPN-s\u00eb.<\/p>\n<p>Nazhat Shameem Khan, z\u00ebvend\u00ebsprokurore n\u00eb GJPN.<\/p>\n<p>Mame Mandiaye Niang, z\u00ebvend\u00ebsprokuror n\u00eb GJPN.<\/p>\n<p>Sipas njoftimit, gjyqtarja Prost \u00ebsht\u00eb sanksionuar p\u00ebr rolin e saj n\u00eb miratimin e hetimeve t\u00eb GJPN-s\u00eb ndaj personelit amerikan n\u00eb Afganistan. Gjyqtari Guillou \u00ebsht\u00eb sanksionuar p\u00ebr autorizimin e l\u00ebshimit t\u00eb urdhrave t\u00eb arrestit ndaj Kryeministrit izraelit, Benjamin Netanyahu dhe ish-Ministrit t\u00eb Mbrojtjes, Yoav Gallant.<\/p>\n<p><em>\u201cZ\u00ebvend\u00ebsprokuror\u00ebt Khan dhe Niang jan\u00eb sanksionuar p\u00ebr vazhdimin e mb\u00ebshtetjes ndaj veprimeve t\u00eb konsideruara t\u00eb paligjshme t\u00eb GJPN-s\u00eb ndaj Izraelit, p\u00ebrfshir\u00eb ruajtjen n\u00eb fuqi t\u00eb urdhrave t\u00eb arrestit p\u00ebr Netanyahu-n dhe Gallant-in q\u00eb nga marrja e detyr\u00ebs s\u00eb tyre n\u00eb Zyr\u00ebn e Prokurorit t\u00eb GJPN-s\u00eb\u201d<\/em>, thekson Departamenti Amerikan i Shtetit.<\/p>\n<p>Guillou ishte p\u00ebr kat\u00ebr vjet gjyqtar n\u00eb Speciale. Ai sh\u00ebrbeu si gjykat\u00ebs i procedur\u00ebs paraprake n\u00eb rastin kund\u00ebr \u201ckat\u00ebrshes s\u00eb madhe\u201d t\u00eb U\u00c7K-s\u00eb, Hashim Tha\u00e7i, Kadri Veseli, Rexhep Selimi e Jakup Krasniqi.<\/p>\n","protected":false},"excerpt":{"rendered":"<p>Shtetet e Bashkuara t\u00eb Amerik\u00ebs kan\u00eb vendosur sanksione ndaj dy gjyqtar\u00ebve dhe dy prokuror\u00ebve t\u00eb Gjykat\u00ebs Penale Nd\u00ebrkomb\u00ebtare. Nd\u00ebr t\u00eb sanksionuarit \u00ebsht\u00eb Nicolas Yann Gillou, gjyqtari paraprak q\u00eb kishte konfirmuar aktakuz\u00ebn kund\u00ebr Hashim Tha\u00e7it, Kadri Veselit, Rexhep Selimit e Jakup Krasniqit. Masat n\u00eb fjal\u00eb,\u00a0si\u00e7 ka njoftuar Departamenti Amerikan i Shtetit,\u00a0jan\u00eb nd\u00ebrmarr\u00eb n\u00eb p\u00ebrputhje me Urdhrin [&hellip;]<\/p>\n","protected":false},"author":1,"featured_media":72871,"comment_status":"closed","ping_status":"closed","sticky":false,"template":"","format":"standard","meta":{"_monsterinsights_skip_tracking":false,"_monsterinsights_sitenote_active":false,"_monsterinsights_sitenote_note":"","_monsterinsights_sitenote_category":0,"_uf_show_specific_survey":0,"_uf_disable_surveys":false,"footnotes":""},"categories":[3325],"tags":[1085],"yoast_head":"<!-- This site is optimized with the Yoast SEO plugin v21.5 - https:\/\/yoast.com\/wordpress\/plugins\/seo\/ -->\n<title>ShBA sanksionon gjyqtarin q\u00eb konfirmoi aktakuz\u00ebn kund\u00ebr krer\u00ebve t\u00eb U\u00c7K-s\u00eb<\/title>\n<meta name=\"robots\" content=\"index, follow, max-snippet:-1, max-image-preview:large, max-video-preview:-1\" \/>\n<link rel=\"canonical\" href=\"https:\/\/permbledhja.com\/sq\/shba-sanksionon-gjyqtarin-qe-konfirmoi-aktakuzen-kunder-krereve-te-uck-se\/\" \/>\n<meta property=\"og:locale\" content=\"sq_AL\" \/>\n<meta property=\"og:type\" content=\"article\" \/>\n<meta property=\"og:title\" content=\"ShBA sanksionon gjyqtarin q\u00eb konfirmoi aktakuz\u00ebn kund\u00ebr krer\u00ebve t\u00eb U\u00c7K-s\u00eb\" \/>\n<meta property=\"og:description\" content=\"Shtetet e Bashkuara t\u00eb Amerik\u00ebs kan\u00eb vendosur sanksione ndaj dy gjyqtar\u00ebve dhe dy prokuror\u00ebve t\u00eb Gjykat\u00ebs Penale Nd\u00ebrkomb\u00ebtare. Nd\u00ebr t\u00eb sanksionuarit \u00ebsht\u00eb Nicolas Yann Gillou, gjyqtari paraprak q\u00eb kishte konfirmuar aktakuz\u00ebn kund\u00ebr Hashim Tha\u00e7it, Kadri Veselit, Rexhep Selimit e Jakup Krasniqit. Masat n\u00eb fjal\u00eb,\u00a0si\u00e7 ka njoftuar Departamenti Amerikan i Shtetit,\u00a0jan\u00eb nd\u00ebrmarr\u00eb n\u00eb p\u00ebrputhje me Urdhrin [&hellip;]\" \/>\n<meta property=\"og:url\" content=\"https:\/\/permbledhja.com\/sq\/shba-sanksionon-gjyqtarin-qe-konfirmoi-aktakuzen-kunder-krereve-te-uck-se\/\" \/>\n<meta property=\"og:site_name\" content=\"Ve\u00e7 artikuj p\u00ebrmbledh\u00ebs\" \/>\n<meta property=\"article:publisher\" content=\"https:\/\/www.facebook.com\/press07\/\" \/>\n<meta property=\"article:author\" content=\"https:\/\/www.facebook.com\/kafexhiu.muharrem\/\" \/>\n<meta property=\"article:published_time\" content=\"2025-08-20T17:23:42+00:00\" \/>\n<meta property=\"og:image\" content=\"https:\/\/permbledhja.com\/wp-content\/uploads\/2025\/08\/1-1.png\" \/>\n\t<meta property=\"og:image:width\" content=\"771\" \/>\n\t<meta property=\"og:image:height\" content=\"501\" \/>\n\t<meta property=\"og:image:type\" content=\"image\/png\" \/>\n<meta name=\"author\" content=\"P\u00ebrmbledhja\" \/>\n<meta name=\"twitter:card\" content=\"summary_large_image\" \/>\n<meta name=\"twitter:label1\" content=\"Written by\" \/>\n\t<meta name=\"twitter:data1\" content=\"P\u00ebrmbledhja\" \/>\n\t<meta name=\"twitter:label2\" content=\"Est. reading time\" \/>\n\t<meta name=\"twitter:data2\" content=\"2 minuta\" \/>\n<script type=\"application\/ld+json\" class=\"yoast-schema-graph\">{\"@context\":\"https:\/\/schema.org\",\"@graph\":[{\"@type\":\"Article\",\"@id\":\"https:\/\/permbledhja.com\/shba-sanksionon-gjyqtarin-qe-konfirmoi-aktakuzen-kunder-krereve-te-uck-se\/#article\",\"isPartOf\":{\"@id\":\"https:\/\/permbledhja.com\/shba-sanksionon-gjyqtarin-qe-konfirmoi-aktakuzen-kunder-krereve-te-uck-se\/\"},\"author\":{\"name\":\"P\u00ebrmbledhja\",\"@id\":\"https:\/\/permbledhja.com\/#\/schema\/person\/0d064377258d3221e50693947b9eb4fe\"},\"headline\":\"ShBA sanksionon gjyqtarin q\u00eb konfirmoi aktakuz\u00ebn kund\u00ebr krer\u00ebve t\u00eb U\u00c7K-s\u00eb\",\"datePublished\":\"2025-08-20T17:23:42+00:00\",\"dateModified\":\"2025-08-20T17:23:42+00:00\",\"mainEntityOfPage\":{\"@id\":\"https:\/\/permbledhja.com\/shba-sanksionon-gjyqtarin-qe-konfirmoi-aktakuzen-kunder-krereve-te-uck-se\/\"},\"wordCount\":347,\"publisher\":{\"@id\":\"https:\/\/permbledhja.com\/#organization\"},\"keywords\":[\"Specialja\"],\"articleSection\":[\"Kryesore\"],\"inLanguage\":\"sq\"},{\"@type\":\"WebPage\",\"@id\":\"https:\/\/permbledhja.com\/shba-sanksionon-gjyqtarin-qe-konfirmoi-aktakuzen-kunder-krereve-te-uck-se\/\",\"url\":\"https:\/\/permbledhja.com\/shba-sanksionon-gjyqtarin-qe-konfirmoi-aktakuzen-kunder-krereve-te-uck-se\/\",\"name\":\"ShBA sanksionon gjyqtarin q\u00eb konfirmoi aktakuz\u00ebn kund\u00ebr krer\u00ebve t\u00eb U\u00c7K-s\u00eb\",\"isPartOf\":{\"@id\":\"https:\/\/permbledhja.com\/#website\"},\"datePublished\":\"2025-08-20T17:23:42+00:00\",\"dateModified\":\"2025-08-20T17:23:42+00:00\",\"breadcrumb\":{\"@id\":\"https:\/\/permbledhja.com\/shba-sanksionon-gjyqtarin-qe-konfirmoi-aktakuzen-kunder-krereve-te-uck-se\/#breadcrumb\"},\"inLanguage\":\"sq\",\"potentialAction\":[{\"@type\":\"ReadAction\",\"target\":[\"https:\/\/permbledhja.com\/shba-sanksionon-gjyqtarin-qe-konfirmoi-aktakuzen-kunder-krereve-te-uck-se\/\"]}]},{\"@type\":\"BreadcrumbList\",\"@id\":\"https:\/\/permbledhja.com\/shba-sanksionon-gjyqtarin-qe-konfirmoi-aktakuzen-kunder-krereve-te-uck-se\/#breadcrumb\",\"itemListElement\":[{\"@type\":\"ListItem\",\"position\":1,\"name\":\"Ballina\",\"item\":\"https:\/\/permbledhja.com\/sq\/\"},{\"@type\":\"ListItem\",\"position\":2,\"name\":\"ShBA sanksionon gjyqtarin q\u00eb konfirmoi aktakuz\u00ebn kund\u00ebr krer\u00ebve t\u00eb U\u00c7K-s\u00eb\"}]},{\"@type\":\"WebSite\",\"@id\":\"https:\/\/permbledhja.com\/#website\",\"url\":\"https:\/\/permbledhja.com\/\",\"name\":\"Ve\u00e7 artikuj p\u00ebrmbledh\u00ebs\",\"description\":\"\",\"publisher\":{\"@id\":\"https:\/\/permbledhja.com\/#organization\"},\"potentialAction\":[{\"@type\":\"SearchAction\",\"target\":{\"@type\":\"EntryPoint\",\"urlTemplate\":\"https:\/\/permbledhja.com\/?s={search_term_string}\"},\"query-input\":\"required name=search_term_string\"}],\"inLanguage\":\"sq\"},{\"@type\":\"Organization\",\"@id\":\"https:\/\/permbledhja.com\/#organization\",\"name\":\"MK Media & Pr\",\"url\":\"https:\/\/permbledhja.com\/\",\"logo\":{\"@type\":\"ImageObject\",\"inLanguage\":\"sq\",\"@id\":\"https:\/\/permbledhja.com\/#\/schema\/logo\/image\/\",\"url\":\"https:\/\/permbledhja.com\/wp-content\/uploads\/2021\/12\/07-Press-Logo.jpg\",\"contentUrl\":\"https:\/\/permbledhja.com\/wp-content\/uploads\/2021\/12\/07-Press-Logo.jpg\",\"width\":512,\"height\":512,\"caption\":\"MK Media & Pr\"},\"image\":{\"@id\":\"https:\/\/permbledhja.com\/#\/schema\/logo\/image\/\"},\"sameAs\":[\"https:\/\/www.facebook.com\/press07\/\"]},{\"@type\":\"Person\",\"@id\":\"https:\/\/permbledhja.com\/#\/schema\/person\/0d064377258d3221e50693947b9eb4fe\",\"name\":\"P\u00ebrmbledhja\",\"image\":{\"@type\":\"ImageObject\",\"inLanguage\":\"sq\",\"@id\":\"https:\/\/permbledhja.com\/#\/schema\/person\/image\/\",\"url\":\"https:\/\/permbledhja.com\/wp-content\/uploads\/2026\/01\/452004717_1040944174702970_8932037511805513407_n-96x96.jpg\",\"contentUrl\":\"https:\/\/permbledhja.com\/wp-content\/uploads\/2026\/01\/452004717_1040944174702970_8932037511805513407_n-96x96.jpg\",\"caption\":\"P\u00ebrmbledhja\"},\"sameAs\":[\"https:\/\/www.facebook.com\/kafexhiu.muharrem\/\",\"https:\/\/www.instagram.com\/muharrem_kafexhiu\/\"],\"url\":\"https:\/\/permbledhja.com\/sq\/author\/admin\/\"}]}<\/script>\n<!-- \/ Yoast SEO plugin. -->","yoast_head_json":{"title":"ShBA sanksionon gjyqtarin q\u00eb konfirmoi aktakuz\u00ebn kund\u00ebr krer\u00ebve t\u00eb U\u00c7K-s\u00eb","robots":{"index":"index","follow":"follow","max-snippet":"max-snippet:-1","max-image-preview":"max-image-preview:large","max-video-preview":"max-video-preview:-1"},"canonical":"https:\/\/permbledhja.com\/sq\/shba-sanksionon-gjyqtarin-qe-konfirmoi-aktakuzen-kunder-krereve-te-uck-se\/","og_locale":"sq_AL","og_type":"article","og_title":"ShBA sanksionon gjyqtarin q\u00eb konfirmoi aktakuz\u00ebn kund\u00ebr krer\u00ebve t\u00eb U\u00c7K-s\u00eb","og_description":"Shtetet e Bashkuara t\u00eb Amerik\u00ebs kan\u00eb vendosur sanksione ndaj dy gjyqtar\u00ebve dhe dy prokuror\u00ebve t\u00eb Gjykat\u00ebs Penale Nd\u00ebrkomb\u00ebtare. Nd\u00ebr t\u00eb sanksionuarit \u00ebsht\u00eb Nicolas Yann Gillou, gjyqtari paraprak q\u00eb kishte konfirmuar aktakuz\u00ebn kund\u00ebr Hashim Tha\u00e7it, Kadri Veselit, Rexhep Selimit e Jakup Krasniqit. Masat n\u00eb fjal\u00eb,\u00a0si\u00e7 ka njoftuar Departamenti Amerikan i Shtetit,\u00a0jan\u00eb nd\u00ebrmarr\u00eb n\u00eb p\u00ebrputhje me Urdhrin [&hellip;]","og_url":"https:\/\/permbledhja.com\/sq\/shba-sanksionon-gjyqtarin-qe-konfirmoi-aktakuzen-kunder-krereve-te-uck-se\/","og_site_name":"Ve\u00e7 artikuj p\u00ebrmbledh\u00ebs","article_publisher":"https:\/\/www.facebook.com\/press07\/","article_author":"https:\/\/www.facebook.com\/kafexhiu.muharrem\/","article_published_time":"2025-08-20T17:23:42+00:00","og_image":[{"width":771,"height":501,"url":"https:\/\/permbledhja.com\/wp-content\/uploads\/2025\/08\/1-1.png","type":"image\/png"}],"author":"P\u00ebrmbledhja","twitter_card":"summary_large_image","twitter_misc":{"Written by":"P\u00ebrmbledhja","Est. reading time":"2 minuta"},"schema":{"@context":"https:\/\/schema.org","@graph":[{"@type":"Article","@id":"https:\/\/permbledhja.com\/shba-sanksionon-gjyqtarin-qe-konfirmoi-aktakuzen-kunder-krereve-te-uck-se\/#article","isPartOf":{"@id":"https:\/\/permbledhja.com\/shba-sanksionon-gjyqtarin-qe-konfirmoi-aktakuzen-kunder-krereve-te-uck-se\/"},"author":{"name":"P\u00ebrmbledhja","@id":"https:\/\/permbledhja.com\/#\/schema\/person\/0d064377258d3221e50693947b9eb4fe"},"headline":"ShBA sanksionon gjyqtarin q\u00eb konfirmoi aktakuz\u00ebn kund\u00ebr krer\u00ebve t\u00eb U\u00c7K-s\u00eb","datePublished":"2025-08-20T17:23:42+00:00","dateModified":"2025-08-20T17:23:42+00:00","mainEntityOfPage":{"@id":"https:\/\/permbledhja.com\/shba-sanksionon-gjyqtarin-qe-konfirmoi-aktakuzen-kunder-krereve-te-uck-se\/"},"wordCount":347,"publisher":{"@id":"https:\/\/permbledhja.com\/#organization"},"keywords":["Specialja"],"articleSection":["Kryesore"],"inLanguage":"sq"},{"@type":"WebPage","@id":"https:\/\/permbledhja.com\/shba-sanksionon-gjyqtarin-qe-konfirmoi-aktakuzen-kunder-krereve-te-uck-se\/","url":"https:\/\/permbledhja.com\/shba-sanksionon-gjyqtarin-qe-konfirmoi-aktakuzen-kunder-krereve-te-uck-se\/","name":"ShBA sanksionon gjyqtarin q\u00eb konfirmoi aktakuz\u00ebn kund\u00ebr krer\u00ebve t\u00eb U\u00c7K-s\u00eb","isPartOf":{"@id":"https:\/\/permbledhja.com\/#website"},"datePublished":"2025-08-20T17:23:42+00:00","dateModified":"2025-08-20T17:23:42+00:00","breadcrumb":{"@id":"https:\/\/permbledhja.com\/shba-sanksionon-gjyqtarin-qe-konfirmoi-aktakuzen-kunder-krereve-te-uck-se\/#breadcrumb"},"inLanguage":"sq","potentialAction":[{"@type":"ReadAction","target":["https:\/\/permbledhja.com\/shba-sanksionon-gjyqtarin-qe-konfirmoi-aktakuzen-kunder-krereve-te-uck-se\/"]}]},{"@type":"BreadcrumbList","@id":"https:\/\/permbledhja.com\/shba-sanksionon-gjyqtarin-qe-konfirmoi-aktakuzen-kunder-krereve-te-uck-se\/#breadcrumb","itemListElement":[{"@type":"ListItem","position":1,"name":"Ballina","item":"https:\/\/permbledhja.com\/sq\/"},{"@type":"ListItem","position":2,"name":"ShBA sanksionon gjyqtarin q\u00eb konfirmoi aktakuz\u00ebn kund\u00ebr krer\u00ebve t\u00eb U\u00c7K-s\u00eb"}]},{"@type":"WebSite","@id":"https:\/\/permbledhja.com\/#website","url":"https:\/\/permbledhja.com\/","name":"Ve\u00e7 artikuj p\u00ebrmbledh\u00ebs","description":"","publisher":{"@id":"https:\/\/permbledhja.com\/#organization"},"potentialAction":[{"@type":"SearchAction","target":{"@type":"EntryPoint","urlTemplate":"https:\/\/permbledhja.com\/?s={search_term_string}"},"query-input":"required name=search_term_string"}],"inLanguage":"sq"},{"@type":"Organization","@id":"https:\/\/permbledhja.com\/#organization","name":"MK Media & Pr","url":"https:\/\/permbledhja.com\/","logo":{"@type":"ImageObject","inLanguage":"sq","@id":"https:\/\/permbledhja.com\/#\/schema\/logo\/image\/","url":"https:\/\/permbledhja.com\/wp-content\/uploads\/2021\/12\/07-Press-Logo.jpg","contentUrl":"https:\/\/permbledhja.com\/wp-content\/uploads\/2021\/12\/07-Press-Logo.jpg","width":512,"height":512,"caption":"MK Media & Pr"},"image":{"@id":"https:\/\/permbledhja.com\/#\/schema\/logo\/image\/"},"sameAs":["https:\/\/www.facebook.com\/press07\/"]},{"@type":"Person","@id":"https:\/\/permbledhja.com\/#\/schema\/person\/0d064377258d3221e50693947b9eb4fe","name":"P\u00ebrmbledhja","image":{"@type":"ImageObject","inLanguage":"sq","@id":"https:\/\/permbledhja.com\/#\/schema\/person\/image\/","url":"https:\/\/permbledhja.com\/wp-content\/uploads\/2026\/01\/452004717_1040944174702970_8932037511805513407_n-96x96.jpg","contentUrl":"https:\/\/permbledhja.com\/wp-content\/uploads\/2026\/01\/452004717_1040944174702970_8932037511805513407_n-96x96.jpg","caption":"P\u00ebrmbledhja"},"sameAs":["https:\/\/www.facebook.com\/kafexhiu.muharrem\/","https:\/\/www.instagram.com\/muharrem_kafexhiu\/"],"url":"https:\/\/permbledhja.com\/sq\/author\/admin\/"}]}},"_links":{"self":[{"href":"https:\/\/permbledhja.com\/sq\/wp-json\/wp\/v2\/posts\/72870"}],"collection":[{"href":"https:\/\/permbledhja.com\/sq\/wp-json\/wp\/v2\/posts"}],"about":[{"href":"https:\/\/permbledhja.com\/sq\/wp-json\/wp\/v2\/types\/post"}],"author":[{"embeddable":true,"href":"https:\/\/permbledhja.com\/sq\/wp-json\/wp\/v2\/users\/1"}],"replies":[{"embeddable":true,"href":"https:\/\/permbledhja.com\/sq\/wp-json\/wp\/v2\/comments?post=72870"}],"version-history":[{"count":1,"href":"https:\/\/permbledhja.com\/sq\/wp-json\/wp\/v2\/posts\/72870\/revisions"}],"predecessor-version":[{"id":72872,"href":"https:\/\/permbledhja.com\/sq\/wp-json\/wp\/v2\/posts\/72870\/revisions\/72872"}],"wp:featuredmedia":[{"embeddable":true,"href":"https:\/\/permbledhja.com\/sq\/wp-json\/wp\/v2\/media\/72871"}],"wp:attachment":[{"href":"https:\/\/permbledhja.com\/sq\/wp-json\/wp\/v2\/media?parent=72870"}],"wp:term":[{"taxonomy":"category","embeddable":true,"href":"https:\/\/permbledhja.com\/sq\/wp-json\/wp\/v2\/categories?post=72870"},{"taxonomy":"post_tag","embeddable":true,"href":"https:\/\/permbledhja.com\/sq\/wp-json\/wp\/v2\/tags?post=72870"}],"curies":[{"name":"wp","href":"https:\/\/api.w.org\/{rel}","templated":true}]}}