{"id":72717,"date":"2025-08-13T10:32:50","date_gmt":"2025-08-13T10:32:50","guid":{"rendered":"https:\/\/permbledhja.com\/?p=72717"},"modified":"2025-08-13T10:32:50","modified_gmt":"2025-08-13T10:32:50","slug":"mitrovice-e-veriut-largohet-terasa-ilegale-e-kafiterise-se-milan-radojiciqit","status":"publish","type":"post","link":"https:\/\/permbledhja.com\/sq\/mitrovice-e-veriut-largohet-terasa-ilegale-e-kafiterise-se-milan-radojiciqit\/","title":{"rendered":"Mitrovic\u00eb e Veriut: Largohet terasa ilegale e kafiteris\u00eb s\u00eb Milan Radoji\u00e7iqit"},"content":{"rendered":"<p><strong>Gjat\u00eb dit\u00ebs s\u00eb sotme me k\u00ebrkes\u00eb t\u00eb Komun\u00ebs s\u00eb Mitrovic\u00ebs s\u00eb Veriut \u00ebsht\u00eb larguar terrasa e vendosur ilegalisht n\u00eb kafiterin\u00eb kryeterroristit, Milan Radoji\u00e7iq.<\/strong><\/p>\n<p>Inspektorati i Komun\u00ebs ka larguar terras\u00ebn q\u00eb ishte n\u00eb sheshin \u201cCar Lazar\u201d, e q\u00eb n\u00eb katin e sip\u00ebrm jan\u00eb selit\u00eb e List\u00ebs Serbe.<\/p>\n<p>Lidhur me k\u00ebt\u00eb, z\u00ebvend\u00ebsdrejtori p\u00ebr veriun e Kosov\u00ebs, Veton Elshani ka b\u00ebr\u00eb t\u00eb ditur n\u00eb emisionin \u201cMesdit\u00eb\u201d se nj\u00ebsit\u00eb policore kan\u00eb q\u00ebndruar aty gjat\u00eb aksionit, por q\u00eb s\u2019ka pasur nevoj\u00eb p\u00ebr asistenc\u00eb.<\/p>\n<p><em>\u201cNe kemi informacion q\u00eb dje ka shkuar Inspektorati i Pun\u00ebs atje q\u00eb ta jap nj\u00eb vendim p\u00ebr largim t\u00eb asaj terrase. Policia ka pasur informacion p\u00ebr k\u00ebt\u00eb vendim, pasi q\u00eb edhe vet\u00eb kemi qen\u00eb prezent\u00eb aty. Nuk ka pasur nevoj\u00eb q\u00eb ne me asistu Inspektoratin n\u00eb marrje t\u00eb ndonj\u00eb veprime p\u00ebr arsye se jan\u00eb duke u kryer veprimet. Nuk \u00ebsht\u00eb di\u00e7ka e jasht\u00ebzakonshme q\u00eb ne me ofrua asistenc\u00eb sa her\u00eb q\u00eb institucionet e Republik\u00ebs s\u00eb Kosov\u00ebs k\u00ebrkojn\u00eb t\u00eb nj\u00ebjt\u00ebn gj\u00eb nga ne. Por, n\u00eb k\u00ebt\u00eb rast nuk ka ndodh\u201d<\/em>, tha ai n\u00eb T\u00ebv\u00eb1.<\/p>\n","protected":false},"excerpt":{"rendered":"<p>Gjat\u00eb dit\u00ebs s\u00eb sotme me k\u00ebrkes\u00eb t\u00eb Komun\u00ebs s\u00eb Mitrovic\u00ebs s\u00eb Veriut \u00ebsht\u00eb larguar terrasa e vendosur ilegalisht n\u00eb kafiterin\u00eb kryeterroristit, Milan Radoji\u00e7iq. Inspektorati i Komun\u00ebs ka larguar terras\u00ebn q\u00eb ishte n\u00eb sheshin \u201cCar Lazar\u201d, e q\u00eb n\u00eb katin e sip\u00ebrm jan\u00eb selit\u00eb e List\u00ebs Serbe. Lidhur me k\u00ebt\u00eb, z\u00ebvend\u00ebsdrejtori p\u00ebr veriun e Kosov\u00ebs, Veton [&hellip;]<\/p>\n","protected":false},"author":1,"featured_media":72718,"comment_status":"closed","ping_status":"closed","sticky":false,"template":"","format":"standard","meta":{"_monsterinsights_skip_tracking":false,"_monsterinsights_sitenote_active":false,"_monsterinsights_sitenote_note":"","_monsterinsights_sitenote_category":0,"_uf_show_specific_survey":0,"_uf_disable_surveys":false,"footnotes":""},"categories":[2645],"tags":[2015],"yoast_head":"<!-- This site is optimized with the Yoast SEO plugin v21.5 - https:\/\/yoast.com\/wordpress\/plugins\/seo\/ -->\n<title>Mitrovic\u00eb e Veriut: Largohet terasa ilegale e kafiteris\u00eb s\u00eb Milan Radoji\u00e7iqit<\/title>\n<meta name=\"robots\" content=\"index, follow, max-snippet:-1, max-image-preview:large, max-video-preview:-1\" \/>\n<link rel=\"canonical\" href=\"https:\/\/permbledhja.com\/sq\/mitrovice-e-veriut-largohet-terasa-ilegale-e-kafiterise-se-milan-radojiciqit\/\" \/>\n<meta property=\"og:locale\" content=\"sq_AL\" \/>\n<meta property=\"og:type\" content=\"article\" \/>\n<meta property=\"og:title\" content=\"Mitrovic\u00eb e Veriut: Largohet terasa ilegale e kafiteris\u00eb s\u00eb Milan Radoji\u00e7iqit\" \/>\n<meta property=\"og:description\" content=\"Gjat\u00eb dit\u00ebs s\u00eb sotme me k\u00ebrkes\u00eb t\u00eb Komun\u00ebs s\u00eb Mitrovic\u00ebs s\u00eb Veriut \u00ebsht\u00eb larguar terrasa e vendosur ilegalisht n\u00eb kafiterin\u00eb kryeterroristit, Milan Radoji\u00e7iq. Inspektorati i Komun\u00ebs ka larguar terras\u00ebn q\u00eb ishte n\u00eb sheshin \u201cCar Lazar\u201d, e q\u00eb n\u00eb katin e sip\u00ebrm jan\u00eb selit\u00eb e List\u00ebs Serbe. Lidhur me k\u00ebt\u00eb, z\u00ebvend\u00ebsdrejtori p\u00ebr veriun e Kosov\u00ebs, Veton [&hellip;]\" \/>\n<meta property=\"og:url\" content=\"https:\/\/permbledhja.com\/sq\/mitrovice-e-veriut-largohet-terasa-ilegale-e-kafiterise-se-milan-radojiciqit\/\" \/>\n<meta property=\"og:site_name\" content=\"Ve\u00e7 artikuj p\u00ebrmbledh\u00ebs\" \/>\n<meta property=\"article:publisher\" content=\"https:\/\/www.facebook.com\/press07\/\" \/>\n<meta property=\"article:author\" content=\"https:\/\/www.facebook.com\/kafexhiu.muharrem\/\" \/>\n<meta property=\"article:published_time\" content=\"2025-08-13T10:32:50+00:00\" \/>\n<meta property=\"og:image\" content=\"https:\/\/permbledhja.com\/wp-content\/uploads\/2025\/08\/a-10-600x360-1.jpg\" \/>\n\t<meta property=\"og:image:width\" content=\"600\" \/>\n\t<meta property=\"og:image:height\" content=\"360\" \/>\n\t<meta property=\"og:image:type\" content=\"image\/jpeg\" \/>\n<meta name=\"author\" content=\"P\u00ebrmbledhja\" \/>\n<meta name=\"twitter:card\" content=\"summary_large_image\" \/>\n<meta name=\"twitter:label1\" content=\"Written by\" \/>\n\t<meta name=\"twitter:data1\" content=\"P\u00ebrmbledhja\" \/>\n\t<meta name=\"twitter:label2\" content=\"Est. reading time\" \/>\n\t<meta name=\"twitter:data2\" content=\"1 minut\u00eb\" \/>\n<script type=\"application\/ld+json\" class=\"yoast-schema-graph\">{\"@context\":\"https:\/\/schema.org\",\"@graph\":[{\"@type\":\"Article\",\"@id\":\"https:\/\/permbledhja.com\/mitrovice-e-veriut-largohet-terasa-ilegale-e-kafiterise-se-milan-radojiciqit\/#article\",\"isPartOf\":{\"@id\":\"https:\/\/permbledhja.com\/mitrovice-e-veriut-largohet-terasa-ilegale-e-kafiterise-se-milan-radojiciqit\/\"},\"author\":{\"name\":\"P\u00ebrmbledhja\",\"@id\":\"https:\/\/permbledhja.com\/#\/schema\/person\/0d064377258d3221e50693947b9eb4fe\"},\"headline\":\"Mitrovic\u00eb e Veriut: Largohet terasa ilegale e kafiteris\u00eb s\u00eb Milan Radoji\u00e7iqit\",\"datePublished\":\"2025-08-13T10:32:50+00:00\",\"dateModified\":\"2025-08-13T10:32:50+00:00\",\"mainEntityOfPage\":{\"@id\":\"https:\/\/permbledhja.com\/mitrovice-e-veriut-largohet-terasa-ilegale-e-kafiterise-se-milan-radojiciqit\/\"},\"wordCount\":216,\"publisher\":{\"@id\":\"https:\/\/permbledhja.com\/#organization\"},\"keywords\":[\"Mitrovica e Veriut\"],\"articleSection\":[\"T\u00eb r\u00ebnd\u00ebsishme\"],\"inLanguage\":\"sq\"},{\"@type\":\"WebPage\",\"@id\":\"https:\/\/permbledhja.com\/mitrovice-e-veriut-largohet-terasa-ilegale-e-kafiterise-se-milan-radojiciqit\/\",\"url\":\"https:\/\/permbledhja.com\/mitrovice-e-veriut-largohet-terasa-ilegale-e-kafiterise-se-milan-radojiciqit\/\",\"name\":\"Mitrovic\u00eb e Veriut: Largohet terasa ilegale e kafiteris\u00eb s\u00eb Milan Radoji\u00e7iqit\",\"isPartOf\":{\"@id\":\"https:\/\/permbledhja.com\/#website\"},\"datePublished\":\"2025-08-13T10:32:50+00:00\",\"dateModified\":\"2025-08-13T10:32:50+00:00\",\"breadcrumb\":{\"@id\":\"https:\/\/permbledhja.com\/mitrovice-e-veriut-largohet-terasa-ilegale-e-kafiterise-se-milan-radojiciqit\/#breadcrumb\"},\"inLanguage\":\"sq\",\"potentialAction\":[{\"@type\":\"ReadAction\",\"target\":[\"https:\/\/permbledhja.com\/mitrovice-e-veriut-largohet-terasa-ilegale-e-kafiterise-se-milan-radojiciqit\/\"]}]},{\"@type\":\"BreadcrumbList\",\"@id\":\"https:\/\/permbledhja.com\/mitrovice-e-veriut-largohet-terasa-ilegale-e-kafiterise-se-milan-radojiciqit\/#breadcrumb\",\"itemListElement\":[{\"@type\":\"ListItem\",\"position\":1,\"name\":\"Ballina\",\"item\":\"https:\/\/permbledhja.com\/sq\/\"},{\"@type\":\"ListItem\",\"position\":2,\"name\":\"Mitrovic\u00eb e Veriut: Largohet terasa ilegale e kafiteris\u00eb s\u00eb Milan Radoji\u00e7iqit\"}]},{\"@type\":\"WebSite\",\"@id\":\"https:\/\/permbledhja.com\/#website\",\"url\":\"https:\/\/permbledhja.com\/\",\"name\":\"Ve\u00e7 artikuj p\u00ebrmbledh\u00ebs\",\"description\":\"\",\"publisher\":{\"@id\":\"https:\/\/permbledhja.com\/#organization\"},\"potentialAction\":[{\"@type\":\"SearchAction\",\"target\":{\"@type\":\"EntryPoint\",\"urlTemplate\":\"https:\/\/permbledhja.com\/?s={search_term_string}\"},\"query-input\":\"required name=search_term_string\"}],\"inLanguage\":\"sq\"},{\"@type\":\"Organization\",\"@id\":\"https:\/\/permbledhja.com\/#organization\",\"name\":\"MK Media & Pr\",\"url\":\"https:\/\/permbledhja.com\/\",\"logo\":{\"@type\":\"ImageObject\",\"inLanguage\":\"sq\",\"@id\":\"https:\/\/permbledhja.com\/#\/schema\/logo\/image\/\",\"url\":\"https:\/\/permbledhja.com\/wp-content\/uploads\/2021\/12\/07-Press-Logo.jpg\",\"contentUrl\":\"https:\/\/permbledhja.com\/wp-content\/uploads\/2021\/12\/07-Press-Logo.jpg\",\"width\":512,\"height\":512,\"caption\":\"MK Media & Pr\"},\"image\":{\"@id\":\"https:\/\/permbledhja.com\/#\/schema\/logo\/image\/\"},\"sameAs\":[\"https:\/\/www.facebook.com\/press07\/\"]},{\"@type\":\"Person\",\"@id\":\"https:\/\/permbledhja.com\/#\/schema\/person\/0d064377258d3221e50693947b9eb4fe\",\"name\":\"P\u00ebrmbledhja\",\"image\":{\"@type\":\"ImageObject\",\"inLanguage\":\"sq\",\"@id\":\"https:\/\/permbledhja.com\/#\/schema\/person\/image\/\",\"url\":\"https:\/\/permbledhja.com\/wp-content\/uploads\/2026\/01\/452004717_1040944174702970_8932037511805513407_n-96x96.jpg\",\"contentUrl\":\"https:\/\/permbledhja.com\/wp-content\/uploads\/2026\/01\/452004717_1040944174702970_8932037511805513407_n-96x96.jpg\",\"caption\":\"P\u00ebrmbledhja\"},\"sameAs\":[\"https:\/\/www.facebook.com\/kafexhiu.muharrem\/\",\"https:\/\/www.instagram.com\/muharrem_kafexhiu\/\"],\"url\":\"https:\/\/permbledhja.com\/sq\/author\/admin\/\"}]}<\/script>\n<!-- \/ Yoast SEO plugin. -->","yoast_head_json":{"title":"Mitrovic\u00eb e Veriut: Largohet terasa ilegale e kafiteris\u00eb s\u00eb Milan Radoji\u00e7iqit","robots":{"index":"index","follow":"follow","max-snippet":"max-snippet:-1","max-image-preview":"max-image-preview:large","max-video-preview":"max-video-preview:-1"},"canonical":"https:\/\/permbledhja.com\/sq\/mitrovice-e-veriut-largohet-terasa-ilegale-e-kafiterise-se-milan-radojiciqit\/","og_locale":"sq_AL","og_type":"article","og_title":"Mitrovic\u00eb e Veriut: Largohet terasa ilegale e kafiteris\u00eb s\u00eb Milan Radoji\u00e7iqit","og_description":"Gjat\u00eb dit\u00ebs s\u00eb sotme me k\u00ebrkes\u00eb t\u00eb Komun\u00ebs s\u00eb Mitrovic\u00ebs s\u00eb Veriut \u00ebsht\u00eb larguar terrasa e vendosur ilegalisht n\u00eb kafiterin\u00eb kryeterroristit, Milan Radoji\u00e7iq. Inspektorati i Komun\u00ebs ka larguar terras\u00ebn q\u00eb ishte n\u00eb sheshin \u201cCar Lazar\u201d, e q\u00eb n\u00eb katin e sip\u00ebrm jan\u00eb selit\u00eb e List\u00ebs Serbe. Lidhur me k\u00ebt\u00eb, z\u00ebvend\u00ebsdrejtori p\u00ebr veriun e Kosov\u00ebs, Veton [&hellip;]","og_url":"https:\/\/permbledhja.com\/sq\/mitrovice-e-veriut-largohet-terasa-ilegale-e-kafiterise-se-milan-radojiciqit\/","og_site_name":"Ve\u00e7 artikuj p\u00ebrmbledh\u00ebs","article_publisher":"https:\/\/www.facebook.com\/press07\/","article_author":"https:\/\/www.facebook.com\/kafexhiu.muharrem\/","article_published_time":"2025-08-13T10:32:50+00:00","og_image":[{"width":600,"height":360,"url":"https:\/\/permbledhja.com\/wp-content\/uploads\/2025\/08\/a-10-600x360-1.jpg","type":"image\/jpeg"}],"author":"P\u00ebrmbledhja","twitter_card":"summary_large_image","twitter_misc":{"Written by":"P\u00ebrmbledhja","Est. reading time":"1 minut\u00eb"},"schema":{"@context":"https:\/\/schema.org","@graph":[{"@type":"Article","@id":"https:\/\/permbledhja.com\/mitrovice-e-veriut-largohet-terasa-ilegale-e-kafiterise-se-milan-radojiciqit\/#article","isPartOf":{"@id":"https:\/\/permbledhja.com\/mitrovice-e-veriut-largohet-terasa-ilegale-e-kafiterise-se-milan-radojiciqit\/"},"author":{"name":"P\u00ebrmbledhja","@id":"https:\/\/permbledhja.com\/#\/schema\/person\/0d064377258d3221e50693947b9eb4fe"},"headline":"Mitrovic\u00eb e Veriut: Largohet terasa ilegale e kafiteris\u00eb s\u00eb Milan Radoji\u00e7iqit","datePublished":"2025-08-13T10:32:50+00:00","dateModified":"2025-08-13T10:32:50+00:00","mainEntityOfPage":{"@id":"https:\/\/permbledhja.com\/mitrovice-e-veriut-largohet-terasa-ilegale-e-kafiterise-se-milan-radojiciqit\/"},"wordCount":216,"publisher":{"@id":"https:\/\/permbledhja.com\/#organization"},"keywords":["Mitrovica e Veriut"],"articleSection":["T\u00eb r\u00ebnd\u00ebsishme"],"inLanguage":"sq"},{"@type":"WebPage","@id":"https:\/\/permbledhja.com\/mitrovice-e-veriut-largohet-terasa-ilegale-e-kafiterise-se-milan-radojiciqit\/","url":"https:\/\/permbledhja.com\/mitrovice-e-veriut-largohet-terasa-ilegale-e-kafiterise-se-milan-radojiciqit\/","name":"Mitrovic\u00eb e Veriut: Largohet terasa ilegale e kafiteris\u00eb s\u00eb Milan Radoji\u00e7iqit","isPartOf":{"@id":"https:\/\/permbledhja.com\/#website"},"datePublished":"2025-08-13T10:32:50+00:00","dateModified":"2025-08-13T10:32:50+00:00","breadcrumb":{"@id":"https:\/\/permbledhja.com\/mitrovice-e-veriut-largohet-terasa-ilegale-e-kafiterise-se-milan-radojiciqit\/#breadcrumb"},"inLanguage":"sq","potentialAction":[{"@type":"ReadAction","target":["https:\/\/permbledhja.com\/mitrovice-e-veriut-largohet-terasa-ilegale-e-kafiterise-se-milan-radojiciqit\/"]}]},{"@type":"BreadcrumbList","@id":"https:\/\/permbledhja.com\/mitrovice-e-veriut-largohet-terasa-ilegale-e-kafiterise-se-milan-radojiciqit\/#breadcrumb","itemListElement":[{"@type":"ListItem","position":1,"name":"Ballina","item":"https:\/\/permbledhja.com\/sq\/"},{"@type":"ListItem","position":2,"name":"Mitrovic\u00eb e Veriut: Largohet terasa ilegale e kafiteris\u00eb s\u00eb Milan Radoji\u00e7iqit"}]},{"@type":"WebSite","@id":"https:\/\/permbledhja.com\/#website","url":"https:\/\/permbledhja.com\/","name":"Ve\u00e7 artikuj p\u00ebrmbledh\u00ebs","description":"","publisher":{"@id":"https:\/\/permbledhja.com\/#organization"},"potentialAction":[{"@type":"SearchAction","target":{"@type":"EntryPoint","urlTemplate":"https:\/\/permbledhja.com\/?s={search_term_string}"},"query-input":"required name=search_term_string"}],"inLanguage":"sq"},{"@type":"Organization","@id":"https:\/\/permbledhja.com\/#organization","name":"MK Media & Pr","url":"https:\/\/permbledhja.com\/","logo":{"@type":"ImageObject","inLanguage":"sq","@id":"https:\/\/permbledhja.com\/#\/schema\/logo\/image\/","url":"https:\/\/permbledhja.com\/wp-content\/uploads\/2021\/12\/07-Press-Logo.jpg","contentUrl":"https:\/\/permbledhja.com\/wp-content\/uploads\/2021\/12\/07-Press-Logo.jpg","width":512,"height":512,"caption":"MK Media & Pr"},"image":{"@id":"https:\/\/permbledhja.com\/#\/schema\/logo\/image\/"},"sameAs":["https:\/\/www.facebook.com\/press07\/"]},{"@type":"Person","@id":"https:\/\/permbledhja.com\/#\/schema\/person\/0d064377258d3221e50693947b9eb4fe","name":"P\u00ebrmbledhja","image":{"@type":"ImageObject","inLanguage":"sq","@id":"https:\/\/permbledhja.com\/#\/schema\/person\/image\/","url":"https:\/\/permbledhja.com\/wp-content\/uploads\/2026\/01\/452004717_1040944174702970_8932037511805513407_n-96x96.jpg","contentUrl":"https:\/\/permbledhja.com\/wp-content\/uploads\/2026\/01\/452004717_1040944174702970_8932037511805513407_n-96x96.jpg","caption":"P\u00ebrmbledhja"},"sameAs":["https:\/\/www.facebook.com\/kafexhiu.muharrem\/","https:\/\/www.instagram.com\/muharrem_kafexhiu\/"],"url":"https:\/\/permbledhja.com\/sq\/author\/admin\/"}]}},"_links":{"self":[{"href":"https:\/\/permbledhja.com\/sq\/wp-json\/wp\/v2\/posts\/72717"}],"collection":[{"href":"https:\/\/permbledhja.com\/sq\/wp-json\/wp\/v2\/posts"}],"about":[{"href":"https:\/\/permbledhja.com\/sq\/wp-json\/wp\/v2\/types\/post"}],"author":[{"embeddable":true,"href":"https:\/\/permbledhja.com\/sq\/wp-json\/wp\/v2\/users\/1"}],"replies":[{"embeddable":true,"href":"https:\/\/permbledhja.com\/sq\/wp-json\/wp\/v2\/comments?post=72717"}],"version-history":[{"count":1,"href":"https:\/\/permbledhja.com\/sq\/wp-json\/wp\/v2\/posts\/72717\/revisions"}],"predecessor-version":[{"id":72719,"href":"https:\/\/permbledhja.com\/sq\/wp-json\/wp\/v2\/posts\/72717\/revisions\/72719"}],"wp:featuredmedia":[{"embeddable":true,"href":"https:\/\/permbledhja.com\/sq\/wp-json\/wp\/v2\/media\/72718"}],"wp:attachment":[{"href":"https:\/\/permbledhja.com\/sq\/wp-json\/wp\/v2\/media?parent=72717"}],"wp:term":[{"taxonomy":"category","embeddable":true,"href":"https:\/\/permbledhja.com\/sq\/wp-json\/wp\/v2\/categories?post=72717"},{"taxonomy":"post_tag","embeddable":true,"href":"https:\/\/permbledhja.com\/sq\/wp-json\/wp\/v2\/tags?post=72717"}],"curies":[{"name":"wp","href":"https:\/\/api.w.org\/{rel}","templated":true}]}}