{"id":72593,"date":"2025-08-05T11:33:56","date_gmt":"2025-08-05T11:33:56","guid":{"rendered":"https:\/\/permbledhja.com\/?p=72593"},"modified":"2025-08-05T13:17:22","modified_gmt":"2025-08-05T13:17:22","slug":"prattipati-lideret-ta-zgjidhin-ngercin-smund-te-mbeshtetemi-te-vendet-pa-institucione","status":"publish","type":"post","link":"https:\/\/permbledhja.com\/sq\/prattipati-lideret-ta-zgjidhin-ngercin-smund-te-mbeshtetemi-te-vendet-pa-institucione\/","title":{"rendered":"Prattipati: Lider\u00ebt ta zgjidhin ng\u00ebr\u00e7in, s&#8217;mund t\u00eb mb\u00ebshtetemi te vendet pa institucione"},"content":{"rendered":"<p><strong>E Ngarkuara me Pun\u00eb n\u00eb Ambasad\u00ebn e SHBA-s\u00eb n\u00eb Prishtin\u00eb, Anu Prattipati thot\u00eb se Kosova po humb mund\u00ebsi si pasoj\u00eb e ng\u00ebr\u00e7it politik n\u00eb vend. N\u00eb nj\u00eb intervist\u00eb p\u00ebr Gazet\u00ebn Express ajo tha se Administrata Trump \u201ck\u00ebrkon aleat\u00eb t\u00eb fort\u00eb\u201d me t\u00eb cil\u00ebt mund t\u00eb avancohen prioritetet e p\u00ebrbashk\u00ebta dhe se mund\u00ebsit\u00eb p\u00ebr ta forcuar marr\u00ebdh\u00ebnien ekonomike nd\u00ebrmjet dy vendeve \u201cmund t\u00eb kalojn\u00eb pa u shfryt\u00ebzuar n\u00ebse ky ng\u00ebr\u00e7 vazhdon\u201d.<\/strong><\/p>\n<p>Diplomatja amerikane tha se nj\u00eb vend pa institucione ky\u00e7e dhe me \u201cnj\u00eb rrug\u00eb t\u00eb pasigurt drejt krijimit t\u00eb tyre\u201d \u00ebsht\u00eb nj\u00eb partner tek i cili SHBA-ja nuk mund t\u00eb mb\u00ebshtetet \u201cgjithmon\u00eb plot\u00ebsisht\u201d.<\/p>\n<p>Prattipati tha se \u201cudh\u00ebheq\u00ebsit e Kosov\u00ebs jan\u00eb zgjedhur p\u00ebr t\u2019i zgjidhur sfidat me t\u00eb cilat p\u00ebrballet vendi i tyre\u201d dhe se ng\u00ebr\u00e7in politik duhet ta zgjidhin po ata. \u201cShtetet e Bashkuara mund t\u00eb ofrojn\u00eb mb\u00ebshtetje, por nuk mund t\u2019i b\u00ebjn\u00eb zgjedhjet p\u00ebr udh\u00ebheq\u00ebsit apo popullin e Kosov\u00ebs\u201d.<\/p>\n<p>Q\u00eb partneriteti me SHBA-n\u00eb \u201ct\u00eb lul\u00ebzoj\u00eb\u201d, diplomatja amerikane thot\u00eb se \u201cKosova duhet t\u2019i siguroj\u00eb kushtet\u201d, nd\u00ebrsa tregoi edhe se \u00e7far\u00eb mund t\u00eb pritet nga Administrata Trump.<\/p>\n<p><strong>GE: Kosova po kalon n\u00ebp\u00ebr nj\u00eb situat\u00eb t\u00eb pazakont\u00eb. Jan\u00eb me shum\u00eb se 170 dit\u00eb nga data e zgjedhjeve t\u00eb 9 shkurtit dhe ende s\u2019e kemi kuvendin e konstituuar e as qeverin\u00eb. E keni v\u00ebzhguar k\u00ebt\u00eb situat\u00eb, i keni takuar partit\u00eb politike. Cili \u00ebsht\u00eb konkluzioni q\u00eb keni nxjerr\u00eb? Kjo situat\u00eb nuk mjafton t\u00eb kualifikohet vet\u00ebm si pap\u00ebrgjegj\u00ebsi apo jo?<\/strong><\/p>\n<p><strong>Anu Prattipati:<\/strong>\u00a0Formimi i nj\u00eb qeverie pas zgjedhjeve \u00ebsht\u00eb nj\u00eb funksion bazik demokratik, dhe ky bllokim i vazhduesh\u00ebm politik po rezulton n\u00eb humbje t\u00eb mund\u00ebsive p\u00ebr Kosov\u00ebn. Administrata Trump k\u00ebrkon aleat\u00eb t\u00eb fort\u00eb me t\u00eb cil\u00ebt mund t\u2019i avancojm\u00eb prioritetet tona; nj\u00eb vend pa institucionet baz\u00eb dhe me nj\u00eb rrug\u00eb t\u00eb pasigurt drejt krijimit t\u00eb tyre \u00ebsht\u00eb nj\u00eb partner te i cili nuk mund t\u00eb mb\u00ebshtetemi gjithmon\u00eb plot\u00ebsisht. Kompanit\u00eb amerikane k\u00ebrkojn\u00eb qeveri t\u00eb q\u00ebndrueshme dhe partner\u00eb t\u00eb besuesh\u00ebm kur shqyrtojn\u00eb ku t\u00eb investojn\u00eb, dhe paaft\u00ebsia e Kosov\u00ebs p\u00ebr t\u2019i formuar institucionet mund t\u00eb b\u00ebj\u00eb q\u00eb kompanit\u00eb t\u00eb b\u00ebjn\u00eb biznes diku tjet\u00ebr. Mund\u00ebsit\u00eb p\u00ebr ta forcuar marr\u00ebdh\u00ebnien ton\u00eb ekonomike mund t\u00eb kalojn\u00eb pa u shfryt\u00ebzuar n\u00ebse ky ng\u00ebr\u00e7 vazhdon. Kjo n\u00eb fund t\u00eb fundit \u00ebsht\u00eb nj\u00eb vendim p\u00ebr p\u00ebrfaq\u00ebsuesit e zgjedhur t\u00eb Kosov\u00ebs, por ne i inkurajojm\u00eb ata t\u00eb punojn\u00eb s\u00eb bashku p\u00ebr ta p\u00ebrmbushur mandatin q\u00eb populli i Kosov\u00ebs ua ka dh\u00ebn\u00eb.<\/p>\n<p><strong>GE: Pse nuk pati nd\u00ebrhyrje ose p\u00ebrpjekje p\u00ebr nd\u00ebrmjet\u00ebsim nga bashk\u00ebsia nd\u00ebrkomb\u00ebtare p\u00ebr t\u2019i bindur partit\u00eb q\u00eb t\u2019i b\u00ebjn\u00eb institucionet? N\u00eb t\u00eb kaluar\u00ebn ka pasur ndihma t\u00eb tilla.<\/strong><\/p>\n<p><strong>Anu Prattipati:<\/strong>\u00a0Nuk jemi n\u00eb faz\u00ebn e shtetnd\u00ebrtimit. Si\u00e7 tha Z\u00ebvend\u00ebs Sekretari i Shtetit Landau n\u00eb 30-vjetorin e Marr\u00ebveshjes s\u00eb Dejtonit: \u201cShtetet e Bashkuara mund t\u00eb jen\u00eb partner\u00eb t\u00eb gatsh\u00ebm me kapital t\u00eb konsideruesh\u00ebm politik. Ne mund t\u00eb punojm\u00eb fort; por do t\u00eb punojm\u00eb vet\u00ebm me ata q\u00eb jan\u00eb t\u00eb p\u00ebrkushtuar ndaj nj\u00eb \u2018realizmi praktik\u2019 p\u00ebr vendet e tyre\u201d. Udh\u00ebheq\u00ebsit e Kosov\u00ebs jan\u00eb zgjedhur p\u00ebr t\u2019i zgjidhur sfidat me t\u00eb cilat p\u00ebrballet vendi i tyre. Kjo do t\u00eb thot\u00eb se ata duhet t\u00eb punojn\u00eb s\u00eb bashku p\u00ebr ta gjetur nj\u00eb kompromis. \u00cbsht\u00eb p\u00ebrgjegj\u00ebsi e k\u00ebtyre lider\u00ebve politik\u00eb ta zgjidhin k\u00ebt\u00eb ng\u00ebr\u00e7. Shtetet e Bashkuara mund t\u00eb ofrojn\u00eb mb\u00ebshtetje, por nuk mund t\u2019i b\u00ebjn\u00eb zgjedhjet p\u00ebr udh\u00ebheq\u00ebsit apo popullin e Kosov\u00ebs.<\/p>\n<p><strong>GE: Gjykata Kushtetuese e dha nj\u00eb afat 30 dit\u00ebsh duke u rekomanduar partive q\u00eb ta gjejn\u00eb m\u00ebnyr\u00ebn p\u00ebr formimin e institucioneve \u2013 afat q\u00eb nuk u respektua. Tani Gjykata mori vendim q\u00eb deputet\u00ebt t\u2019i ndalojn\u00eb veprimet dhe vendimet e tyre. A mendoni se k\u00ebta gjyqtar\u00eb mund t\u00eb ofrojn\u00eb nj\u00eb zgjidhje t\u00eb sakt\u00eb q\u00eb p\u00ebr shum\u00ebk\u00ebnd d\u00ebshtuan ta b\u00ebjn\u00eb n\u00eb rastin e par\u00eb?<\/strong><\/p>\n<p><strong>Anu Prattipati:<\/strong>\u00a0Nuk \u00ebsht\u00eb roli i Shteteve t\u00eb Bashkuara t\u2019i interpretojn\u00eb vendimet e Gjykat\u00ebs Kushtetuese apo m\u00ebnyr\u00ebn se si ato duhet t\u00eb zbatohen. Udh\u00ebheqja politike duhet t\u00eb punoj\u00eb s\u00eb bashku p\u00ebr t\u2019i formuar institucionet n\u00eb p\u00ebrputhje me Kushtetut\u00ebn dhe vendimet e Gjykat\u00ebs Kushtetuese. Populli i Kosov\u00ebs pret nga udh\u00ebheq\u00ebsit e vet ta p\u00ebrmbushin angazhimin e tyre p\u00ebr t\u00eb punuar n\u00eb t\u00eb mir\u00eb t\u00eb vendit.<\/p>\n<p><strong>GE: Kosova do t\u2019i mbaj\u00eb s\u00eb shpejti zgjedhjet lokale. Kat\u00ebr komunat me shumic\u00eb serbe n\u00eb veri udh\u00ebhiqen nga kryetar\u00eb shqiptar\u00eb pasi ata serb\u00eb braktis\u00ebn institucionet n\u00eb vitin 2023. A prisni pjes\u00ebmarrje t\u00eb serb\u00ebve n\u00eb k\u00ebto zgjedhje, p\u00ebrkat\u00ebsisht t\u00eb List\u00ebs Srpska?<\/strong><\/p>\n<p><strong>Anu Prattipati:<\/strong>\u00a0Dua t\u00eb ju referoj te ajo q\u00eb Z\u00ebvend\u00ebspresidenti J.D. Vance tha n\u00eb nj\u00eb fjalim n\u00eb Konferenc\u00ebn e Siguris\u00eb n\u00eb Mynih n\u00eb shkurt. Ai tha: \u201cNuk mund t\u00eb fitosh nj\u00eb mandat demokratik duke censuruar kund\u00ebrshtar\u00ebt e tu\u201d. M\u00eb von\u00eb n\u00eb t\u00eb nj\u00ebjtin fjalim ai tha: \u201cUn\u00eb besoj se t\u2019i p\u00ebrjashtosh njer\u00ebzit, t\u2019i p\u00ebrjashtosh shqet\u00ebsimet e tyre, ose, edhe m\u00eb keq, t\u2019i mbyll\u00ebsh mediat, t\u2019i mbyll\u00ebsh zgjedhjet, ose t\u2019i p\u00ebrjashtosh njer\u00ebzit nga procesi politik nuk mbron asgj\u00eb. N\u00eb fakt, kjo \u00ebsht\u00eb m\u00ebnyra m\u00eb e sigurt p\u00ebr ta shkat\u00ebrruar demokracin\u00eb\u201d. Partit\u00eb politike t\u00eb serb\u00ebve t\u00eb Kosov\u00ebs p\u00ebrfaq\u00ebsojn\u00eb qytetar\u00eb t\u00eb k\u00ebtij vendi. Ato jan\u00eb pjes\u00eb e peizazhit politik t\u00eb Kosov\u00ebs dhe nuk duhet t\u00eb bllokohen nga pjes\u00ebmarrja politike. T\u00eb gjitha partit\u00eb duhet ta mb\u00ebshtesin t\u00eb drejt\u00ebn e njer\u00ebzve p\u00ebr t\u2019i zgjedhur p\u00ebrfaq\u00ebsuesit e tyre. Kjo do t\u00eb thot\u00eb t\u00eb parandalohet \u00e7do p\u00ebrpjekje p\u00ebr t\u2019i bllokuar partit\u00eb politike t\u00eb serb\u00ebve t\u00eb Kosov\u00ebs nga pjes\u00ebmarrja n\u00eb zgjedhje. P\u00ebrdorimi i ndonj\u00eb truku administrativ apo procedural p\u00ebr t\u00eb penguar parti apo individ\u00eb q\u00eb ndryshe jan\u00eb t\u00eb kualifikuar t\u00eb garojn\u00eb do ta njolloste rezultatin.<\/p>\n<p><strong>GE: Si ambasad\u00eb keni reaguar shpesh ndaj veprimeve t\u00eb qeveris\u00eb s\u00eb Kosov\u00ebs duke i cil\u00ebsuar ato si veprime t\u00eb pakoordinuara. Kemi pas\u00eb p\u00ebrpjekje t\u00eb k\u00ebsaj qeverie p\u00ebr ta hapur ur\u00ebn kryesore mbi Ib\u00ebr. Kur ky plan s\u2019pati sukses u mor vendimi q\u00eb t\u00eb nd\u00ebrtohen dy ura t\u00eb reja. Ka pasur edhe reagime tjera nga diplomat\u00eb t\u00eb akredituar n\u00eb Kosov\u00eb. Cili \u00ebsht\u00eb q\u00ebndrimi juaj?<\/strong><\/p>\n<p><strong>Anu Prattipati:<\/strong>\u00a0M\u00eb lejoni ta them k\u00ebt\u00eb: Shtetet e Bashkuara duan t\u2019i forcojn\u00eb lidhjet, ve\u00e7an\u00ebrisht ekonomikisht, me vendet n\u00eb rajon. P\u00ebr ta b\u00ebr\u00eb k\u00ebt\u00eb dhe p\u00ebr ta rritur prosperitetin ton\u00eb t\u00eb p\u00ebrbashk\u00ebt, ne dhe populli i Kosov\u00ebs kemi nevoj\u00eb p\u00ebr paqe dhe stabilitet. Veprimet q\u00eb i rrisin tensionet n\u00eb rajon e pengojn\u00eb Shtetet e Bashkuara t\u00eb punojn\u00eb n\u00eb m\u00ebnyr\u00eb produktive me Kosov\u00ebn. Qeveria n\u00eb detyr\u00eb e kryeministrit Kurti \u00ebsht\u00eb p\u00ebrgjegj\u00ebse p\u00ebr sigurin\u00eb dhe prosperitetin e t\u00eb gjith\u00eb qytetar\u00ebve t\u00eb Kosov\u00ebs. Ne jemi ve\u00e7an\u00ebrisht t\u00eb shqet\u00ebsuar p\u00ebr mbylljen e institucioneve paralele serbe pa koordinim me komunitetet e prekura dhe p\u00ebr deklaratat mbi veprime t\u00eb nj\u00ebanshme p\u00ebr ta zhvendosur arsimin dhe sh\u00ebndet\u00ebsin\u00eb n\u00eb sistemin kosovar. Ne nuk e v\u00ebm\u00eb n\u00eb dyshim q\u00eb k\u00ebto institucione duhet n\u00eb fund t\u00eb integrohen n\u00eb sistemin e Kosov\u00ebs. Megjithat\u00eb, m\u00ebnyra se si b\u00ebhet kjo \u00ebsht\u00eb tejet e r\u00ebnd\u00ebsishme. \u00c7do plan p\u00ebr ta ndryshuar statusin e institucioneve paralele duhet t\u00eb jet\u00eb i koordinuar plot\u00ebsisht dhe t\u00eb diskutohet paraprakisht me udh\u00ebheq\u00ebsit e zgjedhur dhe an\u00ebtar\u00ebt e komunitetit serb t\u00eb Kosov\u00ebs dhe t\u00eb koordinohet p\u00ebrmes kanaleve t\u00eb vendosura si\u00e7 \u00ebsht\u00eb Dialogu i leht\u00ebsuar nga BE-ja, me nj\u00eb afat kohor dhe plan t\u00eb qart\u00eb t\u00eb p\u00ebrcaktuar. Nuk ka m\u00ebnyr\u00eb tjet\u00ebr p\u00ebr ta b\u00ebr\u00eb k\u00ebt\u00eb n\u00eb m\u00ebnyr\u00eb t\u00eb p\u00ebrgjegjshme.<\/p>\n<p><strong>GE: Cilat jan\u00eb raportet Kosov\u00eb-SHBA aktualisht? Z. Kurti nuk \u00ebsht\u00eb se ka qen\u00eb lideri m\u00eb bashk\u00ebpunues i Kosov\u00ebs me Amerik\u00ebn, q\u00eb p\u00ebr gjenerata politikan\u00ebsh konsiderohet vendi kryesor aleat.<\/strong><\/p>\n<p><strong>Anu Prattipati:<\/strong>\u00a0Shtetet e Bashkuara jan\u00eb t\u00eb p\u00ebrkushtuara p\u00ebr nj\u00eb marr\u00ebdh\u00ebnie t\u00eb fort\u00eb dhe produktive me Kosov\u00ebn dhe duan t\u00eb bashk\u00ebpunojn\u00eb p\u00ebr \u00e7\u00ebshtje q\u00eb e avancojn\u00eb stabilitetin, sigurin\u00eb dhe prosperitetin rajonal. Kosova duhet t\u2019i siguroj\u00eb kushtet n\u00eb vend q\u00eb ky partneritet t\u00eb lul\u00ebzoj\u00eb. Veprimet q\u00eb ndikojn\u00eb negativisht tek qytetar\u00ebt e Kosov\u00ebs jo vet\u00ebm q\u00eb i rrezikojn\u00eb marr\u00ebdh\u00ebniet bilaterale t\u00eb Kosov\u00ebs, por gjithashtu shkojn\u00eb drejtp\u00ebrdrejt kund\u00ebr prioriteteve kryesore t\u00eb Shteteve t\u00eb Bashkuara n\u00eb rajon, ve\u00e7an\u00ebrisht forcimit t\u00eb bashk\u00ebpunimit ekonomik. Stabiliteti dhe siguria rajonale jan\u00eb ky\u00e7e p\u00ebr prosperitetin ekonomik. Gjat\u00eb vizit\u00ebs m\u00eb 12-14 korrik n\u00eb Kosov\u00eb, Zyrtari i lart\u00eb i Byros\u00eb Brendan Hanrahan e p\u00ebrforcoi k\u00ebt\u00eb mesazh dhe e inkurajoi qeverin\u00eb ta krijoj\u00eb nj\u00eb ambient t\u00eb p\u00ebrshtatsh\u00ebm p\u00ebr investime t\u00eb m\u00ebtejshme amerikane.<\/p>\n<p><strong>GE: Ka shum\u00eb paqart\u00ebsi n\u00eb Kosov\u00eb se rreth qasjes q\u00eb do ta ket\u00eb Administrata Trump n\u00eb Kosov\u00eb n\u00eb muajt n\u00eb vijim. \u00c7far\u00eb mund t\u00eb na thoni?<\/strong><\/p>\n<p><strong>Anu Prattipati:<\/strong>\u00a0Administrata Trump ka qen\u00eb e qart\u00eb: Qeveria e SHBA-s\u00eb prioritizon sigurin\u00eb, stabilitetin dhe marr\u00ebdh\u00ebniet e drejta ekonomike. N\u00ebse qeveria e Kosov\u00ebs i ndan k\u00ebto prioritete dhe angazhohet p\u00ebr t\u00eb nxitur stabilitet dhe paqe, mund\u00ebsit\u00eb p\u00ebr bashk\u00ebpunim jan\u00eb pothuajse t\u00eb palimituara. Ka potencial t\u00eb madh n\u00eb marr\u00ebdh\u00ebnien SHBA-Kosov\u00eb, ve\u00e7an\u00ebrisht p\u00ebr rritjen e bashk\u00ebpunimit ekonomik. Kjo \u00ebsht\u00eb e mir\u00eb p\u00ebr Shtetet e Bashkuara si dhe p\u00ebr Kosov\u00ebn. Ne shohim mund\u00ebsi n\u00eb nj\u00eb gam\u00eb t\u00eb gjer\u00eb sektor\u00ebsh, p\u00ebrfshir\u00eb energjin\u00eb, mbrojtjen, infrastruktur\u00ebn, teknologjin\u00eb e informacionit dhe komunikimit, dhe sigurin\u00eb kibernetike. N\u00eb an\u00ebn tjet\u00ebr, n\u00ebse Shtetet e Bashkuara shohin se qeveria e Kosov\u00ebs nd\u00ebrmerr veprime q\u00eb i minojn\u00eb k\u00ebto prioritete, do t\u00eb ket\u00eb kufizime n\u00eb aft\u00ebsin\u00eb ton\u00eb p\u00ebr ta ndjekur nj\u00eb bashk\u00ebpunim t\u00eb till\u00eb.<\/p>\n","protected":false},"excerpt":{"rendered":"<p>E Ngarkuara me Pun\u00eb n\u00eb Ambasad\u00ebn e SHBA-s\u00eb n\u00eb Prishtin\u00eb, Anu Prattipati thot\u00eb se Kosova po humb mund\u00ebsi si pasoj\u00eb e ng\u00ebr\u00e7it politik n\u00eb vend. N\u00eb nj\u00eb intervist\u00eb p\u00ebr Gazet\u00ebn Express ajo tha se Administrata Trump \u201ck\u00ebrkon aleat\u00eb t\u00eb fort\u00eb\u201d me t\u00eb cil\u00ebt mund t\u00eb avancohen prioritetet e p\u00ebrbashk\u00ebta dhe se mund\u00ebsit\u00eb p\u00ebr ta forcuar [&hellip;]<\/p>\n","protected":false},"author":1,"featured_media":72594,"comment_status":"closed","ping_status":"closed","sticky":false,"template":"","format":"standard","meta":{"_monsterinsights_skip_tracking":false,"_monsterinsights_sitenote_active":false,"_monsterinsights_sitenote_note":"","_monsterinsights_sitenote_category":0,"_uf_show_specific_survey":0,"_uf_disable_surveys":false,"footnotes":""},"categories":[2645],"tags":[3563],"yoast_head":"<!-- This site is optimized with the Yoast SEO plugin v21.5 - https:\/\/yoast.com\/wordpress\/plugins\/seo\/ -->\n<title>Prattipati: Lider\u00ebt ta zgjidhin ng\u00ebr\u00e7in, s&#039;mund t\u00eb mb\u00ebshtetemi te vendet pa institucione<\/title>\n<meta name=\"robots\" content=\"index, follow, max-snippet:-1, max-image-preview:large, max-video-preview:-1\" \/>\n<link rel=\"canonical\" href=\"https:\/\/permbledhja.com\/sq\/prattipati-lideret-ta-zgjidhin-ngercin-smund-te-mbeshtetemi-te-vendet-pa-institucione\/\" \/>\n<meta property=\"og:locale\" content=\"sq_AL\" \/>\n<meta property=\"og:type\" content=\"article\" \/>\n<meta property=\"og:title\" content=\"Prattipati: Lider\u00ebt ta zgjidhin ng\u00ebr\u00e7in, s&#039;mund t\u00eb mb\u00ebshtetemi te vendet pa institucione\" \/>\n<meta property=\"og:description\" content=\"E Ngarkuara me Pun\u00eb n\u00eb Ambasad\u00ebn e SHBA-s\u00eb n\u00eb Prishtin\u00eb, Anu Prattipati thot\u00eb se Kosova po humb mund\u00ebsi si pasoj\u00eb e ng\u00ebr\u00e7it politik n\u00eb vend. N\u00eb nj\u00eb intervist\u00eb p\u00ebr Gazet\u00ebn Express ajo tha se Administrata Trump \u201ck\u00ebrkon aleat\u00eb t\u00eb fort\u00eb\u201d me t\u00eb cil\u00ebt mund t\u00eb avancohen prioritetet e p\u00ebrbashk\u00ebta dhe se mund\u00ebsit\u00eb p\u00ebr ta forcuar [&hellip;]\" \/>\n<meta property=\"og:url\" content=\"https:\/\/permbledhja.com\/sq\/prattipati-lideret-ta-zgjidhin-ngercin-smund-te-mbeshtetemi-te-vendet-pa-institucione\/\" \/>\n<meta property=\"og:site_name\" content=\"Ve\u00e7 artikuj p\u00ebrmbledh\u00ebs\" \/>\n<meta property=\"article:publisher\" content=\"https:\/\/www.facebook.com\/press07\/\" \/>\n<meta property=\"article:author\" content=\"https:\/\/www.facebook.com\/kafexhiu.muharrem\/\" \/>\n<meta property=\"article:published_time\" content=\"2025-08-05T11:33:56+00:00\" \/>\n<meta property=\"article:modified_time\" content=\"2025-08-05T13:17:22+00:00\" \/>\n<meta property=\"og:image\" content=\"https:\/\/permbledhja.com\/wp-content\/uploads\/2025\/08\/84bd4c66-030c-4761-a327-49e04f652d56-600x360-1.jpg\" \/>\n\t<meta property=\"og:image:width\" content=\"600\" \/>\n\t<meta property=\"og:image:height\" content=\"360\" \/>\n\t<meta property=\"og:image:type\" content=\"image\/jpeg\" \/>\n<meta name=\"author\" content=\"P\u00ebrmbledhja\" \/>\n<meta name=\"twitter:card\" content=\"summary_large_image\" \/>\n<meta name=\"twitter:label1\" content=\"Written by\" \/>\n\t<meta name=\"twitter:data1\" content=\"P\u00ebrmbledhja\" \/>\n\t<meta name=\"twitter:label2\" content=\"Est. reading time\" \/>\n\t<meta name=\"twitter:data2\" content=\"8 minuta\" \/>\n<script type=\"application\/ld+json\" class=\"yoast-schema-graph\">{\"@context\":\"https:\/\/schema.org\",\"@graph\":[{\"@type\":\"Article\",\"@id\":\"https:\/\/permbledhja.com\/prattipati-lideret-ta-zgjidhin-ngercin-smund-te-mbeshtetemi-te-vendet-pa-institucione\/#article\",\"isPartOf\":{\"@id\":\"https:\/\/permbledhja.com\/prattipati-lideret-ta-zgjidhin-ngercin-smund-te-mbeshtetemi-te-vendet-pa-institucione\/\"},\"author\":{\"name\":\"P\u00ebrmbledhja\",\"@id\":\"https:\/\/permbledhja.com\/#\/schema\/person\/0d064377258d3221e50693947b9eb4fe\"},\"headline\":\"Prattipati: Lider\u00ebt ta zgjidhin ng\u00ebr\u00e7in, s&#8217;mund t\u00eb mb\u00ebshtetemi te vendet pa institucione\",\"datePublished\":\"2025-08-05T11:33:56+00:00\",\"dateModified\":\"2025-08-05T13:17:22+00:00\",\"mainEntityOfPage\":{\"@id\":\"https:\/\/permbledhja.com\/prattipati-lideret-ta-zgjidhin-ngercin-smund-te-mbeshtetemi-te-vendet-pa-institucione\/\"},\"wordCount\":1788,\"publisher\":{\"@id\":\"https:\/\/permbledhja.com\/#organization\"},\"keywords\":[\"Administrata Trump\"],\"articleSection\":[\"T\u00eb r\u00ebnd\u00ebsishme\"],\"inLanguage\":\"sq\"},{\"@type\":\"WebPage\",\"@id\":\"https:\/\/permbledhja.com\/prattipati-lideret-ta-zgjidhin-ngercin-smund-te-mbeshtetemi-te-vendet-pa-institucione\/\",\"url\":\"https:\/\/permbledhja.com\/prattipati-lideret-ta-zgjidhin-ngercin-smund-te-mbeshtetemi-te-vendet-pa-institucione\/\",\"name\":\"Prattipati: Lider\u00ebt ta zgjidhin ng\u00ebr\u00e7in, s'mund t\u00eb mb\u00ebshtetemi te vendet pa institucione\",\"isPartOf\":{\"@id\":\"https:\/\/permbledhja.com\/#website\"},\"datePublished\":\"2025-08-05T11:33:56+00:00\",\"dateModified\":\"2025-08-05T13:17:22+00:00\",\"breadcrumb\":{\"@id\":\"https:\/\/permbledhja.com\/prattipati-lideret-ta-zgjidhin-ngercin-smund-te-mbeshtetemi-te-vendet-pa-institucione\/#breadcrumb\"},\"inLanguage\":\"sq\",\"potentialAction\":[{\"@type\":\"ReadAction\",\"target\":[\"https:\/\/permbledhja.com\/prattipati-lideret-ta-zgjidhin-ngercin-smund-te-mbeshtetemi-te-vendet-pa-institucione\/\"]}]},{\"@type\":\"BreadcrumbList\",\"@id\":\"https:\/\/permbledhja.com\/prattipati-lideret-ta-zgjidhin-ngercin-smund-te-mbeshtetemi-te-vendet-pa-institucione\/#breadcrumb\",\"itemListElement\":[{\"@type\":\"ListItem\",\"position\":1,\"name\":\"Ballina\",\"item\":\"https:\/\/permbledhja.com\/sq\/\"},{\"@type\":\"ListItem\",\"position\":2,\"name\":\"Prattipati: Lider\u00ebt ta zgjidhin ng\u00ebr\u00e7in, s&#8217;mund t\u00eb mb\u00ebshtetemi te vendet pa institucione\"}]},{\"@type\":\"WebSite\",\"@id\":\"https:\/\/permbledhja.com\/#website\",\"url\":\"https:\/\/permbledhja.com\/\",\"name\":\"Ve\u00e7 artikuj p\u00ebrmbledh\u00ebs\",\"description\":\"\",\"publisher\":{\"@id\":\"https:\/\/permbledhja.com\/#organization\"},\"potentialAction\":[{\"@type\":\"SearchAction\",\"target\":{\"@type\":\"EntryPoint\",\"urlTemplate\":\"https:\/\/permbledhja.com\/?s={search_term_string}\"},\"query-input\":\"required name=search_term_string\"}],\"inLanguage\":\"sq\"},{\"@type\":\"Organization\",\"@id\":\"https:\/\/permbledhja.com\/#organization\",\"name\":\"MK Media & Pr\",\"url\":\"https:\/\/permbledhja.com\/\",\"logo\":{\"@type\":\"ImageObject\",\"inLanguage\":\"sq\",\"@id\":\"https:\/\/permbledhja.com\/#\/schema\/logo\/image\/\",\"url\":\"https:\/\/permbledhja.com\/wp-content\/uploads\/2021\/12\/07-Press-Logo.jpg\",\"contentUrl\":\"https:\/\/permbledhja.com\/wp-content\/uploads\/2021\/12\/07-Press-Logo.jpg\",\"width\":512,\"height\":512,\"caption\":\"MK Media & Pr\"},\"image\":{\"@id\":\"https:\/\/permbledhja.com\/#\/schema\/logo\/image\/\"},\"sameAs\":[\"https:\/\/www.facebook.com\/press07\/\"]},{\"@type\":\"Person\",\"@id\":\"https:\/\/permbledhja.com\/#\/schema\/person\/0d064377258d3221e50693947b9eb4fe\",\"name\":\"P\u00ebrmbledhja\",\"image\":{\"@type\":\"ImageObject\",\"inLanguage\":\"sq\",\"@id\":\"https:\/\/permbledhja.com\/#\/schema\/person\/image\/\",\"url\":\"https:\/\/permbledhja.com\/wp-content\/uploads\/2026\/01\/452004717_1040944174702970_8932037511805513407_n-96x96.jpg\",\"contentUrl\":\"https:\/\/permbledhja.com\/wp-content\/uploads\/2026\/01\/452004717_1040944174702970_8932037511805513407_n-96x96.jpg\",\"caption\":\"P\u00ebrmbledhja\"},\"sameAs\":[\"https:\/\/www.facebook.com\/kafexhiu.muharrem\/\",\"https:\/\/www.instagram.com\/muharrem_kafexhiu\/\"],\"url\":\"https:\/\/permbledhja.com\/sq\/author\/admin\/\"}]}<\/script>\n<!-- \/ Yoast SEO plugin. -->","yoast_head_json":{"title":"Prattipati: Lider\u00ebt ta zgjidhin ng\u00ebr\u00e7in, s'mund t\u00eb mb\u00ebshtetemi te vendet pa institucione","robots":{"index":"index","follow":"follow","max-snippet":"max-snippet:-1","max-image-preview":"max-image-preview:large","max-video-preview":"max-video-preview:-1"},"canonical":"https:\/\/permbledhja.com\/sq\/prattipati-lideret-ta-zgjidhin-ngercin-smund-te-mbeshtetemi-te-vendet-pa-institucione\/","og_locale":"sq_AL","og_type":"article","og_title":"Prattipati: Lider\u00ebt ta zgjidhin ng\u00ebr\u00e7in, s'mund t\u00eb mb\u00ebshtetemi te vendet pa institucione","og_description":"E Ngarkuara me Pun\u00eb n\u00eb Ambasad\u00ebn e SHBA-s\u00eb n\u00eb Prishtin\u00eb, Anu Prattipati thot\u00eb se Kosova po humb mund\u00ebsi si pasoj\u00eb e ng\u00ebr\u00e7it politik n\u00eb vend. N\u00eb nj\u00eb intervist\u00eb p\u00ebr Gazet\u00ebn Express ajo tha se Administrata Trump \u201ck\u00ebrkon aleat\u00eb t\u00eb fort\u00eb\u201d me t\u00eb cil\u00ebt mund t\u00eb avancohen prioritetet e p\u00ebrbashk\u00ebta dhe se mund\u00ebsit\u00eb p\u00ebr ta forcuar [&hellip;]","og_url":"https:\/\/permbledhja.com\/sq\/prattipati-lideret-ta-zgjidhin-ngercin-smund-te-mbeshtetemi-te-vendet-pa-institucione\/","og_site_name":"Ve\u00e7 artikuj p\u00ebrmbledh\u00ebs","article_publisher":"https:\/\/www.facebook.com\/press07\/","article_author":"https:\/\/www.facebook.com\/kafexhiu.muharrem\/","article_published_time":"2025-08-05T11:33:56+00:00","article_modified_time":"2025-08-05T13:17:22+00:00","og_image":[{"width":600,"height":360,"url":"https:\/\/permbledhja.com\/wp-content\/uploads\/2025\/08\/84bd4c66-030c-4761-a327-49e04f652d56-600x360-1.jpg","type":"image\/jpeg"}],"author":"P\u00ebrmbledhja","twitter_card":"summary_large_image","twitter_misc":{"Written by":"P\u00ebrmbledhja","Est. reading time":"8 minuta"},"schema":{"@context":"https:\/\/schema.org","@graph":[{"@type":"Article","@id":"https:\/\/permbledhja.com\/prattipati-lideret-ta-zgjidhin-ngercin-smund-te-mbeshtetemi-te-vendet-pa-institucione\/#article","isPartOf":{"@id":"https:\/\/permbledhja.com\/prattipati-lideret-ta-zgjidhin-ngercin-smund-te-mbeshtetemi-te-vendet-pa-institucione\/"},"author":{"name":"P\u00ebrmbledhja","@id":"https:\/\/permbledhja.com\/#\/schema\/person\/0d064377258d3221e50693947b9eb4fe"},"headline":"Prattipati: Lider\u00ebt ta zgjidhin ng\u00ebr\u00e7in, s&#8217;mund t\u00eb mb\u00ebshtetemi te vendet pa institucione","datePublished":"2025-08-05T11:33:56+00:00","dateModified":"2025-08-05T13:17:22+00:00","mainEntityOfPage":{"@id":"https:\/\/permbledhja.com\/prattipati-lideret-ta-zgjidhin-ngercin-smund-te-mbeshtetemi-te-vendet-pa-institucione\/"},"wordCount":1788,"publisher":{"@id":"https:\/\/permbledhja.com\/#organization"},"keywords":["Administrata Trump"],"articleSection":["T\u00eb r\u00ebnd\u00ebsishme"],"inLanguage":"sq"},{"@type":"WebPage","@id":"https:\/\/permbledhja.com\/prattipati-lideret-ta-zgjidhin-ngercin-smund-te-mbeshtetemi-te-vendet-pa-institucione\/","url":"https:\/\/permbledhja.com\/prattipati-lideret-ta-zgjidhin-ngercin-smund-te-mbeshtetemi-te-vendet-pa-institucione\/","name":"Prattipati: Lider\u00ebt ta zgjidhin ng\u00ebr\u00e7in, s'mund t\u00eb mb\u00ebshtetemi te vendet pa institucione","isPartOf":{"@id":"https:\/\/permbledhja.com\/#website"},"datePublished":"2025-08-05T11:33:56+00:00","dateModified":"2025-08-05T13:17:22+00:00","breadcrumb":{"@id":"https:\/\/permbledhja.com\/prattipati-lideret-ta-zgjidhin-ngercin-smund-te-mbeshtetemi-te-vendet-pa-institucione\/#breadcrumb"},"inLanguage":"sq","potentialAction":[{"@type":"ReadAction","target":["https:\/\/permbledhja.com\/prattipati-lideret-ta-zgjidhin-ngercin-smund-te-mbeshtetemi-te-vendet-pa-institucione\/"]}]},{"@type":"BreadcrumbList","@id":"https:\/\/permbledhja.com\/prattipati-lideret-ta-zgjidhin-ngercin-smund-te-mbeshtetemi-te-vendet-pa-institucione\/#breadcrumb","itemListElement":[{"@type":"ListItem","position":1,"name":"Ballina","item":"https:\/\/permbledhja.com\/sq\/"},{"@type":"ListItem","position":2,"name":"Prattipati: Lider\u00ebt ta zgjidhin ng\u00ebr\u00e7in, s&#8217;mund t\u00eb mb\u00ebshtetemi te vendet pa institucione"}]},{"@type":"WebSite","@id":"https:\/\/permbledhja.com\/#website","url":"https:\/\/permbledhja.com\/","name":"Ve\u00e7 artikuj p\u00ebrmbledh\u00ebs","description":"","publisher":{"@id":"https:\/\/permbledhja.com\/#organization"},"potentialAction":[{"@type":"SearchAction","target":{"@type":"EntryPoint","urlTemplate":"https:\/\/permbledhja.com\/?s={search_term_string}"},"query-input":"required name=search_term_string"}],"inLanguage":"sq"},{"@type":"Organization","@id":"https:\/\/permbledhja.com\/#organization","name":"MK Media & Pr","url":"https:\/\/permbledhja.com\/","logo":{"@type":"ImageObject","inLanguage":"sq","@id":"https:\/\/permbledhja.com\/#\/schema\/logo\/image\/","url":"https:\/\/permbledhja.com\/wp-content\/uploads\/2021\/12\/07-Press-Logo.jpg","contentUrl":"https:\/\/permbledhja.com\/wp-content\/uploads\/2021\/12\/07-Press-Logo.jpg","width":512,"height":512,"caption":"MK Media & Pr"},"image":{"@id":"https:\/\/permbledhja.com\/#\/schema\/logo\/image\/"},"sameAs":["https:\/\/www.facebook.com\/press07\/"]},{"@type":"Person","@id":"https:\/\/permbledhja.com\/#\/schema\/person\/0d064377258d3221e50693947b9eb4fe","name":"P\u00ebrmbledhja","image":{"@type":"ImageObject","inLanguage":"sq","@id":"https:\/\/permbledhja.com\/#\/schema\/person\/image\/","url":"https:\/\/permbledhja.com\/wp-content\/uploads\/2026\/01\/452004717_1040944174702970_8932037511805513407_n-96x96.jpg","contentUrl":"https:\/\/permbledhja.com\/wp-content\/uploads\/2026\/01\/452004717_1040944174702970_8932037511805513407_n-96x96.jpg","caption":"P\u00ebrmbledhja"},"sameAs":["https:\/\/www.facebook.com\/kafexhiu.muharrem\/","https:\/\/www.instagram.com\/muharrem_kafexhiu\/"],"url":"https:\/\/permbledhja.com\/sq\/author\/admin\/"}]}},"_links":{"self":[{"href":"https:\/\/permbledhja.com\/sq\/wp-json\/wp\/v2\/posts\/72593"}],"collection":[{"href":"https:\/\/permbledhja.com\/sq\/wp-json\/wp\/v2\/posts"}],"about":[{"href":"https:\/\/permbledhja.com\/sq\/wp-json\/wp\/v2\/types\/post"}],"author":[{"embeddable":true,"href":"https:\/\/permbledhja.com\/sq\/wp-json\/wp\/v2\/users\/1"}],"replies":[{"embeddable":true,"href":"https:\/\/permbledhja.com\/sq\/wp-json\/wp\/v2\/comments?post=72593"}],"version-history":[{"count":1,"href":"https:\/\/permbledhja.com\/sq\/wp-json\/wp\/v2\/posts\/72593\/revisions"}],"predecessor-version":[{"id":72595,"href":"https:\/\/permbledhja.com\/sq\/wp-json\/wp\/v2\/posts\/72593\/revisions\/72595"}],"wp:featuredmedia":[{"embeddable":true,"href":"https:\/\/permbledhja.com\/sq\/wp-json\/wp\/v2\/media\/72594"}],"wp:attachment":[{"href":"https:\/\/permbledhja.com\/sq\/wp-json\/wp\/v2\/media?parent=72593"}],"wp:term":[{"taxonomy":"category","embeddable":true,"href":"https:\/\/permbledhja.com\/sq\/wp-json\/wp\/v2\/categories?post=72593"},{"taxonomy":"post_tag","embeddable":true,"href":"https:\/\/permbledhja.com\/sq\/wp-json\/wp\/v2\/tags?post=72593"}],"curies":[{"name":"wp","href":"https:\/\/api.w.org\/{rel}","templated":true}]}}