{"id":72514,"date":"2025-07-31T11:19:38","date_gmt":"2025-07-31T11:19:38","guid":{"rendered":"https:\/\/permbledhja.com\/?p=72514"},"modified":"2025-07-31T11:19:38","modified_gmt":"2025-07-31T11:19:38","slug":"denimi-i-pleskoviqit-per-krime-lufte-nena-e-viktimave-mi-ka-myte-dy-djem-29-vjet-i-kane-pase-pak-jane-15-vjet","status":"publish","type":"post","link":"https:\/\/permbledhja.com\/sq\/denimi-i-pleskoviqit-per-krime-lufte-nena-e-viktimave-mi-ka-myte-dy-djem-29-vjet-i-kane-pase-pak-jane-15-vjet\/","title":{"rendered":"D\u00ebnimi i Pleskoviqit p\u00ebr krime lufte, n\u00ebna e viktimave: M&#8217;i ka myt\u00eb dy djem, 29 vjet i kan\u00eb pas\u00eb, pak jan\u00eb 15 vjet"},"content":{"rendered":"<p><strong>Sot, Gjykata Themelore n\u00eb Prishtin\u00eb e ka shpallur fajtor dhe d\u00ebnuar me 15 vjet burgim Millosh Pleskoviqin p\u00ebr krime lufte n\u00eb Kosov\u00eb.<\/strong><\/p>\n<p>Pas seanc\u00ebs jan\u00eb deklaruar n\u00ebna dhe motra e dy viktimave t\u00eb Pleskoviqit. N\u00ebna e dy viktimave tha se ka qen\u00eb Milloshi ai q\u00eb i ka vrar\u00eb dy djemt\u00eb e saj.<\/p>\n<p><em>\u2018\u2018Mi ka myt dy djem Milloshi, 29 vjet i kan\u00eb pas\u2019\u2019<\/em>, ka th\u00ebn\u00eb ajo. Nd\u00ebrsa motra e viktimave tha se vendimi i gjykat\u00ebs prej 15 viteve \u00ebsht\u00eb shum\u00eb pak dhe se, Pleskoviq duhet t\u00eb d\u00ebnohet m\u00eb shum\u00eb.<\/p>\n<p>Ajo ka th\u00ebn\u00eb edhe se i d\u00ebnuar p\u00ebr krime lufte i ka njohur viktimat pasi q\u00eb ka qen\u00eb n\u00eb lagje me ta.<\/p>\n<p><em>\u2018\u2018Ai mi ka myt vllaznit e mi, edhe pak \u00ebsht\u00eb gjykata q\u00eb e ka d\u00ebnu, pak \u00ebsht\u00eb, ato duhet p\u00ebrjet\u00eb se qeshtu po b\u00ebjn\u00eb edhe po shkojn\u00eb. Ai i ka ngjoft\u00eb vllaznit e mi, ai po paraqitet q\u00eb s\u2019i ka ngjoft\u00eb po qaty n\u00eb mahall ton\u00eb jan\u00eb kan\u00eb ata, ai \u00ebsht\u00eb Milloshi. Pak \u00ebsht\u00eb d\u00ebnimi, shum\u00eb pak \u00ebsht\u00eb d\u00ebnimi. Ai mi ka masakruar vllaznit e mi. Pak \u00ebsht\u00eb, shum\u00eb duhet. Nuk \u00ebsht\u00eb q\u00eb mi ka myt ve\u00e7 vllaznit e mi, ai i ka myt krejt edhe t\u00eb Prizrenit q\u00eb jan\u00eb kan\u00eb. Krejt nanat po kajn\u00eb. Pak \u00ebsht\u00eb kjo q\u00eb e ka dhan\u00eb gjykata. I ka nxan\u00eb vllaznit e mi n\u00eb mal, i ka myt edhe i ka masakruar\u2019\u2019<\/em>, ka th\u00ebn\u00eb ajo.<\/p>\n","protected":false},"excerpt":{"rendered":"<p>Sot, Gjykata Themelore n\u00eb Prishtin\u00eb e ka shpallur fajtor dhe d\u00ebnuar me 15 vjet burgim Millosh Pleskoviqin p\u00ebr krime lufte n\u00eb Kosov\u00eb. Pas seanc\u00ebs jan\u00eb deklaruar n\u00ebna dhe motra e dy viktimave t\u00eb Pleskoviqit. N\u00ebna e dy viktimave tha se ka qen\u00eb Milloshi ai q\u00eb i ka vrar\u00eb dy djemt\u00eb e saj. \u2018\u2018Mi ka myt [&hellip;]<\/p>\n","protected":false},"author":1,"featured_media":72515,"comment_status":"closed","ping_status":"closed","sticky":false,"template":"","format":"standard","meta":{"_monsterinsights_skip_tracking":false,"_monsterinsights_sitenote_active":false,"_monsterinsights_sitenote_note":"","_monsterinsights_sitenote_category":0,"_uf_show_specific_survey":0,"_uf_disable_surveys":false,"footnotes":""},"categories":[3324],"tags":[3553],"yoast_head":"<!-- This site is optimized with the Yoast SEO plugin v21.5 - https:\/\/yoast.com\/wordpress\/plugins\/seo\/ -->\n<title>D\u00ebnimi i Pleskoviqit p\u00ebr krime lufte, n\u00ebna e viktimave: M&#039;i ka myt\u00eb dy djem, 29 vjet i kan\u00eb pas\u00eb, pak jan\u00eb 15 vjet<\/title>\n<meta name=\"robots\" content=\"index, follow, max-snippet:-1, max-image-preview:large, max-video-preview:-1\" \/>\n<link rel=\"canonical\" href=\"https:\/\/permbledhja.com\/sq\/denimi-i-pleskoviqit-per-krime-lufte-nena-e-viktimave-mi-ka-myte-dy-djem-29-vjet-i-kane-pase-pak-jane-15-vjet\/\" \/>\n<meta property=\"og:locale\" content=\"sq_AL\" \/>\n<meta property=\"og:type\" content=\"article\" \/>\n<meta property=\"og:title\" content=\"D\u00ebnimi i Pleskoviqit p\u00ebr krime lufte, n\u00ebna e viktimave: M&#039;i ka myt\u00eb dy djem, 29 vjet i kan\u00eb pas\u00eb, pak jan\u00eb 15 vjet\" \/>\n<meta property=\"og:description\" content=\"Sot, Gjykata Themelore n\u00eb Prishtin\u00eb e ka shpallur fajtor dhe d\u00ebnuar me 15 vjet burgim Millosh Pleskoviqin p\u00ebr krime lufte n\u00eb Kosov\u00eb. Pas seanc\u00ebs jan\u00eb deklaruar n\u00ebna dhe motra e dy viktimave t\u00eb Pleskoviqit. N\u00ebna e dy viktimave tha se ka qen\u00eb Milloshi ai q\u00eb i ka vrar\u00eb dy djemt\u00eb e saj. \u2018\u2018Mi ka myt [&hellip;]\" \/>\n<meta property=\"og:url\" content=\"https:\/\/permbledhja.com\/sq\/denimi-i-pleskoviqit-per-krime-lufte-nena-e-viktimave-mi-ka-myte-dy-djem-29-vjet-i-kane-pase-pak-jane-15-vjet\/\" \/>\n<meta property=\"og:site_name\" content=\"Ve\u00e7 artikuj p\u00ebrmbledh\u00ebs\" \/>\n<meta property=\"article:publisher\" content=\"https:\/\/www.facebook.com\/press07\/\" \/>\n<meta property=\"article:author\" content=\"https:\/\/www.facebook.com\/kafexhiu.muharrem\/\" \/>\n<meta property=\"article:published_time\" content=\"2025-07-31T11:19:38+00:00\" \/>\n<meta property=\"og:image\" content=\"https:\/\/permbledhja.com\/wp-content\/uploads\/2025\/07\/525518099_1051397107189001_2445279893267712477_n.jpg\" \/>\n\t<meta property=\"og:image:width\" content=\"600\" \/>\n\t<meta property=\"og:image:height\" content=\"360\" \/>\n\t<meta property=\"og:image:type\" content=\"image\/jpeg\" \/>\n<meta name=\"author\" content=\"P\u00ebrmbledhja\" \/>\n<meta name=\"twitter:card\" content=\"summary_large_image\" \/>\n<meta name=\"twitter:label1\" content=\"Written by\" \/>\n\t<meta name=\"twitter:data1\" content=\"P\u00ebrmbledhja\" \/>\n\t<meta name=\"twitter:label2\" content=\"Est. reading time\" \/>\n\t<meta name=\"twitter:data2\" content=\"2 minuta\" \/>\n<script type=\"application\/ld+json\" class=\"yoast-schema-graph\">{\"@context\":\"https:\/\/schema.org\",\"@graph\":[{\"@type\":\"Article\",\"@id\":\"https:\/\/permbledhja.com\/denimi-i-pleskoviqit-per-krime-lufte-nena-e-viktimave-mi-ka-myte-dy-djem-29-vjet-i-kane-pase-pak-jane-15-vjet\/#article\",\"isPartOf\":{\"@id\":\"https:\/\/permbledhja.com\/denimi-i-pleskoviqit-per-krime-lufte-nena-e-viktimave-mi-ka-myte-dy-djem-29-vjet-i-kane-pase-pak-jane-15-vjet\/\"},\"author\":{\"name\":\"P\u00ebrmbledhja\",\"@id\":\"https:\/\/permbledhja.com\/#\/schema\/person\/0d064377258d3221e50693947b9eb4fe\"},\"headline\":\"D\u00ebnimi i Pleskoviqit p\u00ebr krime lufte, n\u00ebna e viktimave: M&#8217;i ka myt\u00eb dy djem, 29 vjet i kan\u00eb pas\u00eb, pak jan\u00eb 15 vjet\",\"datePublished\":\"2025-07-31T11:19:38+00:00\",\"dateModified\":\"2025-07-31T11:19:38+00:00\",\"mainEntityOfPage\":{\"@id\":\"https:\/\/permbledhja.com\/denimi-i-pleskoviqit-per-krime-lufte-nena-e-viktimave-mi-ka-myte-dy-djem-29-vjet-i-kane-pase-pak-jane-15-vjet\/\"},\"wordCount\":272,\"publisher\":{\"@id\":\"https:\/\/permbledhja.com\/#organization\"},\"keywords\":[\"Pleskoviq\"],\"articleSection\":[\"Dyt\u00ebsore\"],\"inLanguage\":\"sq\"},{\"@type\":\"WebPage\",\"@id\":\"https:\/\/permbledhja.com\/denimi-i-pleskoviqit-per-krime-lufte-nena-e-viktimave-mi-ka-myte-dy-djem-29-vjet-i-kane-pase-pak-jane-15-vjet\/\",\"url\":\"https:\/\/permbledhja.com\/denimi-i-pleskoviqit-per-krime-lufte-nena-e-viktimave-mi-ka-myte-dy-djem-29-vjet-i-kane-pase-pak-jane-15-vjet\/\",\"name\":\"D\u00ebnimi i Pleskoviqit p\u00ebr krime lufte, n\u00ebna e viktimave: M'i ka myt\u00eb dy djem, 29 vjet i kan\u00eb pas\u00eb, pak jan\u00eb 15 vjet\",\"isPartOf\":{\"@id\":\"https:\/\/permbledhja.com\/#website\"},\"datePublished\":\"2025-07-31T11:19:38+00:00\",\"dateModified\":\"2025-07-31T11:19:38+00:00\",\"breadcrumb\":{\"@id\":\"https:\/\/permbledhja.com\/denimi-i-pleskoviqit-per-krime-lufte-nena-e-viktimave-mi-ka-myte-dy-djem-29-vjet-i-kane-pase-pak-jane-15-vjet\/#breadcrumb\"},\"inLanguage\":\"sq\",\"potentialAction\":[{\"@type\":\"ReadAction\",\"target\":[\"https:\/\/permbledhja.com\/denimi-i-pleskoviqit-per-krime-lufte-nena-e-viktimave-mi-ka-myte-dy-djem-29-vjet-i-kane-pase-pak-jane-15-vjet\/\"]}]},{\"@type\":\"BreadcrumbList\",\"@id\":\"https:\/\/permbledhja.com\/denimi-i-pleskoviqit-per-krime-lufte-nena-e-viktimave-mi-ka-myte-dy-djem-29-vjet-i-kane-pase-pak-jane-15-vjet\/#breadcrumb\",\"itemListElement\":[{\"@type\":\"ListItem\",\"position\":1,\"name\":\"Ballina\",\"item\":\"https:\/\/permbledhja.com\/sq\/\"},{\"@type\":\"ListItem\",\"position\":2,\"name\":\"D\u00ebnimi i Pleskoviqit p\u00ebr krime lufte, n\u00ebna e viktimave: M&#8217;i ka myt\u00eb dy djem, 29 vjet i kan\u00eb pas\u00eb, pak jan\u00eb 15 vjet\"}]},{\"@type\":\"WebSite\",\"@id\":\"https:\/\/permbledhja.com\/#website\",\"url\":\"https:\/\/permbledhja.com\/\",\"name\":\"Ve\u00e7 artikuj p\u00ebrmbledh\u00ebs\",\"description\":\"\",\"publisher\":{\"@id\":\"https:\/\/permbledhja.com\/#organization\"},\"potentialAction\":[{\"@type\":\"SearchAction\",\"target\":{\"@type\":\"EntryPoint\",\"urlTemplate\":\"https:\/\/permbledhja.com\/?s={search_term_string}\"},\"query-input\":\"required name=search_term_string\"}],\"inLanguage\":\"sq\"},{\"@type\":\"Organization\",\"@id\":\"https:\/\/permbledhja.com\/#organization\",\"name\":\"MK Media & Pr\",\"url\":\"https:\/\/permbledhja.com\/\",\"logo\":{\"@type\":\"ImageObject\",\"inLanguage\":\"sq\",\"@id\":\"https:\/\/permbledhja.com\/#\/schema\/logo\/image\/\",\"url\":\"https:\/\/permbledhja.com\/wp-content\/uploads\/2021\/12\/07-Press-Logo.jpg\",\"contentUrl\":\"https:\/\/permbledhja.com\/wp-content\/uploads\/2021\/12\/07-Press-Logo.jpg\",\"width\":512,\"height\":512,\"caption\":\"MK Media & Pr\"},\"image\":{\"@id\":\"https:\/\/permbledhja.com\/#\/schema\/logo\/image\/\"},\"sameAs\":[\"https:\/\/www.facebook.com\/press07\/\"]},{\"@type\":\"Person\",\"@id\":\"https:\/\/permbledhja.com\/#\/schema\/person\/0d064377258d3221e50693947b9eb4fe\",\"name\":\"P\u00ebrmbledhja\",\"image\":{\"@type\":\"ImageObject\",\"inLanguage\":\"sq\",\"@id\":\"https:\/\/permbledhja.com\/#\/schema\/person\/image\/\",\"url\":\"https:\/\/permbledhja.com\/wp-content\/uploads\/2026\/01\/452004717_1040944174702970_8932037511805513407_n-96x96.jpg\",\"contentUrl\":\"https:\/\/permbledhja.com\/wp-content\/uploads\/2026\/01\/452004717_1040944174702970_8932037511805513407_n-96x96.jpg\",\"caption\":\"P\u00ebrmbledhja\"},\"sameAs\":[\"https:\/\/www.facebook.com\/kafexhiu.muharrem\/\",\"https:\/\/www.instagram.com\/muharrem_kafexhiu\/\"],\"url\":\"https:\/\/permbledhja.com\/sq\/author\/admin\/\"}]}<\/script>\n<!-- \/ Yoast SEO plugin. -->","yoast_head_json":{"title":"D\u00ebnimi i Pleskoviqit p\u00ebr krime lufte, n\u00ebna e viktimave: M'i ka myt\u00eb dy djem, 29 vjet i kan\u00eb pas\u00eb, pak jan\u00eb 15 vjet","robots":{"index":"index","follow":"follow","max-snippet":"max-snippet:-1","max-image-preview":"max-image-preview:large","max-video-preview":"max-video-preview:-1"},"canonical":"https:\/\/permbledhja.com\/sq\/denimi-i-pleskoviqit-per-krime-lufte-nena-e-viktimave-mi-ka-myte-dy-djem-29-vjet-i-kane-pase-pak-jane-15-vjet\/","og_locale":"sq_AL","og_type":"article","og_title":"D\u00ebnimi i Pleskoviqit p\u00ebr krime lufte, n\u00ebna e viktimave: M'i ka myt\u00eb dy djem, 29 vjet i kan\u00eb pas\u00eb, pak jan\u00eb 15 vjet","og_description":"Sot, Gjykata Themelore n\u00eb Prishtin\u00eb e ka shpallur fajtor dhe d\u00ebnuar me 15 vjet burgim Millosh Pleskoviqin p\u00ebr krime lufte n\u00eb Kosov\u00eb. Pas seanc\u00ebs jan\u00eb deklaruar n\u00ebna dhe motra e dy viktimave t\u00eb Pleskoviqit. N\u00ebna e dy viktimave tha se ka qen\u00eb Milloshi ai q\u00eb i ka vrar\u00eb dy djemt\u00eb e saj. \u2018\u2018Mi ka myt [&hellip;]","og_url":"https:\/\/permbledhja.com\/sq\/denimi-i-pleskoviqit-per-krime-lufte-nena-e-viktimave-mi-ka-myte-dy-djem-29-vjet-i-kane-pase-pak-jane-15-vjet\/","og_site_name":"Ve\u00e7 artikuj p\u00ebrmbledh\u00ebs","article_publisher":"https:\/\/www.facebook.com\/press07\/","article_author":"https:\/\/www.facebook.com\/kafexhiu.muharrem\/","article_published_time":"2025-07-31T11:19:38+00:00","og_image":[{"width":600,"height":360,"url":"https:\/\/permbledhja.com\/wp-content\/uploads\/2025\/07\/525518099_1051397107189001_2445279893267712477_n.jpg","type":"image\/jpeg"}],"author":"P\u00ebrmbledhja","twitter_card":"summary_large_image","twitter_misc":{"Written by":"P\u00ebrmbledhja","Est. reading time":"2 minuta"},"schema":{"@context":"https:\/\/schema.org","@graph":[{"@type":"Article","@id":"https:\/\/permbledhja.com\/denimi-i-pleskoviqit-per-krime-lufte-nena-e-viktimave-mi-ka-myte-dy-djem-29-vjet-i-kane-pase-pak-jane-15-vjet\/#article","isPartOf":{"@id":"https:\/\/permbledhja.com\/denimi-i-pleskoviqit-per-krime-lufte-nena-e-viktimave-mi-ka-myte-dy-djem-29-vjet-i-kane-pase-pak-jane-15-vjet\/"},"author":{"name":"P\u00ebrmbledhja","@id":"https:\/\/permbledhja.com\/#\/schema\/person\/0d064377258d3221e50693947b9eb4fe"},"headline":"D\u00ebnimi i Pleskoviqit p\u00ebr krime lufte, n\u00ebna e viktimave: M&#8217;i ka myt\u00eb dy djem, 29 vjet i kan\u00eb pas\u00eb, pak jan\u00eb 15 vjet","datePublished":"2025-07-31T11:19:38+00:00","dateModified":"2025-07-31T11:19:38+00:00","mainEntityOfPage":{"@id":"https:\/\/permbledhja.com\/denimi-i-pleskoviqit-per-krime-lufte-nena-e-viktimave-mi-ka-myte-dy-djem-29-vjet-i-kane-pase-pak-jane-15-vjet\/"},"wordCount":272,"publisher":{"@id":"https:\/\/permbledhja.com\/#organization"},"keywords":["Pleskoviq"],"articleSection":["Dyt\u00ebsore"],"inLanguage":"sq"},{"@type":"WebPage","@id":"https:\/\/permbledhja.com\/denimi-i-pleskoviqit-per-krime-lufte-nena-e-viktimave-mi-ka-myte-dy-djem-29-vjet-i-kane-pase-pak-jane-15-vjet\/","url":"https:\/\/permbledhja.com\/denimi-i-pleskoviqit-per-krime-lufte-nena-e-viktimave-mi-ka-myte-dy-djem-29-vjet-i-kane-pase-pak-jane-15-vjet\/","name":"D\u00ebnimi i Pleskoviqit p\u00ebr krime lufte, n\u00ebna e viktimave: M'i ka myt\u00eb dy djem, 29 vjet i kan\u00eb pas\u00eb, pak jan\u00eb 15 vjet","isPartOf":{"@id":"https:\/\/permbledhja.com\/#website"},"datePublished":"2025-07-31T11:19:38+00:00","dateModified":"2025-07-31T11:19:38+00:00","breadcrumb":{"@id":"https:\/\/permbledhja.com\/denimi-i-pleskoviqit-per-krime-lufte-nena-e-viktimave-mi-ka-myte-dy-djem-29-vjet-i-kane-pase-pak-jane-15-vjet\/#breadcrumb"},"inLanguage":"sq","potentialAction":[{"@type":"ReadAction","target":["https:\/\/permbledhja.com\/denimi-i-pleskoviqit-per-krime-lufte-nena-e-viktimave-mi-ka-myte-dy-djem-29-vjet-i-kane-pase-pak-jane-15-vjet\/"]}]},{"@type":"BreadcrumbList","@id":"https:\/\/permbledhja.com\/denimi-i-pleskoviqit-per-krime-lufte-nena-e-viktimave-mi-ka-myte-dy-djem-29-vjet-i-kane-pase-pak-jane-15-vjet\/#breadcrumb","itemListElement":[{"@type":"ListItem","position":1,"name":"Ballina","item":"https:\/\/permbledhja.com\/sq\/"},{"@type":"ListItem","position":2,"name":"D\u00ebnimi i Pleskoviqit p\u00ebr krime lufte, n\u00ebna e viktimave: M&#8217;i ka myt\u00eb dy djem, 29 vjet i kan\u00eb pas\u00eb, pak jan\u00eb 15 vjet"}]},{"@type":"WebSite","@id":"https:\/\/permbledhja.com\/#website","url":"https:\/\/permbledhja.com\/","name":"Ve\u00e7 artikuj p\u00ebrmbledh\u00ebs","description":"","publisher":{"@id":"https:\/\/permbledhja.com\/#organization"},"potentialAction":[{"@type":"SearchAction","target":{"@type":"EntryPoint","urlTemplate":"https:\/\/permbledhja.com\/?s={search_term_string}"},"query-input":"required name=search_term_string"}],"inLanguage":"sq"},{"@type":"Organization","@id":"https:\/\/permbledhja.com\/#organization","name":"MK Media & Pr","url":"https:\/\/permbledhja.com\/","logo":{"@type":"ImageObject","inLanguage":"sq","@id":"https:\/\/permbledhja.com\/#\/schema\/logo\/image\/","url":"https:\/\/permbledhja.com\/wp-content\/uploads\/2021\/12\/07-Press-Logo.jpg","contentUrl":"https:\/\/permbledhja.com\/wp-content\/uploads\/2021\/12\/07-Press-Logo.jpg","width":512,"height":512,"caption":"MK Media & Pr"},"image":{"@id":"https:\/\/permbledhja.com\/#\/schema\/logo\/image\/"},"sameAs":["https:\/\/www.facebook.com\/press07\/"]},{"@type":"Person","@id":"https:\/\/permbledhja.com\/#\/schema\/person\/0d064377258d3221e50693947b9eb4fe","name":"P\u00ebrmbledhja","image":{"@type":"ImageObject","inLanguage":"sq","@id":"https:\/\/permbledhja.com\/#\/schema\/person\/image\/","url":"https:\/\/permbledhja.com\/wp-content\/uploads\/2026\/01\/452004717_1040944174702970_8932037511805513407_n-96x96.jpg","contentUrl":"https:\/\/permbledhja.com\/wp-content\/uploads\/2026\/01\/452004717_1040944174702970_8932037511805513407_n-96x96.jpg","caption":"P\u00ebrmbledhja"},"sameAs":["https:\/\/www.facebook.com\/kafexhiu.muharrem\/","https:\/\/www.instagram.com\/muharrem_kafexhiu\/"],"url":"https:\/\/permbledhja.com\/sq\/author\/admin\/"}]}},"_links":{"self":[{"href":"https:\/\/permbledhja.com\/sq\/wp-json\/wp\/v2\/posts\/72514"}],"collection":[{"href":"https:\/\/permbledhja.com\/sq\/wp-json\/wp\/v2\/posts"}],"about":[{"href":"https:\/\/permbledhja.com\/sq\/wp-json\/wp\/v2\/types\/post"}],"author":[{"embeddable":true,"href":"https:\/\/permbledhja.com\/sq\/wp-json\/wp\/v2\/users\/1"}],"replies":[{"embeddable":true,"href":"https:\/\/permbledhja.com\/sq\/wp-json\/wp\/v2\/comments?post=72514"}],"version-history":[{"count":1,"href":"https:\/\/permbledhja.com\/sq\/wp-json\/wp\/v2\/posts\/72514\/revisions"}],"predecessor-version":[{"id":72516,"href":"https:\/\/permbledhja.com\/sq\/wp-json\/wp\/v2\/posts\/72514\/revisions\/72516"}],"wp:featuredmedia":[{"embeddable":true,"href":"https:\/\/permbledhja.com\/sq\/wp-json\/wp\/v2\/media\/72515"}],"wp:attachment":[{"href":"https:\/\/permbledhja.com\/sq\/wp-json\/wp\/v2\/media?parent=72514"}],"wp:term":[{"taxonomy":"category","embeddable":true,"href":"https:\/\/permbledhja.com\/sq\/wp-json\/wp\/v2\/categories?post=72514"},{"taxonomy":"post_tag","embeddable":true,"href":"https:\/\/permbledhja.com\/sq\/wp-json\/wp\/v2\/tags?post=72514"}],"curies":[{"name":"wp","href":"https:\/\/api.w.org\/{rel}","templated":true}]}}