{"id":72471,"date":"2025-07-30T16:28:19","date_gmt":"2025-07-30T16:28:19","guid":{"rendered":"https:\/\/permbledhja.com\/?p=72471"},"modified":"2025-07-30T17:07:19","modified_gmt":"2025-07-30T17:07:19","slug":"pdkrll-mban-emri-subjekti-i-ramiz-lladrovcit-per-zgjedhjet-lokale-te-12-tetorit-ne-drenas","status":"publish","type":"post","link":"https:\/\/permbledhja.com\/sq\/pdkrll-mban-emri-subjekti-i-ramiz-lladrovcit-per-zgjedhjet-lokale-te-12-tetorit-ne-drenas\/","title":{"rendered":"PDKRLL mban emrin subjekti i Ramiz Lladrovcit p\u00ebr zgjedhjet lokale t\u00eb 12 tetorit n\u00eb Drenas"},"content":{"rendered":"<p><strong>Ramiz Lladrovci do t\u00eb kandidoj\u00eb me list\u00eb t\u00eb ve\u00e7ant\u00eb n\u00eb zgjedhjet lokale t\u00eb 12 tetorit.<\/strong><\/p>\n<p>K\u00ebshtu ka b\u00ebr\u00eb t\u00eb ditur ai, teksa ka dh\u00ebn\u00eb edhe sqarimet p\u00ebr nj\u00eb gj\u00eb t\u00eb till\u00eb.<\/p>\n<p>P\u00ebrmes nj\u00eb postimi, ai ka konfirmuar se PDKRLL \u00ebsht\u00eb akronimi p\u00ebr subjektin q\u00eb do t\u00eb marr\u00eb pjes\u00eb vet\u00ebm n\u00eb k\u00ebto zgjedhje: P\u00ebr Drenasin Kampion me Ramiz Lladrovcin.<\/p>\n<p>M\u00eb posht\u00eb edhe postimi i plot\u00eb:<\/p>\n<p><iframe loading=\"lazy\" style=\"border: none; overflow: hidden;\" src=\"https:\/\/www.facebook.com\/plugins\/post.php?href=https%3A%2F%2Fwww.facebook.com%2Frlladrovci%2Fposts%2Fpfbid04HXDoVCJ7owXmdnbNWTcMP6QgmPaNbvabURERLPrAkj8Ded1o1eYH4jJnXmt27gml&amp;show_text=true&amp;width=500\" width=\"500\" height=\"679\" frameborder=\"0\" scrolling=\"no\" allowfullscreen=\"allowfullscreen\"><\/iframe><\/p>\n","protected":false},"excerpt":{"rendered":"<p>Ramiz Lladrovci do t\u00eb kandidoj\u00eb me list\u00eb t\u00eb ve\u00e7ant\u00eb n\u00eb zgjedhjet lokale t\u00eb 12 tetorit. K\u00ebshtu ka b\u00ebr\u00eb t\u00eb ditur ai, teksa ka dh\u00ebn\u00eb edhe sqarimet p\u00ebr nj\u00eb gj\u00eb t\u00eb till\u00eb. P\u00ebrmes nj\u00eb postimi, ai ka konfirmuar se PDKRLL \u00ebsht\u00eb akronimi p\u00ebr subjektin q\u00eb do t\u00eb marr\u00eb pjes\u00eb vet\u00ebm n\u00eb k\u00ebto zgjedhje: P\u00ebr Drenasin Kampion [&hellip;]<\/p>\n","protected":false},"author":1,"featured_media":72472,"comment_status":"closed","ping_status":"closed","sticky":false,"template":"","format":"standard","meta":{"_monsterinsights_skip_tracking":false,"_monsterinsights_sitenote_active":false,"_monsterinsights_sitenote_note":"","_monsterinsights_sitenote_category":0,"_uf_show_specific_survey":0,"_uf_disable_surveys":false,"footnotes":""},"categories":[2645],"tags":[2054],"yoast_head":"<!-- This site is optimized with the Yoast SEO plugin v21.5 - https:\/\/yoast.com\/wordpress\/plugins\/seo\/ -->\n<title>PDKRLL mban emrin subjekti i Ramiz Lladrovcit p\u00ebr zgjedhjet lokale t\u00eb 12 tetorit n\u00eb Drenas<\/title>\n<meta name=\"robots\" content=\"index, follow, max-snippet:-1, max-image-preview:large, max-video-preview:-1\" \/>\n<link rel=\"canonical\" href=\"https:\/\/permbledhja.com\/sq\/pdkrll-mban-emri-subjekti-i-ramiz-lladrovcit-per-zgjedhjet-lokale-te-12-tetorit-ne-drenas\/\" \/>\n<meta property=\"og:locale\" content=\"sq_AL\" \/>\n<meta property=\"og:type\" content=\"article\" \/>\n<meta property=\"og:title\" content=\"PDKRLL mban emrin subjekti i Ramiz Lladrovcit p\u00ebr zgjedhjet lokale t\u00eb 12 tetorit n\u00eb Drenas\" \/>\n<meta property=\"og:description\" content=\"Ramiz Lladrovci do t\u00eb kandidoj\u00eb me list\u00eb t\u00eb ve\u00e7ant\u00eb n\u00eb zgjedhjet lokale t\u00eb 12 tetorit. K\u00ebshtu ka b\u00ebr\u00eb t\u00eb ditur ai, teksa ka dh\u00ebn\u00eb edhe sqarimet p\u00ebr nj\u00eb gj\u00eb t\u00eb till\u00eb. P\u00ebrmes nj\u00eb postimi, ai ka konfirmuar se PDKRLL \u00ebsht\u00eb akronimi p\u00ebr subjektin q\u00eb do t\u00eb marr\u00eb pjes\u00eb vet\u00ebm n\u00eb k\u00ebto zgjedhje: P\u00ebr Drenasin Kampion [&hellip;]\" \/>\n<meta property=\"og:url\" content=\"https:\/\/permbledhja.com\/sq\/pdkrll-mban-emri-subjekti-i-ramiz-lladrovcit-per-zgjedhjet-lokale-te-12-tetorit-ne-drenas\/\" \/>\n<meta property=\"og:site_name\" content=\"Ve\u00e7 artikuj p\u00ebrmbledh\u00ebs\" \/>\n<meta property=\"article:publisher\" content=\"https:\/\/www.facebook.com\/press07\/\" \/>\n<meta property=\"article:author\" content=\"https:\/\/www.facebook.com\/kafexhiu.muharrem\/\" \/>\n<meta property=\"article:published_time\" content=\"2025-07-30T16:28:19+00:00\" \/>\n<meta property=\"article:modified_time\" content=\"2025-07-30T17:07:19+00:00\" \/>\n<meta property=\"og:image\" content=\"https:\/\/permbledhja.com\/wp-content\/uploads\/2025\/07\/vf.png\" \/>\n\t<meta property=\"og:image:width\" content=\"766\" \/>\n\t<meta property=\"og:image:height\" content=\"486\" \/>\n\t<meta property=\"og:image:type\" content=\"image\/png\" \/>\n<meta name=\"author\" content=\"P\u00ebrmbledhja\" \/>\n<meta name=\"twitter:card\" content=\"summary_large_image\" \/>\n<meta name=\"twitter:label1\" content=\"Written by\" \/>\n\t<meta name=\"twitter:data1\" content=\"P\u00ebrmbledhja\" \/>\n\t<meta name=\"twitter:label2\" content=\"Est. reading time\" \/>\n\t<meta name=\"twitter:data2\" content=\"1 minut\u00eb\" \/>\n<script type=\"application\/ld+json\" class=\"yoast-schema-graph\">{\"@context\":\"https:\/\/schema.org\",\"@graph\":[{\"@type\":\"Article\",\"@id\":\"https:\/\/permbledhja.com\/pdkrll-mban-emri-subjekti-i-ramiz-lladrovcit-per-zgjedhjet-lokale-te-12-tetorit-ne-drenas\/#article\",\"isPartOf\":{\"@id\":\"https:\/\/permbledhja.com\/pdkrll-mban-emri-subjekti-i-ramiz-lladrovcit-per-zgjedhjet-lokale-te-12-tetorit-ne-drenas\/\"},\"author\":{\"name\":\"P\u00ebrmbledhja\",\"@id\":\"https:\/\/permbledhja.com\/#\/schema\/person\/0d064377258d3221e50693947b9eb4fe\"},\"headline\":\"PDKRLL mban emrin subjekti i Ramiz Lladrovcit p\u00ebr zgjedhjet lokale t\u00eb 12 tetorit n\u00eb Drenas\",\"datePublished\":\"2025-07-30T16:28:19+00:00\",\"dateModified\":\"2025-07-30T17:07:19+00:00\",\"mainEntityOfPage\":{\"@id\":\"https:\/\/permbledhja.com\/pdkrll-mban-emri-subjekti-i-ramiz-lladrovcit-per-zgjedhjet-lokale-te-12-tetorit-ne-drenas\/\"},\"wordCount\":88,\"publisher\":{\"@id\":\"https:\/\/permbledhja.com\/#organization\"},\"keywords\":[\"Ramiz Lladrovci\"],\"articleSection\":[\"T\u00eb r\u00ebnd\u00ebsishme\"],\"inLanguage\":\"sq\"},{\"@type\":\"WebPage\",\"@id\":\"https:\/\/permbledhja.com\/pdkrll-mban-emri-subjekti-i-ramiz-lladrovcit-per-zgjedhjet-lokale-te-12-tetorit-ne-drenas\/\",\"url\":\"https:\/\/permbledhja.com\/pdkrll-mban-emri-subjekti-i-ramiz-lladrovcit-per-zgjedhjet-lokale-te-12-tetorit-ne-drenas\/\",\"name\":\"PDKRLL mban emrin subjekti i Ramiz Lladrovcit p\u00ebr zgjedhjet lokale t\u00eb 12 tetorit n\u00eb Drenas\",\"isPartOf\":{\"@id\":\"https:\/\/permbledhja.com\/#website\"},\"datePublished\":\"2025-07-30T16:28:19+00:00\",\"dateModified\":\"2025-07-30T17:07:19+00:00\",\"breadcrumb\":{\"@id\":\"https:\/\/permbledhja.com\/pdkrll-mban-emri-subjekti-i-ramiz-lladrovcit-per-zgjedhjet-lokale-te-12-tetorit-ne-drenas\/#breadcrumb\"},\"inLanguage\":\"sq\",\"potentialAction\":[{\"@type\":\"ReadAction\",\"target\":[\"https:\/\/permbledhja.com\/pdkrll-mban-emri-subjekti-i-ramiz-lladrovcit-per-zgjedhjet-lokale-te-12-tetorit-ne-drenas\/\"]}]},{\"@type\":\"BreadcrumbList\",\"@id\":\"https:\/\/permbledhja.com\/pdkrll-mban-emri-subjekti-i-ramiz-lladrovcit-per-zgjedhjet-lokale-te-12-tetorit-ne-drenas\/#breadcrumb\",\"itemListElement\":[{\"@type\":\"ListItem\",\"position\":1,\"name\":\"Ballina\",\"item\":\"https:\/\/permbledhja.com\/sq\/\"},{\"@type\":\"ListItem\",\"position\":2,\"name\":\"PDKRLL mban emrin subjekti i Ramiz Lladrovcit p\u00ebr zgjedhjet lokale t\u00eb 12 tetorit n\u00eb Drenas\"}]},{\"@type\":\"WebSite\",\"@id\":\"https:\/\/permbledhja.com\/#website\",\"url\":\"https:\/\/permbledhja.com\/\",\"name\":\"Ve\u00e7 artikuj p\u00ebrmbledh\u00ebs\",\"description\":\"\",\"publisher\":{\"@id\":\"https:\/\/permbledhja.com\/#organization\"},\"potentialAction\":[{\"@type\":\"SearchAction\",\"target\":{\"@type\":\"EntryPoint\",\"urlTemplate\":\"https:\/\/permbledhja.com\/?s={search_term_string}\"},\"query-input\":\"required name=search_term_string\"}],\"inLanguage\":\"sq\"},{\"@type\":\"Organization\",\"@id\":\"https:\/\/permbledhja.com\/#organization\",\"name\":\"MK Media & Pr\",\"url\":\"https:\/\/permbledhja.com\/\",\"logo\":{\"@type\":\"ImageObject\",\"inLanguage\":\"sq\",\"@id\":\"https:\/\/permbledhja.com\/#\/schema\/logo\/image\/\",\"url\":\"https:\/\/permbledhja.com\/wp-content\/uploads\/2021\/12\/07-Press-Logo.jpg\",\"contentUrl\":\"https:\/\/permbledhja.com\/wp-content\/uploads\/2021\/12\/07-Press-Logo.jpg\",\"width\":512,\"height\":512,\"caption\":\"MK Media & Pr\"},\"image\":{\"@id\":\"https:\/\/permbledhja.com\/#\/schema\/logo\/image\/\"},\"sameAs\":[\"https:\/\/www.facebook.com\/press07\/\"]},{\"@type\":\"Person\",\"@id\":\"https:\/\/permbledhja.com\/#\/schema\/person\/0d064377258d3221e50693947b9eb4fe\",\"name\":\"P\u00ebrmbledhja\",\"image\":{\"@type\":\"ImageObject\",\"inLanguage\":\"sq\",\"@id\":\"https:\/\/permbledhja.com\/#\/schema\/person\/image\/\",\"url\":\"https:\/\/permbledhja.com\/wp-content\/uploads\/2026\/01\/452004717_1040944174702970_8932037511805513407_n-96x96.jpg\",\"contentUrl\":\"https:\/\/permbledhja.com\/wp-content\/uploads\/2026\/01\/452004717_1040944174702970_8932037511805513407_n-96x96.jpg\",\"caption\":\"P\u00ebrmbledhja\"},\"sameAs\":[\"https:\/\/www.facebook.com\/kafexhiu.muharrem\/\",\"https:\/\/www.instagram.com\/muharrem_kafexhiu\/\"],\"url\":\"https:\/\/permbledhja.com\/sq\/author\/admin\/\"}]}<\/script>\n<!-- \/ Yoast SEO plugin. -->","yoast_head_json":{"title":"PDKRLL mban emrin subjekti i Ramiz Lladrovcit p\u00ebr zgjedhjet lokale t\u00eb 12 tetorit n\u00eb Drenas","robots":{"index":"index","follow":"follow","max-snippet":"max-snippet:-1","max-image-preview":"max-image-preview:large","max-video-preview":"max-video-preview:-1"},"canonical":"https:\/\/permbledhja.com\/sq\/pdkrll-mban-emri-subjekti-i-ramiz-lladrovcit-per-zgjedhjet-lokale-te-12-tetorit-ne-drenas\/","og_locale":"sq_AL","og_type":"article","og_title":"PDKRLL mban emrin subjekti i Ramiz Lladrovcit p\u00ebr zgjedhjet lokale t\u00eb 12 tetorit n\u00eb Drenas","og_description":"Ramiz Lladrovci do t\u00eb kandidoj\u00eb me list\u00eb t\u00eb ve\u00e7ant\u00eb n\u00eb zgjedhjet lokale t\u00eb 12 tetorit. K\u00ebshtu ka b\u00ebr\u00eb t\u00eb ditur ai, teksa ka dh\u00ebn\u00eb edhe sqarimet p\u00ebr nj\u00eb gj\u00eb t\u00eb till\u00eb. P\u00ebrmes nj\u00eb postimi, ai ka konfirmuar se PDKRLL \u00ebsht\u00eb akronimi p\u00ebr subjektin q\u00eb do t\u00eb marr\u00eb pjes\u00eb vet\u00ebm n\u00eb k\u00ebto zgjedhje: P\u00ebr Drenasin Kampion [&hellip;]","og_url":"https:\/\/permbledhja.com\/sq\/pdkrll-mban-emri-subjekti-i-ramiz-lladrovcit-per-zgjedhjet-lokale-te-12-tetorit-ne-drenas\/","og_site_name":"Ve\u00e7 artikuj p\u00ebrmbledh\u00ebs","article_publisher":"https:\/\/www.facebook.com\/press07\/","article_author":"https:\/\/www.facebook.com\/kafexhiu.muharrem\/","article_published_time":"2025-07-30T16:28:19+00:00","article_modified_time":"2025-07-30T17:07:19+00:00","og_image":[{"width":766,"height":486,"url":"https:\/\/permbledhja.com\/wp-content\/uploads\/2025\/07\/vf.png","type":"image\/png"}],"author":"P\u00ebrmbledhja","twitter_card":"summary_large_image","twitter_misc":{"Written by":"P\u00ebrmbledhja","Est. reading time":"1 minut\u00eb"},"schema":{"@context":"https:\/\/schema.org","@graph":[{"@type":"Article","@id":"https:\/\/permbledhja.com\/pdkrll-mban-emri-subjekti-i-ramiz-lladrovcit-per-zgjedhjet-lokale-te-12-tetorit-ne-drenas\/#article","isPartOf":{"@id":"https:\/\/permbledhja.com\/pdkrll-mban-emri-subjekti-i-ramiz-lladrovcit-per-zgjedhjet-lokale-te-12-tetorit-ne-drenas\/"},"author":{"name":"P\u00ebrmbledhja","@id":"https:\/\/permbledhja.com\/#\/schema\/person\/0d064377258d3221e50693947b9eb4fe"},"headline":"PDKRLL mban emrin subjekti i Ramiz Lladrovcit p\u00ebr zgjedhjet lokale t\u00eb 12 tetorit n\u00eb Drenas","datePublished":"2025-07-30T16:28:19+00:00","dateModified":"2025-07-30T17:07:19+00:00","mainEntityOfPage":{"@id":"https:\/\/permbledhja.com\/pdkrll-mban-emri-subjekti-i-ramiz-lladrovcit-per-zgjedhjet-lokale-te-12-tetorit-ne-drenas\/"},"wordCount":88,"publisher":{"@id":"https:\/\/permbledhja.com\/#organization"},"keywords":["Ramiz Lladrovci"],"articleSection":["T\u00eb r\u00ebnd\u00ebsishme"],"inLanguage":"sq"},{"@type":"WebPage","@id":"https:\/\/permbledhja.com\/pdkrll-mban-emri-subjekti-i-ramiz-lladrovcit-per-zgjedhjet-lokale-te-12-tetorit-ne-drenas\/","url":"https:\/\/permbledhja.com\/pdkrll-mban-emri-subjekti-i-ramiz-lladrovcit-per-zgjedhjet-lokale-te-12-tetorit-ne-drenas\/","name":"PDKRLL mban emrin subjekti i Ramiz Lladrovcit p\u00ebr zgjedhjet lokale t\u00eb 12 tetorit n\u00eb Drenas","isPartOf":{"@id":"https:\/\/permbledhja.com\/#website"},"datePublished":"2025-07-30T16:28:19+00:00","dateModified":"2025-07-30T17:07:19+00:00","breadcrumb":{"@id":"https:\/\/permbledhja.com\/pdkrll-mban-emri-subjekti-i-ramiz-lladrovcit-per-zgjedhjet-lokale-te-12-tetorit-ne-drenas\/#breadcrumb"},"inLanguage":"sq","potentialAction":[{"@type":"ReadAction","target":["https:\/\/permbledhja.com\/pdkrll-mban-emri-subjekti-i-ramiz-lladrovcit-per-zgjedhjet-lokale-te-12-tetorit-ne-drenas\/"]}]},{"@type":"BreadcrumbList","@id":"https:\/\/permbledhja.com\/pdkrll-mban-emri-subjekti-i-ramiz-lladrovcit-per-zgjedhjet-lokale-te-12-tetorit-ne-drenas\/#breadcrumb","itemListElement":[{"@type":"ListItem","position":1,"name":"Ballina","item":"https:\/\/permbledhja.com\/sq\/"},{"@type":"ListItem","position":2,"name":"PDKRLL mban emrin subjekti i Ramiz Lladrovcit p\u00ebr zgjedhjet lokale t\u00eb 12 tetorit n\u00eb Drenas"}]},{"@type":"WebSite","@id":"https:\/\/permbledhja.com\/#website","url":"https:\/\/permbledhja.com\/","name":"Ve\u00e7 artikuj p\u00ebrmbledh\u00ebs","description":"","publisher":{"@id":"https:\/\/permbledhja.com\/#organization"},"potentialAction":[{"@type":"SearchAction","target":{"@type":"EntryPoint","urlTemplate":"https:\/\/permbledhja.com\/?s={search_term_string}"},"query-input":"required name=search_term_string"}],"inLanguage":"sq"},{"@type":"Organization","@id":"https:\/\/permbledhja.com\/#organization","name":"MK Media & Pr","url":"https:\/\/permbledhja.com\/","logo":{"@type":"ImageObject","inLanguage":"sq","@id":"https:\/\/permbledhja.com\/#\/schema\/logo\/image\/","url":"https:\/\/permbledhja.com\/wp-content\/uploads\/2021\/12\/07-Press-Logo.jpg","contentUrl":"https:\/\/permbledhja.com\/wp-content\/uploads\/2021\/12\/07-Press-Logo.jpg","width":512,"height":512,"caption":"MK Media & Pr"},"image":{"@id":"https:\/\/permbledhja.com\/#\/schema\/logo\/image\/"},"sameAs":["https:\/\/www.facebook.com\/press07\/"]},{"@type":"Person","@id":"https:\/\/permbledhja.com\/#\/schema\/person\/0d064377258d3221e50693947b9eb4fe","name":"P\u00ebrmbledhja","image":{"@type":"ImageObject","inLanguage":"sq","@id":"https:\/\/permbledhja.com\/#\/schema\/person\/image\/","url":"https:\/\/permbledhja.com\/wp-content\/uploads\/2026\/01\/452004717_1040944174702970_8932037511805513407_n-96x96.jpg","contentUrl":"https:\/\/permbledhja.com\/wp-content\/uploads\/2026\/01\/452004717_1040944174702970_8932037511805513407_n-96x96.jpg","caption":"P\u00ebrmbledhja"},"sameAs":["https:\/\/www.facebook.com\/kafexhiu.muharrem\/","https:\/\/www.instagram.com\/muharrem_kafexhiu\/"],"url":"https:\/\/permbledhja.com\/sq\/author\/admin\/"}]}},"_links":{"self":[{"href":"https:\/\/permbledhja.com\/sq\/wp-json\/wp\/v2\/posts\/72471"}],"collection":[{"href":"https:\/\/permbledhja.com\/sq\/wp-json\/wp\/v2\/posts"}],"about":[{"href":"https:\/\/permbledhja.com\/sq\/wp-json\/wp\/v2\/types\/post"}],"author":[{"embeddable":true,"href":"https:\/\/permbledhja.com\/sq\/wp-json\/wp\/v2\/users\/1"}],"replies":[{"embeddable":true,"href":"https:\/\/permbledhja.com\/sq\/wp-json\/wp\/v2\/comments?post=72471"}],"version-history":[{"count":2,"href":"https:\/\/permbledhja.com\/sq\/wp-json\/wp\/v2\/posts\/72471\/revisions"}],"predecessor-version":[{"id":72474,"href":"https:\/\/permbledhja.com\/sq\/wp-json\/wp\/v2\/posts\/72471\/revisions\/72474"}],"wp:featuredmedia":[{"embeddable":true,"href":"https:\/\/permbledhja.com\/sq\/wp-json\/wp\/v2\/media\/72472"}],"wp:attachment":[{"href":"https:\/\/permbledhja.com\/sq\/wp-json\/wp\/v2\/media?parent=72471"}],"wp:term":[{"taxonomy":"category","embeddable":true,"href":"https:\/\/permbledhja.com\/sq\/wp-json\/wp\/v2\/categories?post=72471"},{"taxonomy":"post_tag","embeddable":true,"href":"https:\/\/permbledhja.com\/sq\/wp-json\/wp\/v2\/tags?post=72471"}],"curies":[{"name":"wp","href":"https:\/\/api.w.org\/{rel}","templated":true}]}}