{"id":72454,"date":"2025-07-30T10:27:29","date_gmt":"2025-07-30T10:27:29","guid":{"rendered":"https:\/\/permbledhja.com\/?p=72454"},"modified":"2025-07-30T16:29:32","modified_gmt":"2025-07-30T16:29:32","slug":"ish-gjyqtari-kryeziu-i-vardiset-vetevendosjes-kerkon-largimin-e-ambasadoreve-franko-gjermane","status":"publish","type":"post","link":"https:\/\/permbledhja.com\/sq\/ish-gjyqtari-kryeziu-i-vardiset-vetevendosjes-kerkon-largimin-e-ambasadoreve-franko-gjermane\/","title":{"rendered":"Ish-gjyqtari Kryeziu i vardiset Vet\u00ebvendosjes, k\u00ebrkon largimin e ambasador\u00ebve &#8220;franko-gjerman\u00eb&#8221;"},"content":{"rendered":"<p><strong>P\u00ebrdorimi politik q\u00eb i b\u00ebri L\u00ebvizja Vet\u00ebvendosje \u00a0vendosjes s\u00eb FSK-s\u00eb n\u00eb Liqenin e Ujmanit t\u00eb mart\u00ebn shihej hapur. Kjo gj\u00eb u kritikua ashp\u00ebr n\u00eb or\u00ebt e pasdites nga ambasador\u00ebt e huaj, konkretisht ai gjerman e francez.<\/strong><\/p>\n<p>Megjithat\u00eb me komentet e diplomat\u00ebve t\u00eb huaj s\u2019po pajtohet ish-gjyqtari i Kushtetueses, Kadri Kryeziu. Sipas tij, t\u00eb dy ambasador\u00ebt duhet t\u00eb \u201cshkojn\u00eb n\u00eb sht\u00ebpi\u201d, meq\u00eb kan\u00eb \u201cr\u00ebn\u00eb nga provimi\u201d.<\/p>\n<p>Sipas Kryeziut, l\u00ebshimi i ambasador\u00ebve p\u00ebr t\u00eb komentuar interpretimet q\u00eb iu b\u00ebn\u00eb p\u00ebrdorimit t\u00eb ngjarjes s\u00eb djeshme tregojn\u00eb \u201cmend\u00ebsi prej kolonizatori\u201d dhe \u201cpatroni t\u00eb huaj q\u00eb \u00ebsht\u00eb i frustruar pse nuk binden skllev\u00ebrit\u201d.<\/p>\n<p>Shkrimi i plot\u00eb:<\/p>\n<p><em>TIME TO GO HOME!<\/em><\/p>\n<p><em>Ambasador\u00ebt e Gjermanis\u00eb dhe t\u00eb Franc\u00ebs dje kan\u00eb r\u00ebn\u00eb n\u00eb provim sa i p\u00ebrket profesionalizmit t\u00eb tyre. Nuk ka asnj\u00eb d\u00ebshmi q\u00eb dikush nga institucionet zyrtare t\u00eb Republik\u00ebs s\u00eb Kosov\u00ebs ka b\u00ebr\u00eb nd\u00ebrhyrje digjitale n\u00eb fotografi, po ashtu n\u00eb deklaratat zyrtare nuk ka asnj\u00eb mohim t\u00eb rolit t\u00eb KFOR-it. Fjal\u00ebt e tyre kan\u00eb pesh\u00eb prandaj akuza p\u00ebr dezinformim dhe manipulime t\u00eb fotografive do t\u00eb duhej t\u00eb ishte verifikuar paraprakisht n\u00eb holl\u00ebsi.<\/em><\/p>\n<p><em>Ambasador\u00ebt mund t\u00eb komentojn\u00eb vet\u00ebm deklarimet zyrtare t\u00eb titullar\u00ebve t\u00eb institucioneve, dhe jo t\u00eb merren me interpretimet e pik\u00eb v\u00ebshtrimeve t\u00eb qytetar\u00ebve t\u00eb lir\u00eb, qofshin ata edhe eksponent\u00eb t\u00eb nj\u00eb partie t\u00eb caktuar politike. L\u00ebshimi n\u00eb interpretime t\u00eb tilla \u00ebsht\u00eb tregues i nj\u00eb mend\u00ebsie prej kolonizatori dhe patroni t\u00eb huaj q\u00eb \u00ebsht\u00eb i frustruar pse nuk binden skllev\u00ebrit.<\/em><\/p>\n<p><em>K\u00ebta dy ambasador\u00eb, t\u00eb cil\u00ebt n\u00eb fillimet e sh\u00ebrbimit t\u00eb tyre n\u00eb Kosov\u00eb jan\u00eb identifikuar me protagonizmin e tyre t\u00eb flakt\u00eb\u00a0 n\u00eb favor t\u00eb ardhjes n\u00eb pushtet t\u00eb partis\u00eb VET\u00cbVENDOSJE, duhet t\u00eb shkojn\u00eb. Ambasador\u00ebt Rohde dhe Guerot jan\u00eb b\u00ebr\u00eb pjes\u00eb e mend\u00ebsis\u00eb s\u00eb \u00e7arshis\u00eb politike n\u00eb Kosov\u00eb, saq\u00eb edhe mendimin publik e artikulojn\u00eb n\u00eb baz\u00eb t\u00eb thashethemeve dhe intrigave q\u00eb njer\u00ebzit i b\u00ebjn\u00eb duke pir\u00eb kafe. Vazhdimi i q\u00ebndrimit n\u00eb detyr\u00eb nuk i b\u00ebn nder as Gjermanis\u00eb dhe as Franc\u00ebs.<\/em><\/p>\n","protected":false},"excerpt":{"rendered":"<p>P\u00ebrdorimi politik q\u00eb i b\u00ebri L\u00ebvizja Vet\u00ebvendosje \u00a0vendosjes s\u00eb FSK-s\u00eb n\u00eb Liqenin e Ujmanit t\u00eb mart\u00ebn shihej hapur. Kjo gj\u00eb u kritikua ashp\u00ebr n\u00eb or\u00ebt e pasdites nga ambasador\u00ebt e huaj, konkretisht ai gjerman e francez. Megjithat\u00eb me komentet e diplomat\u00ebve t\u00eb huaj s\u2019po pajtohet ish-gjyqtari i Kushtetueses, Kadri Kryeziu. Sipas tij, t\u00eb dy ambasador\u00ebt [&hellip;]<\/p>\n","protected":false},"author":1,"featured_media":72455,"comment_status":"closed","ping_status":"closed","sticky":false,"template":"","format":"standard","meta":{"_monsterinsights_skip_tracking":false,"_monsterinsights_sitenote_active":false,"_monsterinsights_sitenote_note":"","_monsterinsights_sitenote_category":0,"_uf_show_specific_survey":0,"_uf_disable_surveys":false,"footnotes":""},"categories":[2645],"tags":[2455],"yoast_head":"<!-- This site is optimized with the Yoast SEO plugin v21.5 - https:\/\/yoast.com\/wordpress\/plugins\/seo\/ -->\n<title>Ish-gjyqtari Kryeziu i vardiset Vet\u00ebvendosjes, k\u00ebrkon largimin e ambasador\u00ebve &quot;franko-gjerman\u00eb&quot;<\/title>\n<meta name=\"robots\" content=\"index, follow, max-snippet:-1, max-image-preview:large, max-video-preview:-1\" \/>\n<link rel=\"canonical\" href=\"https:\/\/permbledhja.com\/sq\/ish-gjyqtari-kryeziu-i-vardiset-vetevendosjes-kerkon-largimin-e-ambasadoreve-franko-gjermane\/\" \/>\n<meta property=\"og:locale\" content=\"sq_AL\" \/>\n<meta property=\"og:type\" content=\"article\" \/>\n<meta property=\"og:title\" content=\"Ish-gjyqtari Kryeziu i vardiset Vet\u00ebvendosjes, k\u00ebrkon largimin e ambasador\u00ebve &quot;franko-gjerman\u00eb&quot;\" \/>\n<meta property=\"og:description\" content=\"P\u00ebrdorimi politik q\u00eb i b\u00ebri L\u00ebvizja Vet\u00ebvendosje \u00a0vendosjes s\u00eb FSK-s\u00eb n\u00eb Liqenin e Ujmanit t\u00eb mart\u00ebn shihej hapur. Kjo gj\u00eb u kritikua ashp\u00ebr n\u00eb or\u00ebt e pasdites nga ambasador\u00ebt e huaj, konkretisht ai gjerman e francez. Megjithat\u00eb me komentet e diplomat\u00ebve t\u00eb huaj s\u2019po pajtohet ish-gjyqtari i Kushtetueses, Kadri Kryeziu. Sipas tij, t\u00eb dy ambasador\u00ebt [&hellip;]\" \/>\n<meta property=\"og:url\" content=\"https:\/\/permbledhja.com\/sq\/ish-gjyqtari-kryeziu-i-vardiset-vetevendosjes-kerkon-largimin-e-ambasadoreve-franko-gjermane\/\" \/>\n<meta property=\"og:site_name\" content=\"Ve\u00e7 artikuj p\u00ebrmbledh\u00ebs\" \/>\n<meta property=\"article:publisher\" content=\"https:\/\/www.facebook.com\/press07\/\" \/>\n<meta property=\"article:author\" content=\"https:\/\/www.facebook.com\/kafexhiu.muharrem\/\" \/>\n<meta property=\"article:published_time\" content=\"2025-07-30T10:27:29+00:00\" \/>\n<meta property=\"article:modified_time\" content=\"2025-07-30T16:29:32+00:00\" \/>\n<meta property=\"og:image\" content=\"https:\/\/permbledhja.com\/wp-content\/uploads\/2025\/07\/Screenshot_11-9-600x360-1.jpg\" \/>\n\t<meta property=\"og:image:width\" content=\"600\" \/>\n\t<meta property=\"og:image:height\" content=\"360\" \/>\n\t<meta property=\"og:image:type\" content=\"image\/jpeg\" \/>\n<meta name=\"author\" content=\"P\u00ebrmbledhja\" \/>\n<meta name=\"twitter:card\" content=\"summary_large_image\" \/>\n<meta name=\"twitter:label1\" content=\"Written by\" \/>\n\t<meta name=\"twitter:data1\" content=\"P\u00ebrmbledhja\" \/>\n\t<meta name=\"twitter:label2\" content=\"Est. reading time\" \/>\n\t<meta name=\"twitter:data2\" content=\"2 minuta\" \/>\n<script type=\"application\/ld+json\" class=\"yoast-schema-graph\">{\"@context\":\"https:\/\/schema.org\",\"@graph\":[{\"@type\":\"Article\",\"@id\":\"https:\/\/permbledhja.com\/ish-gjyqtari-kryeziu-i-vardiset-vetevendosjes-kerkon-largimin-e-ambasadoreve-franko-gjermane\/#article\",\"isPartOf\":{\"@id\":\"https:\/\/permbledhja.com\/ish-gjyqtari-kryeziu-i-vardiset-vetevendosjes-kerkon-largimin-e-ambasadoreve-franko-gjermane\/\"},\"author\":{\"name\":\"P\u00ebrmbledhja\",\"@id\":\"https:\/\/permbledhja.com\/#\/schema\/person\/0d064377258d3221e50693947b9eb4fe\"},\"headline\":\"Ish-gjyqtari Kryeziu i vardiset Vet\u00ebvendosjes, k\u00ebrkon largimin e ambasador\u00ebve &#8220;franko-gjerman\u00eb&#8221;\",\"datePublished\":\"2025-07-30T10:27:29+00:00\",\"dateModified\":\"2025-07-30T16:29:32+00:00\",\"mainEntityOfPage\":{\"@id\":\"https:\/\/permbledhja.com\/ish-gjyqtari-kryeziu-i-vardiset-vetevendosjes-kerkon-largimin-e-ambasadoreve-franko-gjermane\/\"},\"wordCount\":379,\"publisher\":{\"@id\":\"https:\/\/permbledhja.com\/#organization\"},\"keywords\":[\"Kadri Kryeziu\"],\"articleSection\":[\"T\u00eb r\u00ebnd\u00ebsishme\"],\"inLanguage\":\"sq\"},{\"@type\":\"WebPage\",\"@id\":\"https:\/\/permbledhja.com\/ish-gjyqtari-kryeziu-i-vardiset-vetevendosjes-kerkon-largimin-e-ambasadoreve-franko-gjermane\/\",\"url\":\"https:\/\/permbledhja.com\/ish-gjyqtari-kryeziu-i-vardiset-vetevendosjes-kerkon-largimin-e-ambasadoreve-franko-gjermane\/\",\"name\":\"Ish-gjyqtari Kryeziu i vardiset Vet\u00ebvendosjes, k\u00ebrkon largimin e ambasador\u00ebve \\\"franko-gjerman\u00eb\\\"\",\"isPartOf\":{\"@id\":\"https:\/\/permbledhja.com\/#website\"},\"datePublished\":\"2025-07-30T10:27:29+00:00\",\"dateModified\":\"2025-07-30T16:29:32+00:00\",\"breadcrumb\":{\"@id\":\"https:\/\/permbledhja.com\/ish-gjyqtari-kryeziu-i-vardiset-vetevendosjes-kerkon-largimin-e-ambasadoreve-franko-gjermane\/#breadcrumb\"},\"inLanguage\":\"sq\",\"potentialAction\":[{\"@type\":\"ReadAction\",\"target\":[\"https:\/\/permbledhja.com\/ish-gjyqtari-kryeziu-i-vardiset-vetevendosjes-kerkon-largimin-e-ambasadoreve-franko-gjermane\/\"]}]},{\"@type\":\"BreadcrumbList\",\"@id\":\"https:\/\/permbledhja.com\/ish-gjyqtari-kryeziu-i-vardiset-vetevendosjes-kerkon-largimin-e-ambasadoreve-franko-gjermane\/#breadcrumb\",\"itemListElement\":[{\"@type\":\"ListItem\",\"position\":1,\"name\":\"Ballina\",\"item\":\"https:\/\/permbledhja.com\/sq\/\"},{\"@type\":\"ListItem\",\"position\":2,\"name\":\"Ish-gjyqtari Kryeziu i vardiset Vet\u00ebvendosjes, k\u00ebrkon largimin e ambasador\u00ebve &#8220;franko-gjerman\u00eb&#8221;\"}]},{\"@type\":\"WebSite\",\"@id\":\"https:\/\/permbledhja.com\/#website\",\"url\":\"https:\/\/permbledhja.com\/\",\"name\":\"Ve\u00e7 artikuj p\u00ebrmbledh\u00ebs\",\"description\":\"\",\"publisher\":{\"@id\":\"https:\/\/permbledhja.com\/#organization\"},\"potentialAction\":[{\"@type\":\"SearchAction\",\"target\":{\"@type\":\"EntryPoint\",\"urlTemplate\":\"https:\/\/permbledhja.com\/?s={search_term_string}\"},\"query-input\":\"required name=search_term_string\"}],\"inLanguage\":\"sq\"},{\"@type\":\"Organization\",\"@id\":\"https:\/\/permbledhja.com\/#organization\",\"name\":\"MK Media & Pr\",\"url\":\"https:\/\/permbledhja.com\/\",\"logo\":{\"@type\":\"ImageObject\",\"inLanguage\":\"sq\",\"@id\":\"https:\/\/permbledhja.com\/#\/schema\/logo\/image\/\",\"url\":\"https:\/\/permbledhja.com\/wp-content\/uploads\/2021\/12\/07-Press-Logo.jpg\",\"contentUrl\":\"https:\/\/permbledhja.com\/wp-content\/uploads\/2021\/12\/07-Press-Logo.jpg\",\"width\":512,\"height\":512,\"caption\":\"MK Media & Pr\"},\"image\":{\"@id\":\"https:\/\/permbledhja.com\/#\/schema\/logo\/image\/\"},\"sameAs\":[\"https:\/\/www.facebook.com\/press07\/\"]},{\"@type\":\"Person\",\"@id\":\"https:\/\/permbledhja.com\/#\/schema\/person\/0d064377258d3221e50693947b9eb4fe\",\"name\":\"P\u00ebrmbledhja\",\"image\":{\"@type\":\"ImageObject\",\"inLanguage\":\"sq\",\"@id\":\"https:\/\/permbledhja.com\/#\/schema\/person\/image\/\",\"url\":\"https:\/\/permbledhja.com\/wp-content\/uploads\/2026\/01\/452004717_1040944174702970_8932037511805513407_n-96x96.jpg\",\"contentUrl\":\"https:\/\/permbledhja.com\/wp-content\/uploads\/2026\/01\/452004717_1040944174702970_8932037511805513407_n-96x96.jpg\",\"caption\":\"P\u00ebrmbledhja\"},\"sameAs\":[\"https:\/\/www.facebook.com\/kafexhiu.muharrem\/\",\"https:\/\/www.instagram.com\/muharrem_kafexhiu\/\"],\"url\":\"https:\/\/permbledhja.com\/sq\/author\/admin\/\"}]}<\/script>\n<!-- \/ Yoast SEO plugin. -->","yoast_head_json":{"title":"Ish-gjyqtari Kryeziu i vardiset Vet\u00ebvendosjes, k\u00ebrkon largimin e ambasador\u00ebve \"franko-gjerman\u00eb\"","robots":{"index":"index","follow":"follow","max-snippet":"max-snippet:-1","max-image-preview":"max-image-preview:large","max-video-preview":"max-video-preview:-1"},"canonical":"https:\/\/permbledhja.com\/sq\/ish-gjyqtari-kryeziu-i-vardiset-vetevendosjes-kerkon-largimin-e-ambasadoreve-franko-gjermane\/","og_locale":"sq_AL","og_type":"article","og_title":"Ish-gjyqtari Kryeziu i vardiset Vet\u00ebvendosjes, k\u00ebrkon largimin e ambasador\u00ebve \"franko-gjerman\u00eb\"","og_description":"P\u00ebrdorimi politik q\u00eb i b\u00ebri L\u00ebvizja Vet\u00ebvendosje \u00a0vendosjes s\u00eb FSK-s\u00eb n\u00eb Liqenin e Ujmanit t\u00eb mart\u00ebn shihej hapur. Kjo gj\u00eb u kritikua ashp\u00ebr n\u00eb or\u00ebt e pasdites nga ambasador\u00ebt e huaj, konkretisht ai gjerman e francez. Megjithat\u00eb me komentet e diplomat\u00ebve t\u00eb huaj s\u2019po pajtohet ish-gjyqtari i Kushtetueses, Kadri Kryeziu. Sipas tij, t\u00eb dy ambasador\u00ebt [&hellip;]","og_url":"https:\/\/permbledhja.com\/sq\/ish-gjyqtari-kryeziu-i-vardiset-vetevendosjes-kerkon-largimin-e-ambasadoreve-franko-gjermane\/","og_site_name":"Ve\u00e7 artikuj p\u00ebrmbledh\u00ebs","article_publisher":"https:\/\/www.facebook.com\/press07\/","article_author":"https:\/\/www.facebook.com\/kafexhiu.muharrem\/","article_published_time":"2025-07-30T10:27:29+00:00","article_modified_time":"2025-07-30T16:29:32+00:00","og_image":[{"width":600,"height":360,"url":"https:\/\/permbledhja.com\/wp-content\/uploads\/2025\/07\/Screenshot_11-9-600x360-1.jpg","type":"image\/jpeg"}],"author":"P\u00ebrmbledhja","twitter_card":"summary_large_image","twitter_misc":{"Written by":"P\u00ebrmbledhja","Est. reading time":"2 minuta"},"schema":{"@context":"https:\/\/schema.org","@graph":[{"@type":"Article","@id":"https:\/\/permbledhja.com\/ish-gjyqtari-kryeziu-i-vardiset-vetevendosjes-kerkon-largimin-e-ambasadoreve-franko-gjermane\/#article","isPartOf":{"@id":"https:\/\/permbledhja.com\/ish-gjyqtari-kryeziu-i-vardiset-vetevendosjes-kerkon-largimin-e-ambasadoreve-franko-gjermane\/"},"author":{"name":"P\u00ebrmbledhja","@id":"https:\/\/permbledhja.com\/#\/schema\/person\/0d064377258d3221e50693947b9eb4fe"},"headline":"Ish-gjyqtari Kryeziu i vardiset Vet\u00ebvendosjes, k\u00ebrkon largimin e ambasador\u00ebve &#8220;franko-gjerman\u00eb&#8221;","datePublished":"2025-07-30T10:27:29+00:00","dateModified":"2025-07-30T16:29:32+00:00","mainEntityOfPage":{"@id":"https:\/\/permbledhja.com\/ish-gjyqtari-kryeziu-i-vardiset-vetevendosjes-kerkon-largimin-e-ambasadoreve-franko-gjermane\/"},"wordCount":379,"publisher":{"@id":"https:\/\/permbledhja.com\/#organization"},"keywords":["Kadri Kryeziu"],"articleSection":["T\u00eb r\u00ebnd\u00ebsishme"],"inLanguage":"sq"},{"@type":"WebPage","@id":"https:\/\/permbledhja.com\/ish-gjyqtari-kryeziu-i-vardiset-vetevendosjes-kerkon-largimin-e-ambasadoreve-franko-gjermane\/","url":"https:\/\/permbledhja.com\/ish-gjyqtari-kryeziu-i-vardiset-vetevendosjes-kerkon-largimin-e-ambasadoreve-franko-gjermane\/","name":"Ish-gjyqtari Kryeziu i vardiset Vet\u00ebvendosjes, k\u00ebrkon largimin e ambasador\u00ebve \"franko-gjerman\u00eb\"","isPartOf":{"@id":"https:\/\/permbledhja.com\/#website"},"datePublished":"2025-07-30T10:27:29+00:00","dateModified":"2025-07-30T16:29:32+00:00","breadcrumb":{"@id":"https:\/\/permbledhja.com\/ish-gjyqtari-kryeziu-i-vardiset-vetevendosjes-kerkon-largimin-e-ambasadoreve-franko-gjermane\/#breadcrumb"},"inLanguage":"sq","potentialAction":[{"@type":"ReadAction","target":["https:\/\/permbledhja.com\/ish-gjyqtari-kryeziu-i-vardiset-vetevendosjes-kerkon-largimin-e-ambasadoreve-franko-gjermane\/"]}]},{"@type":"BreadcrumbList","@id":"https:\/\/permbledhja.com\/ish-gjyqtari-kryeziu-i-vardiset-vetevendosjes-kerkon-largimin-e-ambasadoreve-franko-gjermane\/#breadcrumb","itemListElement":[{"@type":"ListItem","position":1,"name":"Ballina","item":"https:\/\/permbledhja.com\/sq\/"},{"@type":"ListItem","position":2,"name":"Ish-gjyqtari Kryeziu i vardiset Vet\u00ebvendosjes, k\u00ebrkon largimin e ambasador\u00ebve &#8220;franko-gjerman\u00eb&#8221;"}]},{"@type":"WebSite","@id":"https:\/\/permbledhja.com\/#website","url":"https:\/\/permbledhja.com\/","name":"Ve\u00e7 artikuj p\u00ebrmbledh\u00ebs","description":"","publisher":{"@id":"https:\/\/permbledhja.com\/#organization"},"potentialAction":[{"@type":"SearchAction","target":{"@type":"EntryPoint","urlTemplate":"https:\/\/permbledhja.com\/?s={search_term_string}"},"query-input":"required name=search_term_string"}],"inLanguage":"sq"},{"@type":"Organization","@id":"https:\/\/permbledhja.com\/#organization","name":"MK Media & Pr","url":"https:\/\/permbledhja.com\/","logo":{"@type":"ImageObject","inLanguage":"sq","@id":"https:\/\/permbledhja.com\/#\/schema\/logo\/image\/","url":"https:\/\/permbledhja.com\/wp-content\/uploads\/2021\/12\/07-Press-Logo.jpg","contentUrl":"https:\/\/permbledhja.com\/wp-content\/uploads\/2021\/12\/07-Press-Logo.jpg","width":512,"height":512,"caption":"MK Media & Pr"},"image":{"@id":"https:\/\/permbledhja.com\/#\/schema\/logo\/image\/"},"sameAs":["https:\/\/www.facebook.com\/press07\/"]},{"@type":"Person","@id":"https:\/\/permbledhja.com\/#\/schema\/person\/0d064377258d3221e50693947b9eb4fe","name":"P\u00ebrmbledhja","image":{"@type":"ImageObject","inLanguage":"sq","@id":"https:\/\/permbledhja.com\/#\/schema\/person\/image\/","url":"https:\/\/permbledhja.com\/wp-content\/uploads\/2026\/01\/452004717_1040944174702970_8932037511805513407_n-96x96.jpg","contentUrl":"https:\/\/permbledhja.com\/wp-content\/uploads\/2026\/01\/452004717_1040944174702970_8932037511805513407_n-96x96.jpg","caption":"P\u00ebrmbledhja"},"sameAs":["https:\/\/www.facebook.com\/kafexhiu.muharrem\/","https:\/\/www.instagram.com\/muharrem_kafexhiu\/"],"url":"https:\/\/permbledhja.com\/sq\/author\/admin\/"}]}},"_links":{"self":[{"href":"https:\/\/permbledhja.com\/sq\/wp-json\/wp\/v2\/posts\/72454"}],"collection":[{"href":"https:\/\/permbledhja.com\/sq\/wp-json\/wp\/v2\/posts"}],"about":[{"href":"https:\/\/permbledhja.com\/sq\/wp-json\/wp\/v2\/types\/post"}],"author":[{"embeddable":true,"href":"https:\/\/permbledhja.com\/sq\/wp-json\/wp\/v2\/users\/1"}],"replies":[{"embeddable":true,"href":"https:\/\/permbledhja.com\/sq\/wp-json\/wp\/v2\/comments?post=72454"}],"version-history":[{"count":1,"href":"https:\/\/permbledhja.com\/sq\/wp-json\/wp\/v2\/posts\/72454\/revisions"}],"predecessor-version":[{"id":72456,"href":"https:\/\/permbledhja.com\/sq\/wp-json\/wp\/v2\/posts\/72454\/revisions\/72456"}],"wp:featuredmedia":[{"embeddable":true,"href":"https:\/\/permbledhja.com\/sq\/wp-json\/wp\/v2\/media\/72455"}],"wp:attachment":[{"href":"https:\/\/permbledhja.com\/sq\/wp-json\/wp\/v2\/media?parent=72454"}],"wp:term":[{"taxonomy":"category","embeddable":true,"href":"https:\/\/permbledhja.com\/sq\/wp-json\/wp\/v2\/categories?post=72454"},{"taxonomy":"post_tag","embeddable":true,"href":"https:\/\/permbledhja.com\/sq\/wp-json\/wp\/v2\/tags?post=72454"}],"curies":[{"name":"wp","href":"https:\/\/api.w.org\/{rel}","templated":true}]}}