{"id":72439,"date":"2025-07-30T08:26:11","date_gmt":"2025-07-30T08:26:11","guid":{"rendered":"https:\/\/permbledhja.com\/?p=72439"},"modified":"2025-07-30T08:26:11","modified_gmt":"2025-07-30T08:26:11","slug":"muajt-e-fundit-te-jetes-gjykata-e-okb-se-refuzon-lirimin-e-parakohshem-te-kasapit-te-ballkanit-ratko-mladiq","status":"publish","type":"post","link":"https:\/\/permbledhja.com\/sq\/muajt-e-fundit-te-jetes-gjykata-e-okb-se-refuzon-lirimin-e-parakohshem-te-kasapit-te-ballkanit-ratko-mladiq\/","title":{"rendered":"&#8220;Muajt e fundit t\u00eb jet\u00ebs&#8221;, Gjykata e OKB-s\u00eb refuzon lirimin e parakohsh\u00ebm t\u00eb &#8220;Kasapit t\u00eb Ballkanit&#8221;, Ratko Mladiq"},"content":{"rendered":"<p><strong>Nj\u00eb gjykat\u00eb e Kombeve t\u00eb Bashkuara p\u00ebr krime lufte ka refuzuar nj\u00eb k\u00ebrkes\u00eb nga Ratko Mlladiq, nj\u00eb udh\u00ebheq\u00ebs ushtarak fam\u00ebkeq serb i Bosnj\u00ebs gjat\u00eb luft\u00ebrave jugosllave t\u00eb viteve 1992 deri n\u00eb 1995, i cili mbik\u00ebqyri masakr\u00ebn e Srebrenic\u00ebs, p\u00ebr t\u2019u liruar para kohe n\u00eb Serbi p\u00ebr arsye sh\u00ebndet\u00ebsore.<\/strong><\/p>\n<p>Gjyqtarja Graciela Gatti Santana n\u00eb Mekanizmin Nd\u00ebrkomb\u00ebtar t\u00eb Mbetur p\u00ebr Tribunalet Penale, gjykat\u00eb kjo e ngarkuar me trajtimin e \u00e7\u00ebshtjeve t\u00eb mbetura nga gjykata jugosllave e krimeve t\u00eb luft\u00ebs, tha t\u00eb mart\u00ebn se gjendja e Mlladiqit nuk p\u00ebrmbushte pragun e nj\u00eb \u201cs\u00ebmundjeje akute terminale\u201d t\u00eb k\u00ebrkuar p\u00ebr lirim t\u00eb parakohsh\u00ebm.<\/p>\n<p>Mlladiq, i njohur si \u201cKasapi i Bosnj\u00ebs\u201d, u d\u00ebnua me burgim t\u00eb p\u00ebrjetsh\u00ebm n\u00eb vitin 2017 p\u00ebr gjenocid, krime lufte dhe krime kund\u00ebr njer\u00ebzimit. Ai kishte paraqitur nj\u00eb k\u00ebrkes\u00eb p\u00ebr t\u2019u liruar m\u00eb 3 qershor 2025, duke th\u00ebn\u00eb se i kishin mbetur vet\u00ebm disa muaj jet\u00eb, raporton Aljazeera, transmeton Klankosova.tv.<\/p>\n<p>\u201cUn\u00eb pranoj q\u00eb gjendja aktuale e Mlladiqit, e cila k\u00ebrkon var\u00ebsi nga t\u00eb tjer\u00ebt p\u00ebr aktivitetet e p\u00ebrditshme, \u00ebsht\u00eb e pasigurt\u201d, tha Santana n\u00eb nj\u00eb vendim prej 12 faqesh t\u00eb l\u00ebshuar n\u00eb Hag\u00eb t\u00eb mart\u00ebn.<\/p>\n<p>\u201cMegjithat\u00eb, Mlladiq vazhdon t\u00eb marr\u00eb kujdes shum\u00eb gjith\u00ebp\u00ebrfshir\u00ebs dhe t\u00eb dhembshur, si\u00e7 mb\u00ebshtetet gjer\u00ebsisht nga raportet mjek\u00ebsore.<\/p>\n<p>\u201cInformacioni para meje tregon se rrethanat humanitare bind\u00ebse t\u00eb p\u00ebrmendura nga Mlladiqit si baz\u00eb p\u00ebr lirimin e tij nuk jan\u00eb t\u00eb mb\u00ebshtetura.\u201d<\/p>\n<p>Mlladiq 83 vje\u00e7, u d\u00ebnua nga gjykata e OKB-s\u00eb p\u00ebr ish-Jugosllavin\u00eb p\u00ebr rolin e tij n\u00eb terrorizimin e popullsis\u00eb civile gjat\u00eb rrethimit 43-mujor t\u00eb kryeqytetit boshnjak Sarajev\u00eb dhe masakr\u00ebs s\u00eb Srebrenic\u00ebs n\u00eb vitin 1995.<\/p>\n<p>Rreth 8,000 burra dhe djem mysliman\u00eb u masakruan n\u00eb Srebrenic\u00eb nga forcat serbe t\u00eb Bosnj\u00ebs n\u00eb korrik t\u00eb atij viti.<\/p>\n<p>Gjenocidi i Srebrenic\u00ebs ishte kulmi i p\u00ebrgjaksh\u00ebm i luft\u00ebs n\u00eb Bosnj\u00eb, e cila shp\u00ebrtheu gjat\u00eb shp\u00ebrb\u00ebrjes s\u00eb Jugosllavis\u00eb, nd\u00ebrsa serb\u00ebt e Bosnj\u00ebs k\u00ebrkuan t\u00eb shk\u00ebputnin zonat e dominuara nga serb\u00ebt me an\u00eb t\u00eb spastrimit etnik kund\u00ebr dy popullatave t\u00eb tjera kryesore etnike t\u00eb vendit \u2013 kroat\u00ebve dhe boshnjak\u00ebve mysliman\u00eb. Deri n\u00eb luft\u00ebn Rusi-Ukrain\u00eb, lufta n\u00eb Bosnj\u00eb konsiderohej konflikti m\u00eb i dhunsh\u00ebm n\u00eb Evrop\u00eb q\u00eb nga fundi i Luft\u00ebs s\u00eb Dyt\u00eb Bot\u00ebrore.<\/p>\n<p>Avokat\u00ebt e tij e kan\u00eb p\u00ebrshkruar prej koh\u00ebsh Mlladiqin si t\u00eb s\u00ebmur\u00eb dhe t\u00eb dob\u00ebt. N\u00eb k\u00ebrkes\u00ebn e tyre t\u00eb fundit, ata than\u00eb se ai vuante nga nj\u00eb s\u00ebmundje e pash\u00ebrueshme dhe se \u201cjet\u00ebgjat\u00ebsia e tij e mbetur matet me muaj\u201d, sipas nj\u00eb dosjeje t\u00eb par\u00eb nga agjencia e lajmeve AFP, transmeton Klankosova.tv.<\/p>\n<p>Mbrojtja e tij k\u00ebrkoi fillimisht lirim t\u00eb p\u00ebrkohsh\u00ebm p\u00ebr arsye mjek\u00ebsore n\u00eb vitin 2017.<\/p>\n<p>Santana tha se burgosja e vazhdueshme e Mlladiqit nuk ishte as \u201c\u00e7njer\u00ebzore dhe as degraduese\u201d.<\/p>\n<p>Ai u arrestua n\u00eb Serbi n\u00eb vitin 2011 pas 16 vitesh n\u00eb arrati dhe po vuan d\u00ebnimin e tij n\u00eb Hag\u00eb.<\/p>\n<p>Djali i tij, Darko, flet shpesh me mediat serbe p\u00ebr sh\u00ebndetin e dob\u00ebt t\u00eb babait t\u00eb tij, i cili ende shihet si hero nga nacionalist\u00ebt n\u00eb Serbi.<\/p>\n","protected":false},"excerpt":{"rendered":"<p>Nj\u00eb gjykat\u00eb e Kombeve t\u00eb Bashkuara p\u00ebr krime lufte ka refuzuar nj\u00eb k\u00ebrkes\u00eb nga Ratko Mlladiq, nj\u00eb udh\u00ebheq\u00ebs ushtarak fam\u00ebkeq serb i Bosnj\u00ebs gjat\u00eb luft\u00ebrave jugosllave t\u00eb viteve 1992 deri n\u00eb 1995, i cili mbik\u00ebqyri masakr\u00ebn e Srebrenic\u00ebs, p\u00ebr t\u2019u liruar para kohe n\u00eb Serbi p\u00ebr arsye sh\u00ebndet\u00ebsore. Gjyqtarja Graciela Gatti Santana n\u00eb Mekanizmin Nd\u00ebrkomb\u00ebtar [&hellip;]<\/p>\n","protected":false},"author":1,"featured_media":72440,"comment_status":"closed","ping_status":"closed","sticky":false,"template":"","format":"standard","meta":{"_monsterinsights_skip_tracking":false,"_monsterinsights_sitenote_active":false,"_monsterinsights_sitenote_note":"","_monsterinsights_sitenote_category":0,"_uf_show_specific_survey":0,"_uf_disable_surveys":false,"footnotes":""},"categories":[2645],"tags":[3546],"yoast_head":"<!-- This site is optimized with the Yoast SEO plugin v21.5 - https:\/\/yoast.com\/wordpress\/plugins\/seo\/ -->\n<title>&quot;Muajt e fundit t\u00eb jet\u00ebs&quot;, Gjykata e OKB-s\u00eb refuzon lirimin e parakohsh\u00ebm t\u00eb &quot;Kasapit t\u00eb Ballkanit&quot;, Ratko Mladiq<\/title>\n<meta name=\"robots\" content=\"index, follow, max-snippet:-1, max-image-preview:large, max-video-preview:-1\" \/>\n<link rel=\"canonical\" href=\"https:\/\/permbledhja.com\/sq\/muajt-e-fundit-te-jetes-gjykata-e-okb-se-refuzon-lirimin-e-parakohshem-te-kasapit-te-ballkanit-ratko-mladiq\/\" \/>\n<meta property=\"og:locale\" content=\"sq_AL\" \/>\n<meta property=\"og:type\" content=\"article\" \/>\n<meta property=\"og:title\" content=\"&quot;Muajt e fundit t\u00eb jet\u00ebs&quot;, Gjykata e OKB-s\u00eb refuzon lirimin e parakohsh\u00ebm t\u00eb &quot;Kasapit t\u00eb Ballkanit&quot;, Ratko Mladiq\" \/>\n<meta property=\"og:description\" content=\"Nj\u00eb gjykat\u00eb e Kombeve t\u00eb Bashkuara p\u00ebr krime lufte ka refuzuar nj\u00eb k\u00ebrkes\u00eb nga Ratko Mlladiq, nj\u00eb udh\u00ebheq\u00ebs ushtarak fam\u00ebkeq serb i Bosnj\u00ebs gjat\u00eb luft\u00ebrave jugosllave t\u00eb viteve 1992 deri n\u00eb 1995, i cili mbik\u00ebqyri masakr\u00ebn e Srebrenic\u00ebs, p\u00ebr t\u2019u liruar para kohe n\u00eb Serbi p\u00ebr arsye sh\u00ebndet\u00ebsore. Gjyqtarja Graciela Gatti Santana n\u00eb Mekanizmin Nd\u00ebrkomb\u00ebtar [&hellip;]\" \/>\n<meta property=\"og:url\" content=\"https:\/\/permbledhja.com\/sq\/muajt-e-fundit-te-jetes-gjykata-e-okb-se-refuzon-lirimin-e-parakohshem-te-kasapit-te-ballkanit-ratko-mladiq\/\" \/>\n<meta property=\"og:site_name\" content=\"Ve\u00e7 artikuj p\u00ebrmbledh\u00ebs\" \/>\n<meta property=\"article:publisher\" content=\"https:\/\/www.facebook.com\/press07\/\" \/>\n<meta property=\"article:author\" content=\"https:\/\/www.facebook.com\/kafexhiu.muharrem\/\" \/>\n<meta property=\"article:published_time\" content=\"2025-07-30T08:26:11+00:00\" \/>\n<meta property=\"og:image\" content=\"https:\/\/permbledhja.com\/wp-content\/uploads\/2025\/07\/ratko-mlladiq.jpg\" \/>\n\t<meta property=\"og:image:width\" content=\"757\" \/>\n\t<meta property=\"og:image:height\" content=\"521\" \/>\n\t<meta property=\"og:image:type\" content=\"image\/jpeg\" \/>\n<meta name=\"author\" content=\"P\u00ebrmbledhja\" \/>\n<meta name=\"twitter:card\" content=\"summary_large_image\" \/>\n<meta name=\"twitter:label1\" content=\"Written by\" \/>\n\t<meta name=\"twitter:data1\" content=\"P\u00ebrmbledhja\" \/>\n\t<meta name=\"twitter:label2\" content=\"Est. reading time\" \/>\n\t<meta name=\"twitter:data2\" content=\"3 minuta\" \/>\n<script type=\"application\/ld+json\" class=\"yoast-schema-graph\">{\"@context\":\"https:\/\/schema.org\",\"@graph\":[{\"@type\":\"Article\",\"@id\":\"https:\/\/permbledhja.com\/muajt-e-fundit-te-jetes-gjykata-e-okb-se-refuzon-lirimin-e-parakohshem-te-kasapit-te-ballkanit-ratko-mladiq\/#article\",\"isPartOf\":{\"@id\":\"https:\/\/permbledhja.com\/muajt-e-fundit-te-jetes-gjykata-e-okb-se-refuzon-lirimin-e-parakohshem-te-kasapit-te-ballkanit-ratko-mladiq\/\"},\"author\":{\"name\":\"P\u00ebrmbledhja\",\"@id\":\"https:\/\/permbledhja.com\/#\/schema\/person\/0d064377258d3221e50693947b9eb4fe\"},\"headline\":\"&#8220;Muajt e fundit t\u00eb jet\u00ebs&#8221;, Gjykata e OKB-s\u00eb refuzon lirimin e parakohsh\u00ebm t\u00eb &#8220;Kasapit t\u00eb Ballkanit&#8221;, Ratko Mladiq\",\"datePublished\":\"2025-07-30T08:26:11+00:00\",\"dateModified\":\"2025-07-30T08:26:11+00:00\",\"mainEntityOfPage\":{\"@id\":\"https:\/\/permbledhja.com\/muajt-e-fundit-te-jetes-gjykata-e-okb-se-refuzon-lirimin-e-parakohshem-te-kasapit-te-ballkanit-ratko-mladiq\/\"},\"wordCount\":588,\"publisher\":{\"@id\":\"https:\/\/permbledhja.com\/#organization\"},\"keywords\":[\"Ratko Mladiq\"],\"articleSection\":[\"T\u00eb r\u00ebnd\u00ebsishme\"],\"inLanguage\":\"sq\"},{\"@type\":\"WebPage\",\"@id\":\"https:\/\/permbledhja.com\/muajt-e-fundit-te-jetes-gjykata-e-okb-se-refuzon-lirimin-e-parakohshem-te-kasapit-te-ballkanit-ratko-mladiq\/\",\"url\":\"https:\/\/permbledhja.com\/muajt-e-fundit-te-jetes-gjykata-e-okb-se-refuzon-lirimin-e-parakohshem-te-kasapit-te-ballkanit-ratko-mladiq\/\",\"name\":\"\\\"Muajt e fundit t\u00eb jet\u00ebs\\\", Gjykata e OKB-s\u00eb refuzon lirimin e parakohsh\u00ebm t\u00eb \\\"Kasapit t\u00eb Ballkanit\\\", Ratko Mladiq\",\"isPartOf\":{\"@id\":\"https:\/\/permbledhja.com\/#website\"},\"datePublished\":\"2025-07-30T08:26:11+00:00\",\"dateModified\":\"2025-07-30T08:26:11+00:00\",\"breadcrumb\":{\"@id\":\"https:\/\/permbledhja.com\/muajt-e-fundit-te-jetes-gjykata-e-okb-se-refuzon-lirimin-e-parakohshem-te-kasapit-te-ballkanit-ratko-mladiq\/#breadcrumb\"},\"inLanguage\":\"sq\",\"potentialAction\":[{\"@type\":\"ReadAction\",\"target\":[\"https:\/\/permbledhja.com\/muajt-e-fundit-te-jetes-gjykata-e-okb-se-refuzon-lirimin-e-parakohshem-te-kasapit-te-ballkanit-ratko-mladiq\/\"]}]},{\"@type\":\"BreadcrumbList\",\"@id\":\"https:\/\/permbledhja.com\/muajt-e-fundit-te-jetes-gjykata-e-okb-se-refuzon-lirimin-e-parakohshem-te-kasapit-te-ballkanit-ratko-mladiq\/#breadcrumb\",\"itemListElement\":[{\"@type\":\"ListItem\",\"position\":1,\"name\":\"Ballina\",\"item\":\"https:\/\/permbledhja.com\/sq\/\"},{\"@type\":\"ListItem\",\"position\":2,\"name\":\"&#8220;Muajt e fundit t\u00eb jet\u00ebs&#8221;, Gjykata e OKB-s\u00eb refuzon lirimin e parakohsh\u00ebm t\u00eb &#8220;Kasapit t\u00eb Ballkanit&#8221;, Ratko Mladiq\"}]},{\"@type\":\"WebSite\",\"@id\":\"https:\/\/permbledhja.com\/#website\",\"url\":\"https:\/\/permbledhja.com\/\",\"name\":\"Ve\u00e7 artikuj p\u00ebrmbledh\u00ebs\",\"description\":\"\",\"publisher\":{\"@id\":\"https:\/\/permbledhja.com\/#organization\"},\"potentialAction\":[{\"@type\":\"SearchAction\",\"target\":{\"@type\":\"EntryPoint\",\"urlTemplate\":\"https:\/\/permbledhja.com\/?s={search_term_string}\"},\"query-input\":\"required name=search_term_string\"}],\"inLanguage\":\"sq\"},{\"@type\":\"Organization\",\"@id\":\"https:\/\/permbledhja.com\/#organization\",\"name\":\"MK Media & Pr\",\"url\":\"https:\/\/permbledhja.com\/\",\"logo\":{\"@type\":\"ImageObject\",\"inLanguage\":\"sq\",\"@id\":\"https:\/\/permbledhja.com\/#\/schema\/logo\/image\/\",\"url\":\"https:\/\/permbledhja.com\/wp-content\/uploads\/2021\/12\/07-Press-Logo.jpg\",\"contentUrl\":\"https:\/\/permbledhja.com\/wp-content\/uploads\/2021\/12\/07-Press-Logo.jpg\",\"width\":512,\"height\":512,\"caption\":\"MK Media & Pr\"},\"image\":{\"@id\":\"https:\/\/permbledhja.com\/#\/schema\/logo\/image\/\"},\"sameAs\":[\"https:\/\/www.facebook.com\/press07\/\"]},{\"@type\":\"Person\",\"@id\":\"https:\/\/permbledhja.com\/#\/schema\/person\/0d064377258d3221e50693947b9eb4fe\",\"name\":\"P\u00ebrmbledhja\",\"image\":{\"@type\":\"ImageObject\",\"inLanguage\":\"sq\",\"@id\":\"https:\/\/permbledhja.com\/#\/schema\/person\/image\/\",\"url\":\"https:\/\/permbledhja.com\/wp-content\/uploads\/2026\/01\/452004717_1040944174702970_8932037511805513407_n-96x96.jpg\",\"contentUrl\":\"https:\/\/permbledhja.com\/wp-content\/uploads\/2026\/01\/452004717_1040944174702970_8932037511805513407_n-96x96.jpg\",\"caption\":\"P\u00ebrmbledhja\"},\"sameAs\":[\"https:\/\/www.facebook.com\/kafexhiu.muharrem\/\",\"https:\/\/www.instagram.com\/muharrem_kafexhiu\/\"],\"url\":\"https:\/\/permbledhja.com\/sq\/author\/admin\/\"}]}<\/script>\n<!-- \/ Yoast SEO plugin. -->","yoast_head_json":{"title":"\"Muajt e fundit t\u00eb jet\u00ebs\", Gjykata e OKB-s\u00eb refuzon lirimin e parakohsh\u00ebm t\u00eb \"Kasapit t\u00eb Ballkanit\", Ratko Mladiq","robots":{"index":"index","follow":"follow","max-snippet":"max-snippet:-1","max-image-preview":"max-image-preview:large","max-video-preview":"max-video-preview:-1"},"canonical":"https:\/\/permbledhja.com\/sq\/muajt-e-fundit-te-jetes-gjykata-e-okb-se-refuzon-lirimin-e-parakohshem-te-kasapit-te-ballkanit-ratko-mladiq\/","og_locale":"sq_AL","og_type":"article","og_title":"\"Muajt e fundit t\u00eb jet\u00ebs\", Gjykata e OKB-s\u00eb refuzon lirimin e parakohsh\u00ebm t\u00eb \"Kasapit t\u00eb Ballkanit\", Ratko Mladiq","og_description":"Nj\u00eb gjykat\u00eb e Kombeve t\u00eb Bashkuara p\u00ebr krime lufte ka refuzuar nj\u00eb k\u00ebrkes\u00eb nga Ratko Mlladiq, nj\u00eb udh\u00ebheq\u00ebs ushtarak fam\u00ebkeq serb i Bosnj\u00ebs gjat\u00eb luft\u00ebrave jugosllave t\u00eb viteve 1992 deri n\u00eb 1995, i cili mbik\u00ebqyri masakr\u00ebn e Srebrenic\u00ebs, p\u00ebr t\u2019u liruar para kohe n\u00eb Serbi p\u00ebr arsye sh\u00ebndet\u00ebsore. Gjyqtarja Graciela Gatti Santana n\u00eb Mekanizmin Nd\u00ebrkomb\u00ebtar [&hellip;]","og_url":"https:\/\/permbledhja.com\/sq\/muajt-e-fundit-te-jetes-gjykata-e-okb-se-refuzon-lirimin-e-parakohshem-te-kasapit-te-ballkanit-ratko-mladiq\/","og_site_name":"Ve\u00e7 artikuj p\u00ebrmbledh\u00ebs","article_publisher":"https:\/\/www.facebook.com\/press07\/","article_author":"https:\/\/www.facebook.com\/kafexhiu.muharrem\/","article_published_time":"2025-07-30T08:26:11+00:00","og_image":[{"width":757,"height":521,"url":"https:\/\/permbledhja.com\/wp-content\/uploads\/2025\/07\/ratko-mlladiq.jpg","type":"image\/jpeg"}],"author":"P\u00ebrmbledhja","twitter_card":"summary_large_image","twitter_misc":{"Written by":"P\u00ebrmbledhja","Est. reading time":"3 minuta"},"schema":{"@context":"https:\/\/schema.org","@graph":[{"@type":"Article","@id":"https:\/\/permbledhja.com\/muajt-e-fundit-te-jetes-gjykata-e-okb-se-refuzon-lirimin-e-parakohshem-te-kasapit-te-ballkanit-ratko-mladiq\/#article","isPartOf":{"@id":"https:\/\/permbledhja.com\/muajt-e-fundit-te-jetes-gjykata-e-okb-se-refuzon-lirimin-e-parakohshem-te-kasapit-te-ballkanit-ratko-mladiq\/"},"author":{"name":"P\u00ebrmbledhja","@id":"https:\/\/permbledhja.com\/#\/schema\/person\/0d064377258d3221e50693947b9eb4fe"},"headline":"&#8220;Muajt e fundit t\u00eb jet\u00ebs&#8221;, Gjykata e OKB-s\u00eb refuzon lirimin e parakohsh\u00ebm t\u00eb &#8220;Kasapit t\u00eb Ballkanit&#8221;, Ratko Mladiq","datePublished":"2025-07-30T08:26:11+00:00","dateModified":"2025-07-30T08:26:11+00:00","mainEntityOfPage":{"@id":"https:\/\/permbledhja.com\/muajt-e-fundit-te-jetes-gjykata-e-okb-se-refuzon-lirimin-e-parakohshem-te-kasapit-te-ballkanit-ratko-mladiq\/"},"wordCount":588,"publisher":{"@id":"https:\/\/permbledhja.com\/#organization"},"keywords":["Ratko Mladiq"],"articleSection":["T\u00eb r\u00ebnd\u00ebsishme"],"inLanguage":"sq"},{"@type":"WebPage","@id":"https:\/\/permbledhja.com\/muajt-e-fundit-te-jetes-gjykata-e-okb-se-refuzon-lirimin-e-parakohshem-te-kasapit-te-ballkanit-ratko-mladiq\/","url":"https:\/\/permbledhja.com\/muajt-e-fundit-te-jetes-gjykata-e-okb-se-refuzon-lirimin-e-parakohshem-te-kasapit-te-ballkanit-ratko-mladiq\/","name":"\"Muajt e fundit t\u00eb jet\u00ebs\", Gjykata e OKB-s\u00eb refuzon lirimin e parakohsh\u00ebm t\u00eb \"Kasapit t\u00eb Ballkanit\", Ratko Mladiq","isPartOf":{"@id":"https:\/\/permbledhja.com\/#website"},"datePublished":"2025-07-30T08:26:11+00:00","dateModified":"2025-07-30T08:26:11+00:00","breadcrumb":{"@id":"https:\/\/permbledhja.com\/muajt-e-fundit-te-jetes-gjykata-e-okb-se-refuzon-lirimin-e-parakohshem-te-kasapit-te-ballkanit-ratko-mladiq\/#breadcrumb"},"inLanguage":"sq","potentialAction":[{"@type":"ReadAction","target":["https:\/\/permbledhja.com\/muajt-e-fundit-te-jetes-gjykata-e-okb-se-refuzon-lirimin-e-parakohshem-te-kasapit-te-ballkanit-ratko-mladiq\/"]}]},{"@type":"BreadcrumbList","@id":"https:\/\/permbledhja.com\/muajt-e-fundit-te-jetes-gjykata-e-okb-se-refuzon-lirimin-e-parakohshem-te-kasapit-te-ballkanit-ratko-mladiq\/#breadcrumb","itemListElement":[{"@type":"ListItem","position":1,"name":"Ballina","item":"https:\/\/permbledhja.com\/sq\/"},{"@type":"ListItem","position":2,"name":"&#8220;Muajt e fundit t\u00eb jet\u00ebs&#8221;, Gjykata e OKB-s\u00eb refuzon lirimin e parakohsh\u00ebm t\u00eb &#8220;Kasapit t\u00eb Ballkanit&#8221;, Ratko Mladiq"}]},{"@type":"WebSite","@id":"https:\/\/permbledhja.com\/#website","url":"https:\/\/permbledhja.com\/","name":"Ve\u00e7 artikuj p\u00ebrmbledh\u00ebs","description":"","publisher":{"@id":"https:\/\/permbledhja.com\/#organization"},"potentialAction":[{"@type":"SearchAction","target":{"@type":"EntryPoint","urlTemplate":"https:\/\/permbledhja.com\/?s={search_term_string}"},"query-input":"required name=search_term_string"}],"inLanguage":"sq"},{"@type":"Organization","@id":"https:\/\/permbledhja.com\/#organization","name":"MK Media & Pr","url":"https:\/\/permbledhja.com\/","logo":{"@type":"ImageObject","inLanguage":"sq","@id":"https:\/\/permbledhja.com\/#\/schema\/logo\/image\/","url":"https:\/\/permbledhja.com\/wp-content\/uploads\/2021\/12\/07-Press-Logo.jpg","contentUrl":"https:\/\/permbledhja.com\/wp-content\/uploads\/2021\/12\/07-Press-Logo.jpg","width":512,"height":512,"caption":"MK Media & Pr"},"image":{"@id":"https:\/\/permbledhja.com\/#\/schema\/logo\/image\/"},"sameAs":["https:\/\/www.facebook.com\/press07\/"]},{"@type":"Person","@id":"https:\/\/permbledhja.com\/#\/schema\/person\/0d064377258d3221e50693947b9eb4fe","name":"P\u00ebrmbledhja","image":{"@type":"ImageObject","inLanguage":"sq","@id":"https:\/\/permbledhja.com\/#\/schema\/person\/image\/","url":"https:\/\/permbledhja.com\/wp-content\/uploads\/2026\/01\/452004717_1040944174702970_8932037511805513407_n-96x96.jpg","contentUrl":"https:\/\/permbledhja.com\/wp-content\/uploads\/2026\/01\/452004717_1040944174702970_8932037511805513407_n-96x96.jpg","caption":"P\u00ebrmbledhja"},"sameAs":["https:\/\/www.facebook.com\/kafexhiu.muharrem\/","https:\/\/www.instagram.com\/muharrem_kafexhiu\/"],"url":"https:\/\/permbledhja.com\/sq\/author\/admin\/"}]}},"_links":{"self":[{"href":"https:\/\/permbledhja.com\/sq\/wp-json\/wp\/v2\/posts\/72439"}],"collection":[{"href":"https:\/\/permbledhja.com\/sq\/wp-json\/wp\/v2\/posts"}],"about":[{"href":"https:\/\/permbledhja.com\/sq\/wp-json\/wp\/v2\/types\/post"}],"author":[{"embeddable":true,"href":"https:\/\/permbledhja.com\/sq\/wp-json\/wp\/v2\/users\/1"}],"replies":[{"embeddable":true,"href":"https:\/\/permbledhja.com\/sq\/wp-json\/wp\/v2\/comments?post=72439"}],"version-history":[{"count":1,"href":"https:\/\/permbledhja.com\/sq\/wp-json\/wp\/v2\/posts\/72439\/revisions"}],"predecessor-version":[{"id":72441,"href":"https:\/\/permbledhja.com\/sq\/wp-json\/wp\/v2\/posts\/72439\/revisions\/72441"}],"wp:featuredmedia":[{"embeddable":true,"href":"https:\/\/permbledhja.com\/sq\/wp-json\/wp\/v2\/media\/72440"}],"wp:attachment":[{"href":"https:\/\/permbledhja.com\/sq\/wp-json\/wp\/v2\/media?parent=72439"}],"wp:term":[{"taxonomy":"category","embeddable":true,"href":"https:\/\/permbledhja.com\/sq\/wp-json\/wp\/v2\/categories?post=72439"},{"taxonomy":"post_tag","embeddable":true,"href":"https:\/\/permbledhja.com\/sq\/wp-json\/wp\/v2\/tags?post=72439"}],"curies":[{"name":"wp","href":"https:\/\/api.w.org\/{rel}","templated":true}]}}