{"id":7235,"date":"2022-10-06T09:35:38","date_gmt":"2022-10-06T09:35:38","guid":{"rendered":"https:\/\/permbledhja.com\/?p=7235"},"modified":"2022-10-06T09:35:38","modified_gmt":"2022-10-06T09:35:38","slug":"vetevendosje-hap-shkollen-politike-per-aktiviste","status":"publish","type":"post","link":"https:\/\/permbledhja.com\/sq\/vetevendosje-hap-shkollen-politike-per-aktiviste\/","title":{"rendered":"Vet\u00ebvendosje hap shkoll\u00ebn politike p\u00ebr aktivist\u00eb"},"content":{"rendered":"<p>L\u00ebvizja Vet\u00ebvendosje ka marr\u00eb edhe nj\u00eb angazhim tjet\u00ebr para vetes. Vet\u00ebvendosje ka vendosur q\u00eb t\u2019u m\u00ebsoj\u00eb gj\u00ebra t\u00eb reja aktivist\u00ebve.<\/p>\n<p>VV ka hapur shkoll\u00ebn politike p\u00ebr edukimin e aktivist\u00ebve, transmeton lajmi.net.<\/p>\n<p>E kjo shkoll\u00eb \u00ebsht\u00eb hapur pak dit\u00eb pasi kryeministri Albin Kurti, deklaroi se aktivist\u00ebt nuk po m\u00ebsojn\u00eb edhe aq n\u00eb sht\u00ebpi.<\/p>\n<p>Sipas njoftimit t\u00eb b\u00ebr\u00eb n\u00eb faqen e LV-s\u00eb n\u00eb Facebook, kjo shkoll\u00eb do t\u00eb zgjas\u00eb nj\u00eb vit dhe do t\u00eb p\u00ebrmbaj\u00eb pes\u00eb l\u00ebnd\u00eb t\u00eb ndryshme.<\/p>\n<p>\u201cKy nivel i shkoll\u00ebs do zgjas\u00eb deri n\u00eb ver\u00ebn e vitit q\u00eb vjen dhe do p\u00ebrmbaj\u00eb pes\u00eb l\u00ebnd\u00eb t\u00eb ndryshme. Aktivistet e aktivist\u00ebt nga qytete t\u00eb Kosov\u00ebs, Shqip\u00ebris\u00eb dhe nga diaspora do ken\u00eb rastin t\u00eb ndjekin ligj\u00ebrata dhe t\u00eb marrin pjes\u00eb n\u00eb diskutime bashk\u00eb me ligj\u00ebrues t\u00eb shumt\u00eb q\u00eb vijn\u00eb nga fusha e profesione t\u00eb ndryshme.\u201d, thuhet n\u00eb njoftim<\/p>\n<p>Njoftimi i plot\u00eb:<\/p>\n<p>Sekretariati p\u00ebr Emancipim Politik n\u00eb L\u00ebvizjen VET\u00cbVENDOSJE!, mbajti sesionin hap\u00ebs p\u00ebr Nivelin teorik t\u00eb Shkoll\u00ebs politike. Aktivist\u00ebt Pavjo Gjini, Mrika Limani Myrtaj, Liridona Kelani dhe Hazir Asllani mir\u00ebprit\u00ebn ndjek\u00ebsit e shkoll\u00ebs p\u00ebr k\u00ebt\u00eb vit. Pavjo Gjini bisedoi p\u00ebr esenc\u00ebn e aktivizmit t\u00eb zb\u00ebrthyer p\u00ebrmes shkoll\u00ebs politike, duke e v\u00ebn\u00eb theksin te raportet nd\u00ebrmjet teoris\u00eb dhe praktik\u00ebs dhe natyra praktike e teoris\u00eb n\u00eb p\u00ebrditshm\u00ebri.<\/p>\n<p>Ai foli gjithashtu p\u00ebr shkoll\u00ebn si kuvend p\u00ebrmes t\u00eb cilit aktivist\u00ebt do t\u00eb mund t\u00eb diskutojn\u00eb e shk\u00ebmbejn\u00eb ide n\u00eb sh\u00ebrbim t\u00eb pajimit me mendim kritik dhe qasjen p\u00ebr t\u00eb l\u00ebkundur dogmatiken kurdoher\u00eb ajo synon t\u00eb z\u00eb rr\u00ebnj\u00eb, n\u00eb k\u00ebt\u00eb form\u00eb duke mund\u00ebsuar emancipimin n\u00eb vetvete. Nd\u00ebrkaq, Mrika Limani Myrtaj diskutoi shkurtimisht p\u00ebr paramendimin e shkoll\u00ebs politike si t\u00ebr\u00ebsi p\u00ebr demitizim t\u00eb teoris\u00eb dhe m\u00eb pas i informoi ndjek\u00ebsit p\u00ebr \u00e7\u00ebshtjet praktike t\u00eb ndjekjes s\u00eb shkoll\u00ebs politike.<\/p>\n<p>Ky nivel i shkoll\u00ebs do zgjas\u00eb deri n\u00eb ver\u00ebn e vitit q\u00eb vjen dhe do p\u00ebrmbaj\u00eb pes\u00eb l\u00ebnd\u00eb t\u00eb ndryshme. Aktivistet e aktivist\u00ebt nga qytete t\u00eb Kosov\u00ebs, Shqip\u00ebris\u00eb dhe nga diaspora do ken\u00eb rastin t\u00eb ndjekin ligj\u00ebrata dhe t\u00eb marrin pjes\u00eb n\u00eb diskutime bashk\u00eb me ligj\u00ebrues t\u00eb shumt\u00eb q\u00eb vijn\u00eb nga fusha e profesione t\u00eb ndryshme.<\/p>\n","protected":false},"excerpt":{"rendered":"<p>L\u00ebvizja Vet\u00ebvendosje ka marr\u00eb edhe nj\u00eb angazhim tjet\u00ebr para vetes. Vet\u00ebvendosje ka vendosur q\u00eb t\u2019u m\u00ebsoj\u00eb gj\u00ebra t\u00eb reja aktivist\u00ebve. VV ka hapur shkoll\u00ebn politike p\u00ebr edukimin e aktivist\u00ebve, transmeton lajmi.net. E kjo shkoll\u00eb \u00ebsht\u00eb hapur pak dit\u00eb pasi kryeministri Albin Kurti, deklaroi se aktivist\u00ebt nuk po m\u00ebsojn\u00eb edhe aq n\u00eb sht\u00ebpi. Sipas njoftimit t\u00eb [&hellip;]<\/p>\n","protected":false},"author":1,"featured_media":7236,"comment_status":"closed","ping_status":"closed","sticky":false,"template":"","format":"standard","meta":{"_monsterinsights_skip_tracking":false,"_monsterinsights_sitenote_active":false,"_monsterinsights_sitenote_note":"","_monsterinsights_sitenote_category":0,"_uf_show_specific_survey":0,"_uf_disable_surveys":false,"footnotes":""},"categories":[22],"tags":[90],"yoast_head":"<!-- This site is optimized with the Yoast SEO plugin v21.5 - https:\/\/yoast.com\/wordpress\/plugins\/seo\/ -->\n<title>Vet\u00ebvendosje hap shkoll\u00ebn politike p\u00ebr aktivist\u00eb<\/title>\n<meta name=\"robots\" content=\"index, follow, max-snippet:-1, max-image-preview:large, max-video-preview:-1\" \/>\n<link rel=\"canonical\" href=\"https:\/\/permbledhja.com\/sq\/vetevendosje-hap-shkollen-politike-per-aktiviste\/\" \/>\n<meta property=\"og:locale\" content=\"sq_AL\" \/>\n<meta property=\"og:type\" content=\"article\" \/>\n<meta property=\"og:title\" content=\"Vet\u00ebvendosje hap shkoll\u00ebn politike p\u00ebr aktivist\u00eb\" \/>\n<meta property=\"og:description\" content=\"L\u00ebvizja Vet\u00ebvendosje ka marr\u00eb edhe nj\u00eb angazhim tjet\u00ebr para vetes. Vet\u00ebvendosje ka vendosur q\u00eb t\u2019u m\u00ebsoj\u00eb gj\u00ebra t\u00eb reja aktivist\u00ebve. VV ka hapur shkoll\u00ebn politike p\u00ebr edukimin e aktivist\u00ebve, transmeton lajmi.net. E kjo shkoll\u00eb \u00ebsht\u00eb hapur pak dit\u00eb pasi kryeministri Albin Kurti, deklaroi se aktivist\u00ebt nuk po m\u00ebsojn\u00eb edhe aq n\u00eb sht\u00ebpi. Sipas njoftimit t\u00eb [&hellip;]\" \/>\n<meta property=\"og:url\" content=\"https:\/\/permbledhja.com\/sq\/vetevendosje-hap-shkollen-politike-per-aktiviste\/\" \/>\n<meta property=\"og:site_name\" content=\"Ve\u00e7 artikuj p\u00ebrmbledh\u00ebs\" \/>\n<meta property=\"article:publisher\" content=\"https:\/\/www.facebook.com\/press07\/\" \/>\n<meta property=\"article:author\" content=\"https:\/\/www.facebook.com\/kafexhiu.muharrem\/\" \/>\n<meta property=\"article:published_time\" content=\"2022-10-06T09:35:38+00:00\" \/>\n<meta property=\"og:image\" content=\"https:\/\/permbledhja.com\/wp-content\/uploads\/2022\/10\/310698933_471161381716784_5502408403640337282_n.jpg\" \/>\n\t<meta property=\"og:image:width\" content=\"2048\" \/>\n\t<meta property=\"og:image:height\" content=\"1364\" \/>\n\t<meta property=\"og:image:type\" content=\"image\/jpeg\" \/>\n<meta name=\"author\" content=\"P\u00ebrmbledhja\" \/>\n<meta name=\"twitter:card\" content=\"summary_large_image\" \/>\n<meta name=\"twitter:label1\" content=\"Written by\" \/>\n\t<meta name=\"twitter:data1\" content=\"P\u00ebrmbledhja\" \/>\n\t<meta name=\"twitter:label2\" content=\"Est. reading time\" \/>\n\t<meta name=\"twitter:data2\" content=\"2 minuta\" \/>\n<script type=\"application\/ld+json\" class=\"yoast-schema-graph\">{\"@context\":\"https:\/\/schema.org\",\"@graph\":[{\"@type\":\"Article\",\"@id\":\"https:\/\/permbledhja.com\/vetevendosje-hap-shkollen-politike-per-aktiviste\/#article\",\"isPartOf\":{\"@id\":\"https:\/\/permbledhja.com\/vetevendosje-hap-shkollen-politike-per-aktiviste\/\"},\"author\":{\"name\":\"P\u00ebrmbledhja\",\"@id\":\"https:\/\/permbledhja.com\/#\/schema\/person\/0d064377258d3221e50693947b9eb4fe\"},\"headline\":\"Vet\u00ebvendosje hap shkoll\u00ebn politike p\u00ebr aktivist\u00eb\",\"datePublished\":\"2022-10-06T09:35:38+00:00\",\"dateModified\":\"2022-10-06T09:35:38+00:00\",\"mainEntityOfPage\":{\"@id\":\"https:\/\/permbledhja.com\/vetevendosje-hap-shkollen-politike-per-aktiviste\/\"},\"wordCount\":423,\"publisher\":{\"@id\":\"https:\/\/permbledhja.com\/#organization\"},\"keywords\":[\"VV\"],\"articleSection\":[\"Ballina\"],\"inLanguage\":\"sq\"},{\"@type\":\"WebPage\",\"@id\":\"https:\/\/permbledhja.com\/vetevendosje-hap-shkollen-politike-per-aktiviste\/\",\"url\":\"https:\/\/permbledhja.com\/vetevendosje-hap-shkollen-politike-per-aktiviste\/\",\"name\":\"Vet\u00ebvendosje hap shkoll\u00ebn politike p\u00ebr aktivist\u00eb\",\"isPartOf\":{\"@id\":\"https:\/\/permbledhja.com\/#website\"},\"datePublished\":\"2022-10-06T09:35:38+00:00\",\"dateModified\":\"2022-10-06T09:35:38+00:00\",\"breadcrumb\":{\"@id\":\"https:\/\/permbledhja.com\/vetevendosje-hap-shkollen-politike-per-aktiviste\/#breadcrumb\"},\"inLanguage\":\"sq\",\"potentialAction\":[{\"@type\":\"ReadAction\",\"target\":[\"https:\/\/permbledhja.com\/vetevendosje-hap-shkollen-politike-per-aktiviste\/\"]}]},{\"@type\":\"BreadcrumbList\",\"@id\":\"https:\/\/permbledhja.com\/vetevendosje-hap-shkollen-politike-per-aktiviste\/#breadcrumb\",\"itemListElement\":[{\"@type\":\"ListItem\",\"position\":1,\"name\":\"Ballina\",\"item\":\"https:\/\/permbledhja.com\/sq\/\"},{\"@type\":\"ListItem\",\"position\":2,\"name\":\"Vet\u00ebvendosje hap shkoll\u00ebn politike p\u00ebr aktivist\u00eb\"}]},{\"@type\":\"WebSite\",\"@id\":\"https:\/\/permbledhja.com\/#website\",\"url\":\"https:\/\/permbledhja.com\/\",\"name\":\"Ve\u00e7 artikuj p\u00ebrmbledh\u00ebs\",\"description\":\"\",\"publisher\":{\"@id\":\"https:\/\/permbledhja.com\/#organization\"},\"potentialAction\":[{\"@type\":\"SearchAction\",\"target\":{\"@type\":\"EntryPoint\",\"urlTemplate\":\"https:\/\/permbledhja.com\/?s={search_term_string}\"},\"query-input\":\"required name=search_term_string\"}],\"inLanguage\":\"sq\"},{\"@type\":\"Organization\",\"@id\":\"https:\/\/permbledhja.com\/#organization\",\"name\":\"MK Media & Pr\",\"url\":\"https:\/\/permbledhja.com\/\",\"logo\":{\"@type\":\"ImageObject\",\"inLanguage\":\"sq\",\"@id\":\"https:\/\/permbledhja.com\/#\/schema\/logo\/image\/\",\"url\":\"https:\/\/permbledhja.com\/wp-content\/uploads\/2021\/12\/07-Press-Logo.jpg\",\"contentUrl\":\"https:\/\/permbledhja.com\/wp-content\/uploads\/2021\/12\/07-Press-Logo.jpg\",\"width\":512,\"height\":512,\"caption\":\"MK Media & Pr\"},\"image\":{\"@id\":\"https:\/\/permbledhja.com\/#\/schema\/logo\/image\/\"},\"sameAs\":[\"https:\/\/www.facebook.com\/press07\/\"]},{\"@type\":\"Person\",\"@id\":\"https:\/\/permbledhja.com\/#\/schema\/person\/0d064377258d3221e50693947b9eb4fe\",\"name\":\"P\u00ebrmbledhja\",\"image\":{\"@type\":\"ImageObject\",\"inLanguage\":\"sq\",\"@id\":\"https:\/\/permbledhja.com\/#\/schema\/person\/image\/\",\"url\":\"https:\/\/permbledhja.com\/wp-content\/uploads\/2026\/01\/452004717_1040944174702970_8932037511805513407_n-96x96.jpg\",\"contentUrl\":\"https:\/\/permbledhja.com\/wp-content\/uploads\/2026\/01\/452004717_1040944174702970_8932037511805513407_n-96x96.jpg\",\"caption\":\"P\u00ebrmbledhja\"},\"sameAs\":[\"https:\/\/www.facebook.com\/kafexhiu.muharrem\/\",\"https:\/\/www.instagram.com\/muharrem_kafexhiu\/\"],\"url\":\"https:\/\/permbledhja.com\/sq\/author\/admin\/\"}]}<\/script>\n<!-- \/ Yoast SEO plugin. -->","yoast_head_json":{"title":"Vet\u00ebvendosje hap shkoll\u00ebn politike p\u00ebr aktivist\u00eb","robots":{"index":"index","follow":"follow","max-snippet":"max-snippet:-1","max-image-preview":"max-image-preview:large","max-video-preview":"max-video-preview:-1"},"canonical":"https:\/\/permbledhja.com\/sq\/vetevendosje-hap-shkollen-politike-per-aktiviste\/","og_locale":"sq_AL","og_type":"article","og_title":"Vet\u00ebvendosje hap shkoll\u00ebn politike p\u00ebr aktivist\u00eb","og_description":"L\u00ebvizja Vet\u00ebvendosje ka marr\u00eb edhe nj\u00eb angazhim tjet\u00ebr para vetes. Vet\u00ebvendosje ka vendosur q\u00eb t\u2019u m\u00ebsoj\u00eb gj\u00ebra t\u00eb reja aktivist\u00ebve. VV ka hapur shkoll\u00ebn politike p\u00ebr edukimin e aktivist\u00ebve, transmeton lajmi.net. E kjo shkoll\u00eb \u00ebsht\u00eb hapur pak dit\u00eb pasi kryeministri Albin Kurti, deklaroi se aktivist\u00ebt nuk po m\u00ebsojn\u00eb edhe aq n\u00eb sht\u00ebpi. Sipas njoftimit t\u00eb [&hellip;]","og_url":"https:\/\/permbledhja.com\/sq\/vetevendosje-hap-shkollen-politike-per-aktiviste\/","og_site_name":"Ve\u00e7 artikuj p\u00ebrmbledh\u00ebs","article_publisher":"https:\/\/www.facebook.com\/press07\/","article_author":"https:\/\/www.facebook.com\/kafexhiu.muharrem\/","article_published_time":"2022-10-06T09:35:38+00:00","og_image":[{"width":2048,"height":1364,"url":"https:\/\/permbledhja.com\/wp-content\/uploads\/2022\/10\/310698933_471161381716784_5502408403640337282_n.jpg","type":"image\/jpeg"}],"author":"P\u00ebrmbledhja","twitter_card":"summary_large_image","twitter_misc":{"Written by":"P\u00ebrmbledhja","Est. reading time":"2 minuta"},"schema":{"@context":"https:\/\/schema.org","@graph":[{"@type":"Article","@id":"https:\/\/permbledhja.com\/vetevendosje-hap-shkollen-politike-per-aktiviste\/#article","isPartOf":{"@id":"https:\/\/permbledhja.com\/vetevendosje-hap-shkollen-politike-per-aktiviste\/"},"author":{"name":"P\u00ebrmbledhja","@id":"https:\/\/permbledhja.com\/#\/schema\/person\/0d064377258d3221e50693947b9eb4fe"},"headline":"Vet\u00ebvendosje hap shkoll\u00ebn politike p\u00ebr aktivist\u00eb","datePublished":"2022-10-06T09:35:38+00:00","dateModified":"2022-10-06T09:35:38+00:00","mainEntityOfPage":{"@id":"https:\/\/permbledhja.com\/vetevendosje-hap-shkollen-politike-per-aktiviste\/"},"wordCount":423,"publisher":{"@id":"https:\/\/permbledhja.com\/#organization"},"keywords":["VV"],"articleSection":["Ballina"],"inLanguage":"sq"},{"@type":"WebPage","@id":"https:\/\/permbledhja.com\/vetevendosje-hap-shkollen-politike-per-aktiviste\/","url":"https:\/\/permbledhja.com\/vetevendosje-hap-shkollen-politike-per-aktiviste\/","name":"Vet\u00ebvendosje hap shkoll\u00ebn politike p\u00ebr aktivist\u00eb","isPartOf":{"@id":"https:\/\/permbledhja.com\/#website"},"datePublished":"2022-10-06T09:35:38+00:00","dateModified":"2022-10-06T09:35:38+00:00","breadcrumb":{"@id":"https:\/\/permbledhja.com\/vetevendosje-hap-shkollen-politike-per-aktiviste\/#breadcrumb"},"inLanguage":"sq","potentialAction":[{"@type":"ReadAction","target":["https:\/\/permbledhja.com\/vetevendosje-hap-shkollen-politike-per-aktiviste\/"]}]},{"@type":"BreadcrumbList","@id":"https:\/\/permbledhja.com\/vetevendosje-hap-shkollen-politike-per-aktiviste\/#breadcrumb","itemListElement":[{"@type":"ListItem","position":1,"name":"Ballina","item":"https:\/\/permbledhja.com\/sq\/"},{"@type":"ListItem","position":2,"name":"Vet\u00ebvendosje hap shkoll\u00ebn politike p\u00ebr aktivist\u00eb"}]},{"@type":"WebSite","@id":"https:\/\/permbledhja.com\/#website","url":"https:\/\/permbledhja.com\/","name":"Ve\u00e7 artikuj p\u00ebrmbledh\u00ebs","description":"","publisher":{"@id":"https:\/\/permbledhja.com\/#organization"},"potentialAction":[{"@type":"SearchAction","target":{"@type":"EntryPoint","urlTemplate":"https:\/\/permbledhja.com\/?s={search_term_string}"},"query-input":"required name=search_term_string"}],"inLanguage":"sq"},{"@type":"Organization","@id":"https:\/\/permbledhja.com\/#organization","name":"MK Media & Pr","url":"https:\/\/permbledhja.com\/","logo":{"@type":"ImageObject","inLanguage":"sq","@id":"https:\/\/permbledhja.com\/#\/schema\/logo\/image\/","url":"https:\/\/permbledhja.com\/wp-content\/uploads\/2021\/12\/07-Press-Logo.jpg","contentUrl":"https:\/\/permbledhja.com\/wp-content\/uploads\/2021\/12\/07-Press-Logo.jpg","width":512,"height":512,"caption":"MK Media & Pr"},"image":{"@id":"https:\/\/permbledhja.com\/#\/schema\/logo\/image\/"},"sameAs":["https:\/\/www.facebook.com\/press07\/"]},{"@type":"Person","@id":"https:\/\/permbledhja.com\/#\/schema\/person\/0d064377258d3221e50693947b9eb4fe","name":"P\u00ebrmbledhja","image":{"@type":"ImageObject","inLanguage":"sq","@id":"https:\/\/permbledhja.com\/#\/schema\/person\/image\/","url":"https:\/\/permbledhja.com\/wp-content\/uploads\/2026\/01\/452004717_1040944174702970_8932037511805513407_n-96x96.jpg","contentUrl":"https:\/\/permbledhja.com\/wp-content\/uploads\/2026\/01\/452004717_1040944174702970_8932037511805513407_n-96x96.jpg","caption":"P\u00ebrmbledhja"},"sameAs":["https:\/\/www.facebook.com\/kafexhiu.muharrem\/","https:\/\/www.instagram.com\/muharrem_kafexhiu\/"],"url":"https:\/\/permbledhja.com\/sq\/author\/admin\/"}]}},"_links":{"self":[{"href":"https:\/\/permbledhja.com\/sq\/wp-json\/wp\/v2\/posts\/7235"}],"collection":[{"href":"https:\/\/permbledhja.com\/sq\/wp-json\/wp\/v2\/posts"}],"about":[{"href":"https:\/\/permbledhja.com\/sq\/wp-json\/wp\/v2\/types\/post"}],"author":[{"embeddable":true,"href":"https:\/\/permbledhja.com\/sq\/wp-json\/wp\/v2\/users\/1"}],"replies":[{"embeddable":true,"href":"https:\/\/permbledhja.com\/sq\/wp-json\/wp\/v2\/comments?post=7235"}],"version-history":[{"count":1,"href":"https:\/\/permbledhja.com\/sq\/wp-json\/wp\/v2\/posts\/7235\/revisions"}],"predecessor-version":[{"id":7237,"href":"https:\/\/permbledhja.com\/sq\/wp-json\/wp\/v2\/posts\/7235\/revisions\/7237"}],"wp:featuredmedia":[{"embeddable":true,"href":"https:\/\/permbledhja.com\/sq\/wp-json\/wp\/v2\/media\/7236"}],"wp:attachment":[{"href":"https:\/\/permbledhja.com\/sq\/wp-json\/wp\/v2\/media?parent=7235"}],"wp:term":[{"taxonomy":"category","embeddable":true,"href":"https:\/\/permbledhja.com\/sq\/wp-json\/wp\/v2\/categories?post=7235"},{"taxonomy":"post_tag","embeddable":true,"href":"https:\/\/permbledhja.com\/sq\/wp-json\/wp\/v2\/tags?post=7235"}],"curies":[{"name":"wp","href":"https:\/\/api.w.org\/{rel}","templated":true}]}}