{"id":72344,"date":"2025-07-23T17:28:55","date_gmt":"2025-07-23T17:28:55","guid":{"rendered":"https:\/\/permbledhja.com\/?p=72344"},"modified":"2025-07-23T17:28:55","modified_gmt":"2025-07-23T17:28:55","slug":"krimet-ekonomike-drejtori-i-urbanizmit-dhe-tre-zyrtaret-e-komunes-se-gjakoves-u-arrestuan-per-dallavere-me-prona","status":"publish","type":"post","link":"https:\/\/permbledhja.com\/sq\/krimet-ekonomike-drejtori-i-urbanizmit-dhe-tre-zyrtaret-e-komunes-se-gjakoves-u-arrestuan-per-dallavere-me-prona\/","title":{"rendered":"Krimet Ekonomike: Drejtori i Urbanizmit dhe tre zyrtar\u00ebt e Komun\u00ebs s\u00eb Gjakov\u00ebs u arrestuan p\u00ebr dallavere me prona"},"content":{"rendered":"<p><strong>Policia e Kosov\u00ebs sot ka arrestuar kat\u00ebr persona t\u00eb dyshuar p\u00ebr keqp\u00ebrdorim t\u00eb detyr\u00ebs zyrtare n\u00eb Gjakov\u00eb.\u00a0<\/strong><\/p>\n<p>N\u00eb k\u00ebt\u00eb aksion Policia e Kosov\u00ebs, Nj\u00ebsia Rajonale p\u00ebr Hetimin e Krimeve Ekonomike dhe Korrupsionit Prizren ka arrestuar drejtorin e Urbanizmit, Arben Bakallin,\u00a0 Af\u00ebrdita Lam\u00ebn, ish-drejtoresh\u00eb e Kadastr\u00ebs n\u00eb Gjakov\u00eb dhe Elida Bejtullahu, ish-ushtruese e detyr\u00ebs s\u00eb drejtoresh\u00ebs s\u00eb Urbanizmit dhe Mbrojtjes s\u00eb Mjedisit n\u00eb Gjakov\u00eb, e cila edhe m\u00eb par\u00eb ishte akuzuar p\u00ebr vepr\u00ebn penale keqp\u00ebrdorimi i pozit\u00ebs apo autoritetit zyrtar dhe Arianit Kupa, zyrtar.<\/p>\n<p>Policia ka njoftuar se ka nd\u00ebrmarr\u00eb veprime hetimore sipas autorizimit t\u00eb prokurorit t\u00eb shtetit, mbi dyshimet se zyrtar\u00eb nga Drejtoria e Urbanizmit dhe Drejtoria p\u00ebr Gjeodezi dhe Kadast\u00ebr n\u00eb Gjakov\u00eb, kan\u00eb mund\u00ebsuar kund\u00ebrligjsh\u00ebm bartjen e pronave n\u00eb pron\u00ebsi t\u00eb personave t\u00eb tret\u00eb.<\/p>\n<p><em>\u201cPas nj\u00eb mori veprimesh hetimore, t\u00eb kryera n\u00eb koordinim me prokurorin e shtetit, jan\u00eb siguruar d\u00ebshmi q\u00eb mb\u00ebshtesin dyshimin e arsyesh\u00ebm se kat\u00ebr t\u00eb dyshuar (dy meshkuj dhe dy femra) nga Drejtoria e Urbanizmit dhe Drejtoria e Kadastrit e Komun\u00ebs s\u00eb Gjakov\u00ebs, dyshohet se me veprimet e tyre n\u00eb vitet 2018 dhe 2019, kan\u00eb l\u00ebshuar kund\u00ebrligjsh\u00ebm p\u00eblqimet dhe vendimet p\u00ebr parcelizimin dhe bartjen e pronave tek personat e tret\u00eb, pa dijenin\u00eb dhe autorizimin e pronar\u00ebve legjitim\u00eb\u201d<\/em>, thuhet n\u00eb njoftim.<\/p>\n<p>Krimet Ekonomike kan\u00eb njoftuar se personat e dyshuar jan\u00eb intervistuar n\u00eb prezenc\u00ebn e mbrojt\u00ebsve t\u00eb tyre, ndaj tyre \u00ebsht\u00eb iniciuar rasti \u2018keqp\u00ebrdorimi i pozit\u00ebs apo autoritetit zyrtar\u2019 dhe me aktvendim t\u00eb prokurorit, t\u00eb kat\u00ebr t\u00eb dyshuarit jan\u00eb ndaluar deri n\u00eb 48 or\u00eb\u201d, thuhet n\u00eb njoftim.<\/p>\n","protected":false},"excerpt":{"rendered":"<p>Policia e Kosov\u00ebs sot ka arrestuar kat\u00ebr persona t\u00eb dyshuar p\u00ebr keqp\u00ebrdorim t\u00eb detyr\u00ebs zyrtare n\u00eb Gjakov\u00eb.\u00a0 N\u00eb k\u00ebt\u00eb aksion Policia e Kosov\u00ebs, Nj\u00ebsia Rajonale p\u00ebr Hetimin e Krimeve Ekonomike dhe Korrupsionit Prizren ka arrestuar drejtorin e Urbanizmit, Arben Bakallin,\u00a0 Af\u00ebrdita Lam\u00ebn, ish-drejtoresh\u00eb e Kadastr\u00ebs n\u00eb Gjakov\u00eb dhe Elida Bejtullahu, ish-ushtruese e detyr\u00ebs s\u00eb drejtoresh\u00ebs [&hellip;]<\/p>\n","protected":false},"author":1,"featured_media":72345,"comment_status":"closed","ping_status":"closed","sticky":false,"template":"","format":"standard","meta":{"_monsterinsights_skip_tracking":false,"_monsterinsights_sitenote_active":false,"_monsterinsights_sitenote_note":"","_monsterinsights_sitenote_category":0,"_uf_show_specific_survey":0,"_uf_disable_surveys":false,"footnotes":""},"categories":[3324],"tags":[2716],"yoast_head":"<!-- This site is optimized with the Yoast SEO plugin v21.5 - https:\/\/yoast.com\/wordpress\/plugins\/seo\/ -->\n<title>Krimet Ekonomike: Drejtori i Urbanizmit dhe tre zyrtar\u00ebt e Komun\u00ebs s\u00eb Gjakov\u00ebs u arrestuan p\u00ebr dallavere me prona<\/title>\n<meta name=\"robots\" content=\"index, follow, max-snippet:-1, max-image-preview:large, max-video-preview:-1\" \/>\n<link rel=\"canonical\" href=\"https:\/\/permbledhja.com\/sq\/krimet-ekonomike-drejtori-i-urbanizmit-dhe-tre-zyrtaret-e-komunes-se-gjakoves-u-arrestuan-per-dallavere-me-prona\/\" \/>\n<meta property=\"og:locale\" content=\"sq_AL\" \/>\n<meta property=\"og:type\" content=\"article\" \/>\n<meta property=\"og:title\" content=\"Krimet Ekonomike: Drejtori i Urbanizmit dhe tre zyrtar\u00ebt e Komun\u00ebs s\u00eb Gjakov\u00ebs u arrestuan p\u00ebr dallavere me prona\" \/>\n<meta property=\"og:description\" content=\"Policia e Kosov\u00ebs sot ka arrestuar kat\u00ebr persona t\u00eb dyshuar p\u00ebr keqp\u00ebrdorim t\u00eb detyr\u00ebs zyrtare n\u00eb Gjakov\u00eb.\u00a0 N\u00eb k\u00ebt\u00eb aksion Policia e Kosov\u00ebs, Nj\u00ebsia Rajonale p\u00ebr Hetimin e Krimeve Ekonomike dhe Korrupsionit Prizren ka arrestuar drejtorin e Urbanizmit, Arben Bakallin,\u00a0 Af\u00ebrdita Lam\u00ebn, ish-drejtoresh\u00eb e Kadastr\u00ebs n\u00eb Gjakov\u00eb dhe Elida Bejtullahu, ish-ushtruese e detyr\u00ebs s\u00eb drejtoresh\u00ebs [&hellip;]\" \/>\n<meta property=\"og:url\" content=\"https:\/\/permbledhja.com\/sq\/krimet-ekonomike-drejtori-i-urbanizmit-dhe-tre-zyrtaret-e-komunes-se-gjakoves-u-arrestuan-per-dallavere-me-prona\/\" \/>\n<meta property=\"og:site_name\" content=\"Ve\u00e7 artikuj p\u00ebrmbledh\u00ebs\" \/>\n<meta property=\"article:publisher\" content=\"https:\/\/www.facebook.com\/press07\/\" \/>\n<meta property=\"article:author\" content=\"https:\/\/www.facebook.com\/kafexhiu.muharrem\/\" \/>\n<meta property=\"article:published_time\" content=\"2025-07-23T17:28:55+00:00\" \/>\n<meta property=\"og:image\" content=\"https:\/\/permbledhja.com\/wp-content\/uploads\/2025\/07\/521429394_1265271738629040_4773132373108494142_n.jpg\" \/>\n\t<meta property=\"og:image:width\" content=\"794\" \/>\n\t<meta property=\"og:image:height\" content=\"540\" \/>\n\t<meta property=\"og:image:type\" content=\"image\/jpeg\" \/>\n<meta name=\"author\" content=\"P\u00ebrmbledhja\" \/>\n<meta name=\"twitter:card\" content=\"summary_large_image\" \/>\n<meta name=\"twitter:label1\" content=\"Written by\" \/>\n\t<meta name=\"twitter:data1\" content=\"P\u00ebrmbledhja\" \/>\n\t<meta name=\"twitter:label2\" content=\"Est. reading time\" \/>\n\t<meta name=\"twitter:data2\" content=\"2 minuta\" \/>\n<script type=\"application\/ld+json\" class=\"yoast-schema-graph\">{\"@context\":\"https:\/\/schema.org\",\"@graph\":[{\"@type\":\"Article\",\"@id\":\"https:\/\/permbledhja.com\/krimet-ekonomike-drejtori-i-urbanizmit-dhe-tre-zyrtaret-e-komunes-se-gjakoves-u-arrestuan-per-dallavere-me-prona\/#article\",\"isPartOf\":{\"@id\":\"https:\/\/permbledhja.com\/krimet-ekonomike-drejtori-i-urbanizmit-dhe-tre-zyrtaret-e-komunes-se-gjakoves-u-arrestuan-per-dallavere-me-prona\/\"},\"author\":{\"name\":\"P\u00ebrmbledhja\",\"@id\":\"https:\/\/permbledhja.com\/#\/schema\/person\/0d064377258d3221e50693947b9eb4fe\"},\"headline\":\"Krimet Ekonomike: Drejtori i Urbanizmit dhe tre zyrtar\u00ebt e Komun\u00ebs s\u00eb Gjakov\u00ebs u arrestuan p\u00ebr dallavere me prona\",\"datePublished\":\"2025-07-23T17:28:55+00:00\",\"dateModified\":\"2025-07-23T17:28:55+00:00\",\"mainEntityOfPage\":{\"@id\":\"https:\/\/permbledhja.com\/krimet-ekonomike-drejtori-i-urbanizmit-dhe-tre-zyrtaret-e-komunes-se-gjakoves-u-arrestuan-per-dallavere-me-prona\/\"},\"wordCount\":310,\"publisher\":{\"@id\":\"https:\/\/permbledhja.com\/#organization\"},\"keywords\":[\"Gjakova\"],\"articleSection\":[\"Dyt\u00ebsore\"],\"inLanguage\":\"sq\"},{\"@type\":\"WebPage\",\"@id\":\"https:\/\/permbledhja.com\/krimet-ekonomike-drejtori-i-urbanizmit-dhe-tre-zyrtaret-e-komunes-se-gjakoves-u-arrestuan-per-dallavere-me-prona\/\",\"url\":\"https:\/\/permbledhja.com\/krimet-ekonomike-drejtori-i-urbanizmit-dhe-tre-zyrtaret-e-komunes-se-gjakoves-u-arrestuan-per-dallavere-me-prona\/\",\"name\":\"Krimet Ekonomike: Drejtori i Urbanizmit dhe tre zyrtar\u00ebt e Komun\u00ebs s\u00eb Gjakov\u00ebs u arrestuan p\u00ebr dallavere me prona\",\"isPartOf\":{\"@id\":\"https:\/\/permbledhja.com\/#website\"},\"datePublished\":\"2025-07-23T17:28:55+00:00\",\"dateModified\":\"2025-07-23T17:28:55+00:00\",\"breadcrumb\":{\"@id\":\"https:\/\/permbledhja.com\/krimet-ekonomike-drejtori-i-urbanizmit-dhe-tre-zyrtaret-e-komunes-se-gjakoves-u-arrestuan-per-dallavere-me-prona\/#breadcrumb\"},\"inLanguage\":\"sq\",\"potentialAction\":[{\"@type\":\"ReadAction\",\"target\":[\"https:\/\/permbledhja.com\/krimet-ekonomike-drejtori-i-urbanizmit-dhe-tre-zyrtaret-e-komunes-se-gjakoves-u-arrestuan-per-dallavere-me-prona\/\"]}]},{\"@type\":\"BreadcrumbList\",\"@id\":\"https:\/\/permbledhja.com\/krimet-ekonomike-drejtori-i-urbanizmit-dhe-tre-zyrtaret-e-komunes-se-gjakoves-u-arrestuan-per-dallavere-me-prona\/#breadcrumb\",\"itemListElement\":[{\"@type\":\"ListItem\",\"position\":1,\"name\":\"Ballina\",\"item\":\"https:\/\/permbledhja.com\/sq\/\"},{\"@type\":\"ListItem\",\"position\":2,\"name\":\"Krimet Ekonomike: Drejtori i Urbanizmit dhe tre zyrtar\u00ebt e Komun\u00ebs s\u00eb Gjakov\u00ebs u arrestuan p\u00ebr dallavere me prona\"}]},{\"@type\":\"WebSite\",\"@id\":\"https:\/\/permbledhja.com\/#website\",\"url\":\"https:\/\/permbledhja.com\/\",\"name\":\"Ve\u00e7 artikuj p\u00ebrmbledh\u00ebs\",\"description\":\"\",\"publisher\":{\"@id\":\"https:\/\/permbledhja.com\/#organization\"},\"potentialAction\":[{\"@type\":\"SearchAction\",\"target\":{\"@type\":\"EntryPoint\",\"urlTemplate\":\"https:\/\/permbledhja.com\/?s={search_term_string}\"},\"query-input\":\"required name=search_term_string\"}],\"inLanguage\":\"sq\"},{\"@type\":\"Organization\",\"@id\":\"https:\/\/permbledhja.com\/#organization\",\"name\":\"MK Media & Pr\",\"url\":\"https:\/\/permbledhja.com\/\",\"logo\":{\"@type\":\"ImageObject\",\"inLanguage\":\"sq\",\"@id\":\"https:\/\/permbledhja.com\/#\/schema\/logo\/image\/\",\"url\":\"https:\/\/permbledhja.com\/wp-content\/uploads\/2021\/12\/07-Press-Logo.jpg\",\"contentUrl\":\"https:\/\/permbledhja.com\/wp-content\/uploads\/2021\/12\/07-Press-Logo.jpg\",\"width\":512,\"height\":512,\"caption\":\"MK Media & Pr\"},\"image\":{\"@id\":\"https:\/\/permbledhja.com\/#\/schema\/logo\/image\/\"},\"sameAs\":[\"https:\/\/www.facebook.com\/press07\/\"]},{\"@type\":\"Person\",\"@id\":\"https:\/\/permbledhja.com\/#\/schema\/person\/0d064377258d3221e50693947b9eb4fe\",\"name\":\"P\u00ebrmbledhja\",\"image\":{\"@type\":\"ImageObject\",\"inLanguage\":\"sq\",\"@id\":\"https:\/\/permbledhja.com\/#\/schema\/person\/image\/\",\"url\":\"https:\/\/permbledhja.com\/wp-content\/uploads\/2026\/01\/452004717_1040944174702970_8932037511805513407_n-96x96.jpg\",\"contentUrl\":\"https:\/\/permbledhja.com\/wp-content\/uploads\/2026\/01\/452004717_1040944174702970_8932037511805513407_n-96x96.jpg\",\"caption\":\"P\u00ebrmbledhja\"},\"sameAs\":[\"https:\/\/www.facebook.com\/kafexhiu.muharrem\/\",\"https:\/\/www.instagram.com\/muharrem_kafexhiu\/\"],\"url\":\"https:\/\/permbledhja.com\/sq\/author\/admin\/\"}]}<\/script>\n<!-- \/ Yoast SEO plugin. -->","yoast_head_json":{"title":"Krimet Ekonomike: Drejtori i Urbanizmit dhe tre zyrtar\u00ebt e Komun\u00ebs s\u00eb Gjakov\u00ebs u arrestuan p\u00ebr dallavere me prona","robots":{"index":"index","follow":"follow","max-snippet":"max-snippet:-1","max-image-preview":"max-image-preview:large","max-video-preview":"max-video-preview:-1"},"canonical":"https:\/\/permbledhja.com\/sq\/krimet-ekonomike-drejtori-i-urbanizmit-dhe-tre-zyrtaret-e-komunes-se-gjakoves-u-arrestuan-per-dallavere-me-prona\/","og_locale":"sq_AL","og_type":"article","og_title":"Krimet Ekonomike: Drejtori i Urbanizmit dhe tre zyrtar\u00ebt e Komun\u00ebs s\u00eb Gjakov\u00ebs u arrestuan p\u00ebr dallavere me prona","og_description":"Policia e Kosov\u00ebs sot ka arrestuar kat\u00ebr persona t\u00eb dyshuar p\u00ebr keqp\u00ebrdorim t\u00eb detyr\u00ebs zyrtare n\u00eb Gjakov\u00eb.\u00a0 N\u00eb k\u00ebt\u00eb aksion Policia e Kosov\u00ebs, Nj\u00ebsia Rajonale p\u00ebr Hetimin e Krimeve Ekonomike dhe Korrupsionit Prizren ka arrestuar drejtorin e Urbanizmit, Arben Bakallin,\u00a0 Af\u00ebrdita Lam\u00ebn, ish-drejtoresh\u00eb e Kadastr\u00ebs n\u00eb Gjakov\u00eb dhe Elida Bejtullahu, ish-ushtruese e detyr\u00ebs s\u00eb drejtoresh\u00ebs [&hellip;]","og_url":"https:\/\/permbledhja.com\/sq\/krimet-ekonomike-drejtori-i-urbanizmit-dhe-tre-zyrtaret-e-komunes-se-gjakoves-u-arrestuan-per-dallavere-me-prona\/","og_site_name":"Ve\u00e7 artikuj p\u00ebrmbledh\u00ebs","article_publisher":"https:\/\/www.facebook.com\/press07\/","article_author":"https:\/\/www.facebook.com\/kafexhiu.muharrem\/","article_published_time":"2025-07-23T17:28:55+00:00","og_image":[{"width":794,"height":540,"url":"https:\/\/permbledhja.com\/wp-content\/uploads\/2025\/07\/521429394_1265271738629040_4773132373108494142_n.jpg","type":"image\/jpeg"}],"author":"P\u00ebrmbledhja","twitter_card":"summary_large_image","twitter_misc":{"Written by":"P\u00ebrmbledhja","Est. reading time":"2 minuta"},"schema":{"@context":"https:\/\/schema.org","@graph":[{"@type":"Article","@id":"https:\/\/permbledhja.com\/krimet-ekonomike-drejtori-i-urbanizmit-dhe-tre-zyrtaret-e-komunes-se-gjakoves-u-arrestuan-per-dallavere-me-prona\/#article","isPartOf":{"@id":"https:\/\/permbledhja.com\/krimet-ekonomike-drejtori-i-urbanizmit-dhe-tre-zyrtaret-e-komunes-se-gjakoves-u-arrestuan-per-dallavere-me-prona\/"},"author":{"name":"P\u00ebrmbledhja","@id":"https:\/\/permbledhja.com\/#\/schema\/person\/0d064377258d3221e50693947b9eb4fe"},"headline":"Krimet Ekonomike: Drejtori i Urbanizmit dhe tre zyrtar\u00ebt e Komun\u00ebs s\u00eb Gjakov\u00ebs u arrestuan p\u00ebr dallavere me prona","datePublished":"2025-07-23T17:28:55+00:00","dateModified":"2025-07-23T17:28:55+00:00","mainEntityOfPage":{"@id":"https:\/\/permbledhja.com\/krimet-ekonomike-drejtori-i-urbanizmit-dhe-tre-zyrtaret-e-komunes-se-gjakoves-u-arrestuan-per-dallavere-me-prona\/"},"wordCount":310,"publisher":{"@id":"https:\/\/permbledhja.com\/#organization"},"keywords":["Gjakova"],"articleSection":["Dyt\u00ebsore"],"inLanguage":"sq"},{"@type":"WebPage","@id":"https:\/\/permbledhja.com\/krimet-ekonomike-drejtori-i-urbanizmit-dhe-tre-zyrtaret-e-komunes-se-gjakoves-u-arrestuan-per-dallavere-me-prona\/","url":"https:\/\/permbledhja.com\/krimet-ekonomike-drejtori-i-urbanizmit-dhe-tre-zyrtaret-e-komunes-se-gjakoves-u-arrestuan-per-dallavere-me-prona\/","name":"Krimet Ekonomike: Drejtori i Urbanizmit dhe tre zyrtar\u00ebt e Komun\u00ebs s\u00eb Gjakov\u00ebs u arrestuan p\u00ebr dallavere me prona","isPartOf":{"@id":"https:\/\/permbledhja.com\/#website"},"datePublished":"2025-07-23T17:28:55+00:00","dateModified":"2025-07-23T17:28:55+00:00","breadcrumb":{"@id":"https:\/\/permbledhja.com\/krimet-ekonomike-drejtori-i-urbanizmit-dhe-tre-zyrtaret-e-komunes-se-gjakoves-u-arrestuan-per-dallavere-me-prona\/#breadcrumb"},"inLanguage":"sq","potentialAction":[{"@type":"ReadAction","target":["https:\/\/permbledhja.com\/krimet-ekonomike-drejtori-i-urbanizmit-dhe-tre-zyrtaret-e-komunes-se-gjakoves-u-arrestuan-per-dallavere-me-prona\/"]}]},{"@type":"BreadcrumbList","@id":"https:\/\/permbledhja.com\/krimet-ekonomike-drejtori-i-urbanizmit-dhe-tre-zyrtaret-e-komunes-se-gjakoves-u-arrestuan-per-dallavere-me-prona\/#breadcrumb","itemListElement":[{"@type":"ListItem","position":1,"name":"Ballina","item":"https:\/\/permbledhja.com\/sq\/"},{"@type":"ListItem","position":2,"name":"Krimet Ekonomike: Drejtori i Urbanizmit dhe tre zyrtar\u00ebt e Komun\u00ebs s\u00eb Gjakov\u00ebs u arrestuan p\u00ebr dallavere me prona"}]},{"@type":"WebSite","@id":"https:\/\/permbledhja.com\/#website","url":"https:\/\/permbledhja.com\/","name":"Ve\u00e7 artikuj p\u00ebrmbledh\u00ebs","description":"","publisher":{"@id":"https:\/\/permbledhja.com\/#organization"},"potentialAction":[{"@type":"SearchAction","target":{"@type":"EntryPoint","urlTemplate":"https:\/\/permbledhja.com\/?s={search_term_string}"},"query-input":"required name=search_term_string"}],"inLanguage":"sq"},{"@type":"Organization","@id":"https:\/\/permbledhja.com\/#organization","name":"MK Media & Pr","url":"https:\/\/permbledhja.com\/","logo":{"@type":"ImageObject","inLanguage":"sq","@id":"https:\/\/permbledhja.com\/#\/schema\/logo\/image\/","url":"https:\/\/permbledhja.com\/wp-content\/uploads\/2021\/12\/07-Press-Logo.jpg","contentUrl":"https:\/\/permbledhja.com\/wp-content\/uploads\/2021\/12\/07-Press-Logo.jpg","width":512,"height":512,"caption":"MK Media & Pr"},"image":{"@id":"https:\/\/permbledhja.com\/#\/schema\/logo\/image\/"},"sameAs":["https:\/\/www.facebook.com\/press07\/"]},{"@type":"Person","@id":"https:\/\/permbledhja.com\/#\/schema\/person\/0d064377258d3221e50693947b9eb4fe","name":"P\u00ebrmbledhja","image":{"@type":"ImageObject","inLanguage":"sq","@id":"https:\/\/permbledhja.com\/#\/schema\/person\/image\/","url":"https:\/\/permbledhja.com\/wp-content\/uploads\/2026\/01\/452004717_1040944174702970_8932037511805513407_n-96x96.jpg","contentUrl":"https:\/\/permbledhja.com\/wp-content\/uploads\/2026\/01\/452004717_1040944174702970_8932037511805513407_n-96x96.jpg","caption":"P\u00ebrmbledhja"},"sameAs":["https:\/\/www.facebook.com\/kafexhiu.muharrem\/","https:\/\/www.instagram.com\/muharrem_kafexhiu\/"],"url":"https:\/\/permbledhja.com\/sq\/author\/admin\/"}]}},"_links":{"self":[{"href":"https:\/\/permbledhja.com\/sq\/wp-json\/wp\/v2\/posts\/72344"}],"collection":[{"href":"https:\/\/permbledhja.com\/sq\/wp-json\/wp\/v2\/posts"}],"about":[{"href":"https:\/\/permbledhja.com\/sq\/wp-json\/wp\/v2\/types\/post"}],"author":[{"embeddable":true,"href":"https:\/\/permbledhja.com\/sq\/wp-json\/wp\/v2\/users\/1"}],"replies":[{"embeddable":true,"href":"https:\/\/permbledhja.com\/sq\/wp-json\/wp\/v2\/comments?post=72344"}],"version-history":[{"count":1,"href":"https:\/\/permbledhja.com\/sq\/wp-json\/wp\/v2\/posts\/72344\/revisions"}],"predecessor-version":[{"id":72346,"href":"https:\/\/permbledhja.com\/sq\/wp-json\/wp\/v2\/posts\/72344\/revisions\/72346"}],"wp:featuredmedia":[{"embeddable":true,"href":"https:\/\/permbledhja.com\/sq\/wp-json\/wp\/v2\/media\/72345"}],"wp:attachment":[{"href":"https:\/\/permbledhja.com\/sq\/wp-json\/wp\/v2\/media?parent=72344"}],"wp:term":[{"taxonomy":"category","embeddable":true,"href":"https:\/\/permbledhja.com\/sq\/wp-json\/wp\/v2\/categories?post=72344"},{"taxonomy":"post_tag","embeddable":true,"href":"https:\/\/permbledhja.com\/sq\/wp-json\/wp\/v2\/tags?post=72344"}],"curies":[{"name":"wp","href":"https:\/\/api.w.org\/{rel}","templated":true}]}}