{"id":7232,"date":"2022-10-06T09:34:03","date_gmt":"2022-10-06T09:34:03","guid":{"rendered":"https:\/\/permbledhja.com\/?p=7232"},"modified":"2022-10-06T09:34:03","modified_gmt":"2022-10-06T09:34:03","slug":"prokuroria-deklarohet-per-operacionin-toto-ne-mesin-e-te-arrestuarve-edhe-nje-zyrtar-policor","status":"publish","type":"post","link":"https:\/\/permbledhja.com\/sq\/prokuroria-deklarohet-per-operacionin-toto-ne-mesin-e-te-arrestuarve-edhe-nje-zyrtar-policor\/","title":{"rendered":"Prokuroria deklarohet p\u00ebr operacionin \u201cTOTO\u201d, n\u00eb mesin e t\u00eb arrestuarve edhe nj\u00eb zyrtar policor"},"content":{"rendered":"<p>Prokuroria Themelore n\u00eb Prizren \u00ebsht\u00eb deklaruar n\u00eb lidhje me aksionin e djesh\u00ebm t\u00eb Policis\u00eb s\u00eb Kosov\u00ebs t\u00eb koduar \u201cTOTO\u201d.<br \/>\nProkuroria ka njoftuar se me k\u00ebt\u00eb rast jan\u00eb arrestuar t\u00eb gjith\u00eb t\u00eb dyshuarit 13 persona, n\u00eb mesin e t\u00eb cil\u00ebve \u00ebsht\u00eb edhe nj\u00eb zyrtar policor.<\/p>\n<p>Lidhur me k\u00ebt\u00eb rast jan\u00eb bastisur- kontrolluar 19 lokacione (vendbanime dhe lokale), dhe n\u00eb cil\u00ebsi t\u00eb provave jan\u00eb sekuestruar:<\/p>\n<p>\u2013 Para te gatshme \u2013 55,388.00 euro (44,861.00 bank\u00ebnota dhe 10.527.00 monedha t\u00eb metalta);<\/p>\n<p>\u2013 Para t\u00eb gatshme \u2013 1,700.00 franga zvicerane;<\/p>\n<p>\u2013 Para t\u00eb gatshme \u2013 50,000.00 lek;<\/p>\n<p>\u2013 Para t\u00eb gatshme \u2013 100.00 dollar;<\/p>\n<p>\u2013 Para t\u00eb gatshme \u2013 1,320.00 dinar serb;<\/p>\n<p>\u2013 Dy (2) arm\u00eb (nj\u00eb e shkurt\u00eb dhe nj\u00eb gjysm\u00eb- automatike);<\/p>\n<p>\u2013 Tridhjet\u00eb e n\u00ebnt\u00eb (39) cop\u00eb municion;<\/p>\n<p>\u2013 Nj\u00ebzet e n\u00ebnt\u00eb (29) telefona mobil;<\/p>\n<p>\u2013 Nj\u00eb (1) Kompjuter llaptop;<\/p>\n<p>\u2013 Dy (2) USB;<\/p>\n<p>\u2013 Treqind e p\u00ebs\u00ebdhjet\u00eb (350) pako cigare pa banderola;<\/p>\n<p>\u2013 Gjasht\u00eb (6) vetura.<\/p>\n<p>Personat e arrestuar, gjenden n\u00ebn mas\u00ebn e ndalimit 48 or\u00ebsh, dhe brenda afatit ligjor Prokuroria Themelore n\u00eb Prizren p\u00ebr t\u00eb nj\u00ebjtit, do t\u00eb k\u00ebrkoj nga Gjykata Themelore n\u00eb Prizren, caktimin e mas\u00ebs s\u00eb paraburgimit.<\/p>\n<p>\u201cT\u00eb pandehurit e arrestuar, dyshohet se kan\u00eb kryer veprat penale: \u201cOrganizimi i skemave piramidale dhe bixhozit t\u00eb paligjsh\u00ebm\u201d nga neni 294, \u201cFajdeja\u201d nga neni 331, \u201cKeqp\u00ebrdorimi i pozit\u00ebs apo autoritetit zyrtar\u201d nga neni 414, \u201cSulmi\u201d nga neni 184, \u201cDetyrimi\u201d nga neni 328 dhe, \u201cMbajtja n\u00eb pron\u00ebsi, kontroll ose posedim t\u00eb paautorizuar t\u00eb arm\u00ebve\u201d nga neni 366, t\u00eb Kodit Penal t\u00eb Republik\u00ebs s\u00eb Kosov\u00ebs (KPRK)\u201d,thuhet n\u00eb njoftimin p\u00ebr media.<\/p>\n<p>Prokuroria Themelore n\u00eb Prizren, vazhdon t\u00eb mbetet e p\u00ebrkushtuar n\u00eb luft\u00ebn ndaj kriminalitetit, forcimin e sundimit t\u00eb ligjit dhe v\u00ebnien para drejt\u00ebsis\u00eb t\u00eb t\u00eb gjith\u00eb atyre q\u00eb bien ndesh me ligjin.<\/p>\n","protected":false},"excerpt":{"rendered":"<p>Prokuroria Themelore n\u00eb Prizren \u00ebsht\u00eb deklaruar n\u00eb lidhje me aksionin e djesh\u00ebm t\u00eb Policis\u00eb s\u00eb Kosov\u00ebs t\u00eb koduar \u201cTOTO\u201d. Prokuroria ka njoftuar se me k\u00ebt\u00eb rast jan\u00eb arrestuar t\u00eb gjith\u00eb t\u00eb dyshuarit 13 persona, n\u00eb mesin e t\u00eb cil\u00ebve \u00ebsht\u00eb edhe nj\u00eb zyrtar policor. Lidhur me k\u00ebt\u00eb rast jan\u00eb bastisur- kontrolluar 19 lokacione (vendbanime dhe [&hellip;]<\/p>\n","protected":false},"author":1,"featured_media":7233,"comment_status":"closed","ping_status":"closed","sticky":false,"template":"","format":"standard","meta":{"_monsterinsights_skip_tracking":false,"_monsterinsights_sitenote_active":false,"_monsterinsights_sitenote_note":"","_monsterinsights_sitenote_category":0,"_uf_show_specific_survey":0,"_uf_disable_surveys":false,"footnotes":""},"categories":[22],"tags":[],"yoast_head":"<!-- This site is optimized with the Yoast SEO plugin v21.5 - https:\/\/yoast.com\/wordpress\/plugins\/seo\/ -->\n<title>Prokuroria deklarohet p\u00ebr operacionin \u201cTOTO\u201d, n\u00eb mesin e t\u00eb arrestuarve edhe nj\u00eb zyrtar policor<\/title>\n<meta name=\"robots\" content=\"index, follow, max-snippet:-1, max-image-preview:large, max-video-preview:-1\" \/>\n<link rel=\"canonical\" href=\"https:\/\/permbledhja.com\/sq\/prokuroria-deklarohet-per-operacionin-toto-ne-mesin-e-te-arrestuarve-edhe-nje-zyrtar-policor\/\" \/>\n<meta property=\"og:locale\" content=\"sq_AL\" \/>\n<meta property=\"og:type\" content=\"article\" \/>\n<meta property=\"og:title\" content=\"Prokuroria deklarohet p\u00ebr operacionin \u201cTOTO\u201d, n\u00eb mesin e t\u00eb arrestuarve edhe nj\u00eb zyrtar policor\" \/>\n<meta property=\"og:description\" content=\"Prokuroria Themelore n\u00eb Prizren \u00ebsht\u00eb deklaruar n\u00eb lidhje me aksionin e djesh\u00ebm t\u00eb Policis\u00eb s\u00eb Kosov\u00ebs t\u00eb koduar \u201cTOTO\u201d. Prokuroria ka njoftuar se me k\u00ebt\u00eb rast jan\u00eb arrestuar t\u00eb gjith\u00eb t\u00eb dyshuarit 13 persona, n\u00eb mesin e t\u00eb cil\u00ebve \u00ebsht\u00eb edhe nj\u00eb zyrtar policor. Lidhur me k\u00ebt\u00eb rast jan\u00eb bastisur- kontrolluar 19 lokacione (vendbanime dhe [&hellip;]\" \/>\n<meta property=\"og:url\" content=\"https:\/\/permbledhja.com\/sq\/prokuroria-deklarohet-per-operacionin-toto-ne-mesin-e-te-arrestuarve-edhe-nje-zyrtar-policor\/\" \/>\n<meta property=\"og:site_name\" content=\"Ve\u00e7 artikuj p\u00ebrmbledh\u00ebs\" \/>\n<meta property=\"article:publisher\" content=\"https:\/\/www.facebook.com\/press07\/\" \/>\n<meta property=\"article:author\" content=\"https:\/\/www.facebook.com\/kafexhiu.muharrem\/\" \/>\n<meta property=\"article:published_time\" content=\"2022-10-06T09:34:03+00:00\" \/>\n<meta property=\"og:image\" content=\"https:\/\/permbledhja.com\/wp-content\/uploads\/2022\/10\/auto_auto_drejtesiarer1-315702910131604341241.jpg\" \/>\n\t<meta property=\"og:image:width\" content=\"900\" \/>\n\t<meta property=\"og:image:height\" content=\"584\" \/>\n\t<meta property=\"og:image:type\" content=\"image\/jpeg\" \/>\n<meta name=\"author\" content=\"P\u00ebrmbledhja\" \/>\n<meta name=\"twitter:card\" content=\"summary_large_image\" \/>\n<meta name=\"twitter:label1\" content=\"Written by\" \/>\n\t<meta name=\"twitter:data1\" content=\"P\u00ebrmbledhja\" \/>\n\t<meta name=\"twitter:label2\" content=\"Est. reading time\" \/>\n\t<meta name=\"twitter:data2\" content=\"1 minut\u00eb\" \/>\n<script type=\"application\/ld+json\" class=\"yoast-schema-graph\">{\"@context\":\"https:\/\/schema.org\",\"@graph\":[{\"@type\":\"Article\",\"@id\":\"https:\/\/permbledhja.com\/prokuroria-deklarohet-per-operacionin-toto-ne-mesin-e-te-arrestuarve-edhe-nje-zyrtar-policor\/#article\",\"isPartOf\":{\"@id\":\"https:\/\/permbledhja.com\/prokuroria-deklarohet-per-operacionin-toto-ne-mesin-e-te-arrestuarve-edhe-nje-zyrtar-policor\/\"},\"author\":{\"name\":\"P\u00ebrmbledhja\",\"@id\":\"https:\/\/permbledhja.com\/#\/schema\/person\/0d064377258d3221e50693947b9eb4fe\"},\"headline\":\"Prokuroria deklarohet p\u00ebr operacionin \u201cTOTO\u201d, n\u00eb mesin e t\u00eb arrestuarve edhe nj\u00eb zyrtar policor\",\"datePublished\":\"2022-10-06T09:34:03+00:00\",\"dateModified\":\"2022-10-06T09:34:03+00:00\",\"mainEntityOfPage\":{\"@id\":\"https:\/\/permbledhja.com\/prokuroria-deklarohet-per-operacionin-toto-ne-mesin-e-te-arrestuarve-edhe-nje-zyrtar-policor\/\"},\"wordCount\":295,\"publisher\":{\"@id\":\"https:\/\/permbledhja.com\/#organization\"},\"articleSection\":[\"Ballina\"],\"inLanguage\":\"sq\"},{\"@type\":\"WebPage\",\"@id\":\"https:\/\/permbledhja.com\/prokuroria-deklarohet-per-operacionin-toto-ne-mesin-e-te-arrestuarve-edhe-nje-zyrtar-policor\/\",\"url\":\"https:\/\/permbledhja.com\/prokuroria-deklarohet-per-operacionin-toto-ne-mesin-e-te-arrestuarve-edhe-nje-zyrtar-policor\/\",\"name\":\"Prokuroria deklarohet p\u00ebr operacionin \u201cTOTO\u201d, n\u00eb mesin e t\u00eb arrestuarve edhe nj\u00eb zyrtar policor\",\"isPartOf\":{\"@id\":\"https:\/\/permbledhja.com\/#website\"},\"datePublished\":\"2022-10-06T09:34:03+00:00\",\"dateModified\":\"2022-10-06T09:34:03+00:00\",\"breadcrumb\":{\"@id\":\"https:\/\/permbledhja.com\/prokuroria-deklarohet-per-operacionin-toto-ne-mesin-e-te-arrestuarve-edhe-nje-zyrtar-policor\/#breadcrumb\"},\"inLanguage\":\"sq\",\"potentialAction\":[{\"@type\":\"ReadAction\",\"target\":[\"https:\/\/permbledhja.com\/prokuroria-deklarohet-per-operacionin-toto-ne-mesin-e-te-arrestuarve-edhe-nje-zyrtar-policor\/\"]}]},{\"@type\":\"BreadcrumbList\",\"@id\":\"https:\/\/permbledhja.com\/prokuroria-deklarohet-per-operacionin-toto-ne-mesin-e-te-arrestuarve-edhe-nje-zyrtar-policor\/#breadcrumb\",\"itemListElement\":[{\"@type\":\"ListItem\",\"position\":1,\"name\":\"Ballina\",\"item\":\"https:\/\/permbledhja.com\/sq\/\"},{\"@type\":\"ListItem\",\"position\":2,\"name\":\"Prokuroria deklarohet p\u00ebr operacionin \u201cTOTO\u201d, n\u00eb mesin e t\u00eb arrestuarve edhe nj\u00eb zyrtar policor\"}]},{\"@type\":\"WebSite\",\"@id\":\"https:\/\/permbledhja.com\/#website\",\"url\":\"https:\/\/permbledhja.com\/\",\"name\":\"Ve\u00e7 artikuj p\u00ebrmbledh\u00ebs\",\"description\":\"\",\"publisher\":{\"@id\":\"https:\/\/permbledhja.com\/#organization\"},\"potentialAction\":[{\"@type\":\"SearchAction\",\"target\":{\"@type\":\"EntryPoint\",\"urlTemplate\":\"https:\/\/permbledhja.com\/?s={search_term_string}\"},\"query-input\":\"required name=search_term_string\"}],\"inLanguage\":\"sq\"},{\"@type\":\"Organization\",\"@id\":\"https:\/\/permbledhja.com\/#organization\",\"name\":\"MK Media & Pr\",\"url\":\"https:\/\/permbledhja.com\/\",\"logo\":{\"@type\":\"ImageObject\",\"inLanguage\":\"sq\",\"@id\":\"https:\/\/permbledhja.com\/#\/schema\/logo\/image\/\",\"url\":\"https:\/\/permbledhja.com\/wp-content\/uploads\/2021\/12\/07-Press-Logo.jpg\",\"contentUrl\":\"https:\/\/permbledhja.com\/wp-content\/uploads\/2021\/12\/07-Press-Logo.jpg\",\"width\":512,\"height\":512,\"caption\":\"MK Media & Pr\"},\"image\":{\"@id\":\"https:\/\/permbledhja.com\/#\/schema\/logo\/image\/\"},\"sameAs\":[\"https:\/\/www.facebook.com\/press07\/\"]},{\"@type\":\"Person\",\"@id\":\"https:\/\/permbledhja.com\/#\/schema\/person\/0d064377258d3221e50693947b9eb4fe\",\"name\":\"P\u00ebrmbledhja\",\"image\":{\"@type\":\"ImageObject\",\"inLanguage\":\"sq\",\"@id\":\"https:\/\/permbledhja.com\/#\/schema\/person\/image\/\",\"url\":\"https:\/\/permbledhja.com\/wp-content\/uploads\/2026\/01\/452004717_1040944174702970_8932037511805513407_n-96x96.jpg\",\"contentUrl\":\"https:\/\/permbledhja.com\/wp-content\/uploads\/2026\/01\/452004717_1040944174702970_8932037511805513407_n-96x96.jpg\",\"caption\":\"P\u00ebrmbledhja\"},\"sameAs\":[\"https:\/\/www.facebook.com\/kafexhiu.muharrem\/\",\"https:\/\/www.instagram.com\/muharrem_kafexhiu\/\"],\"url\":\"https:\/\/permbledhja.com\/sq\/author\/admin\/\"}]}<\/script>\n<!-- \/ Yoast SEO plugin. -->","yoast_head_json":{"title":"Prokuroria deklarohet p\u00ebr operacionin \u201cTOTO\u201d, n\u00eb mesin e t\u00eb arrestuarve edhe nj\u00eb zyrtar policor","robots":{"index":"index","follow":"follow","max-snippet":"max-snippet:-1","max-image-preview":"max-image-preview:large","max-video-preview":"max-video-preview:-1"},"canonical":"https:\/\/permbledhja.com\/sq\/prokuroria-deklarohet-per-operacionin-toto-ne-mesin-e-te-arrestuarve-edhe-nje-zyrtar-policor\/","og_locale":"sq_AL","og_type":"article","og_title":"Prokuroria deklarohet p\u00ebr operacionin \u201cTOTO\u201d, n\u00eb mesin e t\u00eb arrestuarve edhe nj\u00eb zyrtar policor","og_description":"Prokuroria Themelore n\u00eb Prizren \u00ebsht\u00eb deklaruar n\u00eb lidhje me aksionin e djesh\u00ebm t\u00eb Policis\u00eb s\u00eb Kosov\u00ebs t\u00eb koduar \u201cTOTO\u201d. Prokuroria ka njoftuar se me k\u00ebt\u00eb rast jan\u00eb arrestuar t\u00eb gjith\u00eb t\u00eb dyshuarit 13 persona, n\u00eb mesin e t\u00eb cil\u00ebve \u00ebsht\u00eb edhe nj\u00eb zyrtar policor. Lidhur me k\u00ebt\u00eb rast jan\u00eb bastisur- kontrolluar 19 lokacione (vendbanime dhe [&hellip;]","og_url":"https:\/\/permbledhja.com\/sq\/prokuroria-deklarohet-per-operacionin-toto-ne-mesin-e-te-arrestuarve-edhe-nje-zyrtar-policor\/","og_site_name":"Ve\u00e7 artikuj p\u00ebrmbledh\u00ebs","article_publisher":"https:\/\/www.facebook.com\/press07\/","article_author":"https:\/\/www.facebook.com\/kafexhiu.muharrem\/","article_published_time":"2022-10-06T09:34:03+00:00","og_image":[{"width":900,"height":584,"url":"https:\/\/permbledhja.com\/wp-content\/uploads\/2022\/10\/auto_auto_drejtesiarer1-315702910131604341241.jpg","type":"image\/jpeg"}],"author":"P\u00ebrmbledhja","twitter_card":"summary_large_image","twitter_misc":{"Written by":"P\u00ebrmbledhja","Est. reading time":"1 minut\u00eb"},"schema":{"@context":"https:\/\/schema.org","@graph":[{"@type":"Article","@id":"https:\/\/permbledhja.com\/prokuroria-deklarohet-per-operacionin-toto-ne-mesin-e-te-arrestuarve-edhe-nje-zyrtar-policor\/#article","isPartOf":{"@id":"https:\/\/permbledhja.com\/prokuroria-deklarohet-per-operacionin-toto-ne-mesin-e-te-arrestuarve-edhe-nje-zyrtar-policor\/"},"author":{"name":"P\u00ebrmbledhja","@id":"https:\/\/permbledhja.com\/#\/schema\/person\/0d064377258d3221e50693947b9eb4fe"},"headline":"Prokuroria deklarohet p\u00ebr operacionin \u201cTOTO\u201d, n\u00eb mesin e t\u00eb arrestuarve edhe nj\u00eb zyrtar policor","datePublished":"2022-10-06T09:34:03+00:00","dateModified":"2022-10-06T09:34:03+00:00","mainEntityOfPage":{"@id":"https:\/\/permbledhja.com\/prokuroria-deklarohet-per-operacionin-toto-ne-mesin-e-te-arrestuarve-edhe-nje-zyrtar-policor\/"},"wordCount":295,"publisher":{"@id":"https:\/\/permbledhja.com\/#organization"},"articleSection":["Ballina"],"inLanguage":"sq"},{"@type":"WebPage","@id":"https:\/\/permbledhja.com\/prokuroria-deklarohet-per-operacionin-toto-ne-mesin-e-te-arrestuarve-edhe-nje-zyrtar-policor\/","url":"https:\/\/permbledhja.com\/prokuroria-deklarohet-per-operacionin-toto-ne-mesin-e-te-arrestuarve-edhe-nje-zyrtar-policor\/","name":"Prokuroria deklarohet p\u00ebr operacionin \u201cTOTO\u201d, n\u00eb mesin e t\u00eb arrestuarve edhe nj\u00eb zyrtar policor","isPartOf":{"@id":"https:\/\/permbledhja.com\/#website"},"datePublished":"2022-10-06T09:34:03+00:00","dateModified":"2022-10-06T09:34:03+00:00","breadcrumb":{"@id":"https:\/\/permbledhja.com\/prokuroria-deklarohet-per-operacionin-toto-ne-mesin-e-te-arrestuarve-edhe-nje-zyrtar-policor\/#breadcrumb"},"inLanguage":"sq","potentialAction":[{"@type":"ReadAction","target":["https:\/\/permbledhja.com\/prokuroria-deklarohet-per-operacionin-toto-ne-mesin-e-te-arrestuarve-edhe-nje-zyrtar-policor\/"]}]},{"@type":"BreadcrumbList","@id":"https:\/\/permbledhja.com\/prokuroria-deklarohet-per-operacionin-toto-ne-mesin-e-te-arrestuarve-edhe-nje-zyrtar-policor\/#breadcrumb","itemListElement":[{"@type":"ListItem","position":1,"name":"Ballina","item":"https:\/\/permbledhja.com\/sq\/"},{"@type":"ListItem","position":2,"name":"Prokuroria deklarohet p\u00ebr operacionin \u201cTOTO\u201d, n\u00eb mesin e t\u00eb arrestuarve edhe nj\u00eb zyrtar policor"}]},{"@type":"WebSite","@id":"https:\/\/permbledhja.com\/#website","url":"https:\/\/permbledhja.com\/","name":"Ve\u00e7 artikuj p\u00ebrmbledh\u00ebs","description":"","publisher":{"@id":"https:\/\/permbledhja.com\/#organization"},"potentialAction":[{"@type":"SearchAction","target":{"@type":"EntryPoint","urlTemplate":"https:\/\/permbledhja.com\/?s={search_term_string}"},"query-input":"required name=search_term_string"}],"inLanguage":"sq"},{"@type":"Organization","@id":"https:\/\/permbledhja.com\/#organization","name":"MK Media & Pr","url":"https:\/\/permbledhja.com\/","logo":{"@type":"ImageObject","inLanguage":"sq","@id":"https:\/\/permbledhja.com\/#\/schema\/logo\/image\/","url":"https:\/\/permbledhja.com\/wp-content\/uploads\/2021\/12\/07-Press-Logo.jpg","contentUrl":"https:\/\/permbledhja.com\/wp-content\/uploads\/2021\/12\/07-Press-Logo.jpg","width":512,"height":512,"caption":"MK Media & Pr"},"image":{"@id":"https:\/\/permbledhja.com\/#\/schema\/logo\/image\/"},"sameAs":["https:\/\/www.facebook.com\/press07\/"]},{"@type":"Person","@id":"https:\/\/permbledhja.com\/#\/schema\/person\/0d064377258d3221e50693947b9eb4fe","name":"P\u00ebrmbledhja","image":{"@type":"ImageObject","inLanguage":"sq","@id":"https:\/\/permbledhja.com\/#\/schema\/person\/image\/","url":"https:\/\/permbledhja.com\/wp-content\/uploads\/2026\/01\/452004717_1040944174702970_8932037511805513407_n-96x96.jpg","contentUrl":"https:\/\/permbledhja.com\/wp-content\/uploads\/2026\/01\/452004717_1040944174702970_8932037511805513407_n-96x96.jpg","caption":"P\u00ebrmbledhja"},"sameAs":["https:\/\/www.facebook.com\/kafexhiu.muharrem\/","https:\/\/www.instagram.com\/muharrem_kafexhiu\/"],"url":"https:\/\/permbledhja.com\/sq\/author\/admin\/"}]}},"_links":{"self":[{"href":"https:\/\/permbledhja.com\/sq\/wp-json\/wp\/v2\/posts\/7232"}],"collection":[{"href":"https:\/\/permbledhja.com\/sq\/wp-json\/wp\/v2\/posts"}],"about":[{"href":"https:\/\/permbledhja.com\/sq\/wp-json\/wp\/v2\/types\/post"}],"author":[{"embeddable":true,"href":"https:\/\/permbledhja.com\/sq\/wp-json\/wp\/v2\/users\/1"}],"replies":[{"embeddable":true,"href":"https:\/\/permbledhja.com\/sq\/wp-json\/wp\/v2\/comments?post=7232"}],"version-history":[{"count":1,"href":"https:\/\/permbledhja.com\/sq\/wp-json\/wp\/v2\/posts\/7232\/revisions"}],"predecessor-version":[{"id":7234,"href":"https:\/\/permbledhja.com\/sq\/wp-json\/wp\/v2\/posts\/7232\/revisions\/7234"}],"wp:featuredmedia":[{"embeddable":true,"href":"https:\/\/permbledhja.com\/sq\/wp-json\/wp\/v2\/media\/7233"}],"wp:attachment":[{"href":"https:\/\/permbledhja.com\/sq\/wp-json\/wp\/v2\/media?parent=7232"}],"wp:term":[{"taxonomy":"category","embeddable":true,"href":"https:\/\/permbledhja.com\/sq\/wp-json\/wp\/v2\/categories?post=7232"},{"taxonomy":"post_tag","embeddable":true,"href":"https:\/\/permbledhja.com\/sq\/wp-json\/wp\/v2\/tags?post=7232"}],"curies":[{"name":"wp","href":"https:\/\/api.w.org\/{rel}","templated":true}]}}