{"id":71718,"date":"2025-04-16T15:29:34","date_gmt":"2025-04-16T15:29:34","guid":{"rendered":"https:\/\/permbledhja.com\/?p=71718"},"modified":"2025-04-16T15:29:34","modified_gmt":"2025-04-16T15:29:34","slug":"presidentja-kristal-e-qarte-vazhdojeni-seancen","status":"publish","type":"post","link":"https:\/\/permbledhja.com\/sq\/presidentja-kristal-e-qarte-vazhdojeni-seancen\/","title":{"rendered":"Presidentja kristal e qart\u00eb: Vazhdojeni seanc\u00ebn"},"content":{"rendered":"<p><strong>Presidentja Vjosa Osmani i ka kthyer p\u00ebrgjigje kryesuesit t\u00eb seanc\u00ebs konstituive, Avni Dehari, i cili iu drejtua asaj me k\u00ebrkes\u00ebn p\u00ebr \u201csugjerime\u201d pasi e nd\u00ebrpreu seanc\u00ebn p\u00ebr shkak t\u00eb mosmiratimit t\u00eb raportit t\u00eb Komisionit t\u00eb p\u00ebrkohsh\u00ebm p\u00ebr verifikimin e mandateve.<\/strong><\/p>\n<p>N\u00eb k\u00ebt\u00eb let\u00ebr, Osmani thot\u00eb se Kushtetuta i detyron t\u00eb jet\u00ebsojn\u00eb e jo t\u00eb bllokojn\u00eb procese.<\/p>\n<p>\u201cSi pik\u00ebnisje, konsideroj se duhet pasur parasysh, se duke u bazuar n\u00eb frym\u00ebn e Kushtetut\u00ebs, dispozitat q\u00eb nd\u00ebrlidhen me konstituimin e institucioneve shtet\u00ebrore duhet t\u00eb interpretohen n\u00eb m\u00ebnyr\u00eb q\u00eb ta mund\u00ebsojn\u00eb \u2013 dhe jo ta pengojn\u00eb \u2013 themelimin dhe funksionimin kushtetues t\u00eb tyre\u201d.<\/p>\n<p>N\u00eb k\u00ebt\u00eb let\u00ebr, ajo ka p\u00ebrmendur <a href=\"https:\/\/www.gazetaexpress.com\/sjemi-ne-toke-te-pashkelur-aktgjykimi-i-vitit-2014-shpjegon-sakte-cfare-ndodhe-kur-ka-nderprerje-te-seances-konstituive\/\">Aktgjykimin<\/a> e vitit 2014\u00a0t\u00eb Gjykat\u00ebs Kushtetuese dhe ka b\u00ebr\u00eb thirrje q\u00eb seanca konstitutive ta vazhdoj\u00eb jo m\u00eb von\u00eb se brenda dyzet e tet\u00eb or\u00ebve nga nd\u00ebrprerja e saj.<\/p>\n<p>\u201cRrjedhimisht, gjithashtu ju rikujtoj se fryma e Kushtetut\u00ebs, praktika gjyq\u00ebsore e Gjykat\u00ebs Kushtetuese dhe Rregullorja e Kuvendit t\u00eb Kosov\u00ebs, ju obligon q\u00eb seanc\u00ebn konstitutive ta vazhdoni jo m\u00eb von\u00eb se brenda dyzet e tet\u00eb (48) or\u00ebve nga nd\u00ebrprerja e saj. Andaj ju ftoj q\u00eb n\u00eb p\u00ebrputhje me autorizimet tuaja si kryesues i seanc\u00ebs konstituive\u00a0 t\u00eb Legjislatur\u00ebs s\u00eb N\u00ebnt\u00eb t\u00eb Kuvendit, efektive q\u00eb nga data 8 prill 2025, ta realizoni seanc\u00ebn konstituive n\u00eb p\u00ebrputhje me parimet kushtetuese t\u00eb p\u00ebrmendura m\u00eb lart, Rregulloren e Kuvendit si dhe legjislacionin n\u00eb fuqi\u201d, thuhet n\u00eb letr\u00ebn e Osmanit d\u00ebrguar Deharit.<\/p>\n","protected":false},"excerpt":{"rendered":"<p>Presidentja Vjosa Osmani i ka kthyer p\u00ebrgjigje kryesuesit t\u00eb seanc\u00ebs konstituive, Avni Dehari, i cili iu drejtua asaj me k\u00ebrkes\u00ebn p\u00ebr \u201csugjerime\u201d pasi e nd\u00ebrpreu seanc\u00ebn p\u00ebr shkak t\u00eb mosmiratimit t\u00eb raportit t\u00eb Komisionit t\u00eb p\u00ebrkohsh\u00ebm p\u00ebr verifikimin e mandateve. N\u00eb k\u00ebt\u00eb let\u00ebr, Osmani thot\u00eb se Kushtetuta i detyron t\u00eb jet\u00ebsojn\u00eb e jo t\u00eb bllokojn\u00eb [&hellip;]<\/p>\n","protected":false},"author":1,"featured_media":64621,"comment_status":"closed","ping_status":"closed","sticky":false,"template":"","format":"standard","meta":{"_monsterinsights_skip_tracking":false,"_monsterinsights_sitenote_active":false,"_monsterinsights_sitenote_note":"","_monsterinsights_sitenote_category":0,"_uf_show_specific_survey":0,"_uf_disable_surveys":false,"footnotes":""},"categories":[3325],"tags":[163],"yoast_head":"<!-- This site is optimized with the Yoast SEO plugin v21.5 - https:\/\/yoast.com\/wordpress\/plugins\/seo\/ -->\n<title>Presidentja kristal e qart\u00eb: Vazhdojeni seanc\u00ebn<\/title>\n<meta name=\"robots\" content=\"index, follow, max-snippet:-1, max-image-preview:large, max-video-preview:-1\" \/>\n<link rel=\"canonical\" href=\"https:\/\/permbledhja.com\/sq\/presidentja-kristal-e-qarte-vazhdojeni-seancen\/\" \/>\n<meta property=\"og:locale\" content=\"sq_AL\" \/>\n<meta property=\"og:type\" content=\"article\" \/>\n<meta property=\"og:title\" content=\"Presidentja kristal e qart\u00eb: Vazhdojeni seanc\u00ebn\" \/>\n<meta property=\"og:description\" content=\"Presidentja Vjosa Osmani i ka kthyer p\u00ebrgjigje kryesuesit t\u00eb seanc\u00ebs konstituive, Avni Dehari, i cili iu drejtua asaj me k\u00ebrkes\u00ebn p\u00ebr \u201csugjerime\u201d pasi e nd\u00ebrpreu seanc\u00ebn p\u00ebr shkak t\u00eb mosmiratimit t\u00eb raportit t\u00eb Komisionit t\u00eb p\u00ebrkohsh\u00ebm p\u00ebr verifikimin e mandateve. N\u00eb k\u00ebt\u00eb let\u00ebr, Osmani thot\u00eb se Kushtetuta i detyron t\u00eb jet\u00ebsojn\u00eb e jo t\u00eb bllokojn\u00eb [&hellip;]\" \/>\n<meta property=\"og:url\" content=\"https:\/\/permbledhja.com\/sq\/presidentja-kristal-e-qarte-vazhdojeni-seancen\/\" \/>\n<meta property=\"og:site_name\" content=\"Ve\u00e7 artikuj p\u00ebrmbledh\u00ebs\" \/>\n<meta property=\"article:publisher\" content=\"https:\/\/www.facebook.com\/press07\/\" \/>\n<meta property=\"article:author\" content=\"https:\/\/www.facebook.com\/kafexhiu.muharrem\/\" \/>\n<meta property=\"article:published_time\" content=\"2025-04-16T15:29:34+00:00\" \/>\n<meta property=\"og:image\" content=\"https:\/\/permbledhja.com\/wp-content\/uploads\/2024\/05\/standard_compressed_Vjosa_Osmani.jpg\" \/>\n\t<meta property=\"og:image:width\" content=\"1200\" \/>\n\t<meta property=\"og:image:height\" content=\"799\" \/>\n\t<meta property=\"og:image:type\" content=\"image\/jpeg\" \/>\n<meta name=\"author\" content=\"P\u00ebrmbledhja\" \/>\n<meta name=\"twitter:card\" content=\"summary_large_image\" \/>\n<meta name=\"twitter:label1\" content=\"Written by\" \/>\n\t<meta name=\"twitter:data1\" content=\"P\u00ebrmbledhja\" \/>\n\t<meta name=\"twitter:label2\" content=\"Est. reading time\" \/>\n\t<meta name=\"twitter:data2\" content=\"2 minuta\" \/>\n<script type=\"application\/ld+json\" class=\"yoast-schema-graph\">{\"@context\":\"https:\/\/schema.org\",\"@graph\":[{\"@type\":\"Article\",\"@id\":\"https:\/\/permbledhja.com\/presidentja-kristal-e-qarte-vazhdojeni-seancen\/#article\",\"isPartOf\":{\"@id\":\"https:\/\/permbledhja.com\/presidentja-kristal-e-qarte-vazhdojeni-seancen\/\"},\"author\":{\"name\":\"P\u00ebrmbledhja\",\"@id\":\"https:\/\/permbledhja.com\/#\/schema\/person\/0d064377258d3221e50693947b9eb4fe\"},\"headline\":\"Presidentja kristal e qart\u00eb: Vazhdojeni seanc\u00ebn\",\"datePublished\":\"2025-04-16T15:29:34+00:00\",\"dateModified\":\"2025-04-16T15:29:34+00:00\",\"mainEntityOfPage\":{\"@id\":\"https:\/\/permbledhja.com\/presidentja-kristal-e-qarte-vazhdojeni-seancen\/\"},\"wordCount\":274,\"publisher\":{\"@id\":\"https:\/\/permbledhja.com\/#organization\"},\"keywords\":[\"Vjosa Osmani\"],\"articleSection\":[\"Kryesore\"],\"inLanguage\":\"sq\"},{\"@type\":\"WebPage\",\"@id\":\"https:\/\/permbledhja.com\/presidentja-kristal-e-qarte-vazhdojeni-seancen\/\",\"url\":\"https:\/\/permbledhja.com\/presidentja-kristal-e-qarte-vazhdojeni-seancen\/\",\"name\":\"Presidentja kristal e qart\u00eb: Vazhdojeni seanc\u00ebn\",\"isPartOf\":{\"@id\":\"https:\/\/permbledhja.com\/#website\"},\"datePublished\":\"2025-04-16T15:29:34+00:00\",\"dateModified\":\"2025-04-16T15:29:34+00:00\",\"breadcrumb\":{\"@id\":\"https:\/\/permbledhja.com\/presidentja-kristal-e-qarte-vazhdojeni-seancen\/#breadcrumb\"},\"inLanguage\":\"sq\",\"potentialAction\":[{\"@type\":\"ReadAction\",\"target\":[\"https:\/\/permbledhja.com\/presidentja-kristal-e-qarte-vazhdojeni-seancen\/\"]}]},{\"@type\":\"BreadcrumbList\",\"@id\":\"https:\/\/permbledhja.com\/presidentja-kristal-e-qarte-vazhdojeni-seancen\/#breadcrumb\",\"itemListElement\":[{\"@type\":\"ListItem\",\"position\":1,\"name\":\"Ballina\",\"item\":\"https:\/\/permbledhja.com\/sq\/\"},{\"@type\":\"ListItem\",\"position\":2,\"name\":\"Presidentja kristal e qart\u00eb: Vazhdojeni seanc\u00ebn\"}]},{\"@type\":\"WebSite\",\"@id\":\"https:\/\/permbledhja.com\/#website\",\"url\":\"https:\/\/permbledhja.com\/\",\"name\":\"Ve\u00e7 artikuj p\u00ebrmbledh\u00ebs\",\"description\":\"\",\"publisher\":{\"@id\":\"https:\/\/permbledhja.com\/#organization\"},\"potentialAction\":[{\"@type\":\"SearchAction\",\"target\":{\"@type\":\"EntryPoint\",\"urlTemplate\":\"https:\/\/permbledhja.com\/?s={search_term_string}\"},\"query-input\":\"required name=search_term_string\"}],\"inLanguage\":\"sq\"},{\"@type\":\"Organization\",\"@id\":\"https:\/\/permbledhja.com\/#organization\",\"name\":\"MK Media & Pr\",\"url\":\"https:\/\/permbledhja.com\/\",\"logo\":{\"@type\":\"ImageObject\",\"inLanguage\":\"sq\",\"@id\":\"https:\/\/permbledhja.com\/#\/schema\/logo\/image\/\",\"url\":\"https:\/\/permbledhja.com\/wp-content\/uploads\/2021\/12\/07-Press-Logo.jpg\",\"contentUrl\":\"https:\/\/permbledhja.com\/wp-content\/uploads\/2021\/12\/07-Press-Logo.jpg\",\"width\":512,\"height\":512,\"caption\":\"MK Media & Pr\"},\"image\":{\"@id\":\"https:\/\/permbledhja.com\/#\/schema\/logo\/image\/\"},\"sameAs\":[\"https:\/\/www.facebook.com\/press07\/\"]},{\"@type\":\"Person\",\"@id\":\"https:\/\/permbledhja.com\/#\/schema\/person\/0d064377258d3221e50693947b9eb4fe\",\"name\":\"P\u00ebrmbledhja\",\"image\":{\"@type\":\"ImageObject\",\"inLanguage\":\"sq\",\"@id\":\"https:\/\/permbledhja.com\/#\/schema\/person\/image\/\",\"url\":\"https:\/\/permbledhja.com\/wp-content\/uploads\/2026\/01\/452004717_1040944174702970_8932037511805513407_n-96x96.jpg\",\"contentUrl\":\"https:\/\/permbledhja.com\/wp-content\/uploads\/2026\/01\/452004717_1040944174702970_8932037511805513407_n-96x96.jpg\",\"caption\":\"P\u00ebrmbledhja\"},\"sameAs\":[\"https:\/\/www.facebook.com\/kafexhiu.muharrem\/\",\"https:\/\/www.instagram.com\/muharrem_kafexhiu\/\"],\"url\":\"https:\/\/permbledhja.com\/sq\/author\/admin\/\"}]}<\/script>\n<!-- \/ Yoast SEO plugin. -->","yoast_head_json":{"title":"Presidentja kristal e qart\u00eb: Vazhdojeni seanc\u00ebn","robots":{"index":"index","follow":"follow","max-snippet":"max-snippet:-1","max-image-preview":"max-image-preview:large","max-video-preview":"max-video-preview:-1"},"canonical":"https:\/\/permbledhja.com\/sq\/presidentja-kristal-e-qarte-vazhdojeni-seancen\/","og_locale":"sq_AL","og_type":"article","og_title":"Presidentja kristal e qart\u00eb: Vazhdojeni seanc\u00ebn","og_description":"Presidentja Vjosa Osmani i ka kthyer p\u00ebrgjigje kryesuesit t\u00eb seanc\u00ebs konstituive, Avni Dehari, i cili iu drejtua asaj me k\u00ebrkes\u00ebn p\u00ebr \u201csugjerime\u201d pasi e nd\u00ebrpreu seanc\u00ebn p\u00ebr shkak t\u00eb mosmiratimit t\u00eb raportit t\u00eb Komisionit t\u00eb p\u00ebrkohsh\u00ebm p\u00ebr verifikimin e mandateve. N\u00eb k\u00ebt\u00eb let\u00ebr, Osmani thot\u00eb se Kushtetuta i detyron t\u00eb jet\u00ebsojn\u00eb e jo t\u00eb bllokojn\u00eb [&hellip;]","og_url":"https:\/\/permbledhja.com\/sq\/presidentja-kristal-e-qarte-vazhdojeni-seancen\/","og_site_name":"Ve\u00e7 artikuj p\u00ebrmbledh\u00ebs","article_publisher":"https:\/\/www.facebook.com\/press07\/","article_author":"https:\/\/www.facebook.com\/kafexhiu.muharrem\/","article_published_time":"2025-04-16T15:29:34+00:00","og_image":[{"width":1200,"height":799,"url":"https:\/\/permbledhja.com\/wp-content\/uploads\/2024\/05\/standard_compressed_Vjosa_Osmani.jpg","type":"image\/jpeg"}],"author":"P\u00ebrmbledhja","twitter_card":"summary_large_image","twitter_misc":{"Written by":"P\u00ebrmbledhja","Est. reading time":"2 minuta"},"schema":{"@context":"https:\/\/schema.org","@graph":[{"@type":"Article","@id":"https:\/\/permbledhja.com\/presidentja-kristal-e-qarte-vazhdojeni-seancen\/#article","isPartOf":{"@id":"https:\/\/permbledhja.com\/presidentja-kristal-e-qarte-vazhdojeni-seancen\/"},"author":{"name":"P\u00ebrmbledhja","@id":"https:\/\/permbledhja.com\/#\/schema\/person\/0d064377258d3221e50693947b9eb4fe"},"headline":"Presidentja kristal e qart\u00eb: Vazhdojeni seanc\u00ebn","datePublished":"2025-04-16T15:29:34+00:00","dateModified":"2025-04-16T15:29:34+00:00","mainEntityOfPage":{"@id":"https:\/\/permbledhja.com\/presidentja-kristal-e-qarte-vazhdojeni-seancen\/"},"wordCount":274,"publisher":{"@id":"https:\/\/permbledhja.com\/#organization"},"keywords":["Vjosa Osmani"],"articleSection":["Kryesore"],"inLanguage":"sq"},{"@type":"WebPage","@id":"https:\/\/permbledhja.com\/presidentja-kristal-e-qarte-vazhdojeni-seancen\/","url":"https:\/\/permbledhja.com\/presidentja-kristal-e-qarte-vazhdojeni-seancen\/","name":"Presidentja kristal e qart\u00eb: Vazhdojeni seanc\u00ebn","isPartOf":{"@id":"https:\/\/permbledhja.com\/#website"},"datePublished":"2025-04-16T15:29:34+00:00","dateModified":"2025-04-16T15:29:34+00:00","breadcrumb":{"@id":"https:\/\/permbledhja.com\/presidentja-kristal-e-qarte-vazhdojeni-seancen\/#breadcrumb"},"inLanguage":"sq","potentialAction":[{"@type":"ReadAction","target":["https:\/\/permbledhja.com\/presidentja-kristal-e-qarte-vazhdojeni-seancen\/"]}]},{"@type":"BreadcrumbList","@id":"https:\/\/permbledhja.com\/presidentja-kristal-e-qarte-vazhdojeni-seancen\/#breadcrumb","itemListElement":[{"@type":"ListItem","position":1,"name":"Ballina","item":"https:\/\/permbledhja.com\/sq\/"},{"@type":"ListItem","position":2,"name":"Presidentja kristal e qart\u00eb: Vazhdojeni seanc\u00ebn"}]},{"@type":"WebSite","@id":"https:\/\/permbledhja.com\/#website","url":"https:\/\/permbledhja.com\/","name":"Ve\u00e7 artikuj p\u00ebrmbledh\u00ebs","description":"","publisher":{"@id":"https:\/\/permbledhja.com\/#organization"},"potentialAction":[{"@type":"SearchAction","target":{"@type":"EntryPoint","urlTemplate":"https:\/\/permbledhja.com\/?s={search_term_string}"},"query-input":"required name=search_term_string"}],"inLanguage":"sq"},{"@type":"Organization","@id":"https:\/\/permbledhja.com\/#organization","name":"MK Media & Pr","url":"https:\/\/permbledhja.com\/","logo":{"@type":"ImageObject","inLanguage":"sq","@id":"https:\/\/permbledhja.com\/#\/schema\/logo\/image\/","url":"https:\/\/permbledhja.com\/wp-content\/uploads\/2021\/12\/07-Press-Logo.jpg","contentUrl":"https:\/\/permbledhja.com\/wp-content\/uploads\/2021\/12\/07-Press-Logo.jpg","width":512,"height":512,"caption":"MK Media & Pr"},"image":{"@id":"https:\/\/permbledhja.com\/#\/schema\/logo\/image\/"},"sameAs":["https:\/\/www.facebook.com\/press07\/"]},{"@type":"Person","@id":"https:\/\/permbledhja.com\/#\/schema\/person\/0d064377258d3221e50693947b9eb4fe","name":"P\u00ebrmbledhja","image":{"@type":"ImageObject","inLanguage":"sq","@id":"https:\/\/permbledhja.com\/#\/schema\/person\/image\/","url":"https:\/\/permbledhja.com\/wp-content\/uploads\/2026\/01\/452004717_1040944174702970_8932037511805513407_n-96x96.jpg","contentUrl":"https:\/\/permbledhja.com\/wp-content\/uploads\/2026\/01\/452004717_1040944174702970_8932037511805513407_n-96x96.jpg","caption":"P\u00ebrmbledhja"},"sameAs":["https:\/\/www.facebook.com\/kafexhiu.muharrem\/","https:\/\/www.instagram.com\/muharrem_kafexhiu\/"],"url":"https:\/\/permbledhja.com\/sq\/author\/admin\/"}]}},"_links":{"self":[{"href":"https:\/\/permbledhja.com\/sq\/wp-json\/wp\/v2\/posts\/71718"}],"collection":[{"href":"https:\/\/permbledhja.com\/sq\/wp-json\/wp\/v2\/posts"}],"about":[{"href":"https:\/\/permbledhja.com\/sq\/wp-json\/wp\/v2\/types\/post"}],"author":[{"embeddable":true,"href":"https:\/\/permbledhja.com\/sq\/wp-json\/wp\/v2\/users\/1"}],"replies":[{"embeddable":true,"href":"https:\/\/permbledhja.com\/sq\/wp-json\/wp\/v2\/comments?post=71718"}],"version-history":[{"count":1,"href":"https:\/\/permbledhja.com\/sq\/wp-json\/wp\/v2\/posts\/71718\/revisions"}],"predecessor-version":[{"id":71719,"href":"https:\/\/permbledhja.com\/sq\/wp-json\/wp\/v2\/posts\/71718\/revisions\/71719"}],"wp:featuredmedia":[{"embeddable":true,"href":"https:\/\/permbledhja.com\/sq\/wp-json\/wp\/v2\/media\/64621"}],"wp:attachment":[{"href":"https:\/\/permbledhja.com\/sq\/wp-json\/wp\/v2\/media?parent=71718"}],"wp:term":[{"taxonomy":"category","embeddable":true,"href":"https:\/\/permbledhja.com\/sq\/wp-json\/wp\/v2\/categories?post=71718"},{"taxonomy":"post_tag","embeddable":true,"href":"https:\/\/permbledhja.com\/sq\/wp-json\/wp\/v2\/tags?post=71718"}],"curies":[{"name":"wp","href":"https:\/\/api.w.org\/{rel}","templated":true}]}}