{"id":71454,"date":"2025-03-19T11:29:39","date_gmt":"2025-03-19T11:29:39","guid":{"rendered":"https:\/\/permbledhja.com\/?p=71454"},"modified":"2025-03-19T11:29:39","modified_gmt":"2025-03-19T11:29:39","slug":"neser-behet-varrimi-i-viktimave-te-tragjedise-se-kocanit-organizimi-do-te-behet-ne-koordinim-me-familjet","status":"publish","type":"post","link":"https:\/\/permbledhja.com\/sq\/neser-behet-varrimi-i-viktimave-te-tragjedise-se-kocanit-organizimi-do-te-behet-ne-koordinim-me-familjet\/","title":{"rendered":"Nes\u00ebr b\u00ebhet varrimi i viktimave t\u00eb tragjedis\u00eb s\u00eb Ko\u00e7anit, organizimi do t\u00eb b\u00ebhet n\u00eb koordinim me familjet"},"content":{"rendered":"<p><strong>T\u00eb enjten pritet t\u00eb b\u00ebhet varrimi i 59 viktimave q\u00eb humb\u00ebn jet\u00ebn nga tragjedia e 16 marsit n\u00eb klubin \u201cPulse\u201d n\u00eb Ko\u00e7an.<\/strong><\/p>\n<p>Lamtumira e fundit to t\u2019u jepet viktimave n\u00eb vendet e tyre t\u00eb lindjes, por shumica jan\u00eb nga Ko\u00e7ani.<\/p>\n<p>Ministri i Sh\u00ebndet\u00ebsis\u00eb Arben Taravari, njoftoi se transportimi i trupave t\u00eb pajet\u00eb do t\u00eb b\u00ebhet n\u00eb koordinim me familjet, n\u00ebse duan t\u2019i transportojn\u00eb privatisht apo me organizim t\u00eb shtetit.<\/p>\n<p>Un\u00eb kam informat\u00eb se n\u00eb mjek\u00ebsin\u00eb ligjore kan\u00eb mbaruar t\u00eb gjitha autopsit\u00eb dhe besoj se n\u00eb m\u00ebnyr\u00eb si kan\u00eb k\u00ebrkuar familjet e atyre q\u00eb kan\u00eb t\u00eb vdekur nga ky rast, privat apo do t\u00eb ket\u00eb organizim prej shtetit n\u00eb baz\u00eb t\u00eb koordinimit me ato, ashtu do t\u00eb veprojm\u00eb\u201d, tha Arben Taravari \u2013 Minist\u00ebr i Sh\u00ebndet\u00ebsis\u00eb.<\/p>\n<p>N\u00eb Ko\u00e7an tashm\u00eb jan\u00eb hapur varret. Nga Kisha Ortodokse Maqedonase, p\u00ebr Alsat njoftuan se varrimi pritet t\u00eb b\u00ebhet n\u00eb mesdit\u00eb.<\/p>\n<p>N\u00eb mesdit\u00eb n\u00eb Shkup, p\u00ebrkat\u00ebsisht n\u00eb Lisi\u00e7e dhe Butel pritet t\u00eb b\u00ebhet varrimi edhe i nj\u00eb pjese t\u00eb an\u00ebtar\u00ebve t\u00eb grupit muzikor DNK, t\u00eb cil\u00ebt ishin n\u00eb mesin e 59 viktimave.<\/p>\n<p>Ceremoni varrimi nes\u00ebr do t\u00eb b\u00ebhen n\u00eb Ko\u00e7an, Shtip, Vinic\u00eb, Z\u00ebrnoc, Makedonska Kamenic\u00eb, \u00c7eshinov\u00eb- Obleshev\u00eb, Probishtip dhe n\u00eb Shkup. Varrimi pritet t\u00eb b\u00ebhet me nderimet m\u00eb t\u00eb larta shtet\u00ebrore.\/ Alsat.mk<\/p>\n","protected":false},"excerpt":{"rendered":"<p>T\u00eb enjten pritet t\u00eb b\u00ebhet varrimi i 59 viktimave q\u00eb humb\u00ebn jet\u00ebn nga tragjedia e 16 marsit n\u00eb klubin \u201cPulse\u201d n\u00eb Ko\u00e7an. Lamtumira e fundit to t\u2019u jepet viktimave n\u00eb vendet e tyre t\u00eb lindjes, por shumica jan\u00eb nga Ko\u00e7ani. Ministri i Sh\u00ebndet\u00ebsis\u00eb Arben Taravari, njoftoi se transportimi i trupave t\u00eb pajet\u00eb do t\u00eb b\u00ebhet [&hellip;]<\/p>\n","protected":false},"author":1,"featured_media":71455,"comment_status":"closed","ping_status":"closed","sticky":false,"template":"","format":"standard","meta":{"_monsterinsights_skip_tracking":false,"_monsterinsights_sitenote_active":false,"_monsterinsights_sitenote_note":"","_monsterinsights_sitenote_category":0,"_uf_show_specific_survey":0,"_uf_disable_surveys":false,"footnotes":""},"categories":[3324],"tags":[3485],"yoast_head":"<!-- This site is optimized with the Yoast SEO plugin v21.5 - https:\/\/yoast.com\/wordpress\/plugins\/seo\/ -->\n<title>Nes\u00ebr b\u00ebhet varrimi i viktimave t\u00eb tragjedis\u00eb s\u00eb Ko\u00e7anit, organizimi do t\u00eb b\u00ebhet n\u00eb koordinim me familjet<\/title>\n<meta name=\"robots\" content=\"index, follow, max-snippet:-1, max-image-preview:large, max-video-preview:-1\" \/>\n<link rel=\"canonical\" href=\"https:\/\/permbledhja.com\/sq\/neser-behet-varrimi-i-viktimave-te-tragjedise-se-kocanit-organizimi-do-te-behet-ne-koordinim-me-familjet\/\" \/>\n<meta property=\"og:locale\" content=\"sq_AL\" \/>\n<meta property=\"og:type\" content=\"article\" \/>\n<meta property=\"og:title\" content=\"Nes\u00ebr b\u00ebhet varrimi i viktimave t\u00eb tragjedis\u00eb s\u00eb Ko\u00e7anit, organizimi do t\u00eb b\u00ebhet n\u00eb koordinim me familjet\" \/>\n<meta property=\"og:description\" content=\"T\u00eb enjten pritet t\u00eb b\u00ebhet varrimi i 59 viktimave q\u00eb humb\u00ebn jet\u00ebn nga tragjedia e 16 marsit n\u00eb klubin \u201cPulse\u201d n\u00eb Ko\u00e7an. Lamtumira e fundit to t\u2019u jepet viktimave n\u00eb vendet e tyre t\u00eb lindjes, por shumica jan\u00eb nga Ko\u00e7ani. Ministri i Sh\u00ebndet\u00ebsis\u00eb Arben Taravari, njoftoi se transportimi i trupave t\u00eb pajet\u00eb do t\u00eb b\u00ebhet [&hellip;]\" \/>\n<meta property=\"og:url\" content=\"https:\/\/permbledhja.com\/sq\/neser-behet-varrimi-i-viktimave-te-tragjedise-se-kocanit-organizimi-do-te-behet-ne-koordinim-me-familjet\/\" \/>\n<meta property=\"og:site_name\" content=\"Ve\u00e7 artikuj p\u00ebrmbledh\u00ebs\" \/>\n<meta property=\"article:publisher\" content=\"https:\/\/www.facebook.com\/press07\/\" \/>\n<meta property=\"article:author\" content=\"https:\/\/www.facebook.com\/kafexhiu.muharrem\/\" \/>\n<meta property=\"article:published_time\" content=\"2025-03-19T11:29:39+00:00\" \/>\n<meta property=\"og:image\" content=\"https:\/\/permbledhja.com\/wp-content\/uploads\/2025\/03\/6A222FCD-9A5A-41EA-9124-A9AFA7BE87B4.png\" \/>\n\t<meta property=\"og:image:width\" content=\"780\" \/>\n\t<meta property=\"og:image:height\" content=\"470\" \/>\n\t<meta property=\"og:image:type\" content=\"image\/png\" \/>\n<meta name=\"author\" content=\"P\u00ebrmbledhja\" \/>\n<meta name=\"twitter:card\" content=\"summary_large_image\" \/>\n<meta name=\"twitter:label1\" content=\"Written by\" \/>\n\t<meta name=\"twitter:data1\" content=\"P\u00ebrmbledhja\" \/>\n\t<meta name=\"twitter:label2\" content=\"Est. reading time\" \/>\n\t<meta name=\"twitter:data2\" content=\"2 minuta\" \/>\n<script type=\"application\/ld+json\" class=\"yoast-schema-graph\">{\"@context\":\"https:\/\/schema.org\",\"@graph\":[{\"@type\":\"Article\",\"@id\":\"https:\/\/permbledhja.com\/neser-behet-varrimi-i-viktimave-te-tragjedise-se-kocanit-organizimi-do-te-behet-ne-koordinim-me-familjet\/#article\",\"isPartOf\":{\"@id\":\"https:\/\/permbledhja.com\/neser-behet-varrimi-i-viktimave-te-tragjedise-se-kocanit-organizimi-do-te-behet-ne-koordinim-me-familjet\/\"},\"author\":{\"name\":\"P\u00ebrmbledhja\",\"@id\":\"https:\/\/permbledhja.com\/#\/schema\/person\/0d064377258d3221e50693947b9eb4fe\"},\"headline\":\"Nes\u00ebr b\u00ebhet varrimi i viktimave t\u00eb tragjedis\u00eb s\u00eb Ko\u00e7anit, organizimi do t\u00eb b\u00ebhet n\u00eb koordinim me familjet\",\"datePublished\":\"2025-03-19T11:29:39+00:00\",\"dateModified\":\"2025-03-19T11:29:39+00:00\",\"mainEntityOfPage\":{\"@id\":\"https:\/\/permbledhja.com\/neser-behet-varrimi-i-viktimave-te-tragjedise-se-kocanit-organizimi-do-te-behet-ne-koordinim-me-familjet\/\"},\"wordCount\":257,\"publisher\":{\"@id\":\"https:\/\/permbledhja.com\/#organization\"},\"keywords\":[\"Ko\u00e7an\"],\"articleSection\":[\"Dyt\u00ebsore\"],\"inLanguage\":\"sq\"},{\"@type\":\"WebPage\",\"@id\":\"https:\/\/permbledhja.com\/neser-behet-varrimi-i-viktimave-te-tragjedise-se-kocanit-organizimi-do-te-behet-ne-koordinim-me-familjet\/\",\"url\":\"https:\/\/permbledhja.com\/neser-behet-varrimi-i-viktimave-te-tragjedise-se-kocanit-organizimi-do-te-behet-ne-koordinim-me-familjet\/\",\"name\":\"Nes\u00ebr b\u00ebhet varrimi i viktimave t\u00eb tragjedis\u00eb s\u00eb Ko\u00e7anit, organizimi do t\u00eb b\u00ebhet n\u00eb koordinim me familjet\",\"isPartOf\":{\"@id\":\"https:\/\/permbledhja.com\/#website\"},\"datePublished\":\"2025-03-19T11:29:39+00:00\",\"dateModified\":\"2025-03-19T11:29:39+00:00\",\"breadcrumb\":{\"@id\":\"https:\/\/permbledhja.com\/neser-behet-varrimi-i-viktimave-te-tragjedise-se-kocanit-organizimi-do-te-behet-ne-koordinim-me-familjet\/#breadcrumb\"},\"inLanguage\":\"sq\",\"potentialAction\":[{\"@type\":\"ReadAction\",\"target\":[\"https:\/\/permbledhja.com\/neser-behet-varrimi-i-viktimave-te-tragjedise-se-kocanit-organizimi-do-te-behet-ne-koordinim-me-familjet\/\"]}]},{\"@type\":\"BreadcrumbList\",\"@id\":\"https:\/\/permbledhja.com\/neser-behet-varrimi-i-viktimave-te-tragjedise-se-kocanit-organizimi-do-te-behet-ne-koordinim-me-familjet\/#breadcrumb\",\"itemListElement\":[{\"@type\":\"ListItem\",\"position\":1,\"name\":\"Ballina\",\"item\":\"https:\/\/permbledhja.com\/sq\/\"},{\"@type\":\"ListItem\",\"position\":2,\"name\":\"Nes\u00ebr b\u00ebhet varrimi i viktimave t\u00eb tragjedis\u00eb s\u00eb Ko\u00e7anit, organizimi do t\u00eb b\u00ebhet n\u00eb koordinim me familjet\"}]},{\"@type\":\"WebSite\",\"@id\":\"https:\/\/permbledhja.com\/#website\",\"url\":\"https:\/\/permbledhja.com\/\",\"name\":\"Ve\u00e7 artikuj p\u00ebrmbledh\u00ebs\",\"description\":\"\",\"publisher\":{\"@id\":\"https:\/\/permbledhja.com\/#organization\"},\"potentialAction\":[{\"@type\":\"SearchAction\",\"target\":{\"@type\":\"EntryPoint\",\"urlTemplate\":\"https:\/\/permbledhja.com\/?s={search_term_string}\"},\"query-input\":\"required name=search_term_string\"}],\"inLanguage\":\"sq\"},{\"@type\":\"Organization\",\"@id\":\"https:\/\/permbledhja.com\/#organization\",\"name\":\"MK Media & Pr\",\"url\":\"https:\/\/permbledhja.com\/\",\"logo\":{\"@type\":\"ImageObject\",\"inLanguage\":\"sq\",\"@id\":\"https:\/\/permbledhja.com\/#\/schema\/logo\/image\/\",\"url\":\"https:\/\/permbledhja.com\/wp-content\/uploads\/2021\/12\/07-Press-Logo.jpg\",\"contentUrl\":\"https:\/\/permbledhja.com\/wp-content\/uploads\/2021\/12\/07-Press-Logo.jpg\",\"width\":512,\"height\":512,\"caption\":\"MK Media & Pr\"},\"image\":{\"@id\":\"https:\/\/permbledhja.com\/#\/schema\/logo\/image\/\"},\"sameAs\":[\"https:\/\/www.facebook.com\/press07\/\"]},{\"@type\":\"Person\",\"@id\":\"https:\/\/permbledhja.com\/#\/schema\/person\/0d064377258d3221e50693947b9eb4fe\",\"name\":\"P\u00ebrmbledhja\",\"image\":{\"@type\":\"ImageObject\",\"inLanguage\":\"sq\",\"@id\":\"https:\/\/permbledhja.com\/#\/schema\/person\/image\/\",\"url\":\"https:\/\/permbledhja.com\/wp-content\/uploads\/2026\/01\/452004717_1040944174702970_8932037511805513407_n-96x96.jpg\",\"contentUrl\":\"https:\/\/permbledhja.com\/wp-content\/uploads\/2026\/01\/452004717_1040944174702970_8932037511805513407_n-96x96.jpg\",\"caption\":\"P\u00ebrmbledhja\"},\"sameAs\":[\"https:\/\/www.facebook.com\/kafexhiu.muharrem\/\",\"https:\/\/www.instagram.com\/muharrem_kafexhiu\/\"],\"url\":\"https:\/\/permbledhja.com\/sq\/author\/admin\/\"}]}<\/script>\n<!-- \/ Yoast SEO plugin. -->","yoast_head_json":{"title":"Nes\u00ebr b\u00ebhet varrimi i viktimave t\u00eb tragjedis\u00eb s\u00eb Ko\u00e7anit, organizimi do t\u00eb b\u00ebhet n\u00eb koordinim me familjet","robots":{"index":"index","follow":"follow","max-snippet":"max-snippet:-1","max-image-preview":"max-image-preview:large","max-video-preview":"max-video-preview:-1"},"canonical":"https:\/\/permbledhja.com\/sq\/neser-behet-varrimi-i-viktimave-te-tragjedise-se-kocanit-organizimi-do-te-behet-ne-koordinim-me-familjet\/","og_locale":"sq_AL","og_type":"article","og_title":"Nes\u00ebr b\u00ebhet varrimi i viktimave t\u00eb tragjedis\u00eb s\u00eb Ko\u00e7anit, organizimi do t\u00eb b\u00ebhet n\u00eb koordinim me familjet","og_description":"T\u00eb enjten pritet t\u00eb b\u00ebhet varrimi i 59 viktimave q\u00eb humb\u00ebn jet\u00ebn nga tragjedia e 16 marsit n\u00eb klubin \u201cPulse\u201d n\u00eb Ko\u00e7an. Lamtumira e fundit to t\u2019u jepet viktimave n\u00eb vendet e tyre t\u00eb lindjes, por shumica jan\u00eb nga Ko\u00e7ani. Ministri i Sh\u00ebndet\u00ebsis\u00eb Arben Taravari, njoftoi se transportimi i trupave t\u00eb pajet\u00eb do t\u00eb b\u00ebhet [&hellip;]","og_url":"https:\/\/permbledhja.com\/sq\/neser-behet-varrimi-i-viktimave-te-tragjedise-se-kocanit-organizimi-do-te-behet-ne-koordinim-me-familjet\/","og_site_name":"Ve\u00e7 artikuj p\u00ebrmbledh\u00ebs","article_publisher":"https:\/\/www.facebook.com\/press07\/","article_author":"https:\/\/www.facebook.com\/kafexhiu.muharrem\/","article_published_time":"2025-03-19T11:29:39+00:00","og_image":[{"width":780,"height":470,"url":"https:\/\/permbledhja.com\/wp-content\/uploads\/2025\/03\/6A222FCD-9A5A-41EA-9124-A9AFA7BE87B4.png","type":"image\/png"}],"author":"P\u00ebrmbledhja","twitter_card":"summary_large_image","twitter_misc":{"Written by":"P\u00ebrmbledhja","Est. reading time":"2 minuta"},"schema":{"@context":"https:\/\/schema.org","@graph":[{"@type":"Article","@id":"https:\/\/permbledhja.com\/neser-behet-varrimi-i-viktimave-te-tragjedise-se-kocanit-organizimi-do-te-behet-ne-koordinim-me-familjet\/#article","isPartOf":{"@id":"https:\/\/permbledhja.com\/neser-behet-varrimi-i-viktimave-te-tragjedise-se-kocanit-organizimi-do-te-behet-ne-koordinim-me-familjet\/"},"author":{"name":"P\u00ebrmbledhja","@id":"https:\/\/permbledhja.com\/#\/schema\/person\/0d064377258d3221e50693947b9eb4fe"},"headline":"Nes\u00ebr b\u00ebhet varrimi i viktimave t\u00eb tragjedis\u00eb s\u00eb Ko\u00e7anit, organizimi do t\u00eb b\u00ebhet n\u00eb koordinim me familjet","datePublished":"2025-03-19T11:29:39+00:00","dateModified":"2025-03-19T11:29:39+00:00","mainEntityOfPage":{"@id":"https:\/\/permbledhja.com\/neser-behet-varrimi-i-viktimave-te-tragjedise-se-kocanit-organizimi-do-te-behet-ne-koordinim-me-familjet\/"},"wordCount":257,"publisher":{"@id":"https:\/\/permbledhja.com\/#organization"},"keywords":["Ko\u00e7an"],"articleSection":["Dyt\u00ebsore"],"inLanguage":"sq"},{"@type":"WebPage","@id":"https:\/\/permbledhja.com\/neser-behet-varrimi-i-viktimave-te-tragjedise-se-kocanit-organizimi-do-te-behet-ne-koordinim-me-familjet\/","url":"https:\/\/permbledhja.com\/neser-behet-varrimi-i-viktimave-te-tragjedise-se-kocanit-organizimi-do-te-behet-ne-koordinim-me-familjet\/","name":"Nes\u00ebr b\u00ebhet varrimi i viktimave t\u00eb tragjedis\u00eb s\u00eb Ko\u00e7anit, organizimi do t\u00eb b\u00ebhet n\u00eb koordinim me familjet","isPartOf":{"@id":"https:\/\/permbledhja.com\/#website"},"datePublished":"2025-03-19T11:29:39+00:00","dateModified":"2025-03-19T11:29:39+00:00","breadcrumb":{"@id":"https:\/\/permbledhja.com\/neser-behet-varrimi-i-viktimave-te-tragjedise-se-kocanit-organizimi-do-te-behet-ne-koordinim-me-familjet\/#breadcrumb"},"inLanguage":"sq","potentialAction":[{"@type":"ReadAction","target":["https:\/\/permbledhja.com\/neser-behet-varrimi-i-viktimave-te-tragjedise-se-kocanit-organizimi-do-te-behet-ne-koordinim-me-familjet\/"]}]},{"@type":"BreadcrumbList","@id":"https:\/\/permbledhja.com\/neser-behet-varrimi-i-viktimave-te-tragjedise-se-kocanit-organizimi-do-te-behet-ne-koordinim-me-familjet\/#breadcrumb","itemListElement":[{"@type":"ListItem","position":1,"name":"Ballina","item":"https:\/\/permbledhja.com\/sq\/"},{"@type":"ListItem","position":2,"name":"Nes\u00ebr b\u00ebhet varrimi i viktimave t\u00eb tragjedis\u00eb s\u00eb Ko\u00e7anit, organizimi do t\u00eb b\u00ebhet n\u00eb koordinim me familjet"}]},{"@type":"WebSite","@id":"https:\/\/permbledhja.com\/#website","url":"https:\/\/permbledhja.com\/","name":"Ve\u00e7 artikuj p\u00ebrmbledh\u00ebs","description":"","publisher":{"@id":"https:\/\/permbledhja.com\/#organization"},"potentialAction":[{"@type":"SearchAction","target":{"@type":"EntryPoint","urlTemplate":"https:\/\/permbledhja.com\/?s={search_term_string}"},"query-input":"required name=search_term_string"}],"inLanguage":"sq"},{"@type":"Organization","@id":"https:\/\/permbledhja.com\/#organization","name":"MK Media & Pr","url":"https:\/\/permbledhja.com\/","logo":{"@type":"ImageObject","inLanguage":"sq","@id":"https:\/\/permbledhja.com\/#\/schema\/logo\/image\/","url":"https:\/\/permbledhja.com\/wp-content\/uploads\/2021\/12\/07-Press-Logo.jpg","contentUrl":"https:\/\/permbledhja.com\/wp-content\/uploads\/2021\/12\/07-Press-Logo.jpg","width":512,"height":512,"caption":"MK Media & Pr"},"image":{"@id":"https:\/\/permbledhja.com\/#\/schema\/logo\/image\/"},"sameAs":["https:\/\/www.facebook.com\/press07\/"]},{"@type":"Person","@id":"https:\/\/permbledhja.com\/#\/schema\/person\/0d064377258d3221e50693947b9eb4fe","name":"P\u00ebrmbledhja","image":{"@type":"ImageObject","inLanguage":"sq","@id":"https:\/\/permbledhja.com\/#\/schema\/person\/image\/","url":"https:\/\/permbledhja.com\/wp-content\/uploads\/2026\/01\/452004717_1040944174702970_8932037511805513407_n-96x96.jpg","contentUrl":"https:\/\/permbledhja.com\/wp-content\/uploads\/2026\/01\/452004717_1040944174702970_8932037511805513407_n-96x96.jpg","caption":"P\u00ebrmbledhja"},"sameAs":["https:\/\/www.facebook.com\/kafexhiu.muharrem\/","https:\/\/www.instagram.com\/muharrem_kafexhiu\/"],"url":"https:\/\/permbledhja.com\/sq\/author\/admin\/"}]}},"_links":{"self":[{"href":"https:\/\/permbledhja.com\/sq\/wp-json\/wp\/v2\/posts\/71454"}],"collection":[{"href":"https:\/\/permbledhja.com\/sq\/wp-json\/wp\/v2\/posts"}],"about":[{"href":"https:\/\/permbledhja.com\/sq\/wp-json\/wp\/v2\/types\/post"}],"author":[{"embeddable":true,"href":"https:\/\/permbledhja.com\/sq\/wp-json\/wp\/v2\/users\/1"}],"replies":[{"embeddable":true,"href":"https:\/\/permbledhja.com\/sq\/wp-json\/wp\/v2\/comments?post=71454"}],"version-history":[{"count":1,"href":"https:\/\/permbledhja.com\/sq\/wp-json\/wp\/v2\/posts\/71454\/revisions"}],"predecessor-version":[{"id":71456,"href":"https:\/\/permbledhja.com\/sq\/wp-json\/wp\/v2\/posts\/71454\/revisions\/71456"}],"wp:featuredmedia":[{"embeddable":true,"href":"https:\/\/permbledhja.com\/sq\/wp-json\/wp\/v2\/media\/71455"}],"wp:attachment":[{"href":"https:\/\/permbledhja.com\/sq\/wp-json\/wp\/v2\/media?parent=71454"}],"wp:term":[{"taxonomy":"category","embeddable":true,"href":"https:\/\/permbledhja.com\/sq\/wp-json\/wp\/v2\/categories?post=71454"},{"taxonomy":"post_tag","embeddable":true,"href":"https:\/\/permbledhja.com\/sq\/wp-json\/wp\/v2\/tags?post=71454"}],"curies":[{"name":"wp","href":"https:\/\/api.w.org\/{rel}","templated":true}]}}