{"id":71426,"date":"2025-03-17T11:04:49","date_gmt":"2025-03-17T11:04:49","guid":{"rendered":"https:\/\/permbledhja.com\/?p=71426"},"modified":"2025-03-17T11:04:49","modified_gmt":"2025-03-17T11:04:49","slug":"nacionale-mbreme-u-takuan-hamza-e-abdixhiku","status":"publish","type":"post","link":"https:\/\/permbledhja.com\/sq\/nacionale-mbreme-u-takuan-hamza-e-abdixhiku\/","title":{"rendered":"Nacionale: Mbr\u00ebm\u00eb u takuan Hamza e Abdixhiku"},"content":{"rendered":"<p><b>Bedri Hamza dhe Lumir Abdixhiku jan\u00eb takuar mbr\u00ebm\u00eb, ka marr\u00eb vesh gazeta Nacionale nga burime t\u00eb mir\u00ebinformuara. <\/b><\/p>\n<p>Dy krer\u00ebt e partive ish-opozitare, si\u00e7 kemi kuptuar, kan\u00eb zhvilluar takim n\u00eb <i>frym\u00eb konstruktive.<\/i><\/p>\n<p>Nuk dihet t\u00eb jet\u00eb arritur ndofar\u00eb pajtimi, por se Hamza ka tash e m\u00ebse nj\u00eb muaj q\u00eb e ka ftuar Abdixhikun p\u00ebr t\u00eb par\u00eb modalitete t\u00eb nj\u00eb qeverie t\u00eb opozit\u00ebs.<\/p>\n<p>Kjo n\u00eb skenarin \u2013 jo larg mend\u00ebsh \u2013 kur Vet\u00ebvendosja, si e para n\u00eb zgjedhje dhe kushtetuetshm\u00ebrisht mandatare e par\u00eb p\u00ebr t\u00eb formuar qeveri, d\u00ebshton t\u00eb krijoj\u00eb shumic\u00eb parlamentare dhe t\u00eb nd\u00ebrtoj\u00eb qeveri.<\/p>\n<p>LDK e ka risjell\u00eb zotimin paralektoral se nuk b\u00ebhet pjes\u00eb e nj\u00eb qeverie ku s\u2019e drejton vet ekzekutivin.<\/p>\n<p>Hamza n\u00eb \u201cDebat Plus\u201d dit\u00ebve t\u00eb fundit as nuk pohoi as mohoi se do t\u00eb jepej karshi nj\u00eb q\u00ebndrimi t\u00eb till\u00eb t\u00eb LDK-s\u00eb, por \u00ebsht\u00eb shprehur thjesht se <i>\u201cnuk mbyll udh\u00eb\u201d.<\/i><\/p>\n<p>Abdixhiku, n\u00eb an\u00ebn tjet\u00ebr, \u00ebsht\u00eb shprehur, s\u00eb paku publikisht, se nuk d\u00ebshiron t\u00eb futet n\u00eb qeveri <i>\u201ckat\u00ebr-pes\u00eb muajshe&#8230;tet\u00eb muajshe\u201d.<\/i><\/p>\n<p>Q\u00ebndrimin paszgjedhor LDK-ja e ka p\u00ebrshkruar si kategorikisht kund\u00ebr nj\u00eb qeverieje afatshkurte.<\/p>\n<p><i>\u201cPse duhet b\u00ebr\u00eb qeveri deri n\u00eb mars? Un\u00eb ve\u00e7 spo du me b\u00eb di\u00e7ka q\u00eb e penalizon LDK-n\u00eb e m\u00eb pas edhe Kosov\u00ebn. Sepse afatshkurtja nuk t\u00eb jep mund\u00ebsi p\u00ebr pun\u00eb\u201d<\/i>, tha Abdixhiku dit\u00ebve t\u00eb fundit n\u00eb \u201cRubikon\u201d.<\/p>\n<p>At\u00eb \u00e7ka kandidati i PDK-s\u00eb, Bedri Hamza dit\u00eb m\u00eb par\u00eb e dha sikur edhe qoft\u00eb \u201cp\u00ebr nj\u00eb vit\u201d mund t\u00eb kryhen pun\u00eb t\u00eb ndjeshme si \u201crritja e rrogave, e pastaj shkojm\u00eb n\u00eb zgjedhje, matemi\u201d, Abdixhiku e kund\u00ebrshtoi<\/p>\n<p><i>\u201cNuk futem p\u00ebr tet\u00eb muaj, nuk futem n\u00eb qeveri vet\u00ebm sa p\u00ebr t\u2019i rrit\u00eb disa rroga aty, edhe po shkojm\u00eb n\u00eb zgjedhje\u201d,<\/i> tha ai.<\/p>\n<p>Hamza n\u00eb an\u00ebn tjet\u00ebr u duk t\u2019i \u00e7oj\u00eb porosi Abdixhikut, p\u00ebr t\u00eb cilin tash e nj\u00eb muaj i ka b\u00ebr\u00eb ftes\u00eb p\u00ebr t\u00eb biseduar n\u00eb skenarin e pamund\u00ebsis\u00eb s\u00eb Vet\u00ebvendosjes p\u00ebr t\u00eb krijuar shumic\u00eb parlamentare dhe nd\u00ebrtuar qeveri; rrjedhimisht n\u00eb kalimin e mandatarit te partia e dyt\u00eb.<\/p>\n<p><i>\u201cN\u00ebse kjo nuk funksionon (at\u00ebher\u00eb) vjen te situata e tret\u00eb, q\u00eb nuk \u00ebsht\u00eb e mir\u00eb p\u00ebr vendin, jo e sh\u00ebndetshme: zgjedhjet (e reja). Por, kur shkohet n\u00eb zgjedhje ka p\u00ebrgjegj\u00ebsi edhe adres\u00eb kush ka kontribu q\u00eb vendi me shku n\u00eb zgjedhje, q\u00eb vendi mos m\u2019e pas institucioneve, q\u00eb me pas vakum institucional, mu prolongu \u00e7\u00ebshtjet<\/i>\u201d, tha Hamza.<\/p>\n<p>Hamza ishte m\u00eb mir\u00ebbesues se pse do t\u00eb duhej t\u00eb b\u00ebhej qeveri e re prej opozit\u00ebs, qoft\u00eb edhe afatshkurte: kryhen do pun\u00eb, dhe shkohet n\u00eb zgjedhje. pastaj &#8220;matemi&#8221;, tha ai.<\/p>\n<p>Qoft\u00eb brenda nj\u00eb viti, Hamza tha, mund t\u00eb arrihen rezultate t\u00eb ndjeshme.<\/p>\n<p><i>\u201cJam i bindur q\u00eb vitin e par\u00eb ato \u00e7ka kam premtu nj\u00eb pjes\u00eb t\u00eb r\u00ebnd\u00ebsishme t\u00eb tyre jan\u00eb t\u00eb mundshme me u realizu: rritja e pagave, t\u00eb pensioneve, krijimi i fondit shtet\u00ebror t\u00eb bursave&#8230;p\u00ebrfundimi i disa projekteve kapitale dhe p\u00ebrgatitja e fillimti t\u00eb disa t\u00eb tjerave,<\/i><\/p>\n<p><i>(Pas k\u00ebtyre) Shkojm\u00eb bre edhe n\u00eb zgjedhje, hajt edhe shkojm\u00eb n\u00eb zgjedhe. Cila \u00ebsht\u00eb alternativa. Kryjm\u00eb pun\u00eb, shkojm\u00eb n\u00eb zgjedhje, mat\u00ebm<\/i>\u201d, tha Hamza.<\/p>\n","protected":false},"excerpt":{"rendered":"<p>Bedri Hamza dhe Lumir Abdixhiku jan\u00eb takuar mbr\u00ebm\u00eb, ka marr\u00eb vesh gazeta Nacionale nga burime t\u00eb mir\u00ebinformuara. Dy krer\u00ebt e partive ish-opozitare, si\u00e7 kemi kuptuar, kan\u00eb zhvilluar takim n\u00eb frym\u00eb konstruktive. Nuk dihet t\u00eb jet\u00eb arritur ndofar\u00eb pajtimi, por se Hamza ka tash e m\u00ebse nj\u00eb muaj q\u00eb e ka ftuar Abdixhikun p\u00ebr t\u00eb par\u00eb [&hellip;]<\/p>\n","protected":false},"author":1,"featured_media":71427,"comment_status":"closed","ping_status":"closed","sticky":false,"template":"","format":"standard","meta":{"_monsterinsights_skip_tracking":false,"_monsterinsights_sitenote_active":false,"_monsterinsights_sitenote_note":"","_monsterinsights_sitenote_category":0,"_uf_show_specific_survey":0,"_uf_disable_surveys":false,"footnotes":""},"categories":[3325],"tags":[2981],"yoast_head":"<!-- This site is optimized with the Yoast SEO plugin v21.5 - https:\/\/yoast.com\/wordpress\/plugins\/seo\/ -->\n<title>Nacionale: Mbr\u00ebm\u00eb u takuan Hamza e Abdixhiku<\/title>\n<meta name=\"robots\" content=\"index, follow, max-snippet:-1, max-image-preview:large, max-video-preview:-1\" \/>\n<link rel=\"canonical\" href=\"https:\/\/permbledhja.com\/sq\/nacionale-mbreme-u-takuan-hamza-e-abdixhiku\/\" \/>\n<meta property=\"og:locale\" content=\"sq_AL\" \/>\n<meta property=\"og:type\" content=\"article\" \/>\n<meta property=\"og:title\" content=\"Nacionale: Mbr\u00ebm\u00eb u takuan Hamza e Abdixhiku\" \/>\n<meta property=\"og:description\" content=\"Bedri Hamza dhe Lumir Abdixhiku jan\u00eb takuar mbr\u00ebm\u00eb, ka marr\u00eb vesh gazeta Nacionale nga burime t\u00eb mir\u00ebinformuara. Dy krer\u00ebt e partive ish-opozitare, si\u00e7 kemi kuptuar, kan\u00eb zhvilluar takim n\u00eb frym\u00eb konstruktive. Nuk dihet t\u00eb jet\u00eb arritur ndofar\u00eb pajtimi, por se Hamza ka tash e m\u00ebse nj\u00eb muaj q\u00eb e ka ftuar Abdixhikun p\u00ebr t\u00eb par\u00eb [&hellip;]\" \/>\n<meta property=\"og:url\" content=\"https:\/\/permbledhja.com\/sq\/nacionale-mbreme-u-takuan-hamza-e-abdixhiku\/\" \/>\n<meta property=\"og:site_name\" content=\"Ve\u00e7 artikuj p\u00ebrmbledh\u00ebs\" \/>\n<meta property=\"article:publisher\" content=\"https:\/\/www.facebook.com\/press07\/\" \/>\n<meta property=\"article:author\" content=\"https:\/\/www.facebook.com\/kafexhiu.muharrem\/\" \/>\n<meta property=\"article:published_time\" content=\"2025-03-17T11:04:49+00:00\" \/>\n<meta property=\"og:image\" content=\"https:\/\/permbledhja.com\/wp-content\/uploads\/2025\/03\/F844D807-CC09-41C2-8AEA-3C12B2350F6A.jpeg\" \/>\n\t<meta property=\"og:image:width\" content=\"1164\" \/>\n\t<meta property=\"og:image:height\" content=\"890\" \/>\n\t<meta property=\"og:image:type\" content=\"image\/jpeg\" \/>\n<meta name=\"author\" content=\"P\u00ebrmbledhja\" \/>\n<meta name=\"twitter:card\" content=\"summary_large_image\" \/>\n<meta name=\"twitter:label1\" content=\"Written by\" \/>\n\t<meta name=\"twitter:data1\" content=\"P\u00ebrmbledhja\" \/>\n\t<meta name=\"twitter:label2\" content=\"Est. reading time\" \/>\n\t<meta name=\"twitter:data2\" content=\"3 minuta\" \/>\n<script type=\"application\/ld+json\" class=\"yoast-schema-graph\">{\"@context\":\"https:\/\/schema.org\",\"@graph\":[{\"@type\":\"Article\",\"@id\":\"https:\/\/permbledhja.com\/nacionale-mbreme-u-takuan-hamza-e-abdixhiku\/#article\",\"isPartOf\":{\"@id\":\"https:\/\/permbledhja.com\/nacionale-mbreme-u-takuan-hamza-e-abdixhiku\/\"},\"author\":{\"name\":\"P\u00ebrmbledhja\",\"@id\":\"https:\/\/permbledhja.com\/#\/schema\/person\/0d064377258d3221e50693947b9eb4fe\"},\"headline\":\"Nacionale: Mbr\u00ebm\u00eb u takuan Hamza e Abdixhiku\",\"datePublished\":\"2025-03-17T11:04:49+00:00\",\"dateModified\":\"2025-03-17T11:04:49+00:00\",\"mainEntityOfPage\":{\"@id\":\"https:\/\/permbledhja.com\/nacionale-mbreme-u-takuan-hamza-e-abdixhiku\/\"},\"wordCount\":558,\"publisher\":{\"@id\":\"https:\/\/permbledhja.com\/#organization\"},\"keywords\":[\"Koalicioni\"],\"articleSection\":[\"Kryesore\"],\"inLanguage\":\"sq\"},{\"@type\":\"WebPage\",\"@id\":\"https:\/\/permbledhja.com\/nacionale-mbreme-u-takuan-hamza-e-abdixhiku\/\",\"url\":\"https:\/\/permbledhja.com\/nacionale-mbreme-u-takuan-hamza-e-abdixhiku\/\",\"name\":\"Nacionale: Mbr\u00ebm\u00eb u takuan Hamza e Abdixhiku\",\"isPartOf\":{\"@id\":\"https:\/\/permbledhja.com\/#website\"},\"datePublished\":\"2025-03-17T11:04:49+00:00\",\"dateModified\":\"2025-03-17T11:04:49+00:00\",\"breadcrumb\":{\"@id\":\"https:\/\/permbledhja.com\/nacionale-mbreme-u-takuan-hamza-e-abdixhiku\/#breadcrumb\"},\"inLanguage\":\"sq\",\"potentialAction\":[{\"@type\":\"ReadAction\",\"target\":[\"https:\/\/permbledhja.com\/nacionale-mbreme-u-takuan-hamza-e-abdixhiku\/\"]}]},{\"@type\":\"BreadcrumbList\",\"@id\":\"https:\/\/permbledhja.com\/nacionale-mbreme-u-takuan-hamza-e-abdixhiku\/#breadcrumb\",\"itemListElement\":[{\"@type\":\"ListItem\",\"position\":1,\"name\":\"Ballina\",\"item\":\"https:\/\/permbledhja.com\/sq\/\"},{\"@type\":\"ListItem\",\"position\":2,\"name\":\"Nacionale: Mbr\u00ebm\u00eb u takuan Hamza e Abdixhiku\"}]},{\"@type\":\"WebSite\",\"@id\":\"https:\/\/permbledhja.com\/#website\",\"url\":\"https:\/\/permbledhja.com\/\",\"name\":\"Ve\u00e7 artikuj p\u00ebrmbledh\u00ebs\",\"description\":\"\",\"publisher\":{\"@id\":\"https:\/\/permbledhja.com\/#organization\"},\"potentialAction\":[{\"@type\":\"SearchAction\",\"target\":{\"@type\":\"EntryPoint\",\"urlTemplate\":\"https:\/\/permbledhja.com\/?s={search_term_string}\"},\"query-input\":\"required name=search_term_string\"}],\"inLanguage\":\"sq\"},{\"@type\":\"Organization\",\"@id\":\"https:\/\/permbledhja.com\/#organization\",\"name\":\"MK Media & Pr\",\"url\":\"https:\/\/permbledhja.com\/\",\"logo\":{\"@type\":\"ImageObject\",\"inLanguage\":\"sq\",\"@id\":\"https:\/\/permbledhja.com\/#\/schema\/logo\/image\/\",\"url\":\"https:\/\/permbledhja.com\/wp-content\/uploads\/2021\/12\/07-Press-Logo.jpg\",\"contentUrl\":\"https:\/\/permbledhja.com\/wp-content\/uploads\/2021\/12\/07-Press-Logo.jpg\",\"width\":512,\"height\":512,\"caption\":\"MK Media & Pr\"},\"image\":{\"@id\":\"https:\/\/permbledhja.com\/#\/schema\/logo\/image\/\"},\"sameAs\":[\"https:\/\/www.facebook.com\/press07\/\"]},{\"@type\":\"Person\",\"@id\":\"https:\/\/permbledhja.com\/#\/schema\/person\/0d064377258d3221e50693947b9eb4fe\",\"name\":\"P\u00ebrmbledhja\",\"image\":{\"@type\":\"ImageObject\",\"inLanguage\":\"sq\",\"@id\":\"https:\/\/permbledhja.com\/#\/schema\/person\/image\/\",\"url\":\"https:\/\/permbledhja.com\/wp-content\/uploads\/2026\/01\/452004717_1040944174702970_8932037511805513407_n-96x96.jpg\",\"contentUrl\":\"https:\/\/permbledhja.com\/wp-content\/uploads\/2026\/01\/452004717_1040944174702970_8932037511805513407_n-96x96.jpg\",\"caption\":\"P\u00ebrmbledhja\"},\"sameAs\":[\"https:\/\/www.facebook.com\/kafexhiu.muharrem\/\",\"https:\/\/www.instagram.com\/muharrem_kafexhiu\/\"],\"url\":\"https:\/\/permbledhja.com\/sq\/author\/admin\/\"}]}<\/script>\n<!-- \/ Yoast SEO plugin. -->","yoast_head_json":{"title":"Nacionale: Mbr\u00ebm\u00eb u takuan Hamza e Abdixhiku","robots":{"index":"index","follow":"follow","max-snippet":"max-snippet:-1","max-image-preview":"max-image-preview:large","max-video-preview":"max-video-preview:-1"},"canonical":"https:\/\/permbledhja.com\/sq\/nacionale-mbreme-u-takuan-hamza-e-abdixhiku\/","og_locale":"sq_AL","og_type":"article","og_title":"Nacionale: Mbr\u00ebm\u00eb u takuan Hamza e Abdixhiku","og_description":"Bedri Hamza dhe Lumir Abdixhiku jan\u00eb takuar mbr\u00ebm\u00eb, ka marr\u00eb vesh gazeta Nacionale nga burime t\u00eb mir\u00ebinformuara. Dy krer\u00ebt e partive ish-opozitare, si\u00e7 kemi kuptuar, kan\u00eb zhvilluar takim n\u00eb frym\u00eb konstruktive. Nuk dihet t\u00eb jet\u00eb arritur ndofar\u00eb pajtimi, por se Hamza ka tash e m\u00ebse nj\u00eb muaj q\u00eb e ka ftuar Abdixhikun p\u00ebr t\u00eb par\u00eb [&hellip;]","og_url":"https:\/\/permbledhja.com\/sq\/nacionale-mbreme-u-takuan-hamza-e-abdixhiku\/","og_site_name":"Ve\u00e7 artikuj p\u00ebrmbledh\u00ebs","article_publisher":"https:\/\/www.facebook.com\/press07\/","article_author":"https:\/\/www.facebook.com\/kafexhiu.muharrem\/","article_published_time":"2025-03-17T11:04:49+00:00","og_image":[{"width":1164,"height":890,"url":"https:\/\/permbledhja.com\/wp-content\/uploads\/2025\/03\/F844D807-CC09-41C2-8AEA-3C12B2350F6A.jpeg","type":"image\/jpeg"}],"author":"P\u00ebrmbledhja","twitter_card":"summary_large_image","twitter_misc":{"Written by":"P\u00ebrmbledhja","Est. reading time":"3 minuta"},"schema":{"@context":"https:\/\/schema.org","@graph":[{"@type":"Article","@id":"https:\/\/permbledhja.com\/nacionale-mbreme-u-takuan-hamza-e-abdixhiku\/#article","isPartOf":{"@id":"https:\/\/permbledhja.com\/nacionale-mbreme-u-takuan-hamza-e-abdixhiku\/"},"author":{"name":"P\u00ebrmbledhja","@id":"https:\/\/permbledhja.com\/#\/schema\/person\/0d064377258d3221e50693947b9eb4fe"},"headline":"Nacionale: Mbr\u00ebm\u00eb u takuan Hamza e Abdixhiku","datePublished":"2025-03-17T11:04:49+00:00","dateModified":"2025-03-17T11:04:49+00:00","mainEntityOfPage":{"@id":"https:\/\/permbledhja.com\/nacionale-mbreme-u-takuan-hamza-e-abdixhiku\/"},"wordCount":558,"publisher":{"@id":"https:\/\/permbledhja.com\/#organization"},"keywords":["Koalicioni"],"articleSection":["Kryesore"],"inLanguage":"sq"},{"@type":"WebPage","@id":"https:\/\/permbledhja.com\/nacionale-mbreme-u-takuan-hamza-e-abdixhiku\/","url":"https:\/\/permbledhja.com\/nacionale-mbreme-u-takuan-hamza-e-abdixhiku\/","name":"Nacionale: Mbr\u00ebm\u00eb u takuan Hamza e Abdixhiku","isPartOf":{"@id":"https:\/\/permbledhja.com\/#website"},"datePublished":"2025-03-17T11:04:49+00:00","dateModified":"2025-03-17T11:04:49+00:00","breadcrumb":{"@id":"https:\/\/permbledhja.com\/nacionale-mbreme-u-takuan-hamza-e-abdixhiku\/#breadcrumb"},"inLanguage":"sq","potentialAction":[{"@type":"ReadAction","target":["https:\/\/permbledhja.com\/nacionale-mbreme-u-takuan-hamza-e-abdixhiku\/"]}]},{"@type":"BreadcrumbList","@id":"https:\/\/permbledhja.com\/nacionale-mbreme-u-takuan-hamza-e-abdixhiku\/#breadcrumb","itemListElement":[{"@type":"ListItem","position":1,"name":"Ballina","item":"https:\/\/permbledhja.com\/sq\/"},{"@type":"ListItem","position":2,"name":"Nacionale: Mbr\u00ebm\u00eb u takuan Hamza e Abdixhiku"}]},{"@type":"WebSite","@id":"https:\/\/permbledhja.com\/#website","url":"https:\/\/permbledhja.com\/","name":"Ve\u00e7 artikuj p\u00ebrmbledh\u00ebs","description":"","publisher":{"@id":"https:\/\/permbledhja.com\/#organization"},"potentialAction":[{"@type":"SearchAction","target":{"@type":"EntryPoint","urlTemplate":"https:\/\/permbledhja.com\/?s={search_term_string}"},"query-input":"required name=search_term_string"}],"inLanguage":"sq"},{"@type":"Organization","@id":"https:\/\/permbledhja.com\/#organization","name":"MK Media & Pr","url":"https:\/\/permbledhja.com\/","logo":{"@type":"ImageObject","inLanguage":"sq","@id":"https:\/\/permbledhja.com\/#\/schema\/logo\/image\/","url":"https:\/\/permbledhja.com\/wp-content\/uploads\/2021\/12\/07-Press-Logo.jpg","contentUrl":"https:\/\/permbledhja.com\/wp-content\/uploads\/2021\/12\/07-Press-Logo.jpg","width":512,"height":512,"caption":"MK Media & Pr"},"image":{"@id":"https:\/\/permbledhja.com\/#\/schema\/logo\/image\/"},"sameAs":["https:\/\/www.facebook.com\/press07\/"]},{"@type":"Person","@id":"https:\/\/permbledhja.com\/#\/schema\/person\/0d064377258d3221e50693947b9eb4fe","name":"P\u00ebrmbledhja","image":{"@type":"ImageObject","inLanguage":"sq","@id":"https:\/\/permbledhja.com\/#\/schema\/person\/image\/","url":"https:\/\/permbledhja.com\/wp-content\/uploads\/2026\/01\/452004717_1040944174702970_8932037511805513407_n-96x96.jpg","contentUrl":"https:\/\/permbledhja.com\/wp-content\/uploads\/2026\/01\/452004717_1040944174702970_8932037511805513407_n-96x96.jpg","caption":"P\u00ebrmbledhja"},"sameAs":["https:\/\/www.facebook.com\/kafexhiu.muharrem\/","https:\/\/www.instagram.com\/muharrem_kafexhiu\/"],"url":"https:\/\/permbledhja.com\/sq\/author\/admin\/"}]}},"_links":{"self":[{"href":"https:\/\/permbledhja.com\/sq\/wp-json\/wp\/v2\/posts\/71426"}],"collection":[{"href":"https:\/\/permbledhja.com\/sq\/wp-json\/wp\/v2\/posts"}],"about":[{"href":"https:\/\/permbledhja.com\/sq\/wp-json\/wp\/v2\/types\/post"}],"author":[{"embeddable":true,"href":"https:\/\/permbledhja.com\/sq\/wp-json\/wp\/v2\/users\/1"}],"replies":[{"embeddable":true,"href":"https:\/\/permbledhja.com\/sq\/wp-json\/wp\/v2\/comments?post=71426"}],"version-history":[{"count":1,"href":"https:\/\/permbledhja.com\/sq\/wp-json\/wp\/v2\/posts\/71426\/revisions"}],"predecessor-version":[{"id":71428,"href":"https:\/\/permbledhja.com\/sq\/wp-json\/wp\/v2\/posts\/71426\/revisions\/71428"}],"wp:featuredmedia":[{"embeddable":true,"href":"https:\/\/permbledhja.com\/sq\/wp-json\/wp\/v2\/media\/71427"}],"wp:attachment":[{"href":"https:\/\/permbledhja.com\/sq\/wp-json\/wp\/v2\/media?parent=71426"}],"wp:term":[{"taxonomy":"category","embeddable":true,"href":"https:\/\/permbledhja.com\/sq\/wp-json\/wp\/v2\/categories?post=71426"},{"taxonomy":"post_tag","embeddable":true,"href":"https:\/\/permbledhja.com\/sq\/wp-json\/wp\/v2\/tags?post=71426"}],"curies":[{"name":"wp","href":"https:\/\/api.w.org\/{rel}","templated":true}]}}