{"id":71231,"date":"2025-03-07T11:59:04","date_gmt":"2025-03-07T11:59:04","guid":{"rendered":"https:\/\/permbledhja.com\/?p=71231"},"modified":"2025-03-07T11:59:04","modified_gmt":"2025-03-07T11:59:04","slug":"rutte-me-11-mars-ne-kosove-do-te-takohet-me-osmanin","status":"publish","type":"post","link":"https:\/\/permbledhja.com\/sq\/rutte-me-11-mars-ne-kosove-do-te-takohet-me-osmanin\/","title":{"rendered":"Rutte m\u00eb 11 mars n\u00eb Kosov\u00eb, do t\u00eb takohet me Osmanin"},"content":{"rendered":"<p><strong>Sekretari i P\u00ebrgjithsh\u00ebm i NATO-s, Mark Rutte, do t\u00eb vij\u00eb n\u00eb Kosov\u00eb m\u00eb 11 mars, nj\u00eb dit\u00eb pas vizit\u00ebs s\u00eb tij n\u00eb Bosnje e Hercegovin\u00eb.<\/strong><\/p>\n<p>Rutte do t\u00eb pritet n\u00eb takim nga presidentja e vendit, Vjosa Osmani, merr vesh Gazeta Express.<\/p>\n<p>Radio Evropa e Lir\u00eb kishte raportuar se gjat\u00eb vizit\u00ebs n\u00eb Kosov\u00eb pritet q\u00eb Rutte t\u00eb jet\u00eb i shoq\u00ebruar edhe nga ambasador\u00ebt e vendeve an\u00ebtare t\u00eb NATO-s q\u00eb jan\u00eb an\u00ebtar\u00eb t\u00eb K\u00ebshillit t\u00eb Atlantikut t\u00eb Veriut.<\/p>\n<p>NATO ende nuk ka b\u00ebr\u00eb nj\u00eb njoftim zyrtar p\u00ebr vizit\u00ebn e Rutt\u00ebs n\u00eb dy vendet ballkanike.<\/p>\n<p>Vizita e Ruttes vjen n\u00eb koh\u00ebn e zhvillimeve n\u00eb Ukrain\u00eb pasi Administrata Trump i k\u00ebrkoi Europ\u00ebs q\u00eb t\u00eb merr p\u00ebrgjegj\u00ebsi p\u00ebr sigurin\u00eb e saj dhe kur Europa po p\u00ebrpiqet t\u00eb rris\u00eb shpenzimet e saj p\u00ebr mbrojtjen dhe pas k\u00ebsaj k\u00ebrkese.<\/p>\n<p>P\u00ebr ndikimin e mundsh\u00ebm t\u00eb k\u00ebtyre zhvillimeve n\u00eb Ballkanin Per\u00ebndimor ishte pyetur Rutte q\u00ebndrimit n\u00eb Bratisllav\u00eb t\u00eb Sllovakis\u00eb n\u00eb nj\u00eb debat nga student\u00ebt se a sheh mund\u00ebsi p\u00ebr rifillim t\u00eb konfliktit n\u00eb Kosov\u00eb pasi ka z\u00ebra se politika e re amerikane mund t\u00eb \u00e7oj\u00eb deri te largimi ushtarak.<\/p>\n<p><em>\u201cM\u00eb lejoni t\u00eb jem krejt\u00ebsisht i qart\u00eb. Nga krejt ajo \u00e7ka un\u00eb po kuptoj nga sistemi amerikan, \u00ebsht\u00eb se ata jan\u00eb plot\u00ebsisht t\u00eb p\u00ebrkushtuar ndaj NATO-s dhe angazhimeve aktuale. Por, le t\u00eb shohim se \u00e7far\u00eb do t\u00eb ndodh\u00eb. Ne gjithmon\u00eb mund t\u00eb kemi ndryshime t\u00eb politikave ose adaptime t\u00eb vogla q\u00eb mund t\u00eb ndodhin. Sllovak\u00ebt, holandez\u00ebt dhe t\u00eb tjer\u00ebt po e b\u00ebjn\u00eb k\u00ebt\u00eb. Por, nuk kam arsye t\u00eb besoj se do t\u00eb ket\u00eb vendime dramatike. Dhe, n\u00eb p\u00ebrgjith\u00ebsi, n\u00eb Ballkanin Per\u00ebndimor, duhet t\u00eb jemi t\u00eb sigurt q\u00eb, ne e mbajm\u00eb n\u00eb fokus k\u00ebt\u00eb rajon, sepse stabiliteti n\u00eb Kosov\u00eb, stabiliteti n\u00eb Bosnje dhe stabiliteti n\u00eb Serbi \u00ebsht\u00eb n\u00eb t\u00eb interesin e t\u00eb gjith\u00eb neve\u201d<\/em>, ishte p\u00ebrgjigjur ai.<\/p>\n","protected":false},"excerpt":{"rendered":"<p>Sekretari i P\u00ebrgjithsh\u00ebm i NATO-s, Mark Rutte, do t\u00eb vij\u00eb n\u00eb Kosov\u00eb m\u00eb 11 mars, nj\u00eb dit\u00eb pas vizit\u00ebs s\u00eb tij n\u00eb Bosnje e Hercegovin\u00eb. Rutte do t\u00eb pritet n\u00eb takim nga presidentja e vendit, Vjosa Osmani, merr vesh Gazeta Express. Radio Evropa e Lir\u00eb kishte raportuar se gjat\u00eb vizit\u00ebs n\u00eb Kosov\u00eb pritet q\u00eb Rutte [&hellip;]<\/p>\n","protected":false},"author":1,"featured_media":71232,"comment_status":"closed","ping_status":"closed","sticky":false,"template":"","format":"standard","meta":{"_monsterinsights_skip_tracking":false,"_monsterinsights_sitenote_active":false,"_monsterinsights_sitenote_note":"","_monsterinsights_sitenote_category":0,"_uf_show_specific_survey":0,"_uf_disable_surveys":false,"footnotes":""},"categories":[2645],"tags":[163],"yoast_head":"<!-- This site is optimized with the Yoast SEO plugin v21.5 - https:\/\/yoast.com\/wordpress\/plugins\/seo\/ -->\n<title>Rutte m\u00eb 11 mars n\u00eb Kosov\u00eb, do t\u00eb takohet me Osmanin<\/title>\n<meta name=\"robots\" content=\"index, follow, max-snippet:-1, max-image-preview:large, max-video-preview:-1\" \/>\n<link rel=\"canonical\" href=\"https:\/\/permbledhja.com\/sq\/rutte-me-11-mars-ne-kosove-do-te-takohet-me-osmanin\/\" \/>\n<meta property=\"og:locale\" content=\"sq_AL\" \/>\n<meta property=\"og:type\" content=\"article\" \/>\n<meta property=\"og:title\" content=\"Rutte m\u00eb 11 mars n\u00eb Kosov\u00eb, do t\u00eb takohet me Osmanin\" \/>\n<meta property=\"og:description\" content=\"Sekretari i P\u00ebrgjithsh\u00ebm i NATO-s, Mark Rutte, do t\u00eb vij\u00eb n\u00eb Kosov\u00eb m\u00eb 11 mars, nj\u00eb dit\u00eb pas vizit\u00ebs s\u00eb tij n\u00eb Bosnje e Hercegovin\u00eb. Rutte do t\u00eb pritet n\u00eb takim nga presidentja e vendit, Vjosa Osmani, merr vesh Gazeta Express. Radio Evropa e Lir\u00eb kishte raportuar se gjat\u00eb vizit\u00ebs n\u00eb Kosov\u00eb pritet q\u00eb Rutte [&hellip;]\" \/>\n<meta property=\"og:url\" content=\"https:\/\/permbledhja.com\/sq\/rutte-me-11-mars-ne-kosove-do-te-takohet-me-osmanin\/\" \/>\n<meta property=\"og:site_name\" content=\"Ve\u00e7 artikuj p\u00ebrmbledh\u00ebs\" \/>\n<meta property=\"article:publisher\" content=\"https:\/\/www.facebook.com\/press07\/\" \/>\n<meta property=\"article:author\" content=\"https:\/\/www.facebook.com\/kafexhiu.muharrem\/\" \/>\n<meta property=\"article:published_time\" content=\"2025-03-07T11:59:04+00:00\" \/>\n<meta property=\"og:image\" content=\"https:\/\/permbledhja.com\/wp-content\/uploads\/2025\/03\/Rutte_1-1-600x360-1.jpg\" \/>\n\t<meta property=\"og:image:width\" content=\"600\" \/>\n\t<meta property=\"og:image:height\" content=\"360\" \/>\n\t<meta property=\"og:image:type\" content=\"image\/jpeg\" \/>\n<meta name=\"author\" content=\"P\u00ebrmbledhja\" \/>\n<meta name=\"twitter:card\" content=\"summary_large_image\" \/>\n<meta name=\"twitter:label1\" content=\"Written by\" \/>\n\t<meta name=\"twitter:data1\" content=\"P\u00ebrmbledhja\" \/>\n\t<meta name=\"twitter:label2\" content=\"Est. reading time\" \/>\n\t<meta name=\"twitter:data2\" content=\"2 minuta\" \/>\n<script type=\"application\/ld+json\" class=\"yoast-schema-graph\">{\"@context\":\"https:\/\/schema.org\",\"@graph\":[{\"@type\":\"Article\",\"@id\":\"https:\/\/permbledhja.com\/rutte-me-11-mars-ne-kosove-do-te-takohet-me-osmanin\/#article\",\"isPartOf\":{\"@id\":\"https:\/\/permbledhja.com\/rutte-me-11-mars-ne-kosove-do-te-takohet-me-osmanin\/\"},\"author\":{\"name\":\"P\u00ebrmbledhja\",\"@id\":\"https:\/\/permbledhja.com\/#\/schema\/person\/0d064377258d3221e50693947b9eb4fe\"},\"headline\":\"Rutte m\u00eb 11 mars n\u00eb Kosov\u00eb, do t\u00eb takohet me Osmanin\",\"datePublished\":\"2025-03-07T11:59:04+00:00\",\"dateModified\":\"2025-03-07T11:59:04+00:00\",\"mainEntityOfPage\":{\"@id\":\"https:\/\/permbledhja.com\/rutte-me-11-mars-ne-kosove-do-te-takohet-me-osmanin\/\"},\"wordCount\":350,\"publisher\":{\"@id\":\"https:\/\/permbledhja.com\/#organization\"},\"keywords\":[\"Vjosa Osmani\"],\"articleSection\":[\"T\u00eb r\u00ebnd\u00ebsishme\"],\"inLanguage\":\"sq\"},{\"@type\":\"WebPage\",\"@id\":\"https:\/\/permbledhja.com\/rutte-me-11-mars-ne-kosove-do-te-takohet-me-osmanin\/\",\"url\":\"https:\/\/permbledhja.com\/rutte-me-11-mars-ne-kosove-do-te-takohet-me-osmanin\/\",\"name\":\"Rutte m\u00eb 11 mars n\u00eb Kosov\u00eb, do t\u00eb takohet me Osmanin\",\"isPartOf\":{\"@id\":\"https:\/\/permbledhja.com\/#website\"},\"datePublished\":\"2025-03-07T11:59:04+00:00\",\"dateModified\":\"2025-03-07T11:59:04+00:00\",\"breadcrumb\":{\"@id\":\"https:\/\/permbledhja.com\/rutte-me-11-mars-ne-kosove-do-te-takohet-me-osmanin\/#breadcrumb\"},\"inLanguage\":\"sq\",\"potentialAction\":[{\"@type\":\"ReadAction\",\"target\":[\"https:\/\/permbledhja.com\/rutte-me-11-mars-ne-kosove-do-te-takohet-me-osmanin\/\"]}]},{\"@type\":\"BreadcrumbList\",\"@id\":\"https:\/\/permbledhja.com\/rutte-me-11-mars-ne-kosove-do-te-takohet-me-osmanin\/#breadcrumb\",\"itemListElement\":[{\"@type\":\"ListItem\",\"position\":1,\"name\":\"Ballina\",\"item\":\"https:\/\/permbledhja.com\/sq\/\"},{\"@type\":\"ListItem\",\"position\":2,\"name\":\"Rutte m\u00eb 11 mars n\u00eb Kosov\u00eb, do t\u00eb takohet me Osmanin\"}]},{\"@type\":\"WebSite\",\"@id\":\"https:\/\/permbledhja.com\/#website\",\"url\":\"https:\/\/permbledhja.com\/\",\"name\":\"Ve\u00e7 artikuj p\u00ebrmbledh\u00ebs\",\"description\":\"\",\"publisher\":{\"@id\":\"https:\/\/permbledhja.com\/#organization\"},\"potentialAction\":[{\"@type\":\"SearchAction\",\"target\":{\"@type\":\"EntryPoint\",\"urlTemplate\":\"https:\/\/permbledhja.com\/?s={search_term_string}\"},\"query-input\":\"required name=search_term_string\"}],\"inLanguage\":\"sq\"},{\"@type\":\"Organization\",\"@id\":\"https:\/\/permbledhja.com\/#organization\",\"name\":\"MK Media & Pr\",\"url\":\"https:\/\/permbledhja.com\/\",\"logo\":{\"@type\":\"ImageObject\",\"inLanguage\":\"sq\",\"@id\":\"https:\/\/permbledhja.com\/#\/schema\/logo\/image\/\",\"url\":\"https:\/\/permbledhja.com\/wp-content\/uploads\/2021\/12\/07-Press-Logo.jpg\",\"contentUrl\":\"https:\/\/permbledhja.com\/wp-content\/uploads\/2021\/12\/07-Press-Logo.jpg\",\"width\":512,\"height\":512,\"caption\":\"MK Media & Pr\"},\"image\":{\"@id\":\"https:\/\/permbledhja.com\/#\/schema\/logo\/image\/\"},\"sameAs\":[\"https:\/\/www.facebook.com\/press07\/\"]},{\"@type\":\"Person\",\"@id\":\"https:\/\/permbledhja.com\/#\/schema\/person\/0d064377258d3221e50693947b9eb4fe\",\"name\":\"P\u00ebrmbledhja\",\"image\":{\"@type\":\"ImageObject\",\"inLanguage\":\"sq\",\"@id\":\"https:\/\/permbledhja.com\/#\/schema\/person\/image\/\",\"url\":\"https:\/\/permbledhja.com\/wp-content\/uploads\/2026\/01\/452004717_1040944174702970_8932037511805513407_n-96x96.jpg\",\"contentUrl\":\"https:\/\/permbledhja.com\/wp-content\/uploads\/2026\/01\/452004717_1040944174702970_8932037511805513407_n-96x96.jpg\",\"caption\":\"P\u00ebrmbledhja\"},\"sameAs\":[\"https:\/\/www.facebook.com\/kafexhiu.muharrem\/\",\"https:\/\/www.instagram.com\/muharrem_kafexhiu\/\"],\"url\":\"https:\/\/permbledhja.com\/sq\/author\/admin\/\"}]}<\/script>\n<!-- \/ Yoast SEO plugin. -->","yoast_head_json":{"title":"Rutte m\u00eb 11 mars n\u00eb Kosov\u00eb, do t\u00eb takohet me Osmanin","robots":{"index":"index","follow":"follow","max-snippet":"max-snippet:-1","max-image-preview":"max-image-preview:large","max-video-preview":"max-video-preview:-1"},"canonical":"https:\/\/permbledhja.com\/sq\/rutte-me-11-mars-ne-kosove-do-te-takohet-me-osmanin\/","og_locale":"sq_AL","og_type":"article","og_title":"Rutte m\u00eb 11 mars n\u00eb Kosov\u00eb, do t\u00eb takohet me Osmanin","og_description":"Sekretari i P\u00ebrgjithsh\u00ebm i NATO-s, Mark Rutte, do t\u00eb vij\u00eb n\u00eb Kosov\u00eb m\u00eb 11 mars, nj\u00eb dit\u00eb pas vizit\u00ebs s\u00eb tij n\u00eb Bosnje e Hercegovin\u00eb. Rutte do t\u00eb pritet n\u00eb takim nga presidentja e vendit, Vjosa Osmani, merr vesh Gazeta Express. Radio Evropa e Lir\u00eb kishte raportuar se gjat\u00eb vizit\u00ebs n\u00eb Kosov\u00eb pritet q\u00eb Rutte [&hellip;]","og_url":"https:\/\/permbledhja.com\/sq\/rutte-me-11-mars-ne-kosove-do-te-takohet-me-osmanin\/","og_site_name":"Ve\u00e7 artikuj p\u00ebrmbledh\u00ebs","article_publisher":"https:\/\/www.facebook.com\/press07\/","article_author":"https:\/\/www.facebook.com\/kafexhiu.muharrem\/","article_published_time":"2025-03-07T11:59:04+00:00","og_image":[{"width":600,"height":360,"url":"https:\/\/permbledhja.com\/wp-content\/uploads\/2025\/03\/Rutte_1-1-600x360-1.jpg","type":"image\/jpeg"}],"author":"P\u00ebrmbledhja","twitter_card":"summary_large_image","twitter_misc":{"Written by":"P\u00ebrmbledhja","Est. reading time":"2 minuta"},"schema":{"@context":"https:\/\/schema.org","@graph":[{"@type":"Article","@id":"https:\/\/permbledhja.com\/rutte-me-11-mars-ne-kosove-do-te-takohet-me-osmanin\/#article","isPartOf":{"@id":"https:\/\/permbledhja.com\/rutte-me-11-mars-ne-kosove-do-te-takohet-me-osmanin\/"},"author":{"name":"P\u00ebrmbledhja","@id":"https:\/\/permbledhja.com\/#\/schema\/person\/0d064377258d3221e50693947b9eb4fe"},"headline":"Rutte m\u00eb 11 mars n\u00eb Kosov\u00eb, do t\u00eb takohet me Osmanin","datePublished":"2025-03-07T11:59:04+00:00","dateModified":"2025-03-07T11:59:04+00:00","mainEntityOfPage":{"@id":"https:\/\/permbledhja.com\/rutte-me-11-mars-ne-kosove-do-te-takohet-me-osmanin\/"},"wordCount":350,"publisher":{"@id":"https:\/\/permbledhja.com\/#organization"},"keywords":["Vjosa Osmani"],"articleSection":["T\u00eb r\u00ebnd\u00ebsishme"],"inLanguage":"sq"},{"@type":"WebPage","@id":"https:\/\/permbledhja.com\/rutte-me-11-mars-ne-kosove-do-te-takohet-me-osmanin\/","url":"https:\/\/permbledhja.com\/rutte-me-11-mars-ne-kosove-do-te-takohet-me-osmanin\/","name":"Rutte m\u00eb 11 mars n\u00eb Kosov\u00eb, do t\u00eb takohet me Osmanin","isPartOf":{"@id":"https:\/\/permbledhja.com\/#website"},"datePublished":"2025-03-07T11:59:04+00:00","dateModified":"2025-03-07T11:59:04+00:00","breadcrumb":{"@id":"https:\/\/permbledhja.com\/rutte-me-11-mars-ne-kosove-do-te-takohet-me-osmanin\/#breadcrumb"},"inLanguage":"sq","potentialAction":[{"@type":"ReadAction","target":["https:\/\/permbledhja.com\/rutte-me-11-mars-ne-kosove-do-te-takohet-me-osmanin\/"]}]},{"@type":"BreadcrumbList","@id":"https:\/\/permbledhja.com\/rutte-me-11-mars-ne-kosove-do-te-takohet-me-osmanin\/#breadcrumb","itemListElement":[{"@type":"ListItem","position":1,"name":"Ballina","item":"https:\/\/permbledhja.com\/sq\/"},{"@type":"ListItem","position":2,"name":"Rutte m\u00eb 11 mars n\u00eb Kosov\u00eb, do t\u00eb takohet me Osmanin"}]},{"@type":"WebSite","@id":"https:\/\/permbledhja.com\/#website","url":"https:\/\/permbledhja.com\/","name":"Ve\u00e7 artikuj p\u00ebrmbledh\u00ebs","description":"","publisher":{"@id":"https:\/\/permbledhja.com\/#organization"},"potentialAction":[{"@type":"SearchAction","target":{"@type":"EntryPoint","urlTemplate":"https:\/\/permbledhja.com\/?s={search_term_string}"},"query-input":"required name=search_term_string"}],"inLanguage":"sq"},{"@type":"Organization","@id":"https:\/\/permbledhja.com\/#organization","name":"MK Media & Pr","url":"https:\/\/permbledhja.com\/","logo":{"@type":"ImageObject","inLanguage":"sq","@id":"https:\/\/permbledhja.com\/#\/schema\/logo\/image\/","url":"https:\/\/permbledhja.com\/wp-content\/uploads\/2021\/12\/07-Press-Logo.jpg","contentUrl":"https:\/\/permbledhja.com\/wp-content\/uploads\/2021\/12\/07-Press-Logo.jpg","width":512,"height":512,"caption":"MK Media & Pr"},"image":{"@id":"https:\/\/permbledhja.com\/#\/schema\/logo\/image\/"},"sameAs":["https:\/\/www.facebook.com\/press07\/"]},{"@type":"Person","@id":"https:\/\/permbledhja.com\/#\/schema\/person\/0d064377258d3221e50693947b9eb4fe","name":"P\u00ebrmbledhja","image":{"@type":"ImageObject","inLanguage":"sq","@id":"https:\/\/permbledhja.com\/#\/schema\/person\/image\/","url":"https:\/\/permbledhja.com\/wp-content\/uploads\/2026\/01\/452004717_1040944174702970_8932037511805513407_n-96x96.jpg","contentUrl":"https:\/\/permbledhja.com\/wp-content\/uploads\/2026\/01\/452004717_1040944174702970_8932037511805513407_n-96x96.jpg","caption":"P\u00ebrmbledhja"},"sameAs":["https:\/\/www.facebook.com\/kafexhiu.muharrem\/","https:\/\/www.instagram.com\/muharrem_kafexhiu\/"],"url":"https:\/\/permbledhja.com\/sq\/author\/admin\/"}]}},"_links":{"self":[{"href":"https:\/\/permbledhja.com\/sq\/wp-json\/wp\/v2\/posts\/71231"}],"collection":[{"href":"https:\/\/permbledhja.com\/sq\/wp-json\/wp\/v2\/posts"}],"about":[{"href":"https:\/\/permbledhja.com\/sq\/wp-json\/wp\/v2\/types\/post"}],"author":[{"embeddable":true,"href":"https:\/\/permbledhja.com\/sq\/wp-json\/wp\/v2\/users\/1"}],"replies":[{"embeddable":true,"href":"https:\/\/permbledhja.com\/sq\/wp-json\/wp\/v2\/comments?post=71231"}],"version-history":[{"count":1,"href":"https:\/\/permbledhja.com\/sq\/wp-json\/wp\/v2\/posts\/71231\/revisions"}],"predecessor-version":[{"id":71233,"href":"https:\/\/permbledhja.com\/sq\/wp-json\/wp\/v2\/posts\/71231\/revisions\/71233"}],"wp:featuredmedia":[{"embeddable":true,"href":"https:\/\/permbledhja.com\/sq\/wp-json\/wp\/v2\/media\/71232"}],"wp:attachment":[{"href":"https:\/\/permbledhja.com\/sq\/wp-json\/wp\/v2\/media?parent=71231"}],"wp:term":[{"taxonomy":"category","embeddable":true,"href":"https:\/\/permbledhja.com\/sq\/wp-json\/wp\/v2\/categories?post=71231"},{"taxonomy":"post_tag","embeddable":true,"href":"https:\/\/permbledhja.com\/sq\/wp-json\/wp\/v2\/tags?post=71231"}],"curies":[{"name":"wp","href":"https:\/\/api.w.org\/{rel}","templated":true}]}}