{"id":71225,"date":"2025-03-07T10:50:09","date_gmt":"2025-03-07T10:50:09","guid":{"rendered":"https:\/\/permbledhja.com\/?p=71225"},"modified":"2025-03-07T10:50:09","modified_gmt":"2025-03-07T10:50:09","slug":"osmani-uron-7-marsin-mesuesit-mbeten-shtylla-e-shoqerise-dhe-ata-qe-formesojne-mendjet-dhe-zemrat-e-kombit","status":"publish","type":"post","link":"https:\/\/permbledhja.com\/sq\/osmani-uron-7-marsin-mesuesit-mbeten-shtylla-e-shoqerise-dhe-ata-qe-formesojne-mendjet-dhe-zemrat-e-kombit\/","title":{"rendered":"Osmani uron 7 Marsin: M\u00ebsuesit mbeten shtylla e shoq\u00ebris\u00eb dhe ata q\u00eb form\u00ebsojn\u00eb mendjet dhe zemrat e kombit"},"content":{"rendered":"<p><strong>Presidentja Vjosa Osmani ka uruar 7 Marsin \u2013 Dit\u00ebn e M\u00ebsuesve.<\/strong><\/p>\n<p>N\u00eb urimin e Osmanit thuhet se m\u00ebsuesit mbeten shtylla e shoq\u00ebris\u00eb dhe ata q\u00eb form\u00ebsojn\u00eb mendjet dhe zemrat e kombit.<\/p>\n<p><em>\u201cM\u00eb 7 Mars kujtojm\u00eb themelimin e shkoll\u00ebs s\u00eb par\u00eb shqipe n\u00eb Kor\u00e7\u00eb m\u00eb 1887, nj\u00eb akt i guximsh\u00ebm i patriot\u00ebve tan\u00eb, q\u00eb e kuptuan se pa gjuh\u00eb dhe dije, nuk ka as komb t\u00eb suksessh\u00ebm. Sot, shkolla \u00ebsht\u00eb m\u00eb shum\u00eb se nj\u00eb institucion m\u00ebsimor \u2013 \u00ebsht\u00eb fortesa ku nd\u00ebrtohet e ardhmja. <\/em><\/p>\n<p><em>M\u00ebsuesit mbeten shtylla e shoq\u00ebris\u00eb dhe ata q\u00eb form\u00ebsojn\u00eb mendjet dhe zemrat e kombit. N\u00eb k\u00ebt\u00eb dit\u00eb, nderojm\u00eb t\u00eb gjith\u00eb m\u00ebsuesit \u2013 ata q\u00eb na m\u00ebsuan shkronjat e para dhe ata q\u00eb ende m\u00ebsojn\u00eb brezat e rinj. Respekt, mir\u00ebnjohje dhe p\u00ebrul\u00ebsi para misionit t\u00eb tyre fisnik!\u201d<\/em>, ka th\u00ebn\u00eb Osmani.<\/p>\n","protected":false},"excerpt":{"rendered":"<p>Presidentja Vjosa Osmani ka uruar 7 Marsin \u2013 Dit\u00ebn e M\u00ebsuesve. N\u00eb urimin e Osmanit thuhet se m\u00ebsuesit mbeten shtylla e shoq\u00ebris\u00eb dhe ata q\u00eb form\u00ebsojn\u00eb mendjet dhe zemrat e kombit. \u201cM\u00eb 7 Mars kujtojm\u00eb themelimin e shkoll\u00ebs s\u00eb par\u00eb shqipe n\u00eb Kor\u00e7\u00eb m\u00eb 1887, nj\u00eb akt i guximsh\u00ebm i patriot\u00ebve tan\u00eb, q\u00eb e kuptuan [&hellip;]<\/p>\n","protected":false},"author":1,"featured_media":71226,"comment_status":"closed","ping_status":"closed","sticky":false,"template":"","format":"standard","meta":{"_monsterinsights_skip_tracking":false,"_monsterinsights_sitenote_active":false,"_monsterinsights_sitenote_note":"","_monsterinsights_sitenote_category":0,"_uf_show_specific_survey":0,"_uf_disable_surveys":false,"footnotes":""},"categories":[3324],"tags":[163],"yoast_head":"<!-- This site is optimized with the Yoast SEO plugin v21.5 - https:\/\/yoast.com\/wordpress\/plugins\/seo\/ -->\n<title>Osmani uron 7 Marsin: M\u00ebsuesit mbeten shtylla e shoq\u00ebris\u00eb dhe ata q\u00eb form\u00ebsojn\u00eb mendjet dhe zemrat e kombit<\/title>\n<meta name=\"robots\" content=\"index, follow, max-snippet:-1, max-image-preview:large, max-video-preview:-1\" \/>\n<link rel=\"canonical\" href=\"https:\/\/permbledhja.com\/sq\/osmani-uron-7-marsin-mesuesit-mbeten-shtylla-e-shoqerise-dhe-ata-qe-formesojne-mendjet-dhe-zemrat-e-kombit\/\" \/>\n<meta property=\"og:locale\" content=\"sq_AL\" \/>\n<meta property=\"og:type\" content=\"article\" \/>\n<meta property=\"og:title\" content=\"Osmani uron 7 Marsin: M\u00ebsuesit mbeten shtylla e shoq\u00ebris\u00eb dhe ata q\u00eb form\u00ebsojn\u00eb mendjet dhe zemrat e kombit\" \/>\n<meta property=\"og:description\" content=\"Presidentja Vjosa Osmani ka uruar 7 Marsin \u2013 Dit\u00ebn e M\u00ebsuesve. N\u00eb urimin e Osmanit thuhet se m\u00ebsuesit mbeten shtylla e shoq\u00ebris\u00eb dhe ata q\u00eb form\u00ebsojn\u00eb mendjet dhe zemrat e kombit. \u201cM\u00eb 7 Mars kujtojm\u00eb themelimin e shkoll\u00ebs s\u00eb par\u00eb shqipe n\u00eb Kor\u00e7\u00eb m\u00eb 1887, nj\u00eb akt i guximsh\u00ebm i patriot\u00ebve tan\u00eb, q\u00eb e kuptuan [&hellip;]\" \/>\n<meta property=\"og:url\" content=\"https:\/\/permbledhja.com\/sq\/osmani-uron-7-marsin-mesuesit-mbeten-shtylla-e-shoqerise-dhe-ata-qe-formesojne-mendjet-dhe-zemrat-e-kombit\/\" \/>\n<meta property=\"og:site_name\" content=\"Ve\u00e7 artikuj p\u00ebrmbledh\u00ebs\" \/>\n<meta property=\"article:publisher\" content=\"https:\/\/www.facebook.com\/press07\/\" \/>\n<meta property=\"article:author\" content=\"https:\/\/www.facebook.com\/kafexhiu.muharrem\/\" \/>\n<meta property=\"article:published_time\" content=\"2025-03-07T10:50:09+00:00\" \/>\n<meta property=\"og:image\" content=\"https:\/\/permbledhja.com\/wp-content\/uploads\/2025\/03\/Urimi-i-Presidentes-Osmani-per-7-Marsin-Diten-e-Mesuesve-1.jpeg\" \/>\n\t<meta property=\"og:image:width\" content=\"1600\" \/>\n\t<meta property=\"og:image:height\" content=\"1064\" \/>\n\t<meta property=\"og:image:type\" content=\"image\/jpeg\" \/>\n<meta name=\"author\" content=\"P\u00ebrmbledhja\" \/>\n<meta name=\"twitter:card\" content=\"summary_large_image\" \/>\n<meta name=\"twitter:label1\" content=\"Written by\" \/>\n\t<meta name=\"twitter:data1\" content=\"P\u00ebrmbledhja\" \/>\n\t<meta name=\"twitter:label2\" content=\"Est. reading time\" \/>\n\t<meta name=\"twitter:data2\" content=\"1 minut\u00eb\" \/>\n<script type=\"application\/ld+json\" class=\"yoast-schema-graph\">{\"@context\":\"https:\/\/schema.org\",\"@graph\":[{\"@type\":\"Article\",\"@id\":\"https:\/\/permbledhja.com\/osmani-uron-7-marsin-mesuesit-mbeten-shtylla-e-shoqerise-dhe-ata-qe-formesojne-mendjet-dhe-zemrat-e-kombit\/#article\",\"isPartOf\":{\"@id\":\"https:\/\/permbledhja.com\/osmani-uron-7-marsin-mesuesit-mbeten-shtylla-e-shoqerise-dhe-ata-qe-formesojne-mendjet-dhe-zemrat-e-kombit\/\"},\"author\":{\"name\":\"P\u00ebrmbledhja\",\"@id\":\"https:\/\/permbledhja.com\/#\/schema\/person\/0d064377258d3221e50693947b9eb4fe\"},\"headline\":\"Osmani uron 7 Marsin: M\u00ebsuesit mbeten shtylla e shoq\u00ebris\u00eb dhe ata q\u00eb form\u00ebsojn\u00eb mendjet dhe zemrat e kombit\",\"datePublished\":\"2025-03-07T10:50:09+00:00\",\"dateModified\":\"2025-03-07T10:50:09+00:00\",\"mainEntityOfPage\":{\"@id\":\"https:\/\/permbledhja.com\/osmani-uron-7-marsin-mesuesit-mbeten-shtylla-e-shoqerise-dhe-ata-qe-formesojne-mendjet-dhe-zemrat-e-kombit\/\"},\"wordCount\":167,\"publisher\":{\"@id\":\"https:\/\/permbledhja.com\/#organization\"},\"keywords\":[\"Vjosa Osmani\"],\"articleSection\":[\"Dyt\u00ebsore\"],\"inLanguage\":\"sq\"},{\"@type\":\"WebPage\",\"@id\":\"https:\/\/permbledhja.com\/osmani-uron-7-marsin-mesuesit-mbeten-shtylla-e-shoqerise-dhe-ata-qe-formesojne-mendjet-dhe-zemrat-e-kombit\/\",\"url\":\"https:\/\/permbledhja.com\/osmani-uron-7-marsin-mesuesit-mbeten-shtylla-e-shoqerise-dhe-ata-qe-formesojne-mendjet-dhe-zemrat-e-kombit\/\",\"name\":\"Osmani uron 7 Marsin: M\u00ebsuesit mbeten shtylla e shoq\u00ebris\u00eb dhe ata q\u00eb form\u00ebsojn\u00eb mendjet dhe zemrat e kombit\",\"isPartOf\":{\"@id\":\"https:\/\/permbledhja.com\/#website\"},\"datePublished\":\"2025-03-07T10:50:09+00:00\",\"dateModified\":\"2025-03-07T10:50:09+00:00\",\"breadcrumb\":{\"@id\":\"https:\/\/permbledhja.com\/osmani-uron-7-marsin-mesuesit-mbeten-shtylla-e-shoqerise-dhe-ata-qe-formesojne-mendjet-dhe-zemrat-e-kombit\/#breadcrumb\"},\"inLanguage\":\"sq\",\"potentialAction\":[{\"@type\":\"ReadAction\",\"target\":[\"https:\/\/permbledhja.com\/osmani-uron-7-marsin-mesuesit-mbeten-shtylla-e-shoqerise-dhe-ata-qe-formesojne-mendjet-dhe-zemrat-e-kombit\/\"]}]},{\"@type\":\"BreadcrumbList\",\"@id\":\"https:\/\/permbledhja.com\/osmani-uron-7-marsin-mesuesit-mbeten-shtylla-e-shoqerise-dhe-ata-qe-formesojne-mendjet-dhe-zemrat-e-kombit\/#breadcrumb\",\"itemListElement\":[{\"@type\":\"ListItem\",\"position\":1,\"name\":\"Ballina\",\"item\":\"https:\/\/permbledhja.com\/sq\/\"},{\"@type\":\"ListItem\",\"position\":2,\"name\":\"Osmani uron 7 Marsin: M\u00ebsuesit mbeten shtylla e shoq\u00ebris\u00eb dhe ata q\u00eb form\u00ebsojn\u00eb mendjet dhe zemrat e kombit\"}]},{\"@type\":\"WebSite\",\"@id\":\"https:\/\/permbledhja.com\/#website\",\"url\":\"https:\/\/permbledhja.com\/\",\"name\":\"Ve\u00e7 artikuj p\u00ebrmbledh\u00ebs\",\"description\":\"\",\"publisher\":{\"@id\":\"https:\/\/permbledhja.com\/#organization\"},\"potentialAction\":[{\"@type\":\"SearchAction\",\"target\":{\"@type\":\"EntryPoint\",\"urlTemplate\":\"https:\/\/permbledhja.com\/?s={search_term_string}\"},\"query-input\":\"required name=search_term_string\"}],\"inLanguage\":\"sq\"},{\"@type\":\"Organization\",\"@id\":\"https:\/\/permbledhja.com\/#organization\",\"name\":\"MK Media & Pr\",\"url\":\"https:\/\/permbledhja.com\/\",\"logo\":{\"@type\":\"ImageObject\",\"inLanguage\":\"sq\",\"@id\":\"https:\/\/permbledhja.com\/#\/schema\/logo\/image\/\",\"url\":\"https:\/\/permbledhja.com\/wp-content\/uploads\/2021\/12\/07-Press-Logo.jpg\",\"contentUrl\":\"https:\/\/permbledhja.com\/wp-content\/uploads\/2021\/12\/07-Press-Logo.jpg\",\"width\":512,\"height\":512,\"caption\":\"MK Media & Pr\"},\"image\":{\"@id\":\"https:\/\/permbledhja.com\/#\/schema\/logo\/image\/\"},\"sameAs\":[\"https:\/\/www.facebook.com\/press07\/\"]},{\"@type\":\"Person\",\"@id\":\"https:\/\/permbledhja.com\/#\/schema\/person\/0d064377258d3221e50693947b9eb4fe\",\"name\":\"P\u00ebrmbledhja\",\"image\":{\"@type\":\"ImageObject\",\"inLanguage\":\"sq\",\"@id\":\"https:\/\/permbledhja.com\/#\/schema\/person\/image\/\",\"url\":\"https:\/\/permbledhja.com\/wp-content\/uploads\/2026\/01\/452004717_1040944174702970_8932037511805513407_n-96x96.jpg\",\"contentUrl\":\"https:\/\/permbledhja.com\/wp-content\/uploads\/2026\/01\/452004717_1040944174702970_8932037511805513407_n-96x96.jpg\",\"caption\":\"P\u00ebrmbledhja\"},\"sameAs\":[\"https:\/\/www.facebook.com\/kafexhiu.muharrem\/\",\"https:\/\/www.instagram.com\/muharrem_kafexhiu\/\"],\"url\":\"https:\/\/permbledhja.com\/sq\/author\/admin\/\"}]}<\/script>\n<!-- \/ Yoast SEO plugin. -->","yoast_head_json":{"title":"Osmani uron 7 Marsin: M\u00ebsuesit mbeten shtylla e shoq\u00ebris\u00eb dhe ata q\u00eb form\u00ebsojn\u00eb mendjet dhe zemrat e kombit","robots":{"index":"index","follow":"follow","max-snippet":"max-snippet:-1","max-image-preview":"max-image-preview:large","max-video-preview":"max-video-preview:-1"},"canonical":"https:\/\/permbledhja.com\/sq\/osmani-uron-7-marsin-mesuesit-mbeten-shtylla-e-shoqerise-dhe-ata-qe-formesojne-mendjet-dhe-zemrat-e-kombit\/","og_locale":"sq_AL","og_type":"article","og_title":"Osmani uron 7 Marsin: M\u00ebsuesit mbeten shtylla e shoq\u00ebris\u00eb dhe ata q\u00eb form\u00ebsojn\u00eb mendjet dhe zemrat e kombit","og_description":"Presidentja Vjosa Osmani ka uruar 7 Marsin \u2013 Dit\u00ebn e M\u00ebsuesve. N\u00eb urimin e Osmanit thuhet se m\u00ebsuesit mbeten shtylla e shoq\u00ebris\u00eb dhe ata q\u00eb form\u00ebsojn\u00eb mendjet dhe zemrat e kombit. \u201cM\u00eb 7 Mars kujtojm\u00eb themelimin e shkoll\u00ebs s\u00eb par\u00eb shqipe n\u00eb Kor\u00e7\u00eb m\u00eb 1887, nj\u00eb akt i guximsh\u00ebm i patriot\u00ebve tan\u00eb, q\u00eb e kuptuan [&hellip;]","og_url":"https:\/\/permbledhja.com\/sq\/osmani-uron-7-marsin-mesuesit-mbeten-shtylla-e-shoqerise-dhe-ata-qe-formesojne-mendjet-dhe-zemrat-e-kombit\/","og_site_name":"Ve\u00e7 artikuj p\u00ebrmbledh\u00ebs","article_publisher":"https:\/\/www.facebook.com\/press07\/","article_author":"https:\/\/www.facebook.com\/kafexhiu.muharrem\/","article_published_time":"2025-03-07T10:50:09+00:00","og_image":[{"width":1600,"height":1064,"url":"https:\/\/permbledhja.com\/wp-content\/uploads\/2025\/03\/Urimi-i-Presidentes-Osmani-per-7-Marsin-Diten-e-Mesuesve-1.jpeg","type":"image\/jpeg"}],"author":"P\u00ebrmbledhja","twitter_card":"summary_large_image","twitter_misc":{"Written by":"P\u00ebrmbledhja","Est. reading time":"1 minut\u00eb"},"schema":{"@context":"https:\/\/schema.org","@graph":[{"@type":"Article","@id":"https:\/\/permbledhja.com\/osmani-uron-7-marsin-mesuesit-mbeten-shtylla-e-shoqerise-dhe-ata-qe-formesojne-mendjet-dhe-zemrat-e-kombit\/#article","isPartOf":{"@id":"https:\/\/permbledhja.com\/osmani-uron-7-marsin-mesuesit-mbeten-shtylla-e-shoqerise-dhe-ata-qe-formesojne-mendjet-dhe-zemrat-e-kombit\/"},"author":{"name":"P\u00ebrmbledhja","@id":"https:\/\/permbledhja.com\/#\/schema\/person\/0d064377258d3221e50693947b9eb4fe"},"headline":"Osmani uron 7 Marsin: M\u00ebsuesit mbeten shtylla e shoq\u00ebris\u00eb dhe ata q\u00eb form\u00ebsojn\u00eb mendjet dhe zemrat e kombit","datePublished":"2025-03-07T10:50:09+00:00","dateModified":"2025-03-07T10:50:09+00:00","mainEntityOfPage":{"@id":"https:\/\/permbledhja.com\/osmani-uron-7-marsin-mesuesit-mbeten-shtylla-e-shoqerise-dhe-ata-qe-formesojne-mendjet-dhe-zemrat-e-kombit\/"},"wordCount":167,"publisher":{"@id":"https:\/\/permbledhja.com\/#organization"},"keywords":["Vjosa Osmani"],"articleSection":["Dyt\u00ebsore"],"inLanguage":"sq"},{"@type":"WebPage","@id":"https:\/\/permbledhja.com\/osmani-uron-7-marsin-mesuesit-mbeten-shtylla-e-shoqerise-dhe-ata-qe-formesojne-mendjet-dhe-zemrat-e-kombit\/","url":"https:\/\/permbledhja.com\/osmani-uron-7-marsin-mesuesit-mbeten-shtylla-e-shoqerise-dhe-ata-qe-formesojne-mendjet-dhe-zemrat-e-kombit\/","name":"Osmani uron 7 Marsin: M\u00ebsuesit mbeten shtylla e shoq\u00ebris\u00eb dhe ata q\u00eb form\u00ebsojn\u00eb mendjet dhe zemrat e kombit","isPartOf":{"@id":"https:\/\/permbledhja.com\/#website"},"datePublished":"2025-03-07T10:50:09+00:00","dateModified":"2025-03-07T10:50:09+00:00","breadcrumb":{"@id":"https:\/\/permbledhja.com\/osmani-uron-7-marsin-mesuesit-mbeten-shtylla-e-shoqerise-dhe-ata-qe-formesojne-mendjet-dhe-zemrat-e-kombit\/#breadcrumb"},"inLanguage":"sq","potentialAction":[{"@type":"ReadAction","target":["https:\/\/permbledhja.com\/osmani-uron-7-marsin-mesuesit-mbeten-shtylla-e-shoqerise-dhe-ata-qe-formesojne-mendjet-dhe-zemrat-e-kombit\/"]}]},{"@type":"BreadcrumbList","@id":"https:\/\/permbledhja.com\/osmani-uron-7-marsin-mesuesit-mbeten-shtylla-e-shoqerise-dhe-ata-qe-formesojne-mendjet-dhe-zemrat-e-kombit\/#breadcrumb","itemListElement":[{"@type":"ListItem","position":1,"name":"Ballina","item":"https:\/\/permbledhja.com\/sq\/"},{"@type":"ListItem","position":2,"name":"Osmani uron 7 Marsin: M\u00ebsuesit mbeten shtylla e shoq\u00ebris\u00eb dhe ata q\u00eb form\u00ebsojn\u00eb mendjet dhe zemrat e kombit"}]},{"@type":"WebSite","@id":"https:\/\/permbledhja.com\/#website","url":"https:\/\/permbledhja.com\/","name":"Ve\u00e7 artikuj p\u00ebrmbledh\u00ebs","description":"","publisher":{"@id":"https:\/\/permbledhja.com\/#organization"},"potentialAction":[{"@type":"SearchAction","target":{"@type":"EntryPoint","urlTemplate":"https:\/\/permbledhja.com\/?s={search_term_string}"},"query-input":"required name=search_term_string"}],"inLanguage":"sq"},{"@type":"Organization","@id":"https:\/\/permbledhja.com\/#organization","name":"MK Media & Pr","url":"https:\/\/permbledhja.com\/","logo":{"@type":"ImageObject","inLanguage":"sq","@id":"https:\/\/permbledhja.com\/#\/schema\/logo\/image\/","url":"https:\/\/permbledhja.com\/wp-content\/uploads\/2021\/12\/07-Press-Logo.jpg","contentUrl":"https:\/\/permbledhja.com\/wp-content\/uploads\/2021\/12\/07-Press-Logo.jpg","width":512,"height":512,"caption":"MK Media & Pr"},"image":{"@id":"https:\/\/permbledhja.com\/#\/schema\/logo\/image\/"},"sameAs":["https:\/\/www.facebook.com\/press07\/"]},{"@type":"Person","@id":"https:\/\/permbledhja.com\/#\/schema\/person\/0d064377258d3221e50693947b9eb4fe","name":"P\u00ebrmbledhja","image":{"@type":"ImageObject","inLanguage":"sq","@id":"https:\/\/permbledhja.com\/#\/schema\/person\/image\/","url":"https:\/\/permbledhja.com\/wp-content\/uploads\/2026\/01\/452004717_1040944174702970_8932037511805513407_n-96x96.jpg","contentUrl":"https:\/\/permbledhja.com\/wp-content\/uploads\/2026\/01\/452004717_1040944174702970_8932037511805513407_n-96x96.jpg","caption":"P\u00ebrmbledhja"},"sameAs":["https:\/\/www.facebook.com\/kafexhiu.muharrem\/","https:\/\/www.instagram.com\/muharrem_kafexhiu\/"],"url":"https:\/\/permbledhja.com\/sq\/author\/admin\/"}]}},"_links":{"self":[{"href":"https:\/\/permbledhja.com\/sq\/wp-json\/wp\/v2\/posts\/71225"}],"collection":[{"href":"https:\/\/permbledhja.com\/sq\/wp-json\/wp\/v2\/posts"}],"about":[{"href":"https:\/\/permbledhja.com\/sq\/wp-json\/wp\/v2\/types\/post"}],"author":[{"embeddable":true,"href":"https:\/\/permbledhja.com\/sq\/wp-json\/wp\/v2\/users\/1"}],"replies":[{"embeddable":true,"href":"https:\/\/permbledhja.com\/sq\/wp-json\/wp\/v2\/comments?post=71225"}],"version-history":[{"count":1,"href":"https:\/\/permbledhja.com\/sq\/wp-json\/wp\/v2\/posts\/71225\/revisions"}],"predecessor-version":[{"id":71227,"href":"https:\/\/permbledhja.com\/sq\/wp-json\/wp\/v2\/posts\/71225\/revisions\/71227"}],"wp:featuredmedia":[{"embeddable":true,"href":"https:\/\/permbledhja.com\/sq\/wp-json\/wp\/v2\/media\/71226"}],"wp:attachment":[{"href":"https:\/\/permbledhja.com\/sq\/wp-json\/wp\/v2\/media?parent=71225"}],"wp:term":[{"taxonomy":"category","embeddable":true,"href":"https:\/\/permbledhja.com\/sq\/wp-json\/wp\/v2\/categories?post=71225"},{"taxonomy":"post_tag","embeddable":true,"href":"https:\/\/permbledhja.com\/sq\/wp-json\/wp\/v2\/tags?post=71225"}],"curies":[{"name":"wp","href":"https:\/\/api.w.org\/{rel}","templated":true}]}}