{"id":71155,"date":"2025-03-05T12:12:23","date_gmt":"2025-03-05T12:12:23","guid":{"rendered":"https:\/\/permbledhja.com\/?p=71155"},"modified":"2025-03-05T12:12:23","modified_gmt":"2025-03-05T12:12:23","slug":"pse-ndertoi-pa-leje-shtepize-malore-deputeti-beke-berisha","status":"publish","type":"post","link":"https:\/\/permbledhja.com\/sq\/pse-ndertoi-pa-leje-shtepize-malore-deputeti-beke-berisha\/","title":{"rendered":"Pse nd\u00ebrtoi pa leje sht\u00ebpiz\u00eb malore deputeti Bek\u00eb Berisha?"},"content":{"rendered":"<p><strong>\u201cBetimi p\u00ebr Drejt\u00ebsi\u201d ka gjetur pik\u00ebrisht politikan\u00eb t\u00eb cil\u00ebt nd\u00ebrtuan pa leje. Disa prej politikan\u00ebve, objektet e t\u00eb cil\u00ebve jan\u00eb hulumtuar nd\u00ebrtimet pa leje i arsyetojn\u00eb me faktin se \u201cnuk kishin koh\u00eb\u201d t\u00eb merreshin me dokumentacionin, e n\u00eb disa raste t\u00eb tjera nd\u00ebrtimet u b\u00ebn\u00eb nga familjar\u00ebt e tyre.<\/strong><\/p>\n<p>N\u00eb bjeshk\u00ebn e bukur t\u00eb Mokn\u00ebs, n\u00eb zon\u00ebn per\u00ebndimore t\u00eb Kosov\u00ebs, n\u00eb af\u00ebrsi t\u00eb Istogut, deputeti i Aleanc\u00ebs p\u00ebr Ardhm\u00ebrin\u00eb e Kosov\u00ebs, Bek\u00eb Berisha, para shtat\u00eb vitesh ka nd\u00ebrtuar nj\u00eb sht\u00ebpiz\u00eb, pa leje.<\/p>\n<p>P\u00ebr k\u00ebt\u00eb, ai thot\u00eb se nuk i pyeti institucionet, por banor\u00ebt e fshatit.<\/p>\n<p>\u201cPse, pse me leje, kallxom ti mu. Qysh \u00ebsht\u00eb leja?\u201d, deklaroi deputeti Berisha, kur u pyet nga \u201cBetimi p\u00ebr Drejt\u00ebsi\u201d pse nd\u00ebrtoi pa leje sht\u00ebpiz\u00ebn malore.<\/p>\n<p>\u201cAjo \u00ebsht\u00eb nd\u00ebrtu qe nja 7 vjet. \u00cbsht\u00eb nd\u00ebrtu n\u00eb nj\u00eb zone kufitare. Aty ku e kam nd\u00ebrtu un\u00eb \u00ebsht\u00eb edhe p\u00ebrmendorja e nj\u00eb djali t\u00eb ri q\u00eb e kan\u00eb vra serb\u00ebt prej baze aty edhe kam desht\u00eb me pas prani n\u00eb at\u00eb pjes\u00eb. Fillimisht i kam pyet ata fshatar\u00ebt sepse ajo \u00ebsht\u00eb pron\u00eb e fshatit, quhet. Ka plot k\u00ebso, ju duhet me trajtu edhe k\u00ebt\u00eb fenomen. i kam pyet: A muj me b\u00eb nj\u00eb stan k\u00ebtu? E kam marr\u00eb miratimin e tyre se nuk b\u00ebn pa i pyet ata fshatar\u00ebt edhe e kam b\u00eb nj\u00eb vikendic\u00eb t\u00eb vog\u00ebl, nja 2 ari vend. Pastaj e kam rrethu p\u00ebr me i rujt do pisha se pos qatyhit k\u00ebrkun nuk ka se i kan\u00eb pre krejt komuna, t\u2019u i keqp\u00ebrdor\u00eb\u201d, vazhdoi m\u00eb tej sqarimin e tij Berisha.<\/p>\n<p>M\u00eb pas Berisha tregoi se p\u00ebrve\u00e7 banor\u00ebve t\u00eb zon\u00ebs, u interesua edhe p\u00ebr ta legalizuar, por nuk e gjeti adres\u00ebn e duhur.<\/p>\n<p>\u201cPo kam k\u00ebqyr\u00eb, po k\u00ebtu s\u2019din kush me t\u00eb kallxu as ku duhet me b\u00eb k\u00ebrkes\u00ebn as kush \u00ebsht\u00eb kompetent. Ve\u00e7 thojn\u00eb jo zyra kho, jo zyra n\u00eb Pej\u00eb, jo zyra n\u00eb Prishtin\u00eb, jo zyra n\u00eb komun\u00eb, po kjo o met\u00eb qishtu, edhe un\u00eb nuk jam fort i zoti me ju nga pak, tash un\u00eb p\u00ebr nj\u00eb vikendic\u00eb me nga n\u00ebp\u00ebr krejt Kosov\u00eb, mas ktyne, kush jan\u00eb k\u00ebta zyrtar\u00eb e \u00e7ka jan\u00eb. Po nuk kam dit\u00eb kurr\u00eb me i ra n\u00eb fije qysh, ku me b\u00eb se nuk ka pranu kurr\u00ebkush, jo na s\u2019jemi, jo na s\u2019jemi, jo na s\u2019jemi\u201d, shtoi ai.<\/p>\n<p>Dukagjin Hoxha, Drejtor n\u00eb Drejtorin\u00eb e Planifikimit Urban dhe Mjedis n\u00eb Komun\u00ebn e Istogut, thot\u00eb \u00a0se deputeti Berisha nuk ka b\u00ebr\u00eb asnj\u00ebher\u00eb k\u00ebrkes\u00eb p\u00ebr leje apo legalizim t\u00eb sht\u00ebpiz\u00ebs q\u00eb ka nd\u00ebrtuar n\u00eb Mokne.<\/p>\n<p>\u201cPranimin e l\u00ebnd\u00ebs nga qendra p\u00ebr sh\u00ebrbime me qytetar e b\u00ebj un\u00eb personalisht dhe me protokollet tona zyrtare nuk kemi sh\u00ebnim zyrtar q\u00eb pala e lartcekur q\u00eb e potencuat q\u00eb ka b\u00ebr\u00eb k\u00ebrkes\u00eb p\u00ebr leje nd\u00ebrtimore apo qoft\u00eb ndonj\u00eb k\u00ebrkes\u00eb tjet\u00ebr\u201d, deklaroi Hoxha.<\/p>\n<p>Se asnj\u00ebher\u00eb nuk b\u00ebri k\u00ebrkes\u00eb me shkrim, e pranon edhe deputeti Berisha.<\/p>\n<p><iframe loading=\"lazy\" title=\"Pse nd\u00ebrtoi pa leje sht\u00ebpiz\u00eb malore deputeti i AAK-s\u00eb, Bek\u00eb Berisha? | Betimi per Drejtesi\" width=\"640\" height=\"360\" src=\"https:\/\/www.youtube.com\/embed\/5MAsQZuxDXc?feature=oembed\" frameborder=\"0\" allow=\"accelerometer; autoplay; clipboard-write; encrypted-media; gyroscope; picture-in-picture; web-share\" referrerpolicy=\"strict-origin-when-cross-origin\" allowfullscreen><\/iframe><\/p>\n<p>\u201c<strong>Gazetarja:\u00a0<\/strong>A keni b\u00eb k\u00ebrkesa me shkrim n\u00eb komun\u00eb a ministri, apo vec jeni takuar fizikisht?<\/p>\n<p>Bek\u00eb Berisha: Po more, po kam provu nj\u00ebher\u00eb, e qysh me b\u00eb kur s\u2019ta pranon ai, thot\u00eb un\u00eb nuk jam, tani un\u00eb nuk jam. Shkon n\u00eb Pej\u00eb, nuk jam. N\u00eb Prishtin\u00eb, nuk jam. Un\u00eb nuk jam, kurr\u00ebkush nuk \u00ebsht\u00eb. Dmth kurr\u00ebkush nuk i del p\u00ebrball\u00eb k\u00ebsaj pune. Ve\u00e7 qishtu e zgatin, procedura burokratike, n\u00eb m\u00ebnyr\u00ebn p\u00ebr me u b\u00eb politike kjo pun\u00eb edhe ti me m\u00eb vet\u00eb mu, pse ke nd\u00ebrtu pa leje nj\u00eb stan.<\/p>\n<p>Tashti vet\u00ebm a nihesh keq prej k\u00ebtyre njer\u00ebzve, hajt vet\u00ebm? Dmth hiq hiq.<\/p>\n<p><strong>Gazetarja:\u00a0<\/strong>N\u00eb \u00e7far\u00eb aspekti a ndihesh keq?<\/p>\n<p>Si kam nd\u00ebrtu pa leje, ose duhet me kan\u00eb un\u00eb shembull. Kallxom ti mu qysh duhet me u b\u00eb shembull nj\u00eb politikan, p\u00ebr nj\u00eb \u00e7\u00ebshtje qeshtu.<\/p>\n<p><strong>Gazetarja:\u00a0<\/strong>Me respektu ligjin.<\/p>\n<p>A?<\/p>\n<p><strong>Gazetarja:\u00a0<\/strong>Me respektu ligjin.<\/p>\n<p>Po ligjin e respektoj, po cilin ligj, ku me respektu, cil\u00ebn zyre, ku jan\u00eb udh\u00ebzimet? Qysh duhet me b\u00eb?<\/p>\n<p><strong>Gazetarja:\u00a0<\/strong>Me u interesu, ato jan\u00eb t\u00eb..<\/p>\n<p>Po jam interesu, a po t\u00eb kall\u00ebzoj q\u00eb jam intresu\u201d, sqarohet Berisha.<\/p>\n<p>N\u00eb an\u00ebn tjet\u00ebr Dukagjin HOXHA, Drejtor n\u00eb Drejtorin\u00eb e Planifikimit Urban dhe Mjedis n\u00eb Komun\u00ebn e Istogut thot\u00eb se t\u00eb gjitha k\u00ebto detaje jan\u00eb t\u00eb p\u00ebrcaktuara n\u00eb ligj.<\/p>\n<p>\u201cLigji i p\u00ebrcakton t\u00eb gjitha, cilat jan\u00eb kompetenca e marrjes s\u00eb nj\u00eb leje nd\u00ebrtimore, nuk ka nevoj\u00eb t\u00eb endet n\u00ebp\u00ebr objekt e n\u00ebp\u00ebr zyre, por ligji e p\u00ebrcakton se n\u00eb cil\u00ebn zyre duhet e ku me i marr\u00eb informacionet e duhura dhe me u pajis\u00eb\u201d, tha ai.<\/p>\n<p>Por deputeti Berisha, pretendon se krejt k\u00ebt\u00eb pun\u00eb, t\u00eb mos dh\u00ebnies s\u00eb informative t\u00eb duhura, ia b\u00ebn\u00eb me q\u00ebllim.<\/p>\n<p>\u201cPo kurr\u00eb s\u2019kam pas informat\u00eb, jo duhet k\u00ebshtu, burokratike e bojshin. Q\u00ebllimi \u00ebsht\u00eb p\u00ebr me m\u00eb lan\u00eb si politikan, p\u00ebr me ardh\u00eb un\u00eb me dhan\u00eb k\u00ebt\u00eb intervist\u00eb k\u00ebtu te ti, demek q\u00eb ajo \u00ebsht\u00eb pa leje\u201d, tha ai.<\/p>\n<p>Kushtrim Buleshkaj, Drejtor i Inspeksionit n\u00eb Istog p\u00ebrmes post\u00ebs elektronika ka th\u00ebn\u00eb se jan\u00eb n\u00eb dijeni p\u00ebr k\u00ebt\u00eb nd\u00ebrtim pa leje, i cili kur \u00ebsht\u00eb inspektuar, si nd\u00ebrtim ishte i p\u00ebrfunduar. Dhe si i till\u00eb, \u00ebsht\u00eb p\u00ebrfshir\u00eb n\u00eb nj\u00eb raport t\u00eb p\u00ebrgjithsh\u00ebm t\u00eb hartuar nga Drejtoria e Urbanizmit, i cili mbulon t\u00eb gjitha nd\u00ebrtimet pa leje n\u00eb at\u00eb zon\u00eb.<\/p>\n<p>\u201cNe po ndjekim t\u00eb gjitha procedurat e nevojshme p\u00ebr t\u00eb adresuar k\u00ebt\u00eb \u00e7\u00ebshtje n\u00eb p\u00ebrputhje me ligjin dhe rregulloret n\u00eb fuqi\u201d.<\/p>\n<p>Buleshkja, m\u00eb tej ka treguar edhe hapat e nd\u00ebrmarr\u00eb p\u00ebr k\u00ebt\u00eb rast.<\/p>\n<p>\u201c\u00cbsht\u00eb vendosur shenja zyrtare p\u00ebr nd\u00ebrprerjen e Punimeve. \u00cbsht\u00eb b\u00ebr\u00eb Inspektimi dhe Dokumentimi: Nj\u00eb ekip inspektor\u00ebsh ka vizituar\u00a0 territorin n\u00eb bjeshk\u00ebt e Istogut\u00a0 p\u00ebr t\u00eb verifikuar nd\u00ebrtimet pa leje dhe ka p\u00ebrgatitur nj\u00eb raport t\u00eb detajuar mbi gjendjen aktuale. \u00cbsht\u00eb b\u00ebr\u00eb njoftimi i pal\u00ebs: z.Berisha \u00ebsht\u00eb njoftuar zyrtarisht p\u00ebr shkeljen dhe \u00ebsht\u00eb ftuar t\u00eb paraqes\u00eb dokumentacionin e nevojsh\u00ebm\u00a0 p\u00ebr legalizim. Po ashtu \u00ebsht\u00eb njoftuar p\u00ebr afatin e Legalizimit\u201d, ka njoftuar Buleshkaj p\u00ebrmes post\u00ebs elektronike.<\/p>\n<p>I pyetur nga \u201cBetimi p\u00ebr Drejt\u00ebsi\u201d, deputeti Berisha ka treguar se njoftimi i Komun\u00ebs s\u00eb Istogut p\u00ebr procedura t\u00eb legalizimit i erdhi pas interesimit t\u00eb ekipit t\u00eb emisionit \u201cBetimi p\u00ebr Drejt\u00ebsi\u201d, p\u00ebr k\u00ebt\u00eb rast.<\/p>\n<p>P\u00ebrmes telefonit Berisha ka treguar se njoftimin nga komuna e pranoi pasi u intervistua ai nga ekipi i emisionit m\u00eb dat\u00eb 22 korrik.<\/p>\n<p><strong>P\u00ebr m\u00eb shum\u00eb, ndiqeni hulumtimin \u201c<\/strong><strong>Politikan\u00eb dhe nd\u00ebrtime pa leje\u201d, i cili transmetohet n\u00eb Betimi p\u00ebr Drejt\u00ebsi, KTV dhe TVArta\/Betimip\u00ebrDrejt\u00ebsi<\/strong><\/p>\n<p><iframe loading=\"lazy\" title=\"Politikan\u00eb dhe nd\u00ebrtime pa leje | Betimi p\u00ebr Drejt\u00ebsi\" width=\"640\" height=\"360\" src=\"https:\/\/www.youtube.com\/embed\/5Wd5X0j9liA?feature=oembed\" frameborder=\"0\" allow=\"accelerometer; autoplay; clipboard-write; encrypted-media; gyroscope; picture-in-picture; web-share\" referrerpolicy=\"strict-origin-when-cross-origin\" allowfullscreen><\/iframe><\/p>\n","protected":false},"excerpt":{"rendered":"<p>\u201cBetimi p\u00ebr Drejt\u00ebsi\u201d ka gjetur pik\u00ebrisht politikan\u00eb t\u00eb cil\u00ebt nd\u00ebrtuan pa leje. Disa prej politikan\u00ebve, objektet e t\u00eb cil\u00ebve jan\u00eb hulumtuar nd\u00ebrtimet pa leje i arsyetojn\u00eb me faktin se \u201cnuk kishin koh\u00eb\u201d t\u00eb merreshin me dokumentacionin, e n\u00eb disa raste t\u00eb tjera nd\u00ebrtimet u b\u00ebn\u00eb nga familjar\u00ebt e tyre. N\u00eb bjeshk\u00ebn e bukur t\u00eb Mokn\u00ebs, [&hellip;]<\/p>\n","protected":false},"author":1,"featured_media":71156,"comment_status":"closed","ping_status":"closed","sticky":false,"template":"","format":"standard","meta":{"_monsterinsights_skip_tracking":false,"_monsterinsights_sitenote_active":false,"_monsterinsights_sitenote_note":"","_monsterinsights_sitenote_category":0,"_uf_show_specific_survey":0,"_uf_disable_surveys":false,"footnotes":""},"categories":[3324],"tags":[2225],"yoast_head":"<!-- This site is optimized with the Yoast SEO plugin v21.5 - https:\/\/yoast.com\/wordpress\/plugins\/seo\/ -->\n<title>Pse nd\u00ebrtoi pa leje sht\u00ebpiz\u00eb malore deputeti Bek\u00eb Berisha?<\/title>\n<meta name=\"robots\" content=\"index, follow, max-snippet:-1, max-image-preview:large, max-video-preview:-1\" \/>\n<link rel=\"canonical\" href=\"https:\/\/permbledhja.com\/sq\/pse-ndertoi-pa-leje-shtepize-malore-deputeti-beke-berisha\/\" \/>\n<meta property=\"og:locale\" content=\"sq_AL\" \/>\n<meta property=\"og:type\" content=\"article\" \/>\n<meta property=\"og:title\" content=\"Pse nd\u00ebrtoi pa leje sht\u00ebpiz\u00eb malore deputeti Bek\u00eb Berisha?\" \/>\n<meta property=\"og:description\" content=\"\u201cBetimi p\u00ebr Drejt\u00ebsi\u201d ka gjetur pik\u00ebrisht politikan\u00eb t\u00eb cil\u00ebt nd\u00ebrtuan pa leje. Disa prej politikan\u00ebve, objektet e t\u00eb cil\u00ebve jan\u00eb hulumtuar nd\u00ebrtimet pa leje i arsyetojn\u00eb me faktin se \u201cnuk kishin koh\u00eb\u201d t\u00eb merreshin me dokumentacionin, e n\u00eb disa raste t\u00eb tjera nd\u00ebrtimet u b\u00ebn\u00eb nga familjar\u00ebt e tyre. N\u00eb bjeshk\u00ebn e bukur t\u00eb Mokn\u00ebs, [&hellip;]\" \/>\n<meta property=\"og:url\" content=\"https:\/\/permbledhja.com\/sq\/pse-ndertoi-pa-leje-shtepize-malore-deputeti-beke-berisha\/\" \/>\n<meta property=\"og:site_name\" content=\"Ve\u00e7 artikuj p\u00ebrmbledh\u00ebs\" \/>\n<meta property=\"article:publisher\" content=\"https:\/\/www.facebook.com\/press07\/\" \/>\n<meta property=\"article:author\" content=\"https:\/\/www.facebook.com\/kafexhiu.muharrem\/\" \/>\n<meta property=\"article:published_time\" content=\"2025-03-05T12:12:23+00:00\" \/>\n<meta property=\"og:image\" content=\"https:\/\/permbledhja.com\/wp-content\/uploads\/2025\/03\/1-1.png\" \/>\n\t<meta property=\"og:image:width\" content=\"587\" \/>\n\t<meta property=\"og:image:height\" content=\"361\" \/>\n\t<meta property=\"og:image:type\" content=\"image\/png\" \/>\n<meta name=\"author\" content=\"P\u00ebrmbledhja\" \/>\n<meta name=\"twitter:card\" content=\"summary_large_image\" \/>\n<meta name=\"twitter:label1\" content=\"Written by\" \/>\n\t<meta name=\"twitter:data1\" content=\"P\u00ebrmbledhja\" \/>\n\t<meta name=\"twitter:label2\" content=\"Est. reading time\" \/>\n\t<meta name=\"twitter:data2\" content=\"6 minuta\" \/>\n<script type=\"application\/ld+json\" class=\"yoast-schema-graph\">{\"@context\":\"https:\/\/schema.org\",\"@graph\":[{\"@type\":\"Article\",\"@id\":\"https:\/\/permbledhja.com\/pse-ndertoi-pa-leje-shtepize-malore-deputeti-beke-berisha\/#article\",\"isPartOf\":{\"@id\":\"https:\/\/permbledhja.com\/pse-ndertoi-pa-leje-shtepize-malore-deputeti-beke-berisha\/\"},\"author\":{\"name\":\"P\u00ebrmbledhja\",\"@id\":\"https:\/\/permbledhja.com\/#\/schema\/person\/0d064377258d3221e50693947b9eb4fe\"},\"headline\":\"Pse nd\u00ebrtoi pa leje sht\u00ebpiz\u00eb malore deputeti Bek\u00eb Berisha?\",\"datePublished\":\"2025-03-05T12:12:23+00:00\",\"dateModified\":\"2025-03-05T12:12:23+00:00\",\"mainEntityOfPage\":{\"@id\":\"https:\/\/permbledhja.com\/pse-ndertoi-pa-leje-shtepize-malore-deputeti-beke-berisha\/\"},\"wordCount\":1230,\"publisher\":{\"@id\":\"https:\/\/permbledhja.com\/#organization\"},\"keywords\":[\"Bek\u00eb Berisha\"],\"articleSection\":[\"Dyt\u00ebsore\"],\"inLanguage\":\"sq\"},{\"@type\":\"WebPage\",\"@id\":\"https:\/\/permbledhja.com\/pse-ndertoi-pa-leje-shtepize-malore-deputeti-beke-berisha\/\",\"url\":\"https:\/\/permbledhja.com\/pse-ndertoi-pa-leje-shtepize-malore-deputeti-beke-berisha\/\",\"name\":\"Pse nd\u00ebrtoi pa leje sht\u00ebpiz\u00eb malore deputeti Bek\u00eb Berisha?\",\"isPartOf\":{\"@id\":\"https:\/\/permbledhja.com\/#website\"},\"datePublished\":\"2025-03-05T12:12:23+00:00\",\"dateModified\":\"2025-03-05T12:12:23+00:00\",\"breadcrumb\":{\"@id\":\"https:\/\/permbledhja.com\/pse-ndertoi-pa-leje-shtepize-malore-deputeti-beke-berisha\/#breadcrumb\"},\"inLanguage\":\"sq\",\"potentialAction\":[{\"@type\":\"ReadAction\",\"target\":[\"https:\/\/permbledhja.com\/pse-ndertoi-pa-leje-shtepize-malore-deputeti-beke-berisha\/\"]}]},{\"@type\":\"BreadcrumbList\",\"@id\":\"https:\/\/permbledhja.com\/pse-ndertoi-pa-leje-shtepize-malore-deputeti-beke-berisha\/#breadcrumb\",\"itemListElement\":[{\"@type\":\"ListItem\",\"position\":1,\"name\":\"Ballina\",\"item\":\"https:\/\/permbledhja.com\/sq\/\"},{\"@type\":\"ListItem\",\"position\":2,\"name\":\"Pse nd\u00ebrtoi pa leje sht\u00ebpiz\u00eb malore deputeti Bek\u00eb Berisha?\"}]},{\"@type\":\"WebSite\",\"@id\":\"https:\/\/permbledhja.com\/#website\",\"url\":\"https:\/\/permbledhja.com\/\",\"name\":\"Ve\u00e7 artikuj p\u00ebrmbledh\u00ebs\",\"description\":\"\",\"publisher\":{\"@id\":\"https:\/\/permbledhja.com\/#organization\"},\"potentialAction\":[{\"@type\":\"SearchAction\",\"target\":{\"@type\":\"EntryPoint\",\"urlTemplate\":\"https:\/\/permbledhja.com\/?s={search_term_string}\"},\"query-input\":\"required name=search_term_string\"}],\"inLanguage\":\"sq\"},{\"@type\":\"Organization\",\"@id\":\"https:\/\/permbledhja.com\/#organization\",\"name\":\"MK Media & Pr\",\"url\":\"https:\/\/permbledhja.com\/\",\"logo\":{\"@type\":\"ImageObject\",\"inLanguage\":\"sq\",\"@id\":\"https:\/\/permbledhja.com\/#\/schema\/logo\/image\/\",\"url\":\"https:\/\/permbledhja.com\/wp-content\/uploads\/2021\/12\/07-Press-Logo.jpg\",\"contentUrl\":\"https:\/\/permbledhja.com\/wp-content\/uploads\/2021\/12\/07-Press-Logo.jpg\",\"width\":512,\"height\":512,\"caption\":\"MK Media & Pr\"},\"image\":{\"@id\":\"https:\/\/permbledhja.com\/#\/schema\/logo\/image\/\"},\"sameAs\":[\"https:\/\/www.facebook.com\/press07\/\"]},{\"@type\":\"Person\",\"@id\":\"https:\/\/permbledhja.com\/#\/schema\/person\/0d064377258d3221e50693947b9eb4fe\",\"name\":\"P\u00ebrmbledhja\",\"image\":{\"@type\":\"ImageObject\",\"inLanguage\":\"sq\",\"@id\":\"https:\/\/permbledhja.com\/#\/schema\/person\/image\/\",\"url\":\"https:\/\/permbledhja.com\/wp-content\/uploads\/2026\/01\/452004717_1040944174702970_8932037511805513407_n-96x96.jpg\",\"contentUrl\":\"https:\/\/permbledhja.com\/wp-content\/uploads\/2026\/01\/452004717_1040944174702970_8932037511805513407_n-96x96.jpg\",\"caption\":\"P\u00ebrmbledhja\"},\"sameAs\":[\"https:\/\/www.facebook.com\/kafexhiu.muharrem\/\",\"https:\/\/www.instagram.com\/muharrem_kafexhiu\/\"],\"url\":\"https:\/\/permbledhja.com\/sq\/author\/admin\/\"}]}<\/script>\n<!-- \/ Yoast SEO plugin. -->","yoast_head_json":{"title":"Pse nd\u00ebrtoi pa leje sht\u00ebpiz\u00eb malore deputeti Bek\u00eb Berisha?","robots":{"index":"index","follow":"follow","max-snippet":"max-snippet:-1","max-image-preview":"max-image-preview:large","max-video-preview":"max-video-preview:-1"},"canonical":"https:\/\/permbledhja.com\/sq\/pse-ndertoi-pa-leje-shtepize-malore-deputeti-beke-berisha\/","og_locale":"sq_AL","og_type":"article","og_title":"Pse nd\u00ebrtoi pa leje sht\u00ebpiz\u00eb malore deputeti Bek\u00eb Berisha?","og_description":"\u201cBetimi p\u00ebr Drejt\u00ebsi\u201d ka gjetur pik\u00ebrisht politikan\u00eb t\u00eb cil\u00ebt nd\u00ebrtuan pa leje. Disa prej politikan\u00ebve, objektet e t\u00eb cil\u00ebve jan\u00eb hulumtuar nd\u00ebrtimet pa leje i arsyetojn\u00eb me faktin se \u201cnuk kishin koh\u00eb\u201d t\u00eb merreshin me dokumentacionin, e n\u00eb disa raste t\u00eb tjera nd\u00ebrtimet u b\u00ebn\u00eb nga familjar\u00ebt e tyre. N\u00eb bjeshk\u00ebn e bukur t\u00eb Mokn\u00ebs, [&hellip;]","og_url":"https:\/\/permbledhja.com\/sq\/pse-ndertoi-pa-leje-shtepize-malore-deputeti-beke-berisha\/","og_site_name":"Ve\u00e7 artikuj p\u00ebrmbledh\u00ebs","article_publisher":"https:\/\/www.facebook.com\/press07\/","article_author":"https:\/\/www.facebook.com\/kafexhiu.muharrem\/","article_published_time":"2025-03-05T12:12:23+00:00","og_image":[{"width":587,"height":361,"url":"https:\/\/permbledhja.com\/wp-content\/uploads\/2025\/03\/1-1.png","type":"image\/png"}],"author":"P\u00ebrmbledhja","twitter_card":"summary_large_image","twitter_misc":{"Written by":"P\u00ebrmbledhja","Est. reading time":"6 minuta"},"schema":{"@context":"https:\/\/schema.org","@graph":[{"@type":"Article","@id":"https:\/\/permbledhja.com\/pse-ndertoi-pa-leje-shtepize-malore-deputeti-beke-berisha\/#article","isPartOf":{"@id":"https:\/\/permbledhja.com\/pse-ndertoi-pa-leje-shtepize-malore-deputeti-beke-berisha\/"},"author":{"name":"P\u00ebrmbledhja","@id":"https:\/\/permbledhja.com\/#\/schema\/person\/0d064377258d3221e50693947b9eb4fe"},"headline":"Pse nd\u00ebrtoi pa leje sht\u00ebpiz\u00eb malore deputeti Bek\u00eb Berisha?","datePublished":"2025-03-05T12:12:23+00:00","dateModified":"2025-03-05T12:12:23+00:00","mainEntityOfPage":{"@id":"https:\/\/permbledhja.com\/pse-ndertoi-pa-leje-shtepize-malore-deputeti-beke-berisha\/"},"wordCount":1230,"publisher":{"@id":"https:\/\/permbledhja.com\/#organization"},"keywords":["Bek\u00eb Berisha"],"articleSection":["Dyt\u00ebsore"],"inLanguage":"sq"},{"@type":"WebPage","@id":"https:\/\/permbledhja.com\/pse-ndertoi-pa-leje-shtepize-malore-deputeti-beke-berisha\/","url":"https:\/\/permbledhja.com\/pse-ndertoi-pa-leje-shtepize-malore-deputeti-beke-berisha\/","name":"Pse nd\u00ebrtoi pa leje sht\u00ebpiz\u00eb malore deputeti Bek\u00eb Berisha?","isPartOf":{"@id":"https:\/\/permbledhja.com\/#website"},"datePublished":"2025-03-05T12:12:23+00:00","dateModified":"2025-03-05T12:12:23+00:00","breadcrumb":{"@id":"https:\/\/permbledhja.com\/pse-ndertoi-pa-leje-shtepize-malore-deputeti-beke-berisha\/#breadcrumb"},"inLanguage":"sq","potentialAction":[{"@type":"ReadAction","target":["https:\/\/permbledhja.com\/pse-ndertoi-pa-leje-shtepize-malore-deputeti-beke-berisha\/"]}]},{"@type":"BreadcrumbList","@id":"https:\/\/permbledhja.com\/pse-ndertoi-pa-leje-shtepize-malore-deputeti-beke-berisha\/#breadcrumb","itemListElement":[{"@type":"ListItem","position":1,"name":"Ballina","item":"https:\/\/permbledhja.com\/sq\/"},{"@type":"ListItem","position":2,"name":"Pse nd\u00ebrtoi pa leje sht\u00ebpiz\u00eb malore deputeti Bek\u00eb Berisha?"}]},{"@type":"WebSite","@id":"https:\/\/permbledhja.com\/#website","url":"https:\/\/permbledhja.com\/","name":"Ve\u00e7 artikuj p\u00ebrmbledh\u00ebs","description":"","publisher":{"@id":"https:\/\/permbledhja.com\/#organization"},"potentialAction":[{"@type":"SearchAction","target":{"@type":"EntryPoint","urlTemplate":"https:\/\/permbledhja.com\/?s={search_term_string}"},"query-input":"required name=search_term_string"}],"inLanguage":"sq"},{"@type":"Organization","@id":"https:\/\/permbledhja.com\/#organization","name":"MK Media & Pr","url":"https:\/\/permbledhja.com\/","logo":{"@type":"ImageObject","inLanguage":"sq","@id":"https:\/\/permbledhja.com\/#\/schema\/logo\/image\/","url":"https:\/\/permbledhja.com\/wp-content\/uploads\/2021\/12\/07-Press-Logo.jpg","contentUrl":"https:\/\/permbledhja.com\/wp-content\/uploads\/2021\/12\/07-Press-Logo.jpg","width":512,"height":512,"caption":"MK Media & Pr"},"image":{"@id":"https:\/\/permbledhja.com\/#\/schema\/logo\/image\/"},"sameAs":["https:\/\/www.facebook.com\/press07\/"]},{"@type":"Person","@id":"https:\/\/permbledhja.com\/#\/schema\/person\/0d064377258d3221e50693947b9eb4fe","name":"P\u00ebrmbledhja","image":{"@type":"ImageObject","inLanguage":"sq","@id":"https:\/\/permbledhja.com\/#\/schema\/person\/image\/","url":"https:\/\/permbledhja.com\/wp-content\/uploads\/2026\/01\/452004717_1040944174702970_8932037511805513407_n-96x96.jpg","contentUrl":"https:\/\/permbledhja.com\/wp-content\/uploads\/2026\/01\/452004717_1040944174702970_8932037511805513407_n-96x96.jpg","caption":"P\u00ebrmbledhja"},"sameAs":["https:\/\/www.facebook.com\/kafexhiu.muharrem\/","https:\/\/www.instagram.com\/muharrem_kafexhiu\/"],"url":"https:\/\/permbledhja.com\/sq\/author\/admin\/"}]}},"_links":{"self":[{"href":"https:\/\/permbledhja.com\/sq\/wp-json\/wp\/v2\/posts\/71155"}],"collection":[{"href":"https:\/\/permbledhja.com\/sq\/wp-json\/wp\/v2\/posts"}],"about":[{"href":"https:\/\/permbledhja.com\/sq\/wp-json\/wp\/v2\/types\/post"}],"author":[{"embeddable":true,"href":"https:\/\/permbledhja.com\/sq\/wp-json\/wp\/v2\/users\/1"}],"replies":[{"embeddable":true,"href":"https:\/\/permbledhja.com\/sq\/wp-json\/wp\/v2\/comments?post=71155"}],"version-history":[{"count":1,"href":"https:\/\/permbledhja.com\/sq\/wp-json\/wp\/v2\/posts\/71155\/revisions"}],"predecessor-version":[{"id":71157,"href":"https:\/\/permbledhja.com\/sq\/wp-json\/wp\/v2\/posts\/71155\/revisions\/71157"}],"wp:featuredmedia":[{"embeddable":true,"href":"https:\/\/permbledhja.com\/sq\/wp-json\/wp\/v2\/media\/71156"}],"wp:attachment":[{"href":"https:\/\/permbledhja.com\/sq\/wp-json\/wp\/v2\/media?parent=71155"}],"wp:term":[{"taxonomy":"category","embeddable":true,"href":"https:\/\/permbledhja.com\/sq\/wp-json\/wp\/v2\/categories?post=71155"},{"taxonomy":"post_tag","embeddable":true,"href":"https:\/\/permbledhja.com\/sq\/wp-json\/wp\/v2\/tags?post=71155"}],"curies":[{"name":"wp","href":"https:\/\/api.w.org\/{rel}","templated":true}]}}