{"id":71151,"date":"2025-03-05T11:43:04","date_gmt":"2025-03-05T11:43:04","guid":{"rendered":"https:\/\/permbledhja.com\/?p=71151"},"modified":"2025-03-05T11:43:04","modified_gmt":"2025-03-05T11:43:04","slug":"kosova-terhiqet-nga-agjenda-e-komitetit-per-politike-te-asamblese-parlamentare-te-keshillit-te-evropes","status":"publish","type":"post","link":"https:\/\/permbledhja.com\/sq\/kosova-terhiqet-nga-agjenda-e-komitetit-per-politike-te-asamblese-parlamentare-te-keshillit-te-evropes\/","title":{"rendered":"Kosova t\u00ebrhiqet nga agjenda e Komitetit p\u00ebr Politik\u00eb t\u00eb Asambles\u00eb Parlamentare t\u00eb K\u00ebshillit t\u00eb Evrop\u00ebs"},"content":{"rendered":"<p><strong>Kosova kishte dor\u00ebzuar nj\u00eb aplikacion p\u00ebr status t\u00eb mysafirit special n\u00eb K\u00ebshill t\u00eb Evrop\u00ebs.<\/strong><\/p>\n<p>K\u00ebrkesa e Kosov\u00ebs ishte parapar\u00eb n\u00eb agjend\u00ebn e takimit t\u00eb sot\u00ebm, por u t\u00ebrhoq n\u00eb nisje t\u00eb seanc\u00ebs.<\/p>\n<p>K\u00ebshtu kan\u00eb b\u00ebr\u00eb t\u00eb ditur n\u00eb nj\u00eb p\u00ebrgjigje p\u00ebr Telegrafin nga K\u00ebshilli i Evrop\u00ebs.<\/p>\n<p><em>\u201cN\u00eb hapjen e mbledhjes s\u00eb tij sot n\u00eb Paris, Komiteti p\u00ebr Politik\u00eb i Asambles\u00eb Parlamentare t\u00eb K\u00ebshillit t\u00eb Evrop\u00ebs, vendosi t\u00eb heq\u00eb nga rendi i dit\u00ebs pik\u00ebn num\u00ebr 5: \u201cK\u00ebrkesa p\u00ebr statusin e mysafirit special nga Kuvendi i Kosov\u00ebs*\u201d<\/em>, thuhet n\u00eb p\u00ebrgjigje.<\/p>\n<p>Asambleja Parlamentare mund t\u2019i jap\u00eb statusin e mysafirit t\u00eb ve\u00e7ant\u00eb parlamenteve komb\u00ebtare t\u00eb vendeve evropiane q\u00eb nuk jan\u00eb shtete an\u00ebtare, por t\u00eb cilat kan\u00eb aplikuar p\u00ebr an\u00ebtar\u00ebsim n\u00eb K\u00ebshillin e Evrop\u00ebs.<\/p>\n<p>An\u00ebtar\u00ebt e delegacionit t\u00eb mysafirit special mund t\u00eb ul\u00ebn n\u00eb Asamblen\u00eb Parlamentare, por nuk kan\u00eb t\u00eb drejt\u00eb vote. Ata kan\u00eb t\u00eb drejt\u00eb t\u00eb mbajn\u00eb fjalim me leje t\u00eb presidentit t\u00eb Asambles\u00eb.<\/p>\n<p>Kosova d\u00ebshtoi t\u00eb an\u00ebtar\u00ebsohet n\u00eb K\u00ebshillin e Evrop\u00ebs n\u00eb fillim t\u00eb vitit 2024, p\u00ebr shkak se u kusht\u00ebzua me krijimin e Asociacionit t\u00eb komunave me shumic\u00eb serbe n\u00eb Kosov\u00eb.<\/p>\n","protected":false},"excerpt":{"rendered":"<p>Kosova kishte dor\u00ebzuar nj\u00eb aplikacion p\u00ebr status t\u00eb mysafirit special n\u00eb K\u00ebshill t\u00eb Evrop\u00ebs. K\u00ebrkesa e Kosov\u00ebs ishte parapar\u00eb n\u00eb agjend\u00ebn e takimit t\u00eb sot\u00ebm, por u t\u00ebrhoq n\u00eb nisje t\u00eb seanc\u00ebs. K\u00ebshtu kan\u00eb b\u00ebr\u00eb t\u00eb ditur n\u00eb nj\u00eb p\u00ebrgjigje p\u00ebr Telegrafin nga K\u00ebshilli i Evrop\u00ebs. \u201cN\u00eb hapjen e mbledhjes s\u00eb tij sot n\u00eb Paris, [&hellip;]<\/p>\n","protected":false},"author":1,"featured_media":71152,"comment_status":"closed","ping_status":"closed","sticky":false,"template":"","format":"standard","meta":{"_monsterinsights_skip_tracking":false,"_monsterinsights_sitenote_active":false,"_monsterinsights_sitenote_note":"","_monsterinsights_sitenote_category":0,"_uf_show_specific_survey":0,"_uf_disable_surveys":false,"footnotes":""},"categories":[2645],"tags":[116],"yoast_head":"<!-- This site is optimized with the Yoast SEO plugin v21.5 - https:\/\/yoast.com\/wordpress\/plugins\/seo\/ -->\n<title>Kosova t\u00ebrhiqet nga agjenda e Komitetit p\u00ebr Politik\u00eb t\u00eb Asambles\u00eb Parlamentare t\u00eb K\u00ebshillit t\u00eb Evrop\u00ebs<\/title>\n<meta name=\"robots\" content=\"index, follow, max-snippet:-1, max-image-preview:large, max-video-preview:-1\" \/>\n<link rel=\"canonical\" href=\"https:\/\/permbledhja.com\/sq\/kosova-terhiqet-nga-agjenda-e-komitetit-per-politike-te-asamblese-parlamentare-te-keshillit-te-evropes\/\" \/>\n<meta property=\"og:locale\" content=\"sq_AL\" \/>\n<meta property=\"og:type\" content=\"article\" \/>\n<meta property=\"og:title\" content=\"Kosova t\u00ebrhiqet nga agjenda e Komitetit p\u00ebr Politik\u00eb t\u00eb Asambles\u00eb Parlamentare t\u00eb K\u00ebshillit t\u00eb Evrop\u00ebs\" \/>\n<meta property=\"og:description\" content=\"Kosova kishte dor\u00ebzuar nj\u00eb aplikacion p\u00ebr status t\u00eb mysafirit special n\u00eb K\u00ebshill t\u00eb Evrop\u00ebs. K\u00ebrkesa e Kosov\u00ebs ishte parapar\u00eb n\u00eb agjend\u00ebn e takimit t\u00eb sot\u00ebm, por u t\u00ebrhoq n\u00eb nisje t\u00eb seanc\u00ebs. K\u00ebshtu kan\u00eb b\u00ebr\u00eb t\u00eb ditur n\u00eb nj\u00eb p\u00ebrgjigje p\u00ebr Telegrafin nga K\u00ebshilli i Evrop\u00ebs. \u201cN\u00eb hapjen e mbledhjes s\u00eb tij sot n\u00eb Paris, [&hellip;]\" \/>\n<meta property=\"og:url\" content=\"https:\/\/permbledhja.com\/sq\/kosova-terhiqet-nga-agjenda-e-komitetit-per-politike-te-asamblese-parlamentare-te-keshillit-te-evropes\/\" \/>\n<meta property=\"og:site_name\" content=\"Ve\u00e7 artikuj p\u00ebrmbledh\u00ebs\" \/>\n<meta property=\"article:publisher\" content=\"https:\/\/www.facebook.com\/press07\/\" \/>\n<meta property=\"article:author\" content=\"https:\/\/www.facebook.com\/kafexhiu.muharrem\/\" \/>\n<meta property=\"article:published_time\" content=\"2025-03-05T11:43:04+00:00\" \/>\n<meta property=\"og:image\" content=\"https:\/\/permbledhja.com\/wp-content\/uploads\/2025\/03\/0.png\" \/>\n\t<meta property=\"og:image:width\" content=\"614\" \/>\n\t<meta property=\"og:image:height\" content=\"372\" \/>\n\t<meta property=\"og:image:type\" content=\"image\/png\" \/>\n<meta name=\"author\" content=\"P\u00ebrmbledhja\" \/>\n<meta name=\"twitter:card\" content=\"summary_large_image\" \/>\n<meta name=\"twitter:label1\" content=\"Written by\" \/>\n\t<meta name=\"twitter:data1\" content=\"P\u00ebrmbledhja\" \/>\n\t<meta name=\"twitter:label2\" content=\"Est. reading time\" \/>\n\t<meta name=\"twitter:data2\" content=\"1 minut\u00eb\" \/>\n<script type=\"application\/ld+json\" class=\"yoast-schema-graph\">{\"@context\":\"https:\/\/schema.org\",\"@graph\":[{\"@type\":\"Article\",\"@id\":\"https:\/\/permbledhja.com\/kosova-terhiqet-nga-agjenda-e-komitetit-per-politike-te-asamblese-parlamentare-te-keshillit-te-evropes\/#article\",\"isPartOf\":{\"@id\":\"https:\/\/permbledhja.com\/kosova-terhiqet-nga-agjenda-e-komitetit-per-politike-te-asamblese-parlamentare-te-keshillit-te-evropes\/\"},\"author\":{\"name\":\"P\u00ebrmbledhja\",\"@id\":\"https:\/\/permbledhja.com\/#\/schema\/person\/0d064377258d3221e50693947b9eb4fe\"},\"headline\":\"Kosova t\u00ebrhiqet nga agjenda e Komitetit p\u00ebr Politik\u00eb t\u00eb Asambles\u00eb Parlamentare t\u00eb K\u00ebshillit t\u00eb Evrop\u00ebs\",\"datePublished\":\"2025-03-05T11:43:04+00:00\",\"dateModified\":\"2025-03-05T11:43:04+00:00\",\"mainEntityOfPage\":{\"@id\":\"https:\/\/permbledhja.com\/kosova-terhiqet-nga-agjenda-e-komitetit-per-politike-te-asamblese-parlamentare-te-keshillit-te-evropes\/\"},\"wordCount\":241,\"publisher\":{\"@id\":\"https:\/\/permbledhja.com\/#organization\"},\"keywords\":[\"Kosova\"],\"articleSection\":[\"T\u00eb r\u00ebnd\u00ebsishme\"],\"inLanguage\":\"sq\"},{\"@type\":\"WebPage\",\"@id\":\"https:\/\/permbledhja.com\/kosova-terhiqet-nga-agjenda-e-komitetit-per-politike-te-asamblese-parlamentare-te-keshillit-te-evropes\/\",\"url\":\"https:\/\/permbledhja.com\/kosova-terhiqet-nga-agjenda-e-komitetit-per-politike-te-asamblese-parlamentare-te-keshillit-te-evropes\/\",\"name\":\"Kosova t\u00ebrhiqet nga agjenda e Komitetit p\u00ebr Politik\u00eb t\u00eb Asambles\u00eb Parlamentare t\u00eb K\u00ebshillit t\u00eb Evrop\u00ebs\",\"isPartOf\":{\"@id\":\"https:\/\/permbledhja.com\/#website\"},\"datePublished\":\"2025-03-05T11:43:04+00:00\",\"dateModified\":\"2025-03-05T11:43:04+00:00\",\"breadcrumb\":{\"@id\":\"https:\/\/permbledhja.com\/kosova-terhiqet-nga-agjenda-e-komitetit-per-politike-te-asamblese-parlamentare-te-keshillit-te-evropes\/#breadcrumb\"},\"inLanguage\":\"sq\",\"potentialAction\":[{\"@type\":\"ReadAction\",\"target\":[\"https:\/\/permbledhja.com\/kosova-terhiqet-nga-agjenda-e-komitetit-per-politike-te-asamblese-parlamentare-te-keshillit-te-evropes\/\"]}]},{\"@type\":\"BreadcrumbList\",\"@id\":\"https:\/\/permbledhja.com\/kosova-terhiqet-nga-agjenda-e-komitetit-per-politike-te-asamblese-parlamentare-te-keshillit-te-evropes\/#breadcrumb\",\"itemListElement\":[{\"@type\":\"ListItem\",\"position\":1,\"name\":\"Ballina\",\"item\":\"https:\/\/permbledhja.com\/sq\/\"},{\"@type\":\"ListItem\",\"position\":2,\"name\":\"Kosova t\u00ebrhiqet nga agjenda e Komitetit p\u00ebr Politik\u00eb t\u00eb Asambles\u00eb Parlamentare t\u00eb K\u00ebshillit t\u00eb Evrop\u00ebs\"}]},{\"@type\":\"WebSite\",\"@id\":\"https:\/\/permbledhja.com\/#website\",\"url\":\"https:\/\/permbledhja.com\/\",\"name\":\"Ve\u00e7 artikuj p\u00ebrmbledh\u00ebs\",\"description\":\"\",\"publisher\":{\"@id\":\"https:\/\/permbledhja.com\/#organization\"},\"potentialAction\":[{\"@type\":\"SearchAction\",\"target\":{\"@type\":\"EntryPoint\",\"urlTemplate\":\"https:\/\/permbledhja.com\/?s={search_term_string}\"},\"query-input\":\"required name=search_term_string\"}],\"inLanguage\":\"sq\"},{\"@type\":\"Organization\",\"@id\":\"https:\/\/permbledhja.com\/#organization\",\"name\":\"MK Media & Pr\",\"url\":\"https:\/\/permbledhja.com\/\",\"logo\":{\"@type\":\"ImageObject\",\"inLanguage\":\"sq\",\"@id\":\"https:\/\/permbledhja.com\/#\/schema\/logo\/image\/\",\"url\":\"https:\/\/permbledhja.com\/wp-content\/uploads\/2021\/12\/07-Press-Logo.jpg\",\"contentUrl\":\"https:\/\/permbledhja.com\/wp-content\/uploads\/2021\/12\/07-Press-Logo.jpg\",\"width\":512,\"height\":512,\"caption\":\"MK Media & Pr\"},\"image\":{\"@id\":\"https:\/\/permbledhja.com\/#\/schema\/logo\/image\/\"},\"sameAs\":[\"https:\/\/www.facebook.com\/press07\/\"]},{\"@type\":\"Person\",\"@id\":\"https:\/\/permbledhja.com\/#\/schema\/person\/0d064377258d3221e50693947b9eb4fe\",\"name\":\"P\u00ebrmbledhja\",\"image\":{\"@type\":\"ImageObject\",\"inLanguage\":\"sq\",\"@id\":\"https:\/\/permbledhja.com\/#\/schema\/person\/image\/\",\"url\":\"https:\/\/permbledhja.com\/wp-content\/uploads\/2026\/01\/452004717_1040944174702970_8932037511805513407_n-96x96.jpg\",\"contentUrl\":\"https:\/\/permbledhja.com\/wp-content\/uploads\/2026\/01\/452004717_1040944174702970_8932037511805513407_n-96x96.jpg\",\"caption\":\"P\u00ebrmbledhja\"},\"sameAs\":[\"https:\/\/www.facebook.com\/kafexhiu.muharrem\/\",\"https:\/\/www.instagram.com\/muharrem_kafexhiu\/\"],\"url\":\"https:\/\/permbledhja.com\/sq\/author\/admin\/\"}]}<\/script>\n<!-- \/ Yoast SEO plugin. -->","yoast_head_json":{"title":"Kosova t\u00ebrhiqet nga agjenda e Komitetit p\u00ebr Politik\u00eb t\u00eb Asambles\u00eb Parlamentare t\u00eb K\u00ebshillit t\u00eb Evrop\u00ebs","robots":{"index":"index","follow":"follow","max-snippet":"max-snippet:-1","max-image-preview":"max-image-preview:large","max-video-preview":"max-video-preview:-1"},"canonical":"https:\/\/permbledhja.com\/sq\/kosova-terhiqet-nga-agjenda-e-komitetit-per-politike-te-asamblese-parlamentare-te-keshillit-te-evropes\/","og_locale":"sq_AL","og_type":"article","og_title":"Kosova t\u00ebrhiqet nga agjenda e Komitetit p\u00ebr Politik\u00eb t\u00eb Asambles\u00eb Parlamentare t\u00eb K\u00ebshillit t\u00eb Evrop\u00ebs","og_description":"Kosova kishte dor\u00ebzuar nj\u00eb aplikacion p\u00ebr status t\u00eb mysafirit special n\u00eb K\u00ebshill t\u00eb Evrop\u00ebs. K\u00ebrkesa e Kosov\u00ebs ishte parapar\u00eb n\u00eb agjend\u00ebn e takimit t\u00eb sot\u00ebm, por u t\u00ebrhoq n\u00eb nisje t\u00eb seanc\u00ebs. K\u00ebshtu kan\u00eb b\u00ebr\u00eb t\u00eb ditur n\u00eb nj\u00eb p\u00ebrgjigje p\u00ebr Telegrafin nga K\u00ebshilli i Evrop\u00ebs. \u201cN\u00eb hapjen e mbledhjes s\u00eb tij sot n\u00eb Paris, [&hellip;]","og_url":"https:\/\/permbledhja.com\/sq\/kosova-terhiqet-nga-agjenda-e-komitetit-per-politike-te-asamblese-parlamentare-te-keshillit-te-evropes\/","og_site_name":"Ve\u00e7 artikuj p\u00ebrmbledh\u00ebs","article_publisher":"https:\/\/www.facebook.com\/press07\/","article_author":"https:\/\/www.facebook.com\/kafexhiu.muharrem\/","article_published_time":"2025-03-05T11:43:04+00:00","og_image":[{"width":614,"height":372,"url":"https:\/\/permbledhja.com\/wp-content\/uploads\/2025\/03\/0.png","type":"image\/png"}],"author":"P\u00ebrmbledhja","twitter_card":"summary_large_image","twitter_misc":{"Written by":"P\u00ebrmbledhja","Est. reading time":"1 minut\u00eb"},"schema":{"@context":"https:\/\/schema.org","@graph":[{"@type":"Article","@id":"https:\/\/permbledhja.com\/kosova-terhiqet-nga-agjenda-e-komitetit-per-politike-te-asamblese-parlamentare-te-keshillit-te-evropes\/#article","isPartOf":{"@id":"https:\/\/permbledhja.com\/kosova-terhiqet-nga-agjenda-e-komitetit-per-politike-te-asamblese-parlamentare-te-keshillit-te-evropes\/"},"author":{"name":"P\u00ebrmbledhja","@id":"https:\/\/permbledhja.com\/#\/schema\/person\/0d064377258d3221e50693947b9eb4fe"},"headline":"Kosova t\u00ebrhiqet nga agjenda e Komitetit p\u00ebr Politik\u00eb t\u00eb Asambles\u00eb Parlamentare t\u00eb K\u00ebshillit t\u00eb Evrop\u00ebs","datePublished":"2025-03-05T11:43:04+00:00","dateModified":"2025-03-05T11:43:04+00:00","mainEntityOfPage":{"@id":"https:\/\/permbledhja.com\/kosova-terhiqet-nga-agjenda-e-komitetit-per-politike-te-asamblese-parlamentare-te-keshillit-te-evropes\/"},"wordCount":241,"publisher":{"@id":"https:\/\/permbledhja.com\/#organization"},"keywords":["Kosova"],"articleSection":["T\u00eb r\u00ebnd\u00ebsishme"],"inLanguage":"sq"},{"@type":"WebPage","@id":"https:\/\/permbledhja.com\/kosova-terhiqet-nga-agjenda-e-komitetit-per-politike-te-asamblese-parlamentare-te-keshillit-te-evropes\/","url":"https:\/\/permbledhja.com\/kosova-terhiqet-nga-agjenda-e-komitetit-per-politike-te-asamblese-parlamentare-te-keshillit-te-evropes\/","name":"Kosova t\u00ebrhiqet nga agjenda e Komitetit p\u00ebr Politik\u00eb t\u00eb Asambles\u00eb Parlamentare t\u00eb K\u00ebshillit t\u00eb Evrop\u00ebs","isPartOf":{"@id":"https:\/\/permbledhja.com\/#website"},"datePublished":"2025-03-05T11:43:04+00:00","dateModified":"2025-03-05T11:43:04+00:00","breadcrumb":{"@id":"https:\/\/permbledhja.com\/kosova-terhiqet-nga-agjenda-e-komitetit-per-politike-te-asamblese-parlamentare-te-keshillit-te-evropes\/#breadcrumb"},"inLanguage":"sq","potentialAction":[{"@type":"ReadAction","target":["https:\/\/permbledhja.com\/kosova-terhiqet-nga-agjenda-e-komitetit-per-politike-te-asamblese-parlamentare-te-keshillit-te-evropes\/"]}]},{"@type":"BreadcrumbList","@id":"https:\/\/permbledhja.com\/kosova-terhiqet-nga-agjenda-e-komitetit-per-politike-te-asamblese-parlamentare-te-keshillit-te-evropes\/#breadcrumb","itemListElement":[{"@type":"ListItem","position":1,"name":"Ballina","item":"https:\/\/permbledhja.com\/sq\/"},{"@type":"ListItem","position":2,"name":"Kosova t\u00ebrhiqet nga agjenda e Komitetit p\u00ebr Politik\u00eb t\u00eb Asambles\u00eb Parlamentare t\u00eb K\u00ebshillit t\u00eb Evrop\u00ebs"}]},{"@type":"WebSite","@id":"https:\/\/permbledhja.com\/#website","url":"https:\/\/permbledhja.com\/","name":"Ve\u00e7 artikuj p\u00ebrmbledh\u00ebs","description":"","publisher":{"@id":"https:\/\/permbledhja.com\/#organization"},"potentialAction":[{"@type":"SearchAction","target":{"@type":"EntryPoint","urlTemplate":"https:\/\/permbledhja.com\/?s={search_term_string}"},"query-input":"required name=search_term_string"}],"inLanguage":"sq"},{"@type":"Organization","@id":"https:\/\/permbledhja.com\/#organization","name":"MK Media & Pr","url":"https:\/\/permbledhja.com\/","logo":{"@type":"ImageObject","inLanguage":"sq","@id":"https:\/\/permbledhja.com\/#\/schema\/logo\/image\/","url":"https:\/\/permbledhja.com\/wp-content\/uploads\/2021\/12\/07-Press-Logo.jpg","contentUrl":"https:\/\/permbledhja.com\/wp-content\/uploads\/2021\/12\/07-Press-Logo.jpg","width":512,"height":512,"caption":"MK Media & Pr"},"image":{"@id":"https:\/\/permbledhja.com\/#\/schema\/logo\/image\/"},"sameAs":["https:\/\/www.facebook.com\/press07\/"]},{"@type":"Person","@id":"https:\/\/permbledhja.com\/#\/schema\/person\/0d064377258d3221e50693947b9eb4fe","name":"P\u00ebrmbledhja","image":{"@type":"ImageObject","inLanguage":"sq","@id":"https:\/\/permbledhja.com\/#\/schema\/person\/image\/","url":"https:\/\/permbledhja.com\/wp-content\/uploads\/2026\/01\/452004717_1040944174702970_8932037511805513407_n-96x96.jpg","contentUrl":"https:\/\/permbledhja.com\/wp-content\/uploads\/2026\/01\/452004717_1040944174702970_8932037511805513407_n-96x96.jpg","caption":"P\u00ebrmbledhja"},"sameAs":["https:\/\/www.facebook.com\/kafexhiu.muharrem\/","https:\/\/www.instagram.com\/muharrem_kafexhiu\/"],"url":"https:\/\/permbledhja.com\/sq\/author\/admin\/"}]}},"_links":{"self":[{"href":"https:\/\/permbledhja.com\/sq\/wp-json\/wp\/v2\/posts\/71151"}],"collection":[{"href":"https:\/\/permbledhja.com\/sq\/wp-json\/wp\/v2\/posts"}],"about":[{"href":"https:\/\/permbledhja.com\/sq\/wp-json\/wp\/v2\/types\/post"}],"author":[{"embeddable":true,"href":"https:\/\/permbledhja.com\/sq\/wp-json\/wp\/v2\/users\/1"}],"replies":[{"embeddable":true,"href":"https:\/\/permbledhja.com\/sq\/wp-json\/wp\/v2\/comments?post=71151"}],"version-history":[{"count":1,"href":"https:\/\/permbledhja.com\/sq\/wp-json\/wp\/v2\/posts\/71151\/revisions"}],"predecessor-version":[{"id":71153,"href":"https:\/\/permbledhja.com\/sq\/wp-json\/wp\/v2\/posts\/71151\/revisions\/71153"}],"wp:featuredmedia":[{"embeddable":true,"href":"https:\/\/permbledhja.com\/sq\/wp-json\/wp\/v2\/media\/71152"}],"wp:attachment":[{"href":"https:\/\/permbledhja.com\/sq\/wp-json\/wp\/v2\/media?parent=71151"}],"wp:term":[{"taxonomy":"category","embeddable":true,"href":"https:\/\/permbledhja.com\/sq\/wp-json\/wp\/v2\/categories?post=71151"},{"taxonomy":"post_tag","embeddable":true,"href":"https:\/\/permbledhja.com\/sq\/wp-json\/wp\/v2\/tags?post=71151"}],"curies":[{"name":"wp","href":"https:\/\/api.w.org\/{rel}","templated":true}]}}