{"id":70546,"date":"2024-12-20T10:56:42","date_gmt":"2024-12-20T10:56:42","guid":{"rendered":"https:\/\/permbledhja.com\/?p=70546"},"modified":"2024-12-20T13:38:34","modified_gmt":"2024-12-20T13:38:34","slug":"konjufca-kosova-kampion-i-demokracise-ne-rajon-falenderojme-shqiperine-qe-na-ndihmoi-ne-arenen-nderkombetare","status":"publish","type":"post","link":"https:\/\/permbledhja.com\/sq\/konjufca-kosova-kampion-i-demokracise-ne-rajon-falenderojme-shqiperine-qe-na-ndihmoi-ne-arenen-nderkombetare\/","title":{"rendered":"Konjufca: Kosova kampion i demokracis\u00eb n\u00eb rajon, fal\u00ebnderojm\u00eb Shqip\u00ebrin\u00eb q\u00eb na ndihmoi n\u00eb aren\u00ebn nd\u00ebrkomb\u00ebtare"},"content":{"rendered":"<p><strong>Kryeparlamentari Glauk Konjufca nisi fjal\u00ebn n\u00eb seanc\u00ebn e p\u00ebrbashk\u00ebt t\u00eb dy kuvende Kosov\u00eb-Shqip\u00ebri sot n\u00eb Kuvendin e Kosov\u00ebs.<\/strong><\/p>\n<p>Ai fal\u00ebnderoi Shqip\u00ebrin\u00eb dhe institucionet e saj p\u00ebr ndihm\u00ebn q\u00eb i ka dh\u00ebn\u00eb Kosov\u00ebs n\u00eb aren\u00ebn nd\u00ebrkomb\u00ebtare.<\/p>\n<p>\u201cKosova mbetet nj\u00eb kampion i demokracis\u00eb n\u00eb rajon, e vler\u00ebsuar edhe prej institucioneve per\u00ebndimore dhe me k\u00ebt\u00eb duhet t\u00eb krenohemi t\u00eb gjith\u00eb ne si popull. Shqiptar\u00ebt gjithmon\u00eb kan\u00eb qen\u00eb aleati m\u00eb i natyrsh\u00ebm i vlerave per\u00ebndimore n\u00eb Ballkan. E fal\u00ebnderojm\u00eb Republik\u00ebn e Shqip\u00ebris\u00eb, e fal\u00ebnderojm\u00eb Kuvendin, Qeverin\u00eb shqiptare q\u00eb ka qen\u00eb e z\u00ebshme p\u00ebr mbrojtjen e interesave t\u00eb Kosov\u00ebs, p\u00ebr mbrojtjen e shtet\u00ebsis\u00eb s\u00eb Kosov\u00ebs n\u00eb aren\u00ebn nd\u00ebrkomb\u00ebtare, n\u00eb \u00e7do forum t\u00eb r\u00ebnd\u00ebsish\u00ebm t\u00eb bot\u00ebs dhe q\u00eb e drejta e Kosov\u00ebs p\u00ebr mbrojtjen e sovranitetit dhe integritetit t\u00eb saj, t\u00eb forcimit t\u00eb ligjit e shtetit demokratik nuk mund t\u00eb konsiderohet n\u00eb asnj\u00eb m\u00ebnyr\u00eb cenim i fqinj\u00ebsis\u00eb s\u00eb mir\u00eb dhe as p\u00ebrshkall\u00ebzim i raporteve me fqinj\u00ebt ton\u00eb\u201d.<\/p>\n<p>Ai nisi fjalimin duke theksuar r\u00ebnd\u00ebsin\u00eb e siguris\u00eb s\u00eb shtetit t\u00eb Kosov\u00ebs dhe rajonit.<\/p>\n<p>\u201cJemi mbledhur n\u00eb k\u00ebt\u00eb seanc\u00eb t\u00eb p\u00ebrbashk\u00ebt t\u00eb kuvendeve tona n\u00eb fund t\u00eb k\u00ebtij viti p\u00ebr ta d\u00ebshmuar unitetin ton\u00eb p\u00ebrball\u00eb sfidave politike dhe atyre gjeopolitike, t\u00eb siguris\u00eb q\u00eb e shoq\u00ebrojn\u00eb rajonin dhe kontinentin ton\u00eb edhe gjat\u00eb k\u00ebtij viti\u201d.<\/p>\n<p>Konjufca p\u00ebrmendi agresionin rus ndaj Ukrain\u00ebs dhe tha se si rajon e Kosov\u00eb \u201ci kemi ndier ndikimet e t\u00ebrthorta dhe t\u00eb drejtp\u00ebrdrejta t\u00eb k\u00ebtij agresioni\u201d.<\/p>\n<p>\u201cRepublika e Kosov\u00ebs po e mbyll edhe k\u00ebt\u00eb vit e sulmuar drejtp\u00ebrdrejt nga elemente q\u00eb lidhen me Serbin\u00eb e q\u00eb synojn\u00eb destabilizimin e brendsh\u00ebm t\u00eb Kosov\u00ebs me metoda terroriste dhe ato t\u00eb luft\u00ebs hibride\u201d.<\/p>\n<p>Konjufca tha se sulmi ndaj Ib\u00ebr Lepencit s\u2019mund t\u00eb konsiderohet ndryshe p\u00ebrve\u00e7se si sulm terrorist nga ata q\u00eb refuzojn\u00eb ta pranojn\u00eb Kosov\u00ebn si \u201cnj\u00eb realitet sovran dhe si rend ligjor e demokratik q\u00eb s\u2019ka alternativ\u00eb n\u00eb t\u00ebr\u00eb territorin e Republik\u00ebs son\u00eb\u201d.<\/p>\n<p>Ai tha se ky sulm ndodhi nj\u00eb vit pas sulmit t\u00eb Banjsk\u00ebs, \u201corganizator dhe mb\u00ebshtet\u00ebs i k\u00ebtij sulmi \u00ebsht\u00eb Radoi\u00e7iqi dhe i mb\u00ebshtetur drejtp\u00ebrdrejt nga presidenti Vu\u00e7iq dhe i cili ende mbetet i pand\u00ebshkuar nga drejt\u00ebsia n\u00eb Serbi q\u00eb pothuajse nuk ekziston fare. Prandaj, ky p\u00ebrbashkim i yni sot n\u00eb k\u00ebt\u00eb seanc\u00eb p\u00ebrb\u00ebn m\u00eb shum\u00eb se simbolik\u00ebn e bashk\u00ebpunimit nd\u00ebrmjet institucioneve tona. Kjo seanc\u00eb duhet me u pa si d\u00ebshmi q\u00eb Kosova dhe Shqip\u00ebria jan\u00eb me nj\u00ebra-tjetr\u00ebn n\u00eb \u00e7do rrethan\u00eb dhe pa asnj\u00eb kusht dhe duke qen\u00eb se ne nuk mund t\u00eb p\u00ebrfaq\u00ebsojm\u00eb tjet\u00ebrgj\u00eb p\u00ebrve\u00e7se interesin komb\u00ebtar t\u00eb kombit q\u00eb p\u00ebr ne \u00ebsht\u00eb i p\u00ebrbashk\u00ebt\u201d.<\/p>\n<p>Kryeparlamentari i Kosov\u00ebs tha se t\u00eb dyja vendet synojn\u00eb t\u00eb nj\u00ebjt\u00ebn familje \u2013 \u201cintegrimin europian t\u00eb shteteve tona\u201d.<\/p>\n<p>\u201cShqip\u00ebria ka ecur p\u00ebrpara n\u00eb rrug\u00ebn e integrimit dhe m\u00ebsimet e saj do t\u00eb jen\u00eb t\u00eb dobishme p\u00ebr ne, pavar\u00ebsisht rrethanave aktuale absurde q\u00eb na i ka vendosur BE\u201d.<\/p>\n<p>N\u00eb k\u00ebt\u00eb seanc\u00eb po merr pjes\u00eb edhe presidentja Vjosa Osmani, si dhe kryeministrat Albin Kurti e Edi Rama.\/Express<\/p>\n","protected":false},"excerpt":{"rendered":"<p>Kryeparlamentari Glauk Konjufca nisi fjal\u00ebn n\u00eb seanc\u00ebn e p\u00ebrbashk\u00ebt t\u00eb dy kuvende Kosov\u00eb-Shqip\u00ebri sot n\u00eb Kuvendin e Kosov\u00ebs. Ai fal\u00ebnderoi Shqip\u00ebrin\u00eb dhe institucionet e saj p\u00ebr ndihm\u00ebn q\u00eb i ka dh\u00ebn\u00eb Kosov\u00ebs n\u00eb aren\u00ebn nd\u00ebrkomb\u00ebtare. \u201cKosova mbetet nj\u00eb kampion i demokracis\u00eb n\u00eb rajon, e vler\u00ebsuar edhe prej institucioneve per\u00ebndimore dhe me k\u00ebt\u00eb duhet t\u00eb krenohemi [&hellip;]<\/p>\n","protected":false},"author":1,"featured_media":70547,"comment_status":"closed","ping_status":"closed","sticky":false,"template":"","format":"standard","meta":{"_monsterinsights_skip_tracking":false,"_monsterinsights_sitenote_active":false,"_monsterinsights_sitenote_note":"","_monsterinsights_sitenote_category":0,"_uf_show_specific_survey":0,"_uf_disable_surveys":false,"footnotes":""},"categories":[2645],"tags":[24],"yoast_head":"<!-- This site is optimized with the Yoast SEO plugin v21.5 - https:\/\/yoast.com\/wordpress\/plugins\/seo\/ -->\n<title>Konjufca: Kosova kampion i demokracis\u00eb n\u00eb rajon, fal\u00ebnderojm\u00eb Shqip\u00ebrin\u00eb q\u00eb na ndihmoi n\u00eb aren\u00ebn nd\u00ebrkomb\u00ebtare<\/title>\n<meta name=\"robots\" content=\"index, follow, max-snippet:-1, max-image-preview:large, max-video-preview:-1\" \/>\n<link rel=\"canonical\" href=\"https:\/\/permbledhja.com\/sq\/konjufca-kosova-kampion-i-demokracise-ne-rajon-falenderojme-shqiperine-qe-na-ndihmoi-ne-arenen-nderkombetare\/\" \/>\n<meta property=\"og:locale\" content=\"sq_AL\" \/>\n<meta property=\"og:type\" content=\"article\" \/>\n<meta property=\"og:title\" content=\"Konjufca: Kosova kampion i demokracis\u00eb n\u00eb rajon, fal\u00ebnderojm\u00eb Shqip\u00ebrin\u00eb q\u00eb na ndihmoi n\u00eb aren\u00ebn nd\u00ebrkomb\u00ebtare\" \/>\n<meta property=\"og:description\" content=\"Kryeparlamentari Glauk Konjufca nisi fjal\u00ebn n\u00eb seanc\u00ebn e p\u00ebrbashk\u00ebt t\u00eb dy kuvende Kosov\u00eb-Shqip\u00ebri sot n\u00eb Kuvendin e Kosov\u00ebs. Ai fal\u00ebnderoi Shqip\u00ebrin\u00eb dhe institucionet e saj p\u00ebr ndihm\u00ebn q\u00eb i ka dh\u00ebn\u00eb Kosov\u00ebs n\u00eb aren\u00ebn nd\u00ebrkomb\u00ebtare. \u201cKosova mbetet nj\u00eb kampion i demokracis\u00eb n\u00eb rajon, e vler\u00ebsuar edhe prej institucioneve per\u00ebndimore dhe me k\u00ebt\u00eb duhet t\u00eb krenohemi [&hellip;]\" \/>\n<meta property=\"og:url\" content=\"https:\/\/permbledhja.com\/sq\/konjufca-kosova-kampion-i-demokracise-ne-rajon-falenderojme-shqiperine-qe-na-ndihmoi-ne-arenen-nderkombetare\/\" \/>\n<meta property=\"og:site_name\" content=\"Ve\u00e7 artikuj p\u00ebrmbledh\u00ebs\" \/>\n<meta property=\"article:publisher\" content=\"https:\/\/www.facebook.com\/press07\/\" \/>\n<meta property=\"article:author\" content=\"https:\/\/www.facebook.com\/kafexhiu.muharrem\/\" \/>\n<meta property=\"article:published_time\" content=\"2024-12-20T10:56:42+00:00\" \/>\n<meta property=\"article:modified_time\" content=\"2024-12-20T13:38:34+00:00\" \/>\n<meta property=\"og:image\" content=\"https:\/\/permbledhja.com\/wp-content\/uploads\/2024\/12\/32A74831-BF59-48C2-B1D5-91EC63B6C333.png\" \/>\n\t<meta property=\"og:image:width\" content=\"600\" \/>\n\t<meta property=\"og:image:height\" content=\"360\" \/>\n\t<meta property=\"og:image:type\" content=\"image\/png\" \/>\n<meta name=\"author\" content=\"P\u00ebrmbledhja\" \/>\n<meta name=\"twitter:card\" content=\"summary_large_image\" \/>\n<meta name=\"twitter:label1\" content=\"Written by\" \/>\n\t<meta name=\"twitter:data1\" content=\"P\u00ebrmbledhja\" \/>\n\t<meta name=\"twitter:label2\" content=\"Est. reading time\" \/>\n\t<meta name=\"twitter:data2\" content=\"3 minuta\" \/>\n<script type=\"application\/ld+json\" class=\"yoast-schema-graph\">{\"@context\":\"https:\/\/schema.org\",\"@graph\":[{\"@type\":\"Article\",\"@id\":\"https:\/\/permbledhja.com\/konjufca-kosova-kampion-i-demokracise-ne-rajon-falenderojme-shqiperine-qe-na-ndihmoi-ne-arenen-nderkombetare\/#article\",\"isPartOf\":{\"@id\":\"https:\/\/permbledhja.com\/konjufca-kosova-kampion-i-demokracise-ne-rajon-falenderojme-shqiperine-qe-na-ndihmoi-ne-arenen-nderkombetare\/\"},\"author\":{\"name\":\"P\u00ebrmbledhja\",\"@id\":\"https:\/\/permbledhja.com\/#\/schema\/person\/0d064377258d3221e50693947b9eb4fe\"},\"headline\":\"Konjufca: Kosova kampion i demokracis\u00eb n\u00eb rajon, fal\u00ebnderojm\u00eb Shqip\u00ebrin\u00eb q\u00eb na ndihmoi n\u00eb aren\u00ebn nd\u00ebrkomb\u00ebtare\",\"datePublished\":\"2024-12-20T10:56:42+00:00\",\"dateModified\":\"2024-12-20T13:38:34+00:00\",\"mainEntityOfPage\":{\"@id\":\"https:\/\/permbledhja.com\/konjufca-kosova-kampion-i-demokracise-ne-rajon-falenderojme-shqiperine-qe-na-ndihmoi-ne-arenen-nderkombetare\/\"},\"wordCount\":611,\"publisher\":{\"@id\":\"https:\/\/permbledhja.com\/#organization\"},\"keywords\":[\"Glauk Konjufca\"],\"articleSection\":[\"T\u00eb r\u00ebnd\u00ebsishme\"],\"inLanguage\":\"sq\"},{\"@type\":\"WebPage\",\"@id\":\"https:\/\/permbledhja.com\/konjufca-kosova-kampion-i-demokracise-ne-rajon-falenderojme-shqiperine-qe-na-ndihmoi-ne-arenen-nderkombetare\/\",\"url\":\"https:\/\/permbledhja.com\/konjufca-kosova-kampion-i-demokracise-ne-rajon-falenderojme-shqiperine-qe-na-ndihmoi-ne-arenen-nderkombetare\/\",\"name\":\"Konjufca: Kosova kampion i demokracis\u00eb n\u00eb rajon, fal\u00ebnderojm\u00eb Shqip\u00ebrin\u00eb q\u00eb na ndihmoi n\u00eb aren\u00ebn nd\u00ebrkomb\u00ebtare\",\"isPartOf\":{\"@id\":\"https:\/\/permbledhja.com\/#website\"},\"datePublished\":\"2024-12-20T10:56:42+00:00\",\"dateModified\":\"2024-12-20T13:38:34+00:00\",\"breadcrumb\":{\"@id\":\"https:\/\/permbledhja.com\/konjufca-kosova-kampion-i-demokracise-ne-rajon-falenderojme-shqiperine-qe-na-ndihmoi-ne-arenen-nderkombetare\/#breadcrumb\"},\"inLanguage\":\"sq\",\"potentialAction\":[{\"@type\":\"ReadAction\",\"target\":[\"https:\/\/permbledhja.com\/konjufca-kosova-kampion-i-demokracise-ne-rajon-falenderojme-shqiperine-qe-na-ndihmoi-ne-arenen-nderkombetare\/\"]}]},{\"@type\":\"BreadcrumbList\",\"@id\":\"https:\/\/permbledhja.com\/konjufca-kosova-kampion-i-demokracise-ne-rajon-falenderojme-shqiperine-qe-na-ndihmoi-ne-arenen-nderkombetare\/#breadcrumb\",\"itemListElement\":[{\"@type\":\"ListItem\",\"position\":1,\"name\":\"Ballina\",\"item\":\"https:\/\/permbledhja.com\/sq\/\"},{\"@type\":\"ListItem\",\"position\":2,\"name\":\"Konjufca: Kosova kampion i demokracis\u00eb n\u00eb rajon, fal\u00ebnderojm\u00eb Shqip\u00ebrin\u00eb q\u00eb na ndihmoi n\u00eb aren\u00ebn nd\u00ebrkomb\u00ebtare\"}]},{\"@type\":\"WebSite\",\"@id\":\"https:\/\/permbledhja.com\/#website\",\"url\":\"https:\/\/permbledhja.com\/\",\"name\":\"Ve\u00e7 artikuj p\u00ebrmbledh\u00ebs\",\"description\":\"\",\"publisher\":{\"@id\":\"https:\/\/permbledhja.com\/#organization\"},\"potentialAction\":[{\"@type\":\"SearchAction\",\"target\":{\"@type\":\"EntryPoint\",\"urlTemplate\":\"https:\/\/permbledhja.com\/?s={search_term_string}\"},\"query-input\":\"required name=search_term_string\"}],\"inLanguage\":\"sq\"},{\"@type\":\"Organization\",\"@id\":\"https:\/\/permbledhja.com\/#organization\",\"name\":\"MK Media & Pr\",\"url\":\"https:\/\/permbledhja.com\/\",\"logo\":{\"@type\":\"ImageObject\",\"inLanguage\":\"sq\",\"@id\":\"https:\/\/permbledhja.com\/#\/schema\/logo\/image\/\",\"url\":\"https:\/\/permbledhja.com\/wp-content\/uploads\/2021\/12\/07-Press-Logo.jpg\",\"contentUrl\":\"https:\/\/permbledhja.com\/wp-content\/uploads\/2021\/12\/07-Press-Logo.jpg\",\"width\":512,\"height\":512,\"caption\":\"MK Media & Pr\"},\"image\":{\"@id\":\"https:\/\/permbledhja.com\/#\/schema\/logo\/image\/\"},\"sameAs\":[\"https:\/\/www.facebook.com\/press07\/\"]},{\"@type\":\"Person\",\"@id\":\"https:\/\/permbledhja.com\/#\/schema\/person\/0d064377258d3221e50693947b9eb4fe\",\"name\":\"P\u00ebrmbledhja\",\"image\":{\"@type\":\"ImageObject\",\"inLanguage\":\"sq\",\"@id\":\"https:\/\/permbledhja.com\/#\/schema\/person\/image\/\",\"url\":\"https:\/\/permbledhja.com\/wp-content\/uploads\/2026\/01\/452004717_1040944174702970_8932037511805513407_n-96x96.jpg\",\"contentUrl\":\"https:\/\/permbledhja.com\/wp-content\/uploads\/2026\/01\/452004717_1040944174702970_8932037511805513407_n-96x96.jpg\",\"caption\":\"P\u00ebrmbledhja\"},\"sameAs\":[\"https:\/\/www.facebook.com\/kafexhiu.muharrem\/\",\"https:\/\/www.instagram.com\/muharrem_kafexhiu\/\"],\"url\":\"https:\/\/permbledhja.com\/sq\/author\/admin\/\"}]}<\/script>\n<!-- \/ Yoast SEO plugin. -->","yoast_head_json":{"title":"Konjufca: Kosova kampion i demokracis\u00eb n\u00eb rajon, fal\u00ebnderojm\u00eb Shqip\u00ebrin\u00eb q\u00eb na ndihmoi n\u00eb aren\u00ebn nd\u00ebrkomb\u00ebtare","robots":{"index":"index","follow":"follow","max-snippet":"max-snippet:-1","max-image-preview":"max-image-preview:large","max-video-preview":"max-video-preview:-1"},"canonical":"https:\/\/permbledhja.com\/sq\/konjufca-kosova-kampion-i-demokracise-ne-rajon-falenderojme-shqiperine-qe-na-ndihmoi-ne-arenen-nderkombetare\/","og_locale":"sq_AL","og_type":"article","og_title":"Konjufca: Kosova kampion i demokracis\u00eb n\u00eb rajon, fal\u00ebnderojm\u00eb Shqip\u00ebrin\u00eb q\u00eb na ndihmoi n\u00eb aren\u00ebn nd\u00ebrkomb\u00ebtare","og_description":"Kryeparlamentari Glauk Konjufca nisi fjal\u00ebn n\u00eb seanc\u00ebn e p\u00ebrbashk\u00ebt t\u00eb dy kuvende Kosov\u00eb-Shqip\u00ebri sot n\u00eb Kuvendin e Kosov\u00ebs. Ai fal\u00ebnderoi Shqip\u00ebrin\u00eb dhe institucionet e saj p\u00ebr ndihm\u00ebn q\u00eb i ka dh\u00ebn\u00eb Kosov\u00ebs n\u00eb aren\u00ebn nd\u00ebrkomb\u00ebtare. \u201cKosova mbetet nj\u00eb kampion i demokracis\u00eb n\u00eb rajon, e vler\u00ebsuar edhe prej institucioneve per\u00ebndimore dhe me k\u00ebt\u00eb duhet t\u00eb krenohemi [&hellip;]","og_url":"https:\/\/permbledhja.com\/sq\/konjufca-kosova-kampion-i-demokracise-ne-rajon-falenderojme-shqiperine-qe-na-ndihmoi-ne-arenen-nderkombetare\/","og_site_name":"Ve\u00e7 artikuj p\u00ebrmbledh\u00ebs","article_publisher":"https:\/\/www.facebook.com\/press07\/","article_author":"https:\/\/www.facebook.com\/kafexhiu.muharrem\/","article_published_time":"2024-12-20T10:56:42+00:00","article_modified_time":"2024-12-20T13:38:34+00:00","og_image":[{"width":600,"height":360,"url":"https:\/\/permbledhja.com\/wp-content\/uploads\/2024\/12\/32A74831-BF59-48C2-B1D5-91EC63B6C333.png","type":"image\/png"}],"author":"P\u00ebrmbledhja","twitter_card":"summary_large_image","twitter_misc":{"Written by":"P\u00ebrmbledhja","Est. reading time":"3 minuta"},"schema":{"@context":"https:\/\/schema.org","@graph":[{"@type":"Article","@id":"https:\/\/permbledhja.com\/konjufca-kosova-kampion-i-demokracise-ne-rajon-falenderojme-shqiperine-qe-na-ndihmoi-ne-arenen-nderkombetare\/#article","isPartOf":{"@id":"https:\/\/permbledhja.com\/konjufca-kosova-kampion-i-demokracise-ne-rajon-falenderojme-shqiperine-qe-na-ndihmoi-ne-arenen-nderkombetare\/"},"author":{"name":"P\u00ebrmbledhja","@id":"https:\/\/permbledhja.com\/#\/schema\/person\/0d064377258d3221e50693947b9eb4fe"},"headline":"Konjufca: Kosova kampion i demokracis\u00eb n\u00eb rajon, fal\u00ebnderojm\u00eb Shqip\u00ebrin\u00eb q\u00eb na ndihmoi n\u00eb aren\u00ebn nd\u00ebrkomb\u00ebtare","datePublished":"2024-12-20T10:56:42+00:00","dateModified":"2024-12-20T13:38:34+00:00","mainEntityOfPage":{"@id":"https:\/\/permbledhja.com\/konjufca-kosova-kampion-i-demokracise-ne-rajon-falenderojme-shqiperine-qe-na-ndihmoi-ne-arenen-nderkombetare\/"},"wordCount":611,"publisher":{"@id":"https:\/\/permbledhja.com\/#organization"},"keywords":["Glauk Konjufca"],"articleSection":["T\u00eb r\u00ebnd\u00ebsishme"],"inLanguage":"sq"},{"@type":"WebPage","@id":"https:\/\/permbledhja.com\/konjufca-kosova-kampion-i-demokracise-ne-rajon-falenderojme-shqiperine-qe-na-ndihmoi-ne-arenen-nderkombetare\/","url":"https:\/\/permbledhja.com\/konjufca-kosova-kampion-i-demokracise-ne-rajon-falenderojme-shqiperine-qe-na-ndihmoi-ne-arenen-nderkombetare\/","name":"Konjufca: Kosova kampion i demokracis\u00eb n\u00eb rajon, fal\u00ebnderojm\u00eb Shqip\u00ebrin\u00eb q\u00eb na ndihmoi n\u00eb aren\u00ebn nd\u00ebrkomb\u00ebtare","isPartOf":{"@id":"https:\/\/permbledhja.com\/#website"},"datePublished":"2024-12-20T10:56:42+00:00","dateModified":"2024-12-20T13:38:34+00:00","breadcrumb":{"@id":"https:\/\/permbledhja.com\/konjufca-kosova-kampion-i-demokracise-ne-rajon-falenderojme-shqiperine-qe-na-ndihmoi-ne-arenen-nderkombetare\/#breadcrumb"},"inLanguage":"sq","potentialAction":[{"@type":"ReadAction","target":["https:\/\/permbledhja.com\/konjufca-kosova-kampion-i-demokracise-ne-rajon-falenderojme-shqiperine-qe-na-ndihmoi-ne-arenen-nderkombetare\/"]}]},{"@type":"BreadcrumbList","@id":"https:\/\/permbledhja.com\/konjufca-kosova-kampion-i-demokracise-ne-rajon-falenderojme-shqiperine-qe-na-ndihmoi-ne-arenen-nderkombetare\/#breadcrumb","itemListElement":[{"@type":"ListItem","position":1,"name":"Ballina","item":"https:\/\/permbledhja.com\/sq\/"},{"@type":"ListItem","position":2,"name":"Konjufca: Kosova kampion i demokracis\u00eb n\u00eb rajon, fal\u00ebnderojm\u00eb Shqip\u00ebrin\u00eb q\u00eb na ndihmoi n\u00eb aren\u00ebn nd\u00ebrkomb\u00ebtare"}]},{"@type":"WebSite","@id":"https:\/\/permbledhja.com\/#website","url":"https:\/\/permbledhja.com\/","name":"Ve\u00e7 artikuj p\u00ebrmbledh\u00ebs","description":"","publisher":{"@id":"https:\/\/permbledhja.com\/#organization"},"potentialAction":[{"@type":"SearchAction","target":{"@type":"EntryPoint","urlTemplate":"https:\/\/permbledhja.com\/?s={search_term_string}"},"query-input":"required name=search_term_string"}],"inLanguage":"sq"},{"@type":"Organization","@id":"https:\/\/permbledhja.com\/#organization","name":"MK Media & Pr","url":"https:\/\/permbledhja.com\/","logo":{"@type":"ImageObject","inLanguage":"sq","@id":"https:\/\/permbledhja.com\/#\/schema\/logo\/image\/","url":"https:\/\/permbledhja.com\/wp-content\/uploads\/2021\/12\/07-Press-Logo.jpg","contentUrl":"https:\/\/permbledhja.com\/wp-content\/uploads\/2021\/12\/07-Press-Logo.jpg","width":512,"height":512,"caption":"MK Media & Pr"},"image":{"@id":"https:\/\/permbledhja.com\/#\/schema\/logo\/image\/"},"sameAs":["https:\/\/www.facebook.com\/press07\/"]},{"@type":"Person","@id":"https:\/\/permbledhja.com\/#\/schema\/person\/0d064377258d3221e50693947b9eb4fe","name":"P\u00ebrmbledhja","image":{"@type":"ImageObject","inLanguage":"sq","@id":"https:\/\/permbledhja.com\/#\/schema\/person\/image\/","url":"https:\/\/permbledhja.com\/wp-content\/uploads\/2026\/01\/452004717_1040944174702970_8932037511805513407_n-96x96.jpg","contentUrl":"https:\/\/permbledhja.com\/wp-content\/uploads\/2026\/01\/452004717_1040944174702970_8932037511805513407_n-96x96.jpg","caption":"P\u00ebrmbledhja"},"sameAs":["https:\/\/www.facebook.com\/kafexhiu.muharrem\/","https:\/\/www.instagram.com\/muharrem_kafexhiu\/"],"url":"https:\/\/permbledhja.com\/sq\/author\/admin\/"}]}},"_links":{"self":[{"href":"https:\/\/permbledhja.com\/sq\/wp-json\/wp\/v2\/posts\/70546"}],"collection":[{"href":"https:\/\/permbledhja.com\/sq\/wp-json\/wp\/v2\/posts"}],"about":[{"href":"https:\/\/permbledhja.com\/sq\/wp-json\/wp\/v2\/types\/post"}],"author":[{"embeddable":true,"href":"https:\/\/permbledhja.com\/sq\/wp-json\/wp\/v2\/users\/1"}],"replies":[{"embeddable":true,"href":"https:\/\/permbledhja.com\/sq\/wp-json\/wp\/v2\/comments?post=70546"}],"version-history":[{"count":1,"href":"https:\/\/permbledhja.com\/sq\/wp-json\/wp\/v2\/posts\/70546\/revisions"}],"predecessor-version":[{"id":70548,"href":"https:\/\/permbledhja.com\/sq\/wp-json\/wp\/v2\/posts\/70546\/revisions\/70548"}],"wp:featuredmedia":[{"embeddable":true,"href":"https:\/\/permbledhja.com\/sq\/wp-json\/wp\/v2\/media\/70547"}],"wp:attachment":[{"href":"https:\/\/permbledhja.com\/sq\/wp-json\/wp\/v2\/media?parent=70546"}],"wp:term":[{"taxonomy":"category","embeddable":true,"href":"https:\/\/permbledhja.com\/sq\/wp-json\/wp\/v2\/categories?post=70546"},{"taxonomy":"post_tag","embeddable":true,"href":"https:\/\/permbledhja.com\/sq\/wp-json\/wp\/v2\/tags?post=70546"}],"curies":[{"name":"wp","href":"https:\/\/api.w.org\/{rel}","templated":true}]}}