{"id":70447,"date":"2024-12-06T12:20:51","date_gmt":"2024-12-06T12:20:51","guid":{"rendered":"https:\/\/permbledhja.com\/?p=70447"},"modified":"2024-12-06T12:20:51","modified_gmt":"2024-12-06T12:20:51","slug":"muhammad-emri-me-i-popullarizuar-per-djemte-ne-angli-e-uells-ne-vitin-2023","status":"publish","type":"post","link":"https:\/\/permbledhja.com\/sq\/muhammad-emri-me-i-popullarizuar-per-djemte-ne-angli-e-uells-ne-vitin-2023\/","title":{"rendered":"Muhammad, emri m\u00eb i popullarizuar p\u00ebr djemt\u00eb n\u00eb Angli e Uells n\u00eb vitin 2023"},"content":{"rendered":"<p><strong>N\u00eb vitin 2023, emri Muhammad ishte zgjedhja m\u00eb e popullarizuar p\u00ebr djemt\u00eb n\u00eb Angli dhe Uells, ku m\u00eb shum\u00eb se 4600 f\u00ebmij\u00eb jan\u00eb regjistruar me k\u00ebt\u00eb em\u00ebr.<\/strong><\/p>\n<p>Ky em\u00ebr ka qen\u00eb nd\u00ebr dhjet\u00eb emrat m\u00eb t\u00eb popullarizuar p\u00ebr djem q\u00eb nga viti 2016 dhe tashm\u00eb ka kaluar emrin m\u00eb t\u00eb p\u00ebrdorur m\u00eb par\u00eb, Noah, sipas t\u00eb dh\u00ebnave nga Zyra p\u00ebr Statistika Komb\u00ebtare (ONS), shkruan bbc.<\/p>\n<p>Megjithat\u00eb, ka dallime rajonale, pasi Muhammad nuk b\u00ebn pjes\u00eb nd\u00ebr dhjet\u00eb emrat m\u00eb t\u00eb popullarizuar n\u00eb tre rajone t\u00eb Anglis\u00eb. Variantet e tjera t\u00eb emrit, si Mohammed dhe Mohammad, gjithashtu jan\u00eb p\u00ebrfshir\u00eb n\u00eb list\u00ebn e 100 emrave m\u00eb t\u00eb popullarizuar p\u00ebr djem n\u00eb Angli dhe Uells.<\/p>\n<p>ONS trajton \u00e7do variant t\u00eb emrit si t\u00eb ve\u00e7ant\u00eb, dhe forma t\u00eb ndryshme t\u00eb emrit Muhamed kan\u00eb qen\u00eb t\u00eb popullarizuara prej vitesh, transmeton Telegrafi.<\/p>\n<p>Olivia \u2013 Emri m\u00eb i popullarizuar p\u00ebr vajzat<\/p>\n<p>P\u00ebr vajzat, emri Olivia mbetet zgjedhja m\u00eb e popullarizuar, e ndjekur nga Amelia dhe Isla. Kjo renditje ka mbetur e pandryshuar q\u00eb nga viti 2022.<\/p>\n<p>Emra t\u00eb rinj q\u00eb hyn\u00eb n\u00eb list\u00ebn e 100 emrave m\u00eb t\u00eb popullarizuar p\u00ebr vajzat jan\u00eb Lilah, Raya dhe Hazel, nd\u00ebrsa p\u00ebr djem u shtuan emrat Jax, Enzo dhe Bodhi.<\/p>\n<p>Emra t\u00eb frym\u00ebzuar nga figura t\u00eb njohura<\/p>\n<p>ONS raportoi se kultura pop mbetet nj\u00eb burim frym\u00ebzimi p\u00ebr emrat. P\u00ebr shembull, k\u00ebng\u00ebtaret si Billie Eilish dhe Lana Del Rey, si dhe f\u00ebmij\u00ebt e familjes Kardashian-Jenner, Reign dhe Saint, kan\u00eb ndikuar n\u00eb k\u00ebt\u00eb trend. Po ashtu, emra si Miley, Rihanna, Kendrick dhe Elton kan\u00eb par\u00eb nj\u00eb rritje popullariteti, ndoshta p\u00ebr shkak t\u00eb albumeve, tureve ose paraqitjeve t\u00eb tyre t\u00eb spikatura gjat\u00eb vitit 2023.<\/p>\n<p>R\u00ebnie n\u00eb popullaritet p\u00ebr emrat mbret\u00ebror\u00eb<\/p>\n<p>Emrat mbret\u00ebror\u00eb si George, Archie, Harry dhe Charlotte, s\u00eb bashku me Elizabeth dhe Charles, kan\u00eb vazhduar t\u00eb bien n\u00eb popullaritet, duke ndjekur nj\u00eb trend q\u00eb zgjat prej disa koh\u00ebsh. T\u00eb dh\u00ebnat p\u00ebr emrat m\u00eb t\u00eb popullarizuar p\u00ebr vitin 2024 pritet t\u00eb publikohen n\u00eb nj\u00eb dat\u00eb ende t\u00eb pacaktuar.<\/p>\n","protected":false},"excerpt":{"rendered":"<p>N\u00eb vitin 2023, emri Muhammad ishte zgjedhja m\u00eb e popullarizuar p\u00ebr djemt\u00eb n\u00eb Angli dhe Uells, ku m\u00eb shum\u00eb se 4600 f\u00ebmij\u00eb jan\u00eb regjistruar me k\u00ebt\u00eb em\u00ebr. Ky em\u00ebr ka qen\u00eb nd\u00ebr dhjet\u00eb emrat m\u00eb t\u00eb popullarizuar p\u00ebr djem q\u00eb nga viti 2016 dhe tashm\u00eb ka kaluar emrin m\u00eb t\u00eb p\u00ebrdorur m\u00eb par\u00eb, Noah, sipas [&hellip;]<\/p>\n","protected":false},"author":1,"featured_media":70448,"comment_status":"closed","ping_status":"closed","sticky":false,"template":"","format":"standard","meta":{"_monsterinsights_skip_tracking":false,"_monsterinsights_sitenote_active":false,"_monsterinsights_sitenote_note":"","_monsterinsights_sitenote_category":0,"_uf_show_specific_survey":0,"_uf_disable_surveys":false,"footnotes":""},"categories":[3324],"tags":[3432],"yoast_head":"<!-- This site is optimized with the Yoast SEO plugin v21.5 - https:\/\/yoast.com\/wordpress\/plugins\/seo\/ -->\n<title>Muhammad, emri m\u00eb i popullarizuar p\u00ebr djemt\u00eb n\u00eb Angli e Uells n\u00eb vitin 2023<\/title>\n<meta name=\"robots\" content=\"index, follow, max-snippet:-1, max-image-preview:large, max-video-preview:-1\" \/>\n<link rel=\"canonical\" href=\"https:\/\/permbledhja.com\/sq\/muhammad-emri-me-i-popullarizuar-per-djemte-ne-angli-e-uells-ne-vitin-2023\/\" \/>\n<meta property=\"og:locale\" content=\"sq_AL\" \/>\n<meta property=\"og:type\" content=\"article\" \/>\n<meta property=\"og:title\" content=\"Muhammad, emri m\u00eb i popullarizuar p\u00ebr djemt\u00eb n\u00eb Angli e Uells n\u00eb vitin 2023\" \/>\n<meta property=\"og:description\" content=\"N\u00eb vitin 2023, emri Muhammad ishte zgjedhja m\u00eb e popullarizuar p\u00ebr djemt\u00eb n\u00eb Angli dhe Uells, ku m\u00eb shum\u00eb se 4600 f\u00ebmij\u00eb jan\u00eb regjistruar me k\u00ebt\u00eb em\u00ebr. Ky em\u00ebr ka qen\u00eb nd\u00ebr dhjet\u00eb emrat m\u00eb t\u00eb popullarizuar p\u00ebr djem q\u00eb nga viti 2016 dhe tashm\u00eb ka kaluar emrin m\u00eb t\u00eb p\u00ebrdorur m\u00eb par\u00eb, Noah, sipas [&hellip;]\" \/>\n<meta property=\"og:url\" content=\"https:\/\/permbledhja.com\/sq\/muhammad-emri-me-i-popullarizuar-per-djemte-ne-angli-e-uells-ne-vitin-2023\/\" \/>\n<meta property=\"og:site_name\" content=\"Ve\u00e7 artikuj p\u00ebrmbledh\u00ebs\" \/>\n<meta property=\"article:publisher\" content=\"https:\/\/www.facebook.com\/press07\/\" \/>\n<meta property=\"article:author\" content=\"https:\/\/www.facebook.com\/kafexhiu.muharrem\/\" \/>\n<meta property=\"article:published_time\" content=\"2024-12-06T12:20:51+00:00\" \/>\n<meta property=\"og:image\" content=\"https:\/\/permbledhja.com\/wp-content\/uploads\/2024\/12\/93bd38b5-6087-4f40-b8ee-07e55ae0434d-780x439-1.jpg\" \/>\n\t<meta property=\"og:image:width\" content=\"780\" \/>\n\t<meta property=\"og:image:height\" content=\"439\" \/>\n\t<meta property=\"og:image:type\" content=\"image\/jpeg\" \/>\n<meta name=\"author\" content=\"P\u00ebrmbledhja\" \/>\n<meta name=\"twitter:card\" content=\"summary_large_image\" \/>\n<meta name=\"twitter:label1\" content=\"Written by\" \/>\n\t<meta name=\"twitter:data1\" content=\"P\u00ebrmbledhja\" \/>\n\t<meta name=\"twitter:label2\" content=\"Est. reading time\" \/>\n\t<meta name=\"twitter:data2\" content=\"2 minuta\" \/>\n<script type=\"application\/ld+json\" class=\"yoast-schema-graph\">{\"@context\":\"https:\/\/schema.org\",\"@graph\":[{\"@type\":\"Article\",\"@id\":\"https:\/\/permbledhja.com\/muhammad-emri-me-i-popullarizuar-per-djemte-ne-angli-e-uells-ne-vitin-2023\/#article\",\"isPartOf\":{\"@id\":\"https:\/\/permbledhja.com\/muhammad-emri-me-i-popullarizuar-per-djemte-ne-angli-e-uells-ne-vitin-2023\/\"},\"author\":{\"name\":\"P\u00ebrmbledhja\",\"@id\":\"https:\/\/permbledhja.com\/#\/schema\/person\/0d064377258d3221e50693947b9eb4fe\"},\"headline\":\"Muhammad, emri m\u00eb i popullarizuar p\u00ebr djemt\u00eb n\u00eb Angli e Uells n\u00eb vitin 2023\",\"datePublished\":\"2024-12-06T12:20:51+00:00\",\"dateModified\":\"2024-12-06T12:20:51+00:00\",\"mainEntityOfPage\":{\"@id\":\"https:\/\/permbledhja.com\/muhammad-emri-me-i-popullarizuar-per-djemte-ne-angli-e-uells-ne-vitin-2023\/\"},\"wordCount\":369,\"publisher\":{\"@id\":\"https:\/\/permbledhja.com\/#organization\"},\"keywords\":[\"Emri\"],\"articleSection\":[\"Dyt\u00ebsore\"],\"inLanguage\":\"sq\"},{\"@type\":\"WebPage\",\"@id\":\"https:\/\/permbledhja.com\/muhammad-emri-me-i-popullarizuar-per-djemte-ne-angli-e-uells-ne-vitin-2023\/\",\"url\":\"https:\/\/permbledhja.com\/muhammad-emri-me-i-popullarizuar-per-djemte-ne-angli-e-uells-ne-vitin-2023\/\",\"name\":\"Muhammad, emri m\u00eb i popullarizuar p\u00ebr djemt\u00eb n\u00eb Angli e Uells n\u00eb vitin 2023\",\"isPartOf\":{\"@id\":\"https:\/\/permbledhja.com\/#website\"},\"datePublished\":\"2024-12-06T12:20:51+00:00\",\"dateModified\":\"2024-12-06T12:20:51+00:00\",\"breadcrumb\":{\"@id\":\"https:\/\/permbledhja.com\/muhammad-emri-me-i-popullarizuar-per-djemte-ne-angli-e-uells-ne-vitin-2023\/#breadcrumb\"},\"inLanguage\":\"sq\",\"potentialAction\":[{\"@type\":\"ReadAction\",\"target\":[\"https:\/\/permbledhja.com\/muhammad-emri-me-i-popullarizuar-per-djemte-ne-angli-e-uells-ne-vitin-2023\/\"]}]},{\"@type\":\"BreadcrumbList\",\"@id\":\"https:\/\/permbledhja.com\/muhammad-emri-me-i-popullarizuar-per-djemte-ne-angli-e-uells-ne-vitin-2023\/#breadcrumb\",\"itemListElement\":[{\"@type\":\"ListItem\",\"position\":1,\"name\":\"Ballina\",\"item\":\"https:\/\/permbledhja.com\/sq\/\"},{\"@type\":\"ListItem\",\"position\":2,\"name\":\"Muhammad, emri m\u00eb i popullarizuar p\u00ebr djemt\u00eb n\u00eb Angli e Uells n\u00eb vitin 2023\"}]},{\"@type\":\"WebSite\",\"@id\":\"https:\/\/permbledhja.com\/#website\",\"url\":\"https:\/\/permbledhja.com\/\",\"name\":\"Ve\u00e7 artikuj p\u00ebrmbledh\u00ebs\",\"description\":\"\",\"publisher\":{\"@id\":\"https:\/\/permbledhja.com\/#organization\"},\"potentialAction\":[{\"@type\":\"SearchAction\",\"target\":{\"@type\":\"EntryPoint\",\"urlTemplate\":\"https:\/\/permbledhja.com\/?s={search_term_string}\"},\"query-input\":\"required name=search_term_string\"}],\"inLanguage\":\"sq\"},{\"@type\":\"Organization\",\"@id\":\"https:\/\/permbledhja.com\/#organization\",\"name\":\"MK Media & Pr\",\"url\":\"https:\/\/permbledhja.com\/\",\"logo\":{\"@type\":\"ImageObject\",\"inLanguage\":\"sq\",\"@id\":\"https:\/\/permbledhja.com\/#\/schema\/logo\/image\/\",\"url\":\"https:\/\/permbledhja.com\/wp-content\/uploads\/2021\/12\/07-Press-Logo.jpg\",\"contentUrl\":\"https:\/\/permbledhja.com\/wp-content\/uploads\/2021\/12\/07-Press-Logo.jpg\",\"width\":512,\"height\":512,\"caption\":\"MK Media & Pr\"},\"image\":{\"@id\":\"https:\/\/permbledhja.com\/#\/schema\/logo\/image\/\"},\"sameAs\":[\"https:\/\/www.facebook.com\/press07\/\"]},{\"@type\":\"Person\",\"@id\":\"https:\/\/permbledhja.com\/#\/schema\/person\/0d064377258d3221e50693947b9eb4fe\",\"name\":\"P\u00ebrmbledhja\",\"image\":{\"@type\":\"ImageObject\",\"inLanguage\":\"sq\",\"@id\":\"https:\/\/permbledhja.com\/#\/schema\/person\/image\/\",\"url\":\"https:\/\/permbledhja.com\/wp-content\/uploads\/2026\/01\/452004717_1040944174702970_8932037511805513407_n-96x96.jpg\",\"contentUrl\":\"https:\/\/permbledhja.com\/wp-content\/uploads\/2026\/01\/452004717_1040944174702970_8932037511805513407_n-96x96.jpg\",\"caption\":\"P\u00ebrmbledhja\"},\"sameAs\":[\"https:\/\/www.facebook.com\/kafexhiu.muharrem\/\",\"https:\/\/www.instagram.com\/muharrem_kafexhiu\/\"],\"url\":\"https:\/\/permbledhja.com\/sq\/author\/admin\/\"}]}<\/script>\n<!-- \/ Yoast SEO plugin. -->","yoast_head_json":{"title":"Muhammad, emri m\u00eb i popullarizuar p\u00ebr djemt\u00eb n\u00eb Angli e Uells n\u00eb vitin 2023","robots":{"index":"index","follow":"follow","max-snippet":"max-snippet:-1","max-image-preview":"max-image-preview:large","max-video-preview":"max-video-preview:-1"},"canonical":"https:\/\/permbledhja.com\/sq\/muhammad-emri-me-i-popullarizuar-per-djemte-ne-angli-e-uells-ne-vitin-2023\/","og_locale":"sq_AL","og_type":"article","og_title":"Muhammad, emri m\u00eb i popullarizuar p\u00ebr djemt\u00eb n\u00eb Angli e Uells n\u00eb vitin 2023","og_description":"N\u00eb vitin 2023, emri Muhammad ishte zgjedhja m\u00eb e popullarizuar p\u00ebr djemt\u00eb n\u00eb Angli dhe Uells, ku m\u00eb shum\u00eb se 4600 f\u00ebmij\u00eb jan\u00eb regjistruar me k\u00ebt\u00eb em\u00ebr. Ky em\u00ebr ka qen\u00eb nd\u00ebr dhjet\u00eb emrat m\u00eb t\u00eb popullarizuar p\u00ebr djem q\u00eb nga viti 2016 dhe tashm\u00eb ka kaluar emrin m\u00eb t\u00eb p\u00ebrdorur m\u00eb par\u00eb, Noah, sipas [&hellip;]","og_url":"https:\/\/permbledhja.com\/sq\/muhammad-emri-me-i-popullarizuar-per-djemte-ne-angli-e-uells-ne-vitin-2023\/","og_site_name":"Ve\u00e7 artikuj p\u00ebrmbledh\u00ebs","article_publisher":"https:\/\/www.facebook.com\/press07\/","article_author":"https:\/\/www.facebook.com\/kafexhiu.muharrem\/","article_published_time":"2024-12-06T12:20:51+00:00","og_image":[{"width":780,"height":439,"url":"https:\/\/permbledhja.com\/wp-content\/uploads\/2024\/12\/93bd38b5-6087-4f40-b8ee-07e55ae0434d-780x439-1.jpg","type":"image\/jpeg"}],"author":"P\u00ebrmbledhja","twitter_card":"summary_large_image","twitter_misc":{"Written by":"P\u00ebrmbledhja","Est. reading time":"2 minuta"},"schema":{"@context":"https:\/\/schema.org","@graph":[{"@type":"Article","@id":"https:\/\/permbledhja.com\/muhammad-emri-me-i-popullarizuar-per-djemte-ne-angli-e-uells-ne-vitin-2023\/#article","isPartOf":{"@id":"https:\/\/permbledhja.com\/muhammad-emri-me-i-popullarizuar-per-djemte-ne-angli-e-uells-ne-vitin-2023\/"},"author":{"name":"P\u00ebrmbledhja","@id":"https:\/\/permbledhja.com\/#\/schema\/person\/0d064377258d3221e50693947b9eb4fe"},"headline":"Muhammad, emri m\u00eb i popullarizuar p\u00ebr djemt\u00eb n\u00eb Angli e Uells n\u00eb vitin 2023","datePublished":"2024-12-06T12:20:51+00:00","dateModified":"2024-12-06T12:20:51+00:00","mainEntityOfPage":{"@id":"https:\/\/permbledhja.com\/muhammad-emri-me-i-popullarizuar-per-djemte-ne-angli-e-uells-ne-vitin-2023\/"},"wordCount":369,"publisher":{"@id":"https:\/\/permbledhja.com\/#organization"},"keywords":["Emri"],"articleSection":["Dyt\u00ebsore"],"inLanguage":"sq"},{"@type":"WebPage","@id":"https:\/\/permbledhja.com\/muhammad-emri-me-i-popullarizuar-per-djemte-ne-angli-e-uells-ne-vitin-2023\/","url":"https:\/\/permbledhja.com\/muhammad-emri-me-i-popullarizuar-per-djemte-ne-angli-e-uells-ne-vitin-2023\/","name":"Muhammad, emri m\u00eb i popullarizuar p\u00ebr djemt\u00eb n\u00eb Angli e Uells n\u00eb vitin 2023","isPartOf":{"@id":"https:\/\/permbledhja.com\/#website"},"datePublished":"2024-12-06T12:20:51+00:00","dateModified":"2024-12-06T12:20:51+00:00","breadcrumb":{"@id":"https:\/\/permbledhja.com\/muhammad-emri-me-i-popullarizuar-per-djemte-ne-angli-e-uells-ne-vitin-2023\/#breadcrumb"},"inLanguage":"sq","potentialAction":[{"@type":"ReadAction","target":["https:\/\/permbledhja.com\/muhammad-emri-me-i-popullarizuar-per-djemte-ne-angli-e-uells-ne-vitin-2023\/"]}]},{"@type":"BreadcrumbList","@id":"https:\/\/permbledhja.com\/muhammad-emri-me-i-popullarizuar-per-djemte-ne-angli-e-uells-ne-vitin-2023\/#breadcrumb","itemListElement":[{"@type":"ListItem","position":1,"name":"Ballina","item":"https:\/\/permbledhja.com\/sq\/"},{"@type":"ListItem","position":2,"name":"Muhammad, emri m\u00eb i popullarizuar p\u00ebr djemt\u00eb n\u00eb Angli e Uells n\u00eb vitin 2023"}]},{"@type":"WebSite","@id":"https:\/\/permbledhja.com\/#website","url":"https:\/\/permbledhja.com\/","name":"Ve\u00e7 artikuj p\u00ebrmbledh\u00ebs","description":"","publisher":{"@id":"https:\/\/permbledhja.com\/#organization"},"potentialAction":[{"@type":"SearchAction","target":{"@type":"EntryPoint","urlTemplate":"https:\/\/permbledhja.com\/?s={search_term_string}"},"query-input":"required name=search_term_string"}],"inLanguage":"sq"},{"@type":"Organization","@id":"https:\/\/permbledhja.com\/#organization","name":"MK Media & Pr","url":"https:\/\/permbledhja.com\/","logo":{"@type":"ImageObject","inLanguage":"sq","@id":"https:\/\/permbledhja.com\/#\/schema\/logo\/image\/","url":"https:\/\/permbledhja.com\/wp-content\/uploads\/2021\/12\/07-Press-Logo.jpg","contentUrl":"https:\/\/permbledhja.com\/wp-content\/uploads\/2021\/12\/07-Press-Logo.jpg","width":512,"height":512,"caption":"MK Media & Pr"},"image":{"@id":"https:\/\/permbledhja.com\/#\/schema\/logo\/image\/"},"sameAs":["https:\/\/www.facebook.com\/press07\/"]},{"@type":"Person","@id":"https:\/\/permbledhja.com\/#\/schema\/person\/0d064377258d3221e50693947b9eb4fe","name":"P\u00ebrmbledhja","image":{"@type":"ImageObject","inLanguage":"sq","@id":"https:\/\/permbledhja.com\/#\/schema\/person\/image\/","url":"https:\/\/permbledhja.com\/wp-content\/uploads\/2026\/01\/452004717_1040944174702970_8932037511805513407_n-96x96.jpg","contentUrl":"https:\/\/permbledhja.com\/wp-content\/uploads\/2026\/01\/452004717_1040944174702970_8932037511805513407_n-96x96.jpg","caption":"P\u00ebrmbledhja"},"sameAs":["https:\/\/www.facebook.com\/kafexhiu.muharrem\/","https:\/\/www.instagram.com\/muharrem_kafexhiu\/"],"url":"https:\/\/permbledhja.com\/sq\/author\/admin\/"}]}},"_links":{"self":[{"href":"https:\/\/permbledhja.com\/sq\/wp-json\/wp\/v2\/posts\/70447"}],"collection":[{"href":"https:\/\/permbledhja.com\/sq\/wp-json\/wp\/v2\/posts"}],"about":[{"href":"https:\/\/permbledhja.com\/sq\/wp-json\/wp\/v2\/types\/post"}],"author":[{"embeddable":true,"href":"https:\/\/permbledhja.com\/sq\/wp-json\/wp\/v2\/users\/1"}],"replies":[{"embeddable":true,"href":"https:\/\/permbledhja.com\/sq\/wp-json\/wp\/v2\/comments?post=70447"}],"version-history":[{"count":1,"href":"https:\/\/permbledhja.com\/sq\/wp-json\/wp\/v2\/posts\/70447\/revisions"}],"predecessor-version":[{"id":70449,"href":"https:\/\/permbledhja.com\/sq\/wp-json\/wp\/v2\/posts\/70447\/revisions\/70449"}],"wp:featuredmedia":[{"embeddable":true,"href":"https:\/\/permbledhja.com\/sq\/wp-json\/wp\/v2\/media\/70448"}],"wp:attachment":[{"href":"https:\/\/permbledhja.com\/sq\/wp-json\/wp\/v2\/media?parent=70447"}],"wp:term":[{"taxonomy":"category","embeddable":true,"href":"https:\/\/permbledhja.com\/sq\/wp-json\/wp\/v2\/categories?post=70447"},{"taxonomy":"post_tag","embeddable":true,"href":"https:\/\/permbledhja.com\/sq\/wp-json\/wp\/v2\/tags?post=70447"}],"curies":[{"name":"wp","href":"https:\/\/api.w.org\/{rel}","templated":true}]}}