{"id":70444,"date":"2024-12-05T20:59:20","date_gmt":"2024-12-05T20:59:20","guid":{"rendered":"https:\/\/permbledhja.com\/?p=70444"},"modified":"2024-12-05T20:59:20","modified_gmt":"2024-12-05T20:59:20","slug":"ndihmes-sekretari-i-nato-s-denon-sulmin-ne-iber-lepenc","status":"publish","type":"post","link":"https:\/\/permbledhja.com\/sq\/ndihmes-sekretari-i-nato-s-denon-sulmin-ne-iber-lepenc\/","title":{"rendered":"Ndihm\u00ebs Sekretari i NATO-s d\u00ebnon sulmin n\u00eb Ib\u00ebr Lepenc"},"content":{"rendered":"<p><strong>Ndihm\u00ebs Sekretari i P\u00ebrgjithsh\u00ebm i NATO-s p\u00ebr Operacionet, Tom Goffus, e ka pritur n\u00eb selin\u00eb e NATO-s presidenten e Kosov\u00ebs, Vjosa Osmanin.<\/strong><\/p>\n<p>Mes tjerash n\u00eb takim \u00ebsht\u00eb diskutuar p\u00ebr sulmin q\u00eb ka ndodhur m\u00eb 29 n\u00ebntor n\u00eb kanalin Ib\u00ebr-Lepenc n\u00eb Zubin Potok.<\/p>\n<p>\u201cGoffus e d\u00ebnuar sulmin e s\u00eb premtes n\u00eb infrastruktur\u00ebn kritike n\u00eb Zubin-Potok\u201d, ka njoftuar z\u00ebdh\u00ebn\u00ebsja e NATO-s, p\u00ebrmes n\u00eb postimi n\u00eb platform\u00ebn \u201cX\u201d.<\/p>\n<p>Tutja ajo, duke cituar Goffus, ka th\u00ebn\u00eb se \u201cT\u00eb gjitha faktet duhet t\u00eb v\u00ebrtetohen p\u00ebrmes nj\u00eb hetimi transparent dhe t\u00eb plot\u00eb. KFOR-i mbetet vigjilent. Koordinimi me KFOR-in \u00ebsht\u00eb ky\u00e7 p\u00ebr stabilitetin rajonal\u201d.<\/p>\n<blockquote class=\"twitter-tweet\">\n<p dir=\"ltr\" lang=\"en\">ASG Tom Goffus met w\/ <a href=\"https:\/\/twitter.com\/VjosaOsmaniPRKS?ref_src=twsrc%5Etfw\">@VjosaOsmaniPRKS<\/a> at <a href=\"https:\/\/twitter.com\/hashtag\/NATO?src=hash&amp;ref_src=twsrc%5Etfw\">#NATO<\/a> HQ. He condemned Friday\u2019s attack on critical infrastructure in Zubin-Potok. All facts must be established through a transparent &amp; full investigation. KFOR remains vigilant. Coordination w\/ KFOR is key to regional stability. <a href=\"https:\/\/t.co\/PF73ePbREu\">pic.twitter.com\/PF73ePbREu<\/a><\/p>\n<p>\u2014 NATO Spokesperson Farah Dakhlallah (@NATOpress) <a href=\"https:\/\/twitter.com\/NATOpress\/status\/1864737163792769087?ref_src=twsrc%5Etfw\">December 5, 2024<\/a><\/p><\/blockquote>\n<p><script async src=\"https:\/\/platform.twitter.com\/widgets.js\" charset=\"utf-8\"><\/script><\/p>\n<p>P\u00ebr takimin me Ndihm\u00ebs Sekretari i P\u00ebrgjithsh\u00ebm i NATO-s, ka shkruar edhe presidentja Osmani, e cila ka th\u00ebn\u00eb se n\u00eb k\u00ebt\u00eb takim \u00ebsht\u00eb diskutuar mbi angazhimet e p\u00ebrbashk\u00ebta p\u00ebr paqe e siguri n\u00eb Kosov\u00eb.<\/p>\n<p><em>\u201cSot n\u00eb NATO, n\u00eb diskutime me Ndihm\u00ebs Sekretarin e P\u00ebrgjithsh\u00ebm t\u00eb NATO-s, Tom Goffus, p\u00ebr pun\u00ebn dhe angazhimet tona t\u00eb p\u00ebrbashk\u00ebta p\u00ebr paqe e siguri n\u00eb Kosov\u00eb\u201d<\/em>, ka shkruar Osmani, transmeton Telegrafi.<\/p>\n<p>Takimi me zyrtar\u00ebt e lart\u00eb t\u00eb NATO-s vjen pak dit\u00eb pas sulmit terrorist n\u00eb kanalin e Ib\u00ebr-Lepencit n\u00eb veri, p\u00ebr t\u00eb cilin Kosova akuzoi Serbin\u00eb.<\/p>\n","protected":false},"excerpt":{"rendered":"<p>Ndihm\u00ebs Sekretari i P\u00ebrgjithsh\u00ebm i NATO-s p\u00ebr Operacionet, Tom Goffus, e ka pritur n\u00eb selin\u00eb e NATO-s presidenten e Kosov\u00ebs, Vjosa Osmanin. Mes tjerash n\u00eb takim \u00ebsht\u00eb diskutuar p\u00ebr sulmin q\u00eb ka ndodhur m\u00eb 29 n\u00ebntor n\u00eb kanalin Ib\u00ebr-Lepenc n\u00eb Zubin Potok. \u201cGoffus e d\u00ebnuar sulmin e s\u00eb premtes n\u00eb infrastruktur\u00ebn kritike n\u00eb Zubin-Potok\u201d, ka [&hellip;]<\/p>\n","protected":false},"author":1,"featured_media":70445,"comment_status":"closed","ping_status":"closed","sticky":false,"template":"","format":"standard","meta":{"_monsterinsights_skip_tracking":false,"_monsterinsights_sitenote_active":false,"_monsterinsights_sitenote_note":"","_monsterinsights_sitenote_category":0,"_uf_show_specific_survey":0,"_uf_disable_surveys":false,"footnotes":""},"categories":[3325],"tags":[250],"yoast_head":"<!-- This site is optimized with the Yoast SEO plugin v21.5 - https:\/\/yoast.com\/wordpress\/plugins\/seo\/ -->\n<title>Ndihm\u00ebs Sekretari i NATO-s d\u00ebnon sulmin n\u00eb Ib\u00ebr Lepenc<\/title>\n<meta name=\"robots\" content=\"index, follow, max-snippet:-1, max-image-preview:large, max-video-preview:-1\" \/>\n<link rel=\"canonical\" href=\"https:\/\/permbledhja.com\/sq\/ndihmes-sekretari-i-nato-s-denon-sulmin-ne-iber-lepenc\/\" \/>\n<meta property=\"og:locale\" content=\"sq_AL\" \/>\n<meta property=\"og:type\" content=\"article\" \/>\n<meta property=\"og:title\" content=\"Ndihm\u00ebs Sekretari i NATO-s d\u00ebnon sulmin n\u00eb Ib\u00ebr Lepenc\" \/>\n<meta property=\"og:description\" content=\"Ndihm\u00ebs Sekretari i P\u00ebrgjithsh\u00ebm i NATO-s p\u00ebr Operacionet, Tom Goffus, e ka pritur n\u00eb selin\u00eb e NATO-s presidenten e Kosov\u00ebs, Vjosa Osmanin. Mes tjerash n\u00eb takim \u00ebsht\u00eb diskutuar p\u00ebr sulmin q\u00eb ka ndodhur m\u00eb 29 n\u00ebntor n\u00eb kanalin Ib\u00ebr-Lepenc n\u00eb Zubin Potok. \u201cGoffus e d\u00ebnuar sulmin e s\u00eb premtes n\u00eb infrastruktur\u00ebn kritike n\u00eb Zubin-Potok\u201d, ka [&hellip;]\" \/>\n<meta property=\"og:url\" content=\"https:\/\/permbledhja.com\/sq\/ndihmes-sekretari-i-nato-s-denon-sulmin-ne-iber-lepenc\/\" \/>\n<meta property=\"og:site_name\" content=\"Ve\u00e7 artikuj p\u00ebrmbledh\u00ebs\" \/>\n<meta property=\"article:publisher\" content=\"https:\/\/www.facebook.com\/press07\/\" \/>\n<meta property=\"article:author\" content=\"https:\/\/www.facebook.com\/kafexhiu.muharrem\/\" \/>\n<meta property=\"article:published_time\" content=\"2024-12-05T20:59:20+00:00\" \/>\n<meta property=\"og:image\" content=\"https:\/\/permbledhja.com\/wp-content\/uploads\/2024\/12\/Osmani-1-e1733425455553-780x439-1.jpg\" \/>\n\t<meta property=\"og:image:width\" content=\"780\" \/>\n\t<meta property=\"og:image:height\" content=\"439\" \/>\n\t<meta property=\"og:image:type\" content=\"image\/jpeg\" \/>\n<meta name=\"author\" content=\"P\u00ebrmbledhja\" \/>\n<meta name=\"twitter:card\" content=\"summary_large_image\" \/>\n<meta name=\"twitter:label1\" content=\"Written by\" \/>\n\t<meta name=\"twitter:data1\" content=\"P\u00ebrmbledhja\" \/>\n\t<meta name=\"twitter:label2\" content=\"Est. reading time\" \/>\n\t<meta name=\"twitter:data2\" content=\"2 minuta\" \/>\n<script type=\"application\/ld+json\" class=\"yoast-schema-graph\">{\"@context\":\"https:\/\/schema.org\",\"@graph\":[{\"@type\":\"Article\",\"@id\":\"https:\/\/permbledhja.com\/ndihmes-sekretari-i-nato-s-denon-sulmin-ne-iber-lepenc\/#article\",\"isPartOf\":{\"@id\":\"https:\/\/permbledhja.com\/ndihmes-sekretari-i-nato-s-denon-sulmin-ne-iber-lepenc\/\"},\"author\":{\"name\":\"P\u00ebrmbledhja\",\"@id\":\"https:\/\/permbledhja.com\/#\/schema\/person\/0d064377258d3221e50693947b9eb4fe\"},\"headline\":\"Ndihm\u00ebs Sekretari i NATO-s d\u00ebnon sulmin n\u00eb Ib\u00ebr Lepenc\",\"datePublished\":\"2024-12-05T20:59:20+00:00\",\"dateModified\":\"2024-12-05T20:59:20+00:00\",\"mainEntityOfPage\":{\"@id\":\"https:\/\/permbledhja.com\/ndihmes-sekretari-i-nato-s-denon-sulmin-ne-iber-lepenc\/\"},\"wordCount\":290,\"publisher\":{\"@id\":\"https:\/\/permbledhja.com\/#organization\"},\"keywords\":[\"NATO\"],\"articleSection\":[\"Kryesore\"],\"inLanguage\":\"sq\"},{\"@type\":\"WebPage\",\"@id\":\"https:\/\/permbledhja.com\/ndihmes-sekretari-i-nato-s-denon-sulmin-ne-iber-lepenc\/\",\"url\":\"https:\/\/permbledhja.com\/ndihmes-sekretari-i-nato-s-denon-sulmin-ne-iber-lepenc\/\",\"name\":\"Ndihm\u00ebs Sekretari i NATO-s d\u00ebnon sulmin n\u00eb Ib\u00ebr Lepenc\",\"isPartOf\":{\"@id\":\"https:\/\/permbledhja.com\/#website\"},\"datePublished\":\"2024-12-05T20:59:20+00:00\",\"dateModified\":\"2024-12-05T20:59:20+00:00\",\"breadcrumb\":{\"@id\":\"https:\/\/permbledhja.com\/ndihmes-sekretari-i-nato-s-denon-sulmin-ne-iber-lepenc\/#breadcrumb\"},\"inLanguage\":\"sq\",\"potentialAction\":[{\"@type\":\"ReadAction\",\"target\":[\"https:\/\/permbledhja.com\/ndihmes-sekretari-i-nato-s-denon-sulmin-ne-iber-lepenc\/\"]}]},{\"@type\":\"BreadcrumbList\",\"@id\":\"https:\/\/permbledhja.com\/ndihmes-sekretari-i-nato-s-denon-sulmin-ne-iber-lepenc\/#breadcrumb\",\"itemListElement\":[{\"@type\":\"ListItem\",\"position\":1,\"name\":\"Ballina\",\"item\":\"https:\/\/permbledhja.com\/sq\/\"},{\"@type\":\"ListItem\",\"position\":2,\"name\":\"Ndihm\u00ebs Sekretari i NATO-s d\u00ebnon sulmin n\u00eb Ib\u00ebr Lepenc\"}]},{\"@type\":\"WebSite\",\"@id\":\"https:\/\/permbledhja.com\/#website\",\"url\":\"https:\/\/permbledhja.com\/\",\"name\":\"Ve\u00e7 artikuj p\u00ebrmbledh\u00ebs\",\"description\":\"\",\"publisher\":{\"@id\":\"https:\/\/permbledhja.com\/#organization\"},\"potentialAction\":[{\"@type\":\"SearchAction\",\"target\":{\"@type\":\"EntryPoint\",\"urlTemplate\":\"https:\/\/permbledhja.com\/?s={search_term_string}\"},\"query-input\":\"required name=search_term_string\"}],\"inLanguage\":\"sq\"},{\"@type\":\"Organization\",\"@id\":\"https:\/\/permbledhja.com\/#organization\",\"name\":\"MK Media & Pr\",\"url\":\"https:\/\/permbledhja.com\/\",\"logo\":{\"@type\":\"ImageObject\",\"inLanguage\":\"sq\",\"@id\":\"https:\/\/permbledhja.com\/#\/schema\/logo\/image\/\",\"url\":\"https:\/\/permbledhja.com\/wp-content\/uploads\/2021\/12\/07-Press-Logo.jpg\",\"contentUrl\":\"https:\/\/permbledhja.com\/wp-content\/uploads\/2021\/12\/07-Press-Logo.jpg\",\"width\":512,\"height\":512,\"caption\":\"MK Media & Pr\"},\"image\":{\"@id\":\"https:\/\/permbledhja.com\/#\/schema\/logo\/image\/\"},\"sameAs\":[\"https:\/\/www.facebook.com\/press07\/\"]},{\"@type\":\"Person\",\"@id\":\"https:\/\/permbledhja.com\/#\/schema\/person\/0d064377258d3221e50693947b9eb4fe\",\"name\":\"P\u00ebrmbledhja\",\"image\":{\"@type\":\"ImageObject\",\"inLanguage\":\"sq\",\"@id\":\"https:\/\/permbledhja.com\/#\/schema\/person\/image\/\",\"url\":\"https:\/\/permbledhja.com\/wp-content\/uploads\/2026\/01\/452004717_1040944174702970_8932037511805513407_n-96x96.jpg\",\"contentUrl\":\"https:\/\/permbledhja.com\/wp-content\/uploads\/2026\/01\/452004717_1040944174702970_8932037511805513407_n-96x96.jpg\",\"caption\":\"P\u00ebrmbledhja\"},\"sameAs\":[\"https:\/\/www.facebook.com\/kafexhiu.muharrem\/\",\"https:\/\/www.instagram.com\/muharrem_kafexhiu\/\"],\"url\":\"https:\/\/permbledhja.com\/sq\/author\/admin\/\"}]}<\/script>\n<!-- \/ Yoast SEO plugin. -->","yoast_head_json":{"title":"Ndihm\u00ebs Sekretari i NATO-s d\u00ebnon sulmin n\u00eb Ib\u00ebr Lepenc","robots":{"index":"index","follow":"follow","max-snippet":"max-snippet:-1","max-image-preview":"max-image-preview:large","max-video-preview":"max-video-preview:-1"},"canonical":"https:\/\/permbledhja.com\/sq\/ndihmes-sekretari-i-nato-s-denon-sulmin-ne-iber-lepenc\/","og_locale":"sq_AL","og_type":"article","og_title":"Ndihm\u00ebs Sekretari i NATO-s d\u00ebnon sulmin n\u00eb Ib\u00ebr Lepenc","og_description":"Ndihm\u00ebs Sekretari i P\u00ebrgjithsh\u00ebm i NATO-s p\u00ebr Operacionet, Tom Goffus, e ka pritur n\u00eb selin\u00eb e NATO-s presidenten e Kosov\u00ebs, Vjosa Osmanin. Mes tjerash n\u00eb takim \u00ebsht\u00eb diskutuar p\u00ebr sulmin q\u00eb ka ndodhur m\u00eb 29 n\u00ebntor n\u00eb kanalin Ib\u00ebr-Lepenc n\u00eb Zubin Potok. \u201cGoffus e d\u00ebnuar sulmin e s\u00eb premtes n\u00eb infrastruktur\u00ebn kritike n\u00eb Zubin-Potok\u201d, ka [&hellip;]","og_url":"https:\/\/permbledhja.com\/sq\/ndihmes-sekretari-i-nato-s-denon-sulmin-ne-iber-lepenc\/","og_site_name":"Ve\u00e7 artikuj p\u00ebrmbledh\u00ebs","article_publisher":"https:\/\/www.facebook.com\/press07\/","article_author":"https:\/\/www.facebook.com\/kafexhiu.muharrem\/","article_published_time":"2024-12-05T20:59:20+00:00","og_image":[{"width":780,"height":439,"url":"https:\/\/permbledhja.com\/wp-content\/uploads\/2024\/12\/Osmani-1-e1733425455553-780x439-1.jpg","type":"image\/jpeg"}],"author":"P\u00ebrmbledhja","twitter_card":"summary_large_image","twitter_misc":{"Written by":"P\u00ebrmbledhja","Est. reading time":"2 minuta"},"schema":{"@context":"https:\/\/schema.org","@graph":[{"@type":"Article","@id":"https:\/\/permbledhja.com\/ndihmes-sekretari-i-nato-s-denon-sulmin-ne-iber-lepenc\/#article","isPartOf":{"@id":"https:\/\/permbledhja.com\/ndihmes-sekretari-i-nato-s-denon-sulmin-ne-iber-lepenc\/"},"author":{"name":"P\u00ebrmbledhja","@id":"https:\/\/permbledhja.com\/#\/schema\/person\/0d064377258d3221e50693947b9eb4fe"},"headline":"Ndihm\u00ebs Sekretari i NATO-s d\u00ebnon sulmin n\u00eb Ib\u00ebr Lepenc","datePublished":"2024-12-05T20:59:20+00:00","dateModified":"2024-12-05T20:59:20+00:00","mainEntityOfPage":{"@id":"https:\/\/permbledhja.com\/ndihmes-sekretari-i-nato-s-denon-sulmin-ne-iber-lepenc\/"},"wordCount":290,"publisher":{"@id":"https:\/\/permbledhja.com\/#organization"},"keywords":["NATO"],"articleSection":["Kryesore"],"inLanguage":"sq"},{"@type":"WebPage","@id":"https:\/\/permbledhja.com\/ndihmes-sekretari-i-nato-s-denon-sulmin-ne-iber-lepenc\/","url":"https:\/\/permbledhja.com\/ndihmes-sekretari-i-nato-s-denon-sulmin-ne-iber-lepenc\/","name":"Ndihm\u00ebs Sekretari i NATO-s d\u00ebnon sulmin n\u00eb Ib\u00ebr Lepenc","isPartOf":{"@id":"https:\/\/permbledhja.com\/#website"},"datePublished":"2024-12-05T20:59:20+00:00","dateModified":"2024-12-05T20:59:20+00:00","breadcrumb":{"@id":"https:\/\/permbledhja.com\/ndihmes-sekretari-i-nato-s-denon-sulmin-ne-iber-lepenc\/#breadcrumb"},"inLanguage":"sq","potentialAction":[{"@type":"ReadAction","target":["https:\/\/permbledhja.com\/ndihmes-sekretari-i-nato-s-denon-sulmin-ne-iber-lepenc\/"]}]},{"@type":"BreadcrumbList","@id":"https:\/\/permbledhja.com\/ndihmes-sekretari-i-nato-s-denon-sulmin-ne-iber-lepenc\/#breadcrumb","itemListElement":[{"@type":"ListItem","position":1,"name":"Ballina","item":"https:\/\/permbledhja.com\/sq\/"},{"@type":"ListItem","position":2,"name":"Ndihm\u00ebs Sekretari i NATO-s d\u00ebnon sulmin n\u00eb Ib\u00ebr Lepenc"}]},{"@type":"WebSite","@id":"https:\/\/permbledhja.com\/#website","url":"https:\/\/permbledhja.com\/","name":"Ve\u00e7 artikuj p\u00ebrmbledh\u00ebs","description":"","publisher":{"@id":"https:\/\/permbledhja.com\/#organization"},"potentialAction":[{"@type":"SearchAction","target":{"@type":"EntryPoint","urlTemplate":"https:\/\/permbledhja.com\/?s={search_term_string}"},"query-input":"required name=search_term_string"}],"inLanguage":"sq"},{"@type":"Organization","@id":"https:\/\/permbledhja.com\/#organization","name":"MK Media & Pr","url":"https:\/\/permbledhja.com\/","logo":{"@type":"ImageObject","inLanguage":"sq","@id":"https:\/\/permbledhja.com\/#\/schema\/logo\/image\/","url":"https:\/\/permbledhja.com\/wp-content\/uploads\/2021\/12\/07-Press-Logo.jpg","contentUrl":"https:\/\/permbledhja.com\/wp-content\/uploads\/2021\/12\/07-Press-Logo.jpg","width":512,"height":512,"caption":"MK Media & Pr"},"image":{"@id":"https:\/\/permbledhja.com\/#\/schema\/logo\/image\/"},"sameAs":["https:\/\/www.facebook.com\/press07\/"]},{"@type":"Person","@id":"https:\/\/permbledhja.com\/#\/schema\/person\/0d064377258d3221e50693947b9eb4fe","name":"P\u00ebrmbledhja","image":{"@type":"ImageObject","inLanguage":"sq","@id":"https:\/\/permbledhja.com\/#\/schema\/person\/image\/","url":"https:\/\/permbledhja.com\/wp-content\/uploads\/2026\/01\/452004717_1040944174702970_8932037511805513407_n-96x96.jpg","contentUrl":"https:\/\/permbledhja.com\/wp-content\/uploads\/2026\/01\/452004717_1040944174702970_8932037511805513407_n-96x96.jpg","caption":"P\u00ebrmbledhja"},"sameAs":["https:\/\/www.facebook.com\/kafexhiu.muharrem\/","https:\/\/www.instagram.com\/muharrem_kafexhiu\/"],"url":"https:\/\/permbledhja.com\/sq\/author\/admin\/"}]}},"_links":{"self":[{"href":"https:\/\/permbledhja.com\/sq\/wp-json\/wp\/v2\/posts\/70444"}],"collection":[{"href":"https:\/\/permbledhja.com\/sq\/wp-json\/wp\/v2\/posts"}],"about":[{"href":"https:\/\/permbledhja.com\/sq\/wp-json\/wp\/v2\/types\/post"}],"author":[{"embeddable":true,"href":"https:\/\/permbledhja.com\/sq\/wp-json\/wp\/v2\/users\/1"}],"replies":[{"embeddable":true,"href":"https:\/\/permbledhja.com\/sq\/wp-json\/wp\/v2\/comments?post=70444"}],"version-history":[{"count":1,"href":"https:\/\/permbledhja.com\/sq\/wp-json\/wp\/v2\/posts\/70444\/revisions"}],"predecessor-version":[{"id":70446,"href":"https:\/\/permbledhja.com\/sq\/wp-json\/wp\/v2\/posts\/70444\/revisions\/70446"}],"wp:featuredmedia":[{"embeddable":true,"href":"https:\/\/permbledhja.com\/sq\/wp-json\/wp\/v2\/media\/70445"}],"wp:attachment":[{"href":"https:\/\/permbledhja.com\/sq\/wp-json\/wp\/v2\/media?parent=70444"}],"wp:term":[{"taxonomy":"category","embeddable":true,"href":"https:\/\/permbledhja.com\/sq\/wp-json\/wp\/v2\/categories?post=70444"},{"taxonomy":"post_tag","embeddable":true,"href":"https:\/\/permbledhja.com\/sq\/wp-json\/wp\/v2\/tags?post=70444"}],"curies":[{"name":"wp","href":"https:\/\/api.w.org\/{rel}","templated":true}]}}