{"id":70221,"date":"2024-11-11T15:41:06","date_gmt":"2024-11-11T15:41:06","guid":{"rendered":"https:\/\/permbledhja.com\/?p=70221"},"modified":"2024-11-11T15:41:06","modified_gmt":"2024-11-11T15:41:06","slug":"5-raste-te-reja-24-persona-nen-llupen-e-prokurorise-speciale","status":"publish","type":"post","link":"https:\/\/permbledhja.com\/sq\/5-raste-te-reja-24-persona-nen-llupen-e-prokurorise-speciale\/","title":{"rendered":"5 raste t\u00eb reja, 24 persona n\u00ebn &#8220;llup\u00ebn&#8221; e Prokuroris\u00eb Speciale"},"content":{"rendered":"<p><strong>Prokuroria Speciale e Republik\u00ebs \u00eb Kosov\u00ebs ka njoftuar se ka n\u00eb sh\u00ebnjest\u00ebr pes\u00eb raste t\u00eb reja p\u00ebr vepra t\u00eb ndryshme. N\u00eb k\u00ebto raste jan\u00eb t\u00eb p\u00ebrfshir\u00eb 24 persona.\u00a0<\/strong><\/p>\n<p>K\u00ebshtu ka njoftuar Prokuroria pas takimit q\u00eb ka pasur kryesprokurori i Prokuprori\u00eb Speciale, Blerim Isufah me\u00a0Ekipin e P\u00ebrbashk\u00ebt p\u00ebr P\u00ebrzgjedhjen dhe Shenj\u00ebstrimin e Krimeve t\u00eb R\u00ebnda.<\/p>\n<p>N\u00eb njoftim thuhet se rasti i par\u00eb ka t\u00eb b\u00ebj\u00eb me veprat penale: \u201cKeqp\u00ebrdorim i detyr\u00ebs apo autoritetit zyrtar\u201d, \u201cArm\u00ebmbajtje pa leje\u201d, \u201cShp\u00eblarje e parave\u201d dhe \u201cMos raportim apo raportim i rrem\u00eb i pasuris\u00eb i t\u00eb ardhurave, i dhuratave, i dobis\u00eb tjet\u00ebr pasurore ose i detyrimeve financiare\u201d.<\/p>\n<p>Rasti i dyt\u00eb ka t\u00eb b\u00ebj\u00eb me veprat penale: \u201cFajdeja\u201d dhe \u201cMbajtja n\u00eb pron\u00ebsi, kontroll ose posedim t\u00eb paautorizuar t\u00eb arm\u00ebve\u201d.<\/p>\n<p>Po ashtu sipas njoftimit rasti i tret\u00eb ka t\u00eb b\u00ebj\u00eb me veprat penale: \u201cFalsifikimi i paras\u00eb\u201d, \u201cBlerja, pranimi dhe fshehja e sendeve t\u00eb p\u00ebrfituara me vep\u00ebr penale\u201d, \u201cBlerja, pranimi ose fshehja e sendeve t\u00eb p\u00ebrfituara me kryerjen e vepr\u00ebs penale\u201d, \u201cFalsifikimi i paras\u00eb\u201d dhe \u201cShp\u00eblarja e parave\u201d.<\/p>\n<p>Kurse, rasti i kat\u00ebrt ka t\u00eb b\u00ebj\u00eb me veprat penale: \u201cBlerja, pranimi ose fshehja e sendeve t\u00eb p\u00ebrfituara me kryerjen e vepr\u00ebs penale\u201d, \u201cFalsifikimi i paras\u00eb\u201d dhe \u201cShp\u00eblarja e parave\u201d.<br \/>\nNd\u00ebrkaq, rasti i pest\u00eb ka t\u00eb b\u00ebj\u00eb me veprat penale: \u201cKeqp\u00ebrdorimi i pozit\u00ebs apo autoritetit zyrtar\u201d dhe \u201cP\u00ebrvet\u00ebsimi n\u00eb detyr\u00eb\u201d.<\/p>\n<p>\u201cN\u00eb k\u00ebto raste, jan\u00eb t\u00eb p\u00ebrfshir\u00eb 24 persona dhe ka t\u00eb sekuestruara pasuri t\u00eb luajtshme dhe t\u00eb paluajtshme, si dhe sasi e konsiderueshme e pareve t\u00eb falsifikuara.\u201d \u00ebsht\u00eb th\u00ebn\u00eb n\u00eb njoftimin e Prokuroris\u00eb.<\/p>\n<p><iframe loading=\"lazy\" style=\"border: none; overflow: hidden;\" src=\"https:\/\/www.facebook.com\/plugins\/post.php?href=https%3A%2F%2Fwww.facebook.com%2Fsistemiprokurorial%2Fposts%2Fpfbid02uqTQVR7VjatFd5hmRatQfBosxuwBHHyFHUig97txaF9XfPpdFdnKDLw6yqZ5iik3l&amp;show_text=true&amp;width=500\" width=\"500\" height=\"250\" frameborder=\"0\" scrolling=\"no\" allowfullscreen=\"allowfullscreen\"><\/iframe><\/p>\n","protected":false},"excerpt":{"rendered":"<p>Prokuroria Speciale e Republik\u00ebs \u00eb Kosov\u00ebs ka njoftuar se ka n\u00eb sh\u00ebnjest\u00ebr pes\u00eb raste t\u00eb reja p\u00ebr vepra t\u00eb ndryshme. N\u00eb k\u00ebto raste jan\u00eb t\u00eb p\u00ebrfshir\u00eb 24 persona.\u00a0 K\u00ebshtu ka njoftuar Prokuroria pas takimit q\u00eb ka pasur kryesprokurori i Prokuprori\u00eb Speciale, Blerim Isufah me\u00a0Ekipin e P\u00ebrbashk\u00ebt p\u00ebr P\u00ebrzgjedhjen dhe Shenj\u00ebstrimin e Krimeve t\u00eb R\u00ebnda. N\u00eb [&hellip;]<\/p>\n","protected":false},"author":1,"featured_media":70222,"comment_status":"closed","ping_status":"closed","sticky":false,"template":"","format":"standard","meta":{"_monsterinsights_skip_tracking":false,"_monsterinsights_sitenote_active":false,"_monsterinsights_sitenote_note":"","_monsterinsights_sitenote_category":0,"_uf_show_specific_survey":0,"_uf_disable_surveys":false,"footnotes":""},"categories":[2645],"tags":[2769],"yoast_head":"<!-- This site is optimized with the Yoast SEO plugin v21.5 - https:\/\/yoast.com\/wordpress\/plugins\/seo\/ -->\n<title>5 raste t\u00eb reja, 24 persona n\u00ebn &quot;llup\u00ebn&quot; e Prokuroris\u00eb Speciale<\/title>\n<meta name=\"robots\" content=\"index, follow, max-snippet:-1, max-image-preview:large, max-video-preview:-1\" \/>\n<link rel=\"canonical\" href=\"https:\/\/permbledhja.com\/sq\/5-raste-te-reja-24-persona-nen-llupen-e-prokurorise-speciale\/\" \/>\n<meta property=\"og:locale\" content=\"sq_AL\" \/>\n<meta property=\"og:type\" content=\"article\" \/>\n<meta property=\"og:title\" content=\"5 raste t\u00eb reja, 24 persona n\u00ebn &quot;llup\u00ebn&quot; e Prokuroris\u00eb Speciale\" \/>\n<meta property=\"og:description\" content=\"Prokuroria Speciale e Republik\u00ebs \u00eb Kosov\u00ebs ka njoftuar se ka n\u00eb sh\u00ebnjest\u00ebr pes\u00eb raste t\u00eb reja p\u00ebr vepra t\u00eb ndryshme. N\u00eb k\u00ebto raste jan\u00eb t\u00eb p\u00ebrfshir\u00eb 24 persona.\u00a0 K\u00ebshtu ka njoftuar Prokuroria pas takimit q\u00eb ka pasur kryesprokurori i Prokuprori\u00eb Speciale, Blerim Isufah me\u00a0Ekipin e P\u00ebrbashk\u00ebt p\u00ebr P\u00ebrzgjedhjen dhe Shenj\u00ebstrimin e Krimeve t\u00eb R\u00ebnda. N\u00eb [&hellip;]\" \/>\n<meta property=\"og:url\" content=\"https:\/\/permbledhja.com\/sq\/5-raste-te-reja-24-persona-nen-llupen-e-prokurorise-speciale\/\" \/>\n<meta property=\"og:site_name\" content=\"Ve\u00e7 artikuj p\u00ebrmbledh\u00ebs\" \/>\n<meta property=\"article:publisher\" content=\"https:\/\/www.facebook.com\/press07\/\" \/>\n<meta property=\"article:author\" content=\"https:\/\/www.facebook.com\/kafexhiu.muharrem\/\" \/>\n<meta property=\"article:published_time\" content=\"2024-11-11T15:41:06+00:00\" \/>\n<meta property=\"og:image\" content=\"https:\/\/permbledhja.com\/wp-content\/uploads\/2024\/11\/466011808_122187295970037625_8890114726558704449_n.jpg\" \/>\n\t<meta property=\"og:image:width\" content=\"1440\" \/>\n\t<meta property=\"og:image:height\" content=\"840\" \/>\n\t<meta property=\"og:image:type\" content=\"image\/jpeg\" \/>\n<meta name=\"author\" content=\"P\u00ebrmbledhja\" \/>\n<meta name=\"twitter:card\" content=\"summary_large_image\" \/>\n<meta name=\"twitter:label1\" content=\"Written by\" \/>\n\t<meta name=\"twitter:data1\" content=\"P\u00ebrmbledhja\" \/>\n\t<meta name=\"twitter:label2\" content=\"Est. reading time\" \/>\n\t<meta name=\"twitter:data2\" content=\"2 minuta\" \/>\n<script type=\"application\/ld+json\" class=\"yoast-schema-graph\">{\"@context\":\"https:\/\/schema.org\",\"@graph\":[{\"@type\":\"Article\",\"@id\":\"https:\/\/permbledhja.com\/5-raste-te-reja-24-persona-nen-llupen-e-prokurorise-speciale\/#article\",\"isPartOf\":{\"@id\":\"https:\/\/permbledhja.com\/5-raste-te-reja-24-persona-nen-llupen-e-prokurorise-speciale\/\"},\"author\":{\"name\":\"P\u00ebrmbledhja\",\"@id\":\"https:\/\/permbledhja.com\/#\/schema\/person\/0d064377258d3221e50693947b9eb4fe\"},\"headline\":\"5 raste t\u00eb reja, 24 persona n\u00ebn &#8220;llup\u00ebn&#8221; e Prokuroris\u00eb Speciale\",\"datePublished\":\"2024-11-11T15:41:06+00:00\",\"dateModified\":\"2024-11-11T15:41:06+00:00\",\"mainEntityOfPage\":{\"@id\":\"https:\/\/permbledhja.com\/5-raste-te-reja-24-persona-nen-llupen-e-prokurorise-speciale\/\"},\"wordCount\":304,\"publisher\":{\"@id\":\"https:\/\/permbledhja.com\/#organization\"},\"keywords\":[\"Prokuroria Speciale\"],\"articleSection\":[\"T\u00eb r\u00ebnd\u00ebsishme\"],\"inLanguage\":\"sq\"},{\"@type\":\"WebPage\",\"@id\":\"https:\/\/permbledhja.com\/5-raste-te-reja-24-persona-nen-llupen-e-prokurorise-speciale\/\",\"url\":\"https:\/\/permbledhja.com\/5-raste-te-reja-24-persona-nen-llupen-e-prokurorise-speciale\/\",\"name\":\"5 raste t\u00eb reja, 24 persona n\u00ebn \\\"llup\u00ebn\\\" e Prokuroris\u00eb Speciale\",\"isPartOf\":{\"@id\":\"https:\/\/permbledhja.com\/#website\"},\"datePublished\":\"2024-11-11T15:41:06+00:00\",\"dateModified\":\"2024-11-11T15:41:06+00:00\",\"breadcrumb\":{\"@id\":\"https:\/\/permbledhja.com\/5-raste-te-reja-24-persona-nen-llupen-e-prokurorise-speciale\/#breadcrumb\"},\"inLanguage\":\"sq\",\"potentialAction\":[{\"@type\":\"ReadAction\",\"target\":[\"https:\/\/permbledhja.com\/5-raste-te-reja-24-persona-nen-llupen-e-prokurorise-speciale\/\"]}]},{\"@type\":\"BreadcrumbList\",\"@id\":\"https:\/\/permbledhja.com\/5-raste-te-reja-24-persona-nen-llupen-e-prokurorise-speciale\/#breadcrumb\",\"itemListElement\":[{\"@type\":\"ListItem\",\"position\":1,\"name\":\"Ballina\",\"item\":\"https:\/\/permbledhja.com\/sq\/\"},{\"@type\":\"ListItem\",\"position\":2,\"name\":\"5 raste t\u00eb reja, 24 persona n\u00ebn &#8220;llup\u00ebn&#8221; e Prokuroris\u00eb Speciale\"}]},{\"@type\":\"WebSite\",\"@id\":\"https:\/\/permbledhja.com\/#website\",\"url\":\"https:\/\/permbledhja.com\/\",\"name\":\"Ve\u00e7 artikuj p\u00ebrmbledh\u00ebs\",\"description\":\"\",\"publisher\":{\"@id\":\"https:\/\/permbledhja.com\/#organization\"},\"potentialAction\":[{\"@type\":\"SearchAction\",\"target\":{\"@type\":\"EntryPoint\",\"urlTemplate\":\"https:\/\/permbledhja.com\/?s={search_term_string}\"},\"query-input\":\"required name=search_term_string\"}],\"inLanguage\":\"sq\"},{\"@type\":\"Organization\",\"@id\":\"https:\/\/permbledhja.com\/#organization\",\"name\":\"MK Media & Pr\",\"url\":\"https:\/\/permbledhja.com\/\",\"logo\":{\"@type\":\"ImageObject\",\"inLanguage\":\"sq\",\"@id\":\"https:\/\/permbledhja.com\/#\/schema\/logo\/image\/\",\"url\":\"https:\/\/permbledhja.com\/wp-content\/uploads\/2021\/12\/07-Press-Logo.jpg\",\"contentUrl\":\"https:\/\/permbledhja.com\/wp-content\/uploads\/2021\/12\/07-Press-Logo.jpg\",\"width\":512,\"height\":512,\"caption\":\"MK Media & Pr\"},\"image\":{\"@id\":\"https:\/\/permbledhja.com\/#\/schema\/logo\/image\/\"},\"sameAs\":[\"https:\/\/www.facebook.com\/press07\/\"]},{\"@type\":\"Person\",\"@id\":\"https:\/\/permbledhja.com\/#\/schema\/person\/0d064377258d3221e50693947b9eb4fe\",\"name\":\"P\u00ebrmbledhja\",\"image\":{\"@type\":\"ImageObject\",\"inLanguage\":\"sq\",\"@id\":\"https:\/\/permbledhja.com\/#\/schema\/person\/image\/\",\"url\":\"https:\/\/permbledhja.com\/wp-content\/uploads\/2026\/01\/452004717_1040944174702970_8932037511805513407_n-96x96.jpg\",\"contentUrl\":\"https:\/\/permbledhja.com\/wp-content\/uploads\/2026\/01\/452004717_1040944174702970_8932037511805513407_n-96x96.jpg\",\"caption\":\"P\u00ebrmbledhja\"},\"sameAs\":[\"https:\/\/www.facebook.com\/kafexhiu.muharrem\/\",\"https:\/\/www.instagram.com\/muharrem_kafexhiu\/\"],\"url\":\"https:\/\/permbledhja.com\/sq\/author\/admin\/\"}]}<\/script>\n<!-- \/ Yoast SEO plugin. -->","yoast_head_json":{"title":"5 raste t\u00eb reja, 24 persona n\u00ebn \"llup\u00ebn\" e Prokuroris\u00eb Speciale","robots":{"index":"index","follow":"follow","max-snippet":"max-snippet:-1","max-image-preview":"max-image-preview:large","max-video-preview":"max-video-preview:-1"},"canonical":"https:\/\/permbledhja.com\/sq\/5-raste-te-reja-24-persona-nen-llupen-e-prokurorise-speciale\/","og_locale":"sq_AL","og_type":"article","og_title":"5 raste t\u00eb reja, 24 persona n\u00ebn \"llup\u00ebn\" e Prokuroris\u00eb Speciale","og_description":"Prokuroria Speciale e Republik\u00ebs \u00eb Kosov\u00ebs ka njoftuar se ka n\u00eb sh\u00ebnjest\u00ebr pes\u00eb raste t\u00eb reja p\u00ebr vepra t\u00eb ndryshme. N\u00eb k\u00ebto raste jan\u00eb t\u00eb p\u00ebrfshir\u00eb 24 persona.\u00a0 K\u00ebshtu ka njoftuar Prokuroria pas takimit q\u00eb ka pasur kryesprokurori i Prokuprori\u00eb Speciale, Blerim Isufah me\u00a0Ekipin e P\u00ebrbashk\u00ebt p\u00ebr P\u00ebrzgjedhjen dhe Shenj\u00ebstrimin e Krimeve t\u00eb R\u00ebnda. N\u00eb [&hellip;]","og_url":"https:\/\/permbledhja.com\/sq\/5-raste-te-reja-24-persona-nen-llupen-e-prokurorise-speciale\/","og_site_name":"Ve\u00e7 artikuj p\u00ebrmbledh\u00ebs","article_publisher":"https:\/\/www.facebook.com\/press07\/","article_author":"https:\/\/www.facebook.com\/kafexhiu.muharrem\/","article_published_time":"2024-11-11T15:41:06+00:00","og_image":[{"width":1440,"height":840,"url":"https:\/\/permbledhja.com\/wp-content\/uploads\/2024\/11\/466011808_122187295970037625_8890114726558704449_n.jpg","type":"image\/jpeg"}],"author":"P\u00ebrmbledhja","twitter_card":"summary_large_image","twitter_misc":{"Written by":"P\u00ebrmbledhja","Est. reading time":"2 minuta"},"schema":{"@context":"https:\/\/schema.org","@graph":[{"@type":"Article","@id":"https:\/\/permbledhja.com\/5-raste-te-reja-24-persona-nen-llupen-e-prokurorise-speciale\/#article","isPartOf":{"@id":"https:\/\/permbledhja.com\/5-raste-te-reja-24-persona-nen-llupen-e-prokurorise-speciale\/"},"author":{"name":"P\u00ebrmbledhja","@id":"https:\/\/permbledhja.com\/#\/schema\/person\/0d064377258d3221e50693947b9eb4fe"},"headline":"5 raste t\u00eb reja, 24 persona n\u00ebn &#8220;llup\u00ebn&#8221; e Prokuroris\u00eb Speciale","datePublished":"2024-11-11T15:41:06+00:00","dateModified":"2024-11-11T15:41:06+00:00","mainEntityOfPage":{"@id":"https:\/\/permbledhja.com\/5-raste-te-reja-24-persona-nen-llupen-e-prokurorise-speciale\/"},"wordCount":304,"publisher":{"@id":"https:\/\/permbledhja.com\/#organization"},"keywords":["Prokuroria Speciale"],"articleSection":["T\u00eb r\u00ebnd\u00ebsishme"],"inLanguage":"sq"},{"@type":"WebPage","@id":"https:\/\/permbledhja.com\/5-raste-te-reja-24-persona-nen-llupen-e-prokurorise-speciale\/","url":"https:\/\/permbledhja.com\/5-raste-te-reja-24-persona-nen-llupen-e-prokurorise-speciale\/","name":"5 raste t\u00eb reja, 24 persona n\u00ebn \"llup\u00ebn\" e Prokuroris\u00eb Speciale","isPartOf":{"@id":"https:\/\/permbledhja.com\/#website"},"datePublished":"2024-11-11T15:41:06+00:00","dateModified":"2024-11-11T15:41:06+00:00","breadcrumb":{"@id":"https:\/\/permbledhja.com\/5-raste-te-reja-24-persona-nen-llupen-e-prokurorise-speciale\/#breadcrumb"},"inLanguage":"sq","potentialAction":[{"@type":"ReadAction","target":["https:\/\/permbledhja.com\/5-raste-te-reja-24-persona-nen-llupen-e-prokurorise-speciale\/"]}]},{"@type":"BreadcrumbList","@id":"https:\/\/permbledhja.com\/5-raste-te-reja-24-persona-nen-llupen-e-prokurorise-speciale\/#breadcrumb","itemListElement":[{"@type":"ListItem","position":1,"name":"Ballina","item":"https:\/\/permbledhja.com\/sq\/"},{"@type":"ListItem","position":2,"name":"5 raste t\u00eb reja, 24 persona n\u00ebn &#8220;llup\u00ebn&#8221; e Prokuroris\u00eb Speciale"}]},{"@type":"WebSite","@id":"https:\/\/permbledhja.com\/#website","url":"https:\/\/permbledhja.com\/","name":"Ve\u00e7 artikuj p\u00ebrmbledh\u00ebs","description":"","publisher":{"@id":"https:\/\/permbledhja.com\/#organization"},"potentialAction":[{"@type":"SearchAction","target":{"@type":"EntryPoint","urlTemplate":"https:\/\/permbledhja.com\/?s={search_term_string}"},"query-input":"required name=search_term_string"}],"inLanguage":"sq"},{"@type":"Organization","@id":"https:\/\/permbledhja.com\/#organization","name":"MK Media & Pr","url":"https:\/\/permbledhja.com\/","logo":{"@type":"ImageObject","inLanguage":"sq","@id":"https:\/\/permbledhja.com\/#\/schema\/logo\/image\/","url":"https:\/\/permbledhja.com\/wp-content\/uploads\/2021\/12\/07-Press-Logo.jpg","contentUrl":"https:\/\/permbledhja.com\/wp-content\/uploads\/2021\/12\/07-Press-Logo.jpg","width":512,"height":512,"caption":"MK Media & Pr"},"image":{"@id":"https:\/\/permbledhja.com\/#\/schema\/logo\/image\/"},"sameAs":["https:\/\/www.facebook.com\/press07\/"]},{"@type":"Person","@id":"https:\/\/permbledhja.com\/#\/schema\/person\/0d064377258d3221e50693947b9eb4fe","name":"P\u00ebrmbledhja","image":{"@type":"ImageObject","inLanguage":"sq","@id":"https:\/\/permbledhja.com\/#\/schema\/person\/image\/","url":"https:\/\/permbledhja.com\/wp-content\/uploads\/2026\/01\/452004717_1040944174702970_8932037511805513407_n-96x96.jpg","contentUrl":"https:\/\/permbledhja.com\/wp-content\/uploads\/2026\/01\/452004717_1040944174702970_8932037511805513407_n-96x96.jpg","caption":"P\u00ebrmbledhja"},"sameAs":["https:\/\/www.facebook.com\/kafexhiu.muharrem\/","https:\/\/www.instagram.com\/muharrem_kafexhiu\/"],"url":"https:\/\/permbledhja.com\/sq\/author\/admin\/"}]}},"_links":{"self":[{"href":"https:\/\/permbledhja.com\/sq\/wp-json\/wp\/v2\/posts\/70221"}],"collection":[{"href":"https:\/\/permbledhja.com\/sq\/wp-json\/wp\/v2\/posts"}],"about":[{"href":"https:\/\/permbledhja.com\/sq\/wp-json\/wp\/v2\/types\/post"}],"author":[{"embeddable":true,"href":"https:\/\/permbledhja.com\/sq\/wp-json\/wp\/v2\/users\/1"}],"replies":[{"embeddable":true,"href":"https:\/\/permbledhja.com\/sq\/wp-json\/wp\/v2\/comments?post=70221"}],"version-history":[{"count":1,"href":"https:\/\/permbledhja.com\/sq\/wp-json\/wp\/v2\/posts\/70221\/revisions"}],"predecessor-version":[{"id":70223,"href":"https:\/\/permbledhja.com\/sq\/wp-json\/wp\/v2\/posts\/70221\/revisions\/70223"}],"wp:featuredmedia":[{"embeddable":true,"href":"https:\/\/permbledhja.com\/sq\/wp-json\/wp\/v2\/media\/70222"}],"wp:attachment":[{"href":"https:\/\/permbledhja.com\/sq\/wp-json\/wp\/v2\/media?parent=70221"}],"wp:term":[{"taxonomy":"category","embeddable":true,"href":"https:\/\/permbledhja.com\/sq\/wp-json\/wp\/v2\/categories?post=70221"},{"taxonomy":"post_tag","embeddable":true,"href":"https:\/\/permbledhja.com\/sq\/wp-json\/wp\/v2\/tags?post=70221"}],"curies":[{"name":"wp","href":"https:\/\/api.w.org\/{rel}","templated":true}]}}