{"id":70218,"date":"2024-11-11T15:36:23","date_gmt":"2024-11-11T15:36:23","guid":{"rendered":"https:\/\/permbledhja.com\/?p=70218"},"modified":"2024-11-11T15:36:23","modified_gmt":"2024-11-11T15:36:23","slug":"varroset-liman-musliu-zyrtari-i-fsk-se-qe-vdiq-te-shtunen-teksa-po-punonte-ne-ndertimtari","status":"publish","type":"post","link":"https:\/\/permbledhja.com\/sq\/varroset-liman-musliu-zyrtari-i-fsk-se-qe-vdiq-te-shtunen-teksa-po-punonte-ne-ndertimtari\/","title":{"rendered":"Varroset Liman Musliu, zyrtari i FSK-s\u00eb q\u00eb vdiq t\u00eb shtun\u00ebn teksa po punonte n\u00eb nd\u00ebrtimtari"},"content":{"rendered":"<p><strong>Pak m\u00eb par\u00eb \u00ebsht\u00eb varrosur zyrtari i FSK\u2019s\u00eb, Liman Musliu, q\u00eb vdiq t\u00eb shtun\u00ebn derisa po punonte n\u00eb nd\u00ebrtimtari.<\/strong><\/p>\n<p>Gazetarja e T7, Arianit\u00eb Zhegrova, e ka p\u00ebrcjell\u00eb k\u00ebt\u00eb ngjarje dhe ka d\u00ebrguar pamje prej atje.<\/p>\n<p>Ajo raporton se n\u00eb ceremonin\u00eb e varrimit ka marr\u00eb pjes\u00eb nj\u00eb p\u00ebrfaq\u00ebsues i Presidenc\u00ebs.<\/p>\n<p>Musliu \u00ebsht\u00eb varrosur n\u00eb fshatin Likoc, af\u00ebr Shtabit t\u00eb U\u00c7K-s\u00eb.<\/p>\n<div style=\"position: relative; padding-bottom: 56.25%; height: 0; overflow: hidden;\"><iframe style=\"width: 100%; height: 100%; position: absolute; left: 0px; top: 0px; overflow: hidden; border: none;\" title=\"Dailymotion Video Player\" src=\"https:\/\/geo.dailymotion.com\/player.html?video=x98z1ac\" allowfullscreen=\"allowfullscreen\"><br \/>\n<\/iframe><\/div>\n","protected":false},"excerpt":{"rendered":"<p>Pak m\u00eb par\u00eb \u00ebsht\u00eb varrosur zyrtari i FSK\u2019s\u00eb, Liman Musliu, q\u00eb vdiq t\u00eb shtun\u00ebn derisa po punonte n\u00eb nd\u00ebrtimtari. Gazetarja e T7, Arianit\u00eb Zhegrova, e ka p\u00ebrcjell\u00eb k\u00ebt\u00eb ngjarje dhe ka d\u00ebrguar pamje prej atje. Ajo raporton se n\u00eb ceremonin\u00eb e varrimit ka marr\u00eb pjes\u00eb nj\u00eb p\u00ebrfaq\u00ebsues i Presidenc\u00ebs. Musliu \u00ebsht\u00eb varrosur n\u00eb fshatin Likoc, [&hellip;]<\/p>\n","protected":false},"author":1,"featured_media":70219,"comment_status":"closed","ping_status":"closed","sticky":false,"template":"","format":"standard","meta":{"_monsterinsights_skip_tracking":false,"_monsterinsights_sitenote_active":false,"_monsterinsights_sitenote_note":"","_monsterinsights_sitenote_category":0,"_uf_show_specific_survey":0,"_uf_disable_surveys":false,"footnotes":""},"categories":[3324],"tags":[3421],"yoast_head":"<!-- This site is optimized with the Yoast SEO plugin v21.5 - https:\/\/yoast.com\/wordpress\/plugins\/seo\/ -->\n<title>Varroset Liman Musliu, zyrtari i FSK-s\u00eb q\u00eb vdiq t\u00eb shtun\u00ebn teksa po punonte n\u00eb nd\u00ebrtimtari<\/title>\n<meta name=\"robots\" content=\"index, follow, max-snippet:-1, max-image-preview:large, max-video-preview:-1\" \/>\n<link rel=\"canonical\" href=\"https:\/\/permbledhja.com\/sq\/varroset-liman-musliu-zyrtari-i-fsk-se-qe-vdiq-te-shtunen-teksa-po-punonte-ne-ndertimtari\/\" \/>\n<meta property=\"og:locale\" content=\"sq_AL\" \/>\n<meta property=\"og:type\" content=\"article\" \/>\n<meta property=\"og:title\" content=\"Varroset Liman Musliu, zyrtari i FSK-s\u00eb q\u00eb vdiq t\u00eb shtun\u00ebn teksa po punonte n\u00eb nd\u00ebrtimtari\" \/>\n<meta property=\"og:description\" content=\"Pak m\u00eb par\u00eb \u00ebsht\u00eb varrosur zyrtari i FSK\u2019s\u00eb, Liman Musliu, q\u00eb vdiq t\u00eb shtun\u00ebn derisa po punonte n\u00eb nd\u00ebrtimtari. Gazetarja e T7, Arianit\u00eb Zhegrova, e ka p\u00ebrcjell\u00eb k\u00ebt\u00eb ngjarje dhe ka d\u00ebrguar pamje prej atje. Ajo raporton se n\u00eb ceremonin\u00eb e varrimit ka marr\u00eb pjes\u00eb nj\u00eb p\u00ebrfaq\u00ebsues i Presidenc\u00ebs. Musliu \u00ebsht\u00eb varrosur n\u00eb fshatin Likoc, [&hellip;]\" \/>\n<meta property=\"og:url\" content=\"https:\/\/permbledhja.com\/sq\/varroset-liman-musliu-zyrtari-i-fsk-se-qe-vdiq-te-shtunen-teksa-po-punonte-ne-ndertimtari\/\" \/>\n<meta property=\"og:site_name\" content=\"Ve\u00e7 artikuj p\u00ebrmbledh\u00ebs\" \/>\n<meta property=\"article:publisher\" content=\"https:\/\/www.facebook.com\/press07\/\" \/>\n<meta property=\"article:author\" content=\"https:\/\/www.facebook.com\/kafexhiu.muharrem\/\" \/>\n<meta property=\"article:published_time\" content=\"2024-11-11T15:36:23+00:00\" \/>\n<meta property=\"og:image\" content=\"https:\/\/permbledhja.com\/wp-content\/uploads\/2024\/11\/462551353_2071113363308330_4127899983953894032_n-1-600x360-1.jpg\" \/>\n\t<meta property=\"og:image:width\" content=\"600\" \/>\n\t<meta property=\"og:image:height\" content=\"360\" \/>\n\t<meta property=\"og:image:type\" content=\"image\/jpeg\" \/>\n<meta name=\"author\" content=\"P\u00ebrmbledhja\" \/>\n<meta name=\"twitter:card\" content=\"summary_large_image\" \/>\n<meta name=\"twitter:label1\" content=\"Written by\" \/>\n\t<meta name=\"twitter:data1\" content=\"P\u00ebrmbledhja\" \/>\n\t<meta name=\"twitter:label2\" content=\"Est. reading time\" \/>\n\t<meta name=\"twitter:data2\" content=\"1 minut\u00eb\" \/>\n<script type=\"application\/ld+json\" class=\"yoast-schema-graph\">{\"@context\":\"https:\/\/schema.org\",\"@graph\":[{\"@type\":\"Article\",\"@id\":\"https:\/\/permbledhja.com\/varroset-liman-musliu-zyrtari-i-fsk-se-qe-vdiq-te-shtunen-teksa-po-punonte-ne-ndertimtari\/#article\",\"isPartOf\":{\"@id\":\"https:\/\/permbledhja.com\/varroset-liman-musliu-zyrtari-i-fsk-se-qe-vdiq-te-shtunen-teksa-po-punonte-ne-ndertimtari\/\"},\"author\":{\"name\":\"P\u00ebrmbledhja\",\"@id\":\"https:\/\/permbledhja.com\/#\/schema\/person\/0d064377258d3221e50693947b9eb4fe\"},\"headline\":\"Varroset Liman Musliu, zyrtari i FSK-s\u00eb q\u00eb vdiq t\u00eb shtun\u00ebn teksa po punonte n\u00eb nd\u00ebrtimtari\",\"datePublished\":\"2024-11-11T15:36:23+00:00\",\"dateModified\":\"2024-11-11T15:36:23+00:00\",\"mainEntityOfPage\":{\"@id\":\"https:\/\/permbledhja.com\/varroset-liman-musliu-zyrtari-i-fsk-se-qe-vdiq-te-shtunen-teksa-po-punonte-ne-ndertimtari\/\"},\"wordCount\":87,\"publisher\":{\"@id\":\"https:\/\/permbledhja.com\/#organization\"},\"keywords\":[\"Liman Musliu\"],\"articleSection\":[\"Dyt\u00ebsore\"],\"inLanguage\":\"sq\"},{\"@type\":\"WebPage\",\"@id\":\"https:\/\/permbledhja.com\/varroset-liman-musliu-zyrtari-i-fsk-se-qe-vdiq-te-shtunen-teksa-po-punonte-ne-ndertimtari\/\",\"url\":\"https:\/\/permbledhja.com\/varroset-liman-musliu-zyrtari-i-fsk-se-qe-vdiq-te-shtunen-teksa-po-punonte-ne-ndertimtari\/\",\"name\":\"Varroset Liman Musliu, zyrtari i FSK-s\u00eb q\u00eb vdiq t\u00eb shtun\u00ebn teksa po punonte n\u00eb nd\u00ebrtimtari\",\"isPartOf\":{\"@id\":\"https:\/\/permbledhja.com\/#website\"},\"datePublished\":\"2024-11-11T15:36:23+00:00\",\"dateModified\":\"2024-11-11T15:36:23+00:00\",\"breadcrumb\":{\"@id\":\"https:\/\/permbledhja.com\/varroset-liman-musliu-zyrtari-i-fsk-se-qe-vdiq-te-shtunen-teksa-po-punonte-ne-ndertimtari\/#breadcrumb\"},\"inLanguage\":\"sq\",\"potentialAction\":[{\"@type\":\"ReadAction\",\"target\":[\"https:\/\/permbledhja.com\/varroset-liman-musliu-zyrtari-i-fsk-se-qe-vdiq-te-shtunen-teksa-po-punonte-ne-ndertimtari\/\"]}]},{\"@type\":\"BreadcrumbList\",\"@id\":\"https:\/\/permbledhja.com\/varroset-liman-musliu-zyrtari-i-fsk-se-qe-vdiq-te-shtunen-teksa-po-punonte-ne-ndertimtari\/#breadcrumb\",\"itemListElement\":[{\"@type\":\"ListItem\",\"position\":1,\"name\":\"Ballina\",\"item\":\"https:\/\/permbledhja.com\/sq\/\"},{\"@type\":\"ListItem\",\"position\":2,\"name\":\"Varroset Liman Musliu, zyrtari i FSK-s\u00eb q\u00eb vdiq t\u00eb shtun\u00ebn teksa po punonte n\u00eb nd\u00ebrtimtari\"}]},{\"@type\":\"WebSite\",\"@id\":\"https:\/\/permbledhja.com\/#website\",\"url\":\"https:\/\/permbledhja.com\/\",\"name\":\"Ve\u00e7 artikuj p\u00ebrmbledh\u00ebs\",\"description\":\"\",\"publisher\":{\"@id\":\"https:\/\/permbledhja.com\/#organization\"},\"potentialAction\":[{\"@type\":\"SearchAction\",\"target\":{\"@type\":\"EntryPoint\",\"urlTemplate\":\"https:\/\/permbledhja.com\/?s={search_term_string}\"},\"query-input\":\"required name=search_term_string\"}],\"inLanguage\":\"sq\"},{\"@type\":\"Organization\",\"@id\":\"https:\/\/permbledhja.com\/#organization\",\"name\":\"MK Media & Pr\",\"url\":\"https:\/\/permbledhja.com\/\",\"logo\":{\"@type\":\"ImageObject\",\"inLanguage\":\"sq\",\"@id\":\"https:\/\/permbledhja.com\/#\/schema\/logo\/image\/\",\"url\":\"https:\/\/permbledhja.com\/wp-content\/uploads\/2021\/12\/07-Press-Logo.jpg\",\"contentUrl\":\"https:\/\/permbledhja.com\/wp-content\/uploads\/2021\/12\/07-Press-Logo.jpg\",\"width\":512,\"height\":512,\"caption\":\"MK Media & Pr\"},\"image\":{\"@id\":\"https:\/\/permbledhja.com\/#\/schema\/logo\/image\/\"},\"sameAs\":[\"https:\/\/www.facebook.com\/press07\/\"]},{\"@type\":\"Person\",\"@id\":\"https:\/\/permbledhja.com\/#\/schema\/person\/0d064377258d3221e50693947b9eb4fe\",\"name\":\"P\u00ebrmbledhja\",\"image\":{\"@type\":\"ImageObject\",\"inLanguage\":\"sq\",\"@id\":\"https:\/\/permbledhja.com\/#\/schema\/person\/image\/\",\"url\":\"https:\/\/permbledhja.com\/wp-content\/uploads\/2026\/01\/452004717_1040944174702970_8932037511805513407_n-96x96.jpg\",\"contentUrl\":\"https:\/\/permbledhja.com\/wp-content\/uploads\/2026\/01\/452004717_1040944174702970_8932037511805513407_n-96x96.jpg\",\"caption\":\"P\u00ebrmbledhja\"},\"sameAs\":[\"https:\/\/www.facebook.com\/kafexhiu.muharrem\/\",\"https:\/\/www.instagram.com\/muharrem_kafexhiu\/\"],\"url\":\"https:\/\/permbledhja.com\/sq\/author\/admin\/\"}]}<\/script>\n<!-- \/ Yoast SEO plugin. -->","yoast_head_json":{"title":"Varroset Liman Musliu, zyrtari i FSK-s\u00eb q\u00eb vdiq t\u00eb shtun\u00ebn teksa po punonte n\u00eb nd\u00ebrtimtari","robots":{"index":"index","follow":"follow","max-snippet":"max-snippet:-1","max-image-preview":"max-image-preview:large","max-video-preview":"max-video-preview:-1"},"canonical":"https:\/\/permbledhja.com\/sq\/varroset-liman-musliu-zyrtari-i-fsk-se-qe-vdiq-te-shtunen-teksa-po-punonte-ne-ndertimtari\/","og_locale":"sq_AL","og_type":"article","og_title":"Varroset Liman Musliu, zyrtari i FSK-s\u00eb q\u00eb vdiq t\u00eb shtun\u00ebn teksa po punonte n\u00eb nd\u00ebrtimtari","og_description":"Pak m\u00eb par\u00eb \u00ebsht\u00eb varrosur zyrtari i FSK\u2019s\u00eb, Liman Musliu, q\u00eb vdiq t\u00eb shtun\u00ebn derisa po punonte n\u00eb nd\u00ebrtimtari. Gazetarja e T7, Arianit\u00eb Zhegrova, e ka p\u00ebrcjell\u00eb k\u00ebt\u00eb ngjarje dhe ka d\u00ebrguar pamje prej atje. Ajo raporton se n\u00eb ceremonin\u00eb e varrimit ka marr\u00eb pjes\u00eb nj\u00eb p\u00ebrfaq\u00ebsues i Presidenc\u00ebs. Musliu \u00ebsht\u00eb varrosur n\u00eb fshatin Likoc, [&hellip;]","og_url":"https:\/\/permbledhja.com\/sq\/varroset-liman-musliu-zyrtari-i-fsk-se-qe-vdiq-te-shtunen-teksa-po-punonte-ne-ndertimtari\/","og_site_name":"Ve\u00e7 artikuj p\u00ebrmbledh\u00ebs","article_publisher":"https:\/\/www.facebook.com\/press07\/","article_author":"https:\/\/www.facebook.com\/kafexhiu.muharrem\/","article_published_time":"2024-11-11T15:36:23+00:00","og_image":[{"width":600,"height":360,"url":"https:\/\/permbledhja.com\/wp-content\/uploads\/2024\/11\/462551353_2071113363308330_4127899983953894032_n-1-600x360-1.jpg","type":"image\/jpeg"}],"author":"P\u00ebrmbledhja","twitter_card":"summary_large_image","twitter_misc":{"Written by":"P\u00ebrmbledhja","Est. reading time":"1 minut\u00eb"},"schema":{"@context":"https:\/\/schema.org","@graph":[{"@type":"Article","@id":"https:\/\/permbledhja.com\/varroset-liman-musliu-zyrtari-i-fsk-se-qe-vdiq-te-shtunen-teksa-po-punonte-ne-ndertimtari\/#article","isPartOf":{"@id":"https:\/\/permbledhja.com\/varroset-liman-musliu-zyrtari-i-fsk-se-qe-vdiq-te-shtunen-teksa-po-punonte-ne-ndertimtari\/"},"author":{"name":"P\u00ebrmbledhja","@id":"https:\/\/permbledhja.com\/#\/schema\/person\/0d064377258d3221e50693947b9eb4fe"},"headline":"Varroset Liman Musliu, zyrtari i FSK-s\u00eb q\u00eb vdiq t\u00eb shtun\u00ebn teksa po punonte n\u00eb nd\u00ebrtimtari","datePublished":"2024-11-11T15:36:23+00:00","dateModified":"2024-11-11T15:36:23+00:00","mainEntityOfPage":{"@id":"https:\/\/permbledhja.com\/varroset-liman-musliu-zyrtari-i-fsk-se-qe-vdiq-te-shtunen-teksa-po-punonte-ne-ndertimtari\/"},"wordCount":87,"publisher":{"@id":"https:\/\/permbledhja.com\/#organization"},"keywords":["Liman Musliu"],"articleSection":["Dyt\u00ebsore"],"inLanguage":"sq"},{"@type":"WebPage","@id":"https:\/\/permbledhja.com\/varroset-liman-musliu-zyrtari-i-fsk-se-qe-vdiq-te-shtunen-teksa-po-punonte-ne-ndertimtari\/","url":"https:\/\/permbledhja.com\/varroset-liman-musliu-zyrtari-i-fsk-se-qe-vdiq-te-shtunen-teksa-po-punonte-ne-ndertimtari\/","name":"Varroset Liman Musliu, zyrtari i FSK-s\u00eb q\u00eb vdiq t\u00eb shtun\u00ebn teksa po punonte n\u00eb nd\u00ebrtimtari","isPartOf":{"@id":"https:\/\/permbledhja.com\/#website"},"datePublished":"2024-11-11T15:36:23+00:00","dateModified":"2024-11-11T15:36:23+00:00","breadcrumb":{"@id":"https:\/\/permbledhja.com\/varroset-liman-musliu-zyrtari-i-fsk-se-qe-vdiq-te-shtunen-teksa-po-punonte-ne-ndertimtari\/#breadcrumb"},"inLanguage":"sq","potentialAction":[{"@type":"ReadAction","target":["https:\/\/permbledhja.com\/varroset-liman-musliu-zyrtari-i-fsk-se-qe-vdiq-te-shtunen-teksa-po-punonte-ne-ndertimtari\/"]}]},{"@type":"BreadcrumbList","@id":"https:\/\/permbledhja.com\/varroset-liman-musliu-zyrtari-i-fsk-se-qe-vdiq-te-shtunen-teksa-po-punonte-ne-ndertimtari\/#breadcrumb","itemListElement":[{"@type":"ListItem","position":1,"name":"Ballina","item":"https:\/\/permbledhja.com\/sq\/"},{"@type":"ListItem","position":2,"name":"Varroset Liman Musliu, zyrtari i FSK-s\u00eb q\u00eb vdiq t\u00eb shtun\u00ebn teksa po punonte n\u00eb nd\u00ebrtimtari"}]},{"@type":"WebSite","@id":"https:\/\/permbledhja.com\/#website","url":"https:\/\/permbledhja.com\/","name":"Ve\u00e7 artikuj p\u00ebrmbledh\u00ebs","description":"","publisher":{"@id":"https:\/\/permbledhja.com\/#organization"},"potentialAction":[{"@type":"SearchAction","target":{"@type":"EntryPoint","urlTemplate":"https:\/\/permbledhja.com\/?s={search_term_string}"},"query-input":"required name=search_term_string"}],"inLanguage":"sq"},{"@type":"Organization","@id":"https:\/\/permbledhja.com\/#organization","name":"MK Media & Pr","url":"https:\/\/permbledhja.com\/","logo":{"@type":"ImageObject","inLanguage":"sq","@id":"https:\/\/permbledhja.com\/#\/schema\/logo\/image\/","url":"https:\/\/permbledhja.com\/wp-content\/uploads\/2021\/12\/07-Press-Logo.jpg","contentUrl":"https:\/\/permbledhja.com\/wp-content\/uploads\/2021\/12\/07-Press-Logo.jpg","width":512,"height":512,"caption":"MK Media & Pr"},"image":{"@id":"https:\/\/permbledhja.com\/#\/schema\/logo\/image\/"},"sameAs":["https:\/\/www.facebook.com\/press07\/"]},{"@type":"Person","@id":"https:\/\/permbledhja.com\/#\/schema\/person\/0d064377258d3221e50693947b9eb4fe","name":"P\u00ebrmbledhja","image":{"@type":"ImageObject","inLanguage":"sq","@id":"https:\/\/permbledhja.com\/#\/schema\/person\/image\/","url":"https:\/\/permbledhja.com\/wp-content\/uploads\/2026\/01\/452004717_1040944174702970_8932037511805513407_n-96x96.jpg","contentUrl":"https:\/\/permbledhja.com\/wp-content\/uploads\/2026\/01\/452004717_1040944174702970_8932037511805513407_n-96x96.jpg","caption":"P\u00ebrmbledhja"},"sameAs":["https:\/\/www.facebook.com\/kafexhiu.muharrem\/","https:\/\/www.instagram.com\/muharrem_kafexhiu\/"],"url":"https:\/\/permbledhja.com\/sq\/author\/admin\/"}]}},"_links":{"self":[{"href":"https:\/\/permbledhja.com\/sq\/wp-json\/wp\/v2\/posts\/70218"}],"collection":[{"href":"https:\/\/permbledhja.com\/sq\/wp-json\/wp\/v2\/posts"}],"about":[{"href":"https:\/\/permbledhja.com\/sq\/wp-json\/wp\/v2\/types\/post"}],"author":[{"embeddable":true,"href":"https:\/\/permbledhja.com\/sq\/wp-json\/wp\/v2\/users\/1"}],"replies":[{"embeddable":true,"href":"https:\/\/permbledhja.com\/sq\/wp-json\/wp\/v2\/comments?post=70218"}],"version-history":[{"count":1,"href":"https:\/\/permbledhja.com\/sq\/wp-json\/wp\/v2\/posts\/70218\/revisions"}],"predecessor-version":[{"id":70220,"href":"https:\/\/permbledhja.com\/sq\/wp-json\/wp\/v2\/posts\/70218\/revisions\/70220"}],"wp:featuredmedia":[{"embeddable":true,"href":"https:\/\/permbledhja.com\/sq\/wp-json\/wp\/v2\/media\/70219"}],"wp:attachment":[{"href":"https:\/\/permbledhja.com\/sq\/wp-json\/wp\/v2\/media?parent=70218"}],"wp:term":[{"taxonomy":"category","embeddable":true,"href":"https:\/\/permbledhja.com\/sq\/wp-json\/wp\/v2\/categories?post=70218"},{"taxonomy":"post_tag","embeddable":true,"href":"https:\/\/permbledhja.com\/sq\/wp-json\/wp\/v2\/tags?post=70218"}],"curies":[{"name":"wp","href":"https:\/\/api.w.org\/{rel}","templated":true}]}}