{"id":70192,"date":"2024-11-04T17:42:13","date_gmt":"2024-11-04T17:42:13","guid":{"rendered":"https:\/\/permbledhja.com\/?p=70192"},"modified":"2024-11-04T17:42:13","modified_gmt":"2024-11-04T17:42:13","slug":"beteja-ligjore-e-kater-motrave-per-trashegimi-padisin-vellezerit-qe-shiten-pronen-e-perbashket-njera-kercenohet-rasti-po-u-zvarritet","status":"publish","type":"post","link":"https:\/\/permbledhja.com\/sq\/beteja-ligjore-e-kater-motrave-per-trashegimi-padisin-vellezerit-qe-shiten-pronen-e-perbashket-njera-kercenohet-rasti-po-u-zvarritet\/","title":{"rendered":"Beteja ligjore e kat\u00ebr motrave p\u00ebr trash\u00ebgimi, padisin v\u00ebllez\u00ebrit q\u00eb shit\u00ebn pron\u00ebn e p\u00ebrbashk\u00ebt, nj\u00ebra k\u00ebrc\u00ebnohet \u2013 rasti po u zvarritet"},"content":{"rendered":"<p><strong>Kat\u00ebr motra t\u00eb lidhura ngusht\u00eb me kujtimet e f\u00ebmij\u00ebris\u00eb dhe dashuris\u00eb q\u00eb pat\u00ebn p\u00ebr sht\u00ebpin\u00eb e prind\u00ebrve t\u00eb tyre n\u00eb Shtime, u shokuan kur kuptuan se vendi ku u lind\u00ebn dhe u rrit\u00ebn ishte shitur. <\/strong><\/p>\n<p>Streha q\u00eb i bashkonte motrat p\u00ebr t\u00eb kaluar koh\u00eb s\u00eb bashku \u2013 sht\u00ebpia e pasur me momente t\u00eb lumtura p\u00ebr to, pas vdekjes s\u00eb n\u00ebn\u00ebs u b\u00eb e nj\u00eb pronari tjet\u00ebr, pa dijenin\u00eb e tyre. Pasi u p\u00ebrball\u00ebn me realitetin e dhimbsh\u00ebm\u00a0\u2013 shitjen e sht\u00ebpis\u00eb, i padit\u00ebn dy v\u00ebllez\u00ebrit. Ky artikull p\u00ebrmes rr\u00ebfimit t\u00eb nj\u00ebr\u00ebs nga motrat, D.M., hedh\u00eb drit\u00eb n\u00eb rrug\u00ebtimin e v\u00ebshtir\u00eb q\u00eb marrin grat\u00eb mbi supe kur familja i p\u00ebrjashton nga trash\u00ebgimia. Zvarritja e l\u00ebnd\u00ebve me vite t\u00eb t\u00ebra n\u00eb gjykata, p\u00ebrplasjet q\u00eb krijohen brenda familjes, pasojat emocionale etj, jan\u00eb disa nga problemet q\u00eb po i p\u00ebrballojn\u00eb edhe k\u00ebto motra. P\u00ebr m\u00eb tep\u00ebr, D.M., edhe u kanos nga v\u00ebllai i saj pse ajo me motrat nis\u00ebn procedurat p\u00ebr \u201ct\u00eb marr\u00eb hisen\u201d.<\/p>\n<p>N\u00eb Kosov\u00eb grat\u00eb vazhdojn\u00eb t\u00eb p\u00ebrballen me sfida t\u00eb m\u00ebdha n\u00eb lidhje me trash\u00ebgimin\u00eb sepse \u201ctraditat dhe mentaliteti\u201d favorizojn\u00eb burrat n\u00eb k\u00ebt\u00eb proces. Gruaja, D.M., bashk\u00eb me motrat e saj p\u00ebrmes ligjit po luftojn\u00eb p\u00ebr ta kthyer sht\u00ebpin\u00eb e prind\u00ebrve, e cila me vendim t\u00eb gjykat\u00ebs ndodhet n\u00ebn mas\u00ebn e siguris\u00eb duke ia ndaluar pronarit t\u00eb ri shfryt\u00ebzimin dhe tjet\u00ebrsimin e sht\u00ebpis\u00eb me oborr. Ky i fundit pas blerjes s\u00eb sht\u00ebpis\u00eb, ve\u00e7se kishte nisur t\u00eb b\u00ebnte ndryshime n\u00eb oborr.<\/p>\n<p><strong>Historia e shitjes s\u00eb sht\u00ebpis\u00eb nj\u00eb vit pasi motrave iu vdiq n\u00ebna, D.M., rr\u00ebfeu ngjarjen mes lot\u00ebsh<\/strong><\/p>\n<p>\u201cT\u00eb dy v\u00ebllez\u00ebrit i kam padit\u00eb, na dojna me pas hisen edhe te sht\u00ebpia edhe te tokat. Ne kemi mbet\u00eb kerkund\u2026\u201d, jan\u00eb fjal\u00ebt e gruas q\u00eb ndodhet n\u00eb betej\u00eb gjyq\u00ebsore me v\u00ebllez\u00ebrit e saj.<\/p>\n<p>D.M., thot\u00eb se shitja e sht\u00ebpis\u00eb s\u00eb prind\u00ebrve t\u00eb saj ndodhi nj\u00eb vit pasi iu vdiq n\u00ebna. K\u00ebt\u00eb lajm ia kumtoi nj\u00eb familjare m\u00eb e larg\u00ebt, q\u00eb n\u00eb fillim asaj iu duk e pabesueshme kur i tha se v\u00ebllai ua ka shitur sht\u00ebpin\u00eb. Kjo sepse, v\u00ebllai ishte zotuar se sht\u00ebpin\u00eb nuk do ta shiste dhe motrat do ta mbanin nj\u00eb \u00e7el\u00ebs t\u00eb saj p\u00ebrgjithmon\u00eb. Ashtu ishin marr\u00eb vesh q\u00eb \u201chisen me l\u00ebn\u00eb te v\u00ebllez\u00ebrit, por kur t\u00eb shkojn\u00eb me pas der\u00ebn \u00e7el\u00eb\u201d.<\/p>\n<p>\u201cNe jemi pes\u00eb motra dhe dy v\u00ebllez\u00ebr, na ka vdek\u00eb babai q\u00eb 37 vite, na ka rrit\u00eb n\u00ebna me skamje. Para pes\u00eb vitesh na ka vdek\u00eb edhe n\u00ebna. Nan\u00ebn e kemi k\u00ebqyr\u00eb bijat, v\u00ebllai i vog\u00ebl e merrke n\u00ebn\u00ebn jasht\u00eb (shtetin ku jetonte). Kur vike n\u00ebna ne bijat jemi kujdes p\u00ebr t\u00eb, e k\u00ebqyrshim. U martu motra e vog\u00ebl, e merrja un\u00eb n\u00ebn\u00ebn n\u00eb sht\u00ebpin\u00eb time q\u00ebndrojke k\u00ebtu n\u00ebna ka tre muaj. Vishin motrat nga jasht\u00eb e k\u00ebqyrshim\u2026M\u00eb pas vdiq n\u00ebna, e kemi varros\u00eb e ja kemi kry t\u00eb pam\u00ebn\u2026.\u201d, rr\u00ebfen D.M., p\u00ebr Gazet\u00ebn Express.<\/p>\n<p>\u201cPasi u kry e pamja e n\u00ebn\u00ebs, i tha v\u00ebllai i vog\u00ebl t\u00eb madhit; o v\u00eblla ne k\u00ebshtu nuk mbledhemi m\u00eb kurr\u00eb se nuk i kemi pushimet e nj\u00ebjta, po tha masi jan\u00eb motrat k\u00ebtu, ndash t\u00eb lypin hise k\u00ebtu jan\u00eb krejt. Ja nis\u00ebm tu e nda (pasurin\u00eb)\u2026.\u201d<\/p>\n<div id=\"adxp_third_article\"><\/div>\n<p>V\u00ebllez\u00ebrit nis\u00ebn me ndarjen e pasuris\u00eb, nj\u00ebri mori sht\u00ebpin\u00eb e tjetri dy toka, deklaron D.M.<\/p>\n<p>\u201cNe motrat tham hisen kemi me lan\u00eb te dy v\u00ebll\u00ebz\u00ebrit, kur t\u00eb vina me pas der\u00ebn \u00e7el\u00eb\u2026\u201d.<\/p>\n<p>D.M., pohon se v\u00ebll\u00ebz\u00ebrit u zotuan se motrat kan\u00eb \u201chise n\u00eb sht\u00ebpi dhe n\u00eb toka\u201d.<\/p>\n<p>N\u00eb at\u00eb situat\u00eb, D.M., kishte marr\u00eb \u00e7el\u00ebsat e sht\u00ebpis\u00eb dhe sikur kishte parashikuar shitjen e saj.<\/p>\n<p><strong>\u201c<\/strong>I thash v\u00ebllait, po gabon po ta shesin djemt\u00eb sht\u00ebpin\u00eb, m\u00eb hini vesi vet\u00eb, m\u00eb tha: jo sa t\u00eb jam un\u00eb gjall\u00eb nuk guxon me shit\u00eb sht\u00ebpin\u00eb kurrkush\u2026\u201d, ishte ky premtimi q\u00eb v\u00ebllai i saj e theu nj\u00eb vit m\u00eb von\u00eb.<\/p>\n<p>Pasi v\u00ebllez\u00ebrit ndan\u00eb pasurin\u00eb, ata vazhduan jet\u00ebn n\u00eb m\u00ebrgim.<\/p>\n<div id=\"adxp_fourth_article\"><\/div>\n<p>N\u00eb nj\u00ebvjetorin e vdekjes s\u00eb n\u00ebn\u00ebs, D.M., kuptoi se sht\u00ebpia ishte shitur pa dijenin\u00eb e motrave, sipas saj n\u00ebn \u00e7mim. Realiteti i dhimbsh\u00ebm u kthye n\u00eb forc\u00eb q\u00eb ajo s\u00eb bashku me motrat t\u00eb nisin procedurat ligjore p\u00ebr zgjidhjen e k\u00ebsaj \u00e7\u00ebshtje.<\/p>\n<p>\u201c\u2026Thash motra qysh po ja bajm\u00eb k\u00ebsaj pune, ato m\u00eb than\u00eb merre nj\u00eb avokat dhe hina n\u00eb gjyq. Kemi shku te avokati Gazmend Rexhepi, i thash v\u00ebllai na ka shit\u00eb sht\u00ebpin\u00eb, as nuk na ka vet\u00eb. Kemi shku n\u00eb sht\u00ebpi t\u00eb n\u00ebn\u00ebs (kemi ndejt\u00eb), jemi rrit\u00eb, e jemi martu\u2026.\u201d, deklaron D.M., p\u00ebr bised\u00ebn q\u00eb pati me avokatin.<\/p>\n<p>D.M., p\u00ebrmes procedurave ligjore arriti t\u00eb parandaloj\u00eb q\u00eb sht\u00ebpia t\u00eb shfryt\u00ebzohej nga bler\u00ebsi i ri.<\/p>\n<p><strong>\u201c<\/strong>Pas 10 dit\u00ebsh m\u00eb ka thirr\u00eb avokati, tha sht\u00ebpia u blloku nga gjyqi, rri pa ves se sht\u00ebpin\u00eb e ka blloku gjykata\u2026.\u201d.<\/p>\n<p><strong>Dyshohet se v\u00ebllai vodhi gj\u00ebsende nga sht\u00ebpia, motra e denoncoi n\u00eb polici<\/strong><\/p>\n<p>Nd\u00ebrkoh\u00eb, asaj i erdhi nj\u00eb lajm q\u00eb v\u00ebllai kishte hyr\u00eb n\u00eb sht\u00ebpi dhe kishte marr\u00eb gj\u00ebsende nga aty.<\/p>\n<p>\u201cShkuam me motr\u00ebn n\u00eb Shtime, kur kemi shku, ai kish vjedh\u00eb\u2026 E kemi denoncu, ka vjedh\u00eb qebet, gj\u00ebra t\u00eb kuzhin\u00ebs \u00e7ka kemi ble gota p\u00ebr n\u00ebn\u00ebn, gjygymat e \u00e7ajit. Lyp\u00ebm gjygymat, nuk ishin\u2026\u201d.<\/p>\n<p><strong>V\u00ebllai kanos motr\u00ebn pse ajo k\u00ebrkoi t\u00eb drejt\u00ebn e saj p\u00ebr trash\u00ebgimi<\/strong><\/p>\n<p>\u201cKur ka ni q\u00eb kom hi me gjyq, m\u00eb ka shkru mesazhe v\u00ebllai i madh, m\u00eb ka k\u00ebrc\u00ebnu n\u00eb telefon m\u00eb ka than\u00eb ve\u00e7 nj\u00eb let\u00ebr m\u00eb vjen prej gjykat\u00ebs mos thuni s\u2019e dita. Nuk e kom shit\u00eb sht\u00ebpin\u00eb me u pasuru, por e kam shit\u00eb sht\u00ebpin\u00eb me jua mbush barkun barut\u201d, tha D.M., se u kanos nga v\u00ebllai, deklarat\u00eb e cila e b\u00ebri t\u00eb qaj\u00eb.<\/p>\n<p>K\u00ebto mesazhe ajo tha se i ka d\u00ebrguar n\u00eb polici, p\u00ebrmbajtja e t\u00eb cilave tregon se i ka shkaktuar frik\u00eb.<\/p>\n<p>\u201c..kisha frik\u00eb\u2026\u201d, vazhdon rr\u00ebfimin.<\/p>\n<p><strong>Bler\u00ebsi nisi t\u00eb b\u00ebnte ndryshime n\u00eb sht\u00ebpi, anipse objekti ndodhej n\u00ebn mas\u00ebn e siguris\u00eb<\/strong><\/p>\n<p>\u201cS\u2019ka vonu, vjesht\u00eb ka qen\u00eb, m\u00eb erdh nj\u00eb sms i bler\u00ebsit dhe m\u00eb tha hajdeni largoni teshat nga sht\u00ebpia se sht\u00ebpia po na vyn\u00eb, un\u00eb nuk ja kom kthy mesazhin hic\u2026. pas nj\u00eb jave ma ka \u00e7u mesazhin prap, m\u00eb ka than\u00eb nj\u00eb jav\u00eb keni afat, q\u00eb nuk vini me i hjek teshat un\u00eb kam me jau qit\u00eb n\u00eb oborr dhe ka me jua kall\u00eb, avokati m\u00eb tha me i than\u00eb \u201cshihemi n\u00eb gjykat\u00eb\u201d, ashtu ia kam shkru dhe m\u00eb shum\u00eb se kam zgjat\u00eb.<\/p>\n<p>Sht\u00ebpia m\u00eb p\u00ebrpara ka pas teneqe, na i kan\u00eb hjek teneqet, na kan\u00eb pre do pem\u00eb, do tr\u00ebndafila q\u00eb i ka mbjell\u00eb n\u00ebna, kan\u00eb bo ndryshime n\u00eb oborr. Un\u00eb kam shkru prap n\u00eb polici e kam lajm\u00ebru rastin\u2026<\/p>\n<p>Thash qysh \u00ebsht\u00eb e mundshme, sht\u00ebpia e bllokume me gjykat\u00eb, na ka hjek\u00eb pem\u00ebt q\u00eb i kemi pas t\u00eb n\u00ebn\u00ebs, kan\u00eb shku e kan\u00eb marr\u00eb n\u00eb pyetje policia, ai ka than\u00eb nuk e kam dit\u00eb q\u00eb \u00ebsht\u00eb sht\u00ebpia m\u00eb gjyq se nuk e kisha prek\u00eb\u201d, rr\u00ebfen D.M., p\u00ebr Gazet\u00ebn Express.<\/p>\n<p><strong>D.M.,: E duam hisen q\u00eb na takon neve si bija, l\u00ebnda i ka mbush\u00eb kat\u00ebr vite<\/strong><\/p>\n<p>\u201cUn\u00eb pasurin\u00eb e bab\u00ebs me sy mbyll\u00eb e di, un\u00eb jam qajo q\u00eb kam shku me bab\u00ebn me magar kemi bajt\u00eb dru\u2026e un\u00eb at\u00eb tok\u00eb e di p\u00ebrmend\u00ebsh..\u201d, jan\u00eb fjal\u00ebt e gruas q\u00eb k\u00ebrkon rikthimin e sht\u00ebpis\u00eb s\u00eb prind\u00ebrve.<\/p>\n<p>Ajo tregon se l\u00ebnda i ka mbush\u00eb kat\u00ebr vite dhe nd\u00ebrkoh\u00eb ka marr\u00eb vesh se bler\u00ebsi e ka vendos\u00eb sht\u00ebpin\u00eb n\u00eb em\u00ebr t\u00eb tij.<\/p>\n<p><strong>\u201c<\/strong>Hala nuk kemi arrit\u00eb n\u00eb procedura t\u00eb sht\u00ebpis\u00eb. M\u00eb than\u00eb e kan\u00eb qit\u00eb sht\u00ebpin\u00eb p\u00ebrmi veti. I thash sht\u00ebpia \u00ebsht\u00eb e bllokume me dokumente prej gjyqit. Shkova te avokati, pyeta n\u00eb komun\u00eb\u2026Sht\u00ebpin\u00eb e kan\u00eb qit\u00eb n\u00eb em\u00ebr t\u00eb tyre\u201d, pohon gruaja.<\/p>\n<p>\u201cK\u00ebtu ka pas falsifikime n\u00eb letra, n\u00eb dokumente, sht\u00ebpia u blloku menj\u00ebher\u00eb, tani n\u00eb dhjetor\u00a0 \u2013 n\u00eb janar doli sht\u00ebpia mbi em\u00ebr t\u00eb bler\u00ebsit, kush i ka bo k\u00ebto dokumente? K\u00ebt\u00eb po du me dit\u00eb? Motrat as n\u00eb Kosov\u00eb s\u2019po kan\u00eb ku me nejt, histori e gjat\u00eb q\u00eb kat\u00ebr vjet\u201d, shprehet ajo.<\/p>\n<p>P\u00ebr shkak t\u00eb k\u00ebtij rasti, ajo nuk kontakton m\u00eb me v\u00ebllez\u00ebrit e saj.<\/p>\n<p><strong>Mesazhi i fuqish\u00ebm i saj: Sot p\u00ebr sot duhet me ja dhan\u00eb trash\u00ebgimin\u00eb si vajz\u00ebs si djalit<\/strong><\/p>\n<p><strong>Avokati Gazmend Rexhepi dha detaje lidhur me rastin,\u00a0<\/strong>\u201cDy v\u00ebllez\u00ebrit e paditur jetojn\u00eb jasht\u00eb Kosov\u00ebs dhe menj\u00ebher\u00eb pas vdekjes s\u00eb n\u00ebn\u00ebs s\u00eb tyre k\u00ebt\u00eb sht\u00ebpi e kan\u00eb shitur edhe pse kujdesin edhe p\u00ebr n\u00ebn\u00ebn edhe p\u00ebr sht\u00ebpin\u00eb e kan\u00eb b\u00ebr\u00eb motrat\u201d.<\/p>\n<p><strong>\u00c7far\u00eb hapash jan\u00eb nd\u00ebrmarr\u00eb deri tani, flet avokati Gazmend Rexhepi<\/strong><\/p>\n<p>\u201cDy v\u00ebll\u00ebzerit e motrave n\u00eb fjal\u00eb kan\u00eb zgjidhur \u00e7\u00ebshtjen e trash\u00ebgimis\u00eb dhe n\u00eb Aktvdekjen (dokument q\u00eb e l\u00ebshon Zyra e Ofiqaris\u00eb n\u00eb Shtime) nuk kan\u00eb prezentuar edhe kat\u00ebr motrat si trash\u00ebgimtare. M\u00eb pastaj jan\u00eb shpallur trash\u00ebgimtar\u00eb vet\u00ebm dy v\u00ebllez\u00ebrit e tyre, nd\u00ebrsa motrat t\u00eb cilat tashm\u00eb jan\u00eb padit\u00ebse nuk figurojn\u00eb si trash\u00ebgimtare dhe nuk kan\u00eb dh\u00ebn\u00eb asnj\u00eb lloj p\u00eblqimi noterial si\u00e7 e k\u00ebrkon Ligji se heqin dor\u00eb nga pasuria. N\u00eb k\u00ebt\u00eb rast kemi parashtruar padi P\u00ebr V\u00ebrtetimin e s\u00eb Drejt\u00ebs s\u00eb Bashk\u00ebpron\u00ebsis\u00eb sipas LT (Ligjit p\u00ebr Trash\u00ebgimi) Si dhe PROPOZIM ME URGJENC\u00cb p\u00ebr Caktimin e Mas\u00ebs s\u00eb P\u00ebrkohshme t\u00eb Siguris\u00eb ku kemi k\u00ebrkuar ndalimin e Tjet\u00ebrsimit, ngarkimit apo edhe shfryt\u00ebzimit t\u00eb parcelave ku gjendet sht\u00ebpia me oborr. N\u00eb k\u00ebt\u00eb rast \u00ebsht\u00eb dashur t\u00eb b\u00ebhet zgjerimi i padis\u00eb edhe kundrejt djalit t\u00eb v\u00ebllait tjet\u00ebr, sepse tashm\u00eb ky person na paraqitet si pronar sipas nj\u00eb Kontrate qe e ka b\u00ebr\u00eb me v\u00ebllain e motrave\u201d, tha avokati Rexhepi p\u00ebr Gazet\u00ebn Express.<\/p>\n<p><strong>Motrat fituan \u201cbetej\u00ebn e par\u00eb\u201d<\/strong><\/p>\n<p>\u201cGjykata n\u00eb k\u00ebt\u00eb rast ka marr\u00eb vendim dhe ka aprovuar k\u00ebrkes\u00ebn e motrave ku ka caktuar mas\u00ebn e siguris\u00eb n\u00eb dy parcela ku gjendet edhe sht\u00ebpia ku tashm\u00eb ja ka ndaluar edhe pronarit t\u00eb ri shfryt\u00ebzimin dhe tjet\u00ebrsimin e sht\u00ebpis\u00eb me oborr\u201d, tha avokati Rexhepi.<\/p>\n<p><strong>Edhe nj\u00eb rast i fituar<\/strong><\/p>\n<p>Sa i p\u00ebrket kanosjes q\u00eb ia ka b\u00ebr\u00eb v\u00ebllai motr\u00ebs s\u00eb tij, avokati Rexhepi tha se ai \u00ebsht\u00eb d\u00ebnuar nga Gjykata.<\/p>\n<p>\u201cV\u00ebllai nj\u00ebr\u00ebn nga motrat e ka k\u00ebrc\u00ebnuar me SMS-sa,\u00a0 mesazhe me p\u00ebrmbajtje se pse e kan\u00eb d\u00ebrguar l\u00ebnd\u00ebn n\u00eb Gjykat\u00eb, ku p\u00ebr k\u00ebt\u00eb rast ka pasur Aktakuz\u00eb dhe \u00ebsht\u00eb d\u00ebnuar nga Gjykata Themelore\u201d, tha avokati Rexhepi.<\/p>\n<p>Nd\u00ebrsa, i pyetur p\u00ebr zvarritjen e k\u00ebsaj l\u00ebnde, avokati listoi disa arsye.<\/p>\n<p>\u201cZvarritja ka ndodhur sepse n\u00eb k\u00ebt\u00eb rast jan\u00eb nd\u00ebrruar tre gjyqtar\u00eb. Fillimisht nj\u00eb gjyqtar e ka pasur rastin p\u00ebr mas\u00eb t\u00eb siguris\u00eb\/bllokimin e parcelave ku gjendet edhe sht\u00ebpia, \u00e7\u00ebshtjen kryesore nj\u00eb tjet\u00ebr gjyqtar i cili ka dalur n\u00eb pension. Kurse tashm\u00eb l\u00ebnda \u00ebsht\u00eb tek nj\u00eb gjyqtar tjet\u00ebr\u201d, u shpreh ai.<\/p>\n<p><strong>Drejt\u00ebsi e ngadalshme, qytetar\u00ebt presin me vite zgjidhjen e l\u00ebnd\u00ebve<\/strong><\/p>\n<p>Institucioni i Avokatit t\u00eb Popullit konfirmon p\u00ebr Gazet\u00ebn Express se \u201cp\u00ebr \u00e7do vit pranon nj\u00eb num\u00ebr t\u00eb madh t\u00eb ankesave t\u00eb qytetar\u00ebve q\u00eb kan\u00eb t\u00eb b\u00ebjn\u00eb me zvarritjet e procedurave gjyq\u00ebsore\u201d.<\/p>\n<p><strong>IAP konfirmon se 56<\/strong><strong>\u00a0ankesa parashtruan grat\u00eb sivjet p\u00ebr zvarritjen e procedurave gjyq\u00ebsore.<\/strong><\/p>\n<p>\u201cQ\u00eb nga fillimi i k\u00ebtij viti e deri m\u00eb 29 tetor 2024, IAP ka pranuar 216 ankesa q\u00eb kan\u00eb t\u00eb b\u00ebjn\u00eb me zvarritje t\u00eb procedurave gjyq\u00ebsore, nd\u00ebrsa nga ky num\u00ebr jan\u00eb 56 ankesa q\u00eb jan\u00eb t\u00eb parashtruara nga grat\u00eb. Nga 216 ankesa, 14 ankesa kan\u00eb t\u00eb b\u00ebjn\u00eb me mbrojtjen e pron\u00ebs, nd\u00ebrsa nga ky num\u00ebr jan\u00eb dy ankesa q\u00eb jan\u00eb parashtruar nga grat\u00eb\u201d, thuhet n\u00eb statistikat e IAP-s\u00eb d\u00ebrguar Express\u2019it.<\/p>\n<p><strong>Cila \u00ebsht\u00eb ndihma e Avokatit t\u00eb Popullit n\u00eb k\u00ebto raste?<\/strong><\/p>\n<p>\u201cE drejta p\u00ebr gjykim t\u00eb drejt\u00eb dhe t\u00eb paansh\u00ebm \u00ebsht\u00eb garantuar me Kushtetut\u00eb, neni 31 [E Drejta p\u00ebr Gjykim t\u00eb Drejt\u00eb dhe t\u00eb Paansh\u00ebm]. Kjo e drejt\u00eb garantohet edhe me nenin 6 t\u00eb KEDNj [E drejta p\u00ebr nj\u00eb proces t\u00eb rregullt]. Avokati i Popullit do t\u00eb analizoj\u00eb rastin, dhe n\u00eb p\u00ebrgjith\u00ebsi nxjerr raport me rekomandim p\u00ebr Gjykatat duke rekomanduar q\u00eb t\u00eb nd\u00ebrmarrin t\u00eb gjitha veprimet p\u00ebrkat\u00ebse p\u00ebr t\u00eb shqyrtuar dhe p\u00ebr t\u00eb vendosur p\u00ebr rastin, konkretisht ankes\u00ebn e pal\u00ebs\u201d, thuhet n\u00eb p\u00ebrgjigjen e IAP.<\/p>\n<p><strong>IAP k\u00ebrkon masa urgjente p\u00ebr rritjen e efikasitetit t\u00eb gjyq\u00ebsorit<\/strong><\/p>\n<p>\u201cK\u00ebshilli Gjyq\u00ebsor i Kosov\u00ebs duhet t\u00eb merr masa urgjente sepse \u00ebsht\u00eb m\u00eb se evidente nevoja p\u00ebr rritjen e\u00a0 efikasitetit t\u00eb gjyq\u00ebsorit. T\u00eb p\u00ebrshpejtohet dhe t\u00eb merren hapa konkrete n\u00eb reform\u00ebn n\u00eb drejt\u00ebsi. T\u00eb gjitha autoritetet publike t\u00eb vendosin standard n\u00eb respektimin e ligjit, sepse p\u00ebr shkak t\u00eb l\u00ebshimeve ne zbatim t\u00eb ligjit po krijohet num\u00ebr i madh i rasteve gjyq\u00ebsore, si p\u00ebr shembull, \u00ebsht\u00eb \u00e7\u00ebshtja e kontrat\u00ebs kolektive, paga e 13-t\u00eb p\u00ebr policin\u00eb, shujtat n\u00eb sektorin publik, procedura jo t\u00eb rregullta t\u00eb shpron\u00ebsimit, e t\u00eb tjera, shkaktojn\u00eb nj\u00eb keqadministrimin nga autoritetet kompetente, dhe k\u00ebsisoj qytetar\u00ebt k\u00ebrkojn\u00eb mbrojtje gjyq\u00ebsore, dhe rrjedhimisht kjo krijon mbingarkes\u00eb t\u00eb l\u00ebnd\u00ebve n\u00ebp\u00ebr gjykata.\u00a0 Edhe p\u00ebrkund\u00ebr faktit se zvarritjet e procedurave gjyq\u00ebsore paraqesin nj\u00eb prej shqet\u00ebsimeve q\u00eb Avokati i Popullit ka ngritur vazhdimisht dhe i ka rekomanduar Qeveris\u00eb dhe Kuvendit t\u00eb Republik\u00ebs s\u00eb Kosov\u00ebs krijimin e nj\u00eb mekanizmi ligjor p\u00ebr kompensimin e shkeljeve t\u00eb k\u00ebsaj natyre, ende nuk \u00ebsht\u00eb finalizuar ky mekaniz\u00ebm. Qytetar\u00ebt e vendit, pavar\u00ebsisht faktit se u cenohet kjo e drejt\u00eb, ende mbesin pa mbrojtje ligjore n\u00eb drejtim t\u00eb kompensimit t\u00eb shkeljes s\u00eb t\u00eb drejt\u00ebs p\u00ebr gjykim t\u00eb drejt\u00eb dhe t\u00eb paansh\u00ebm\u201d, deklaron IAP.<\/p>\n<p><strong>Num\u00ebr i ul\u00ebt i grave q\u00eb zot\u00ebrojn\u00eb prona<\/strong><\/p>\n<p>Sipas t\u00eb dh\u00ebnave q\u00eb Agjencia Kadastrale e Kosov\u00ebs ia ka dh\u00ebn\u00eb Gazet\u00ebs Express, jan\u00eb 1,927,732 prona t\u00eb regjistruara n\u00eb em\u00ebr t\u00eb burrave dhe 410,927 prona t\u00eb regjistruara n\u00eb em\u00ebr t\u00eb grave.<\/p>\n<p><img loading=\"lazy\" decoding=\"async\" class=\"alignnone wp-image-70194 size-full\" src=\"https:\/\/permbledhja.com\/wp-content\/uploads\/2024\/11\/foto-1-768x114-1.png\" alt=\"\" width=\"768\" height=\"114\" srcset=\"https:\/\/permbledhja.com\/wp-content\/uploads\/2024\/11\/foto-1-768x114-1.png 768w, https:\/\/permbledhja.com\/wp-content\/uploads\/2024\/11\/foto-1-768x114-1-300x45.png 300w, https:\/\/permbledhja.com\/wp-content\/uploads\/2024\/11\/foto-1-768x114-1-18x3.png 18w\" sizes=\"(max-width: 768px) 100vw, 768px\" \/><\/p>\n<p>Statistikat m\u00eb posht\u00eb tregojn\u00eb numrin pronave n\u00eb bashk\u00ebposedim, bashk\u00ebpron\u00ebsi, pron\u00ebsi e p\u00ebrbashk\u00ebt. Edhe k\u00ebtu, prijn\u00eb duksh\u00ebm burrat.<\/p>\n<p><img loading=\"lazy\" decoding=\"async\" class=\"alignnone wp-image-70195 size-full\" src=\"https:\/\/permbledhja.com\/wp-content\/uploads\/2024\/11\/foto2-600x130-1.png\" alt=\"\" width=\"600\" height=\"130\" srcset=\"https:\/\/permbledhja.com\/wp-content\/uploads\/2024\/11\/foto2-600x130-1.png 600w, https:\/\/permbledhja.com\/wp-content\/uploads\/2024\/11\/foto2-600x130-1-300x65.png 300w, https:\/\/permbledhja.com\/wp-content\/uploads\/2024\/11\/foto2-600x130-1-18x4.png 18w\" sizes=\"(max-width: 600px) 100vw, 600px\" \/><\/p>\n<p><strong>Si pasoj\u00eb, q\u00eb grat\u00eb nuk kan\u00eb prona t\u00eb regjistruara n\u00eb em\u00ebr t\u00eb tyre u kufizohet edhe e drejta p\u00ebr t\u00eb marr\u00eb kredi bankare p\u00ebr q\u00ebllime t\u00eb ndryshme, qoft\u00eb biznesore.<\/strong><\/p>\n<p>Si rrjedhoj\u00eb, bazuar n\u00eb statistikat e<strong>\u00a0<\/strong>Bank\u00ebs Qendrore t\u00eb Republik\u00ebs s\u00eb Kosov\u00ebs, grat\u00eb marrin shum\u00eb m\u00eb pak kredi sesa burrat.<\/p>\n<p>N\u00eb n\u00ebnt\u00ebmujorin e par\u00eb t\u00eb k\u00ebtij viti, grat\u00eb mor\u00ebn mbi 328 milion\u00eb euro kredi, teksa burrat kap\u00ebn shifr\u00ebn e mbi 833 milion\u00eb euro.<\/p>\n<p>Nd\u00ebrsa n\u00eb pes\u00eb vitet e fundit kredia q\u00eb iu aprovua grave n\u00eb bankat e Kosov\u00ebs kap shum\u00ebn e mbi 1 miliard\u00eb euro, teksa burrat mor\u00ebn mbi 4 miliard\u00eb euro kredi, thuhet n\u00eb t\u00eb dh\u00ebnat e BQK-s\u00eb d\u00ebrguar Gazet\u00ebs Express.<\/p>\n<p><img loading=\"lazy\" decoding=\"async\" class=\"alignnone wp-image-70196 size-full\" src=\"https:\/\/permbledhja.com\/wp-content\/uploads\/2024\/11\/foto-3.png\" alt=\"\" width=\"977\" height=\"321\" srcset=\"https:\/\/permbledhja.com\/wp-content\/uploads\/2024\/11\/foto-3.png 977w, https:\/\/permbledhja.com\/wp-content\/uploads\/2024\/11\/foto-3-300x99.png 300w, https:\/\/permbledhja.com\/wp-content\/uploads\/2024\/11\/foto-3-768x252.png 768w, https:\/\/permbledhja.com\/wp-content\/uploads\/2024\/11\/foto-3-18x6.png 18w\" sizes=\"(max-width: 977px) 100vw, 977px\" \/><\/p>\n<p><strong>Grat\u00eb t\u00eb cilat nuk mund ta p\u00ebrballojn\u00eb koston p\u00ebr t\u00eb k\u00ebrkuar t\u00eb drejt\u00ebn e tyre p\u00ebr pron\u00eb, n\u00eb nj\u00eb nga dyert q\u00eb mund t\u00eb drejtohen \u00ebsht\u00eb Agjencia p\u00ebr Ndihm\u00eb Juridike Falas, e cila \u00ebsht\u00eb n\u00eb kuad\u00ebr t\u00eb Ministris\u00eb s\u00eb Drejt\u00ebsis\u00eb.<\/strong><\/p>\n<p>\u201cAgjencia p\u00ebr Ndihm\u00eb Juridike Falas \u00ebsht\u00eb e p\u00ebrkushtuar n\u00eb ofrimin e sh\u00ebrbimeve t\u00eb ndihm\u00ebs juridike falas t\u00eb gjith\u00eb qytetareve t\u00eb cil\u00ebt p\u00ebr shkak t\u00eb munges\u00ebs s\u00eb mjeteve financiare nuk kan\u00eb pasur mund\u00ebsi t\u2019i realizojn\u00eb t\u00eb drejtat e tyre apo n\u00ebse b\u00ebjn\u00eb pjes\u00eb n\u00eb kategorit\u00eb e ve\u00e7anta t\u00eb p\u00ebrfituesve t\u00eb ndihm\u00ebs juridike falas\u201d, i tha Gazet\u00ebs Express, Q\u00ebndrim Gashi U.D Udh\u00ebheq\u00ebs i Divizionit p\u00ebr Ofrimin e Ndihm\u00ebs Juridike Falas.<\/p>\n<p>N\u00eb statistikat q\u00eb ka k\u00ebrkuar Gazeta Express, ANJF, shpalos se n\u00eb tri vitet e fundit numri i qytetar\u00ebve q\u00eb k\u00ebrkuan ndihm\u00eb juridike \u00ebsht\u00eb rritur, \u201cn\u00eb vitin 2021 ndihma juridike falas \u00ebsht\u00eb ofruar p\u00ebr 4599 (kat\u00ebrmij\u00eb e pes\u00ebqind e n\u00ebnt\u00ebdhjet\u00eb e n\u00ebnt\u00eb) qytetar\u00eb, n\u00eb vitin 2022 ndihm\u00eb juridike falas kan\u00eb p\u00ebrfituar 5861 (pes\u00ebmij\u00eb e tet\u00ebqind e gjasht\u00ebdhjet\u00eb e nj\u00eb) qytetar\u00eb, nd\u00ebrsa n\u00eb vitin 2023 ndihma juridike falas \u00ebsht\u00eb ofruar p\u00ebr 6081 (gjasht\u00ebmij\u00eb e tet\u00ebdhjet\u00eb e nj\u00eb) qytetar\u00eb\u201d.<\/p>\n<p>Nd\u00ebrsa vet\u00ebm n\u00eb 10 muajt e par\u00eb t\u00eb viti q\u00eb jemi (2024), t\u00eb gjitha zyret e ANJF-s\u00eb i kan\u00eb ofruar ndihm\u00eb juridike falas 6160 (gjasht\u00ebmij\u00eb e nj\u00ebqind e gjasht\u00ebdhjet\u00eb) qytetar\u00ebve.<\/p>\n<p>E rastet e trajtuara n\u00eb \u00e7\u00ebshtjet pron\u00ebsore p\u00ebr grat\u00eb dhe vajzat jan\u00eb si n\u00eb vijim:<\/p>\n<p><img loading=\"lazy\" decoding=\"async\" class=\"alignnone wp-image-70197 size-full\" src=\"https:\/\/permbledhja.com\/wp-content\/uploads\/2024\/11\/foto-4.png\" alt=\"\" width=\"725\" height=\"211\" srcset=\"https:\/\/permbledhja.com\/wp-content\/uploads\/2024\/11\/foto-4.png 725w, https:\/\/permbledhja.com\/wp-content\/uploads\/2024\/11\/foto-4-300x87.png 300w, https:\/\/permbledhja.com\/wp-content\/uploads\/2024\/11\/foto-4-18x5.png 18w\" sizes=\"(max-width: 725px) 100vw, 725px\" \/><\/p>\n<p>N\u00eb tabel\u00ebn m\u00eb lart\u00eb u pa q\u00eb sivjet 60 vajza dhe gra k\u00ebrkuan n\u00eb ANJF ndihm\u00eb p\u00ebr \u00e7\u00ebshtjet pron\u00ebsore.<\/p>\n<p>Sipas vler\u00ebsimeve t\u00eb organizatave t\u00eb ndryshme n\u00eb Kosov\u00eb, sa i p\u00ebrket \u00e7\u00ebshtjeve pron\u00ebsore, ligjet jan\u00eb t\u00eb mira por mbetet sfid\u00eb implementimi i tyre.<\/p>\n<p>Sipas\u00a0Ligjit\u00a0p\u00ebr Trash\u00ebgimin\u00eb, ndarja e pasuris\u00eb b\u00ebhet n\u00eb m\u00ebnyr\u00eb t\u00eb barabart\u00eb, pa p\u00ebrjashtuar njer\u00ebzit n\u00eb baza gjinore. Parashihet edhe opsioni p\u00ebr largimin n\u00eb m\u00ebnyr\u00eb t\u00eb vullnetshme nga trash\u00ebgimia.<\/p>\n<p>P\u00ebr shkak se nuk jan\u00eb t\u00eb pavarura financiarisht, shum\u00eb gra detyrohen t\u00eb kthehen tek dhunuesit dhe, n\u00eb disa raste, kan\u00eb p\u00ebrfunduar t\u00eb vrara.<\/p>\n<p>Fotoja e artikullit \u00ebsht\u00eb nga protesta e grave n\u00eb Prishtin\u00eb n\u00eb Dit\u00ebn Nd\u00ebrkomb\u00ebtare t\u00eb Gruas.<\/p>\n","protected":false},"excerpt":{"rendered":"<p>Kat\u00ebr motra t\u00eb lidhura ngusht\u00eb me kujtimet e f\u00ebmij\u00ebris\u00eb dhe dashuris\u00eb q\u00eb pat\u00ebn p\u00ebr sht\u00ebpin\u00eb e prind\u00ebrve t\u00eb tyre n\u00eb Shtime, u shokuan kur kuptuan se vendi ku u lind\u00ebn dhe u rrit\u00ebn ishte shitur. Streha q\u00eb i bashkonte motrat p\u00ebr t\u00eb kaluar koh\u00eb s\u00eb bashku \u2013 sht\u00ebpia e pasur me momente t\u00eb lumtura p\u00ebr [&hellip;]<\/p>\n","protected":false},"author":1,"featured_media":70193,"comment_status":"closed","ping_status":"closed","sticky":false,"template":"","format":"standard","meta":{"_monsterinsights_skip_tracking":false,"_monsterinsights_sitenote_active":false,"_monsterinsights_sitenote_note":"","_monsterinsights_sitenote_category":0,"_uf_show_specific_survey":0,"_uf_disable_surveys":false,"footnotes":""},"categories":[3324],"tags":[3420],"yoast_head":"<!-- This site is optimized with the Yoast SEO plugin v21.5 - https:\/\/yoast.com\/wordpress\/plugins\/seo\/ -->\n<title>Beteja ligjore e kat\u00ebr motrave p\u00ebr trash\u00ebgimi, padisin v\u00ebllez\u00ebrit q\u00eb shit\u00ebn pron\u00ebn e p\u00ebrbashk\u00ebt, nj\u00ebra k\u00ebrc\u00ebnohet \u2013 rasti po u zvarritet<\/title>\n<meta name=\"robots\" content=\"index, follow, max-snippet:-1, max-image-preview:large, max-video-preview:-1\" \/>\n<link rel=\"canonical\" href=\"https:\/\/permbledhja.com\/sq\/beteja-ligjore-e-kater-motrave-per-trashegimi-padisin-vellezerit-qe-shiten-pronen-e-perbashket-njera-kercenohet-rasti-po-u-zvarritet\/\" \/>\n<meta property=\"og:locale\" content=\"sq_AL\" \/>\n<meta property=\"og:type\" content=\"article\" \/>\n<meta property=\"og:title\" content=\"Beteja ligjore e kat\u00ebr motrave p\u00ebr trash\u00ebgimi, padisin v\u00ebllez\u00ebrit q\u00eb shit\u00ebn pron\u00ebn e p\u00ebrbashk\u00ebt, nj\u00ebra k\u00ebrc\u00ebnohet \u2013 rasti po u zvarritet\" \/>\n<meta property=\"og:description\" content=\"Kat\u00ebr motra t\u00eb lidhura ngusht\u00eb me kujtimet e f\u00ebmij\u00ebris\u00eb dhe dashuris\u00eb q\u00eb pat\u00ebn p\u00ebr sht\u00ebpin\u00eb e prind\u00ebrve t\u00eb tyre n\u00eb Shtime, u shokuan kur kuptuan se vendi ku u lind\u00ebn dhe u rrit\u00ebn ishte shitur. Streha q\u00eb i bashkonte motrat p\u00ebr t\u00eb kaluar koh\u00eb s\u00eb bashku \u2013 sht\u00ebpia e pasur me momente t\u00eb lumtura p\u00ebr [&hellip;]\" \/>\n<meta property=\"og:url\" content=\"https:\/\/permbledhja.com\/sq\/beteja-ligjore-e-kater-motrave-per-trashegimi-padisin-vellezerit-qe-shiten-pronen-e-perbashket-njera-kercenohet-rasti-po-u-zvarritet\/\" \/>\n<meta property=\"og:site_name\" content=\"Ve\u00e7 artikuj p\u00ebrmbledh\u00ebs\" \/>\n<meta property=\"article:publisher\" content=\"https:\/\/www.facebook.com\/press07\/\" \/>\n<meta property=\"article:author\" content=\"https:\/\/www.facebook.com\/kafexhiu.muharrem\/\" \/>\n<meta property=\"article:published_time\" content=\"2024-11-04T17:42:13+00:00\" \/>\n<meta property=\"og:image\" content=\"https:\/\/permbledhja.com\/wp-content\/uploads\/2024\/11\/protesta-600x360-1.png\" \/>\n\t<meta property=\"og:image:width\" content=\"600\" \/>\n\t<meta property=\"og:image:height\" content=\"360\" \/>\n\t<meta property=\"og:image:type\" content=\"image\/png\" \/>\n<meta name=\"author\" content=\"P\u00ebrmbledhja\" \/>\n<meta name=\"twitter:card\" content=\"summary_large_image\" \/>\n<meta name=\"twitter:label1\" content=\"Written by\" \/>\n\t<meta name=\"twitter:data1\" content=\"P\u00ebrmbledhja\" \/>\n\t<meta name=\"twitter:label2\" content=\"Est. reading time\" \/>\n\t<meta name=\"twitter:data2\" content=\"16 minuta\" \/>\n<script type=\"application\/ld+json\" class=\"yoast-schema-graph\">{\"@context\":\"https:\/\/schema.org\",\"@graph\":[{\"@type\":\"Article\",\"@id\":\"https:\/\/permbledhja.com\/beteja-ligjore-e-kater-motrave-per-trashegimi-padisin-vellezerit-qe-shiten-pronen-e-perbashket-njera-kercenohet-rasti-po-u-zvarritet\/#article\",\"isPartOf\":{\"@id\":\"https:\/\/permbledhja.com\/beteja-ligjore-e-kater-motrave-per-trashegimi-padisin-vellezerit-qe-shiten-pronen-e-perbashket-njera-kercenohet-rasti-po-u-zvarritet\/\"},\"author\":{\"name\":\"P\u00ebrmbledhja\",\"@id\":\"https:\/\/permbledhja.com\/#\/schema\/person\/0d064377258d3221e50693947b9eb4fe\"},\"headline\":\"Beteja ligjore e kat\u00ebr motrave p\u00ebr trash\u00ebgimi, padisin v\u00ebllez\u00ebrit q\u00eb shit\u00ebn pron\u00ebn e p\u00ebrbashk\u00ebt, nj\u00ebra k\u00ebrc\u00ebnohet \u2013 rasti po u zvarritet\",\"datePublished\":\"2024-11-04T17:42:13+00:00\",\"dateModified\":\"2024-11-04T17:42:13+00:00\",\"mainEntityOfPage\":{\"@id\":\"https:\/\/permbledhja.com\/beteja-ligjore-e-kater-motrave-per-trashegimi-padisin-vellezerit-qe-shiten-pronen-e-perbashket-njera-kercenohet-rasti-po-u-zvarritet\/\"},\"wordCount\":3191,\"publisher\":{\"@id\":\"https:\/\/permbledhja.com\/#organization\"},\"keywords\":[\"Trash\u00ebgimia\"],\"articleSection\":[\"Dyt\u00ebsore\"],\"inLanguage\":\"sq\"},{\"@type\":\"WebPage\",\"@id\":\"https:\/\/permbledhja.com\/beteja-ligjore-e-kater-motrave-per-trashegimi-padisin-vellezerit-qe-shiten-pronen-e-perbashket-njera-kercenohet-rasti-po-u-zvarritet\/\",\"url\":\"https:\/\/permbledhja.com\/beteja-ligjore-e-kater-motrave-per-trashegimi-padisin-vellezerit-qe-shiten-pronen-e-perbashket-njera-kercenohet-rasti-po-u-zvarritet\/\",\"name\":\"Beteja ligjore e kat\u00ebr motrave p\u00ebr trash\u00ebgimi, padisin v\u00ebllez\u00ebrit q\u00eb shit\u00ebn pron\u00ebn e p\u00ebrbashk\u00ebt, nj\u00ebra k\u00ebrc\u00ebnohet \u2013 rasti po u zvarritet\",\"isPartOf\":{\"@id\":\"https:\/\/permbledhja.com\/#website\"},\"datePublished\":\"2024-11-04T17:42:13+00:00\",\"dateModified\":\"2024-11-04T17:42:13+00:00\",\"breadcrumb\":{\"@id\":\"https:\/\/permbledhja.com\/beteja-ligjore-e-kater-motrave-per-trashegimi-padisin-vellezerit-qe-shiten-pronen-e-perbashket-njera-kercenohet-rasti-po-u-zvarritet\/#breadcrumb\"},\"inLanguage\":\"sq\",\"potentialAction\":[{\"@type\":\"ReadAction\",\"target\":[\"https:\/\/permbledhja.com\/beteja-ligjore-e-kater-motrave-per-trashegimi-padisin-vellezerit-qe-shiten-pronen-e-perbashket-njera-kercenohet-rasti-po-u-zvarritet\/\"]}]},{\"@type\":\"BreadcrumbList\",\"@id\":\"https:\/\/permbledhja.com\/beteja-ligjore-e-kater-motrave-per-trashegimi-padisin-vellezerit-qe-shiten-pronen-e-perbashket-njera-kercenohet-rasti-po-u-zvarritet\/#breadcrumb\",\"itemListElement\":[{\"@type\":\"ListItem\",\"position\":1,\"name\":\"Ballina\",\"item\":\"https:\/\/permbledhja.com\/sq\/\"},{\"@type\":\"ListItem\",\"position\":2,\"name\":\"Beteja ligjore e kat\u00ebr motrave p\u00ebr trash\u00ebgimi, padisin v\u00ebllez\u00ebrit q\u00eb shit\u00ebn pron\u00ebn e p\u00ebrbashk\u00ebt, nj\u00ebra k\u00ebrc\u00ebnohet \u2013 rasti po u zvarritet\"}]},{\"@type\":\"WebSite\",\"@id\":\"https:\/\/permbledhja.com\/#website\",\"url\":\"https:\/\/permbledhja.com\/\",\"name\":\"Ve\u00e7 artikuj p\u00ebrmbledh\u00ebs\",\"description\":\"\",\"publisher\":{\"@id\":\"https:\/\/permbledhja.com\/#organization\"},\"potentialAction\":[{\"@type\":\"SearchAction\",\"target\":{\"@type\":\"EntryPoint\",\"urlTemplate\":\"https:\/\/permbledhja.com\/?s={search_term_string}\"},\"query-input\":\"required name=search_term_string\"}],\"inLanguage\":\"sq\"},{\"@type\":\"Organization\",\"@id\":\"https:\/\/permbledhja.com\/#organization\",\"name\":\"MK Media & Pr\",\"url\":\"https:\/\/permbledhja.com\/\",\"logo\":{\"@type\":\"ImageObject\",\"inLanguage\":\"sq\",\"@id\":\"https:\/\/permbledhja.com\/#\/schema\/logo\/image\/\",\"url\":\"https:\/\/permbledhja.com\/wp-content\/uploads\/2021\/12\/07-Press-Logo.jpg\",\"contentUrl\":\"https:\/\/permbledhja.com\/wp-content\/uploads\/2021\/12\/07-Press-Logo.jpg\",\"width\":512,\"height\":512,\"caption\":\"MK Media & Pr\"},\"image\":{\"@id\":\"https:\/\/permbledhja.com\/#\/schema\/logo\/image\/\"},\"sameAs\":[\"https:\/\/www.facebook.com\/press07\/\"]},{\"@type\":\"Person\",\"@id\":\"https:\/\/permbledhja.com\/#\/schema\/person\/0d064377258d3221e50693947b9eb4fe\",\"name\":\"P\u00ebrmbledhja\",\"image\":{\"@type\":\"ImageObject\",\"inLanguage\":\"sq\",\"@id\":\"https:\/\/permbledhja.com\/#\/schema\/person\/image\/\",\"url\":\"https:\/\/permbledhja.com\/wp-content\/uploads\/2026\/01\/452004717_1040944174702970_8932037511805513407_n-96x96.jpg\",\"contentUrl\":\"https:\/\/permbledhja.com\/wp-content\/uploads\/2026\/01\/452004717_1040944174702970_8932037511805513407_n-96x96.jpg\",\"caption\":\"P\u00ebrmbledhja\"},\"sameAs\":[\"https:\/\/www.facebook.com\/kafexhiu.muharrem\/\",\"https:\/\/www.instagram.com\/muharrem_kafexhiu\/\"],\"url\":\"https:\/\/permbledhja.com\/sq\/author\/admin\/\"}]}<\/script>\n<!-- \/ Yoast SEO plugin. -->","yoast_head_json":{"title":"Beteja ligjore e kat\u00ebr motrave p\u00ebr trash\u00ebgimi, padisin v\u00ebllez\u00ebrit q\u00eb shit\u00ebn pron\u00ebn e p\u00ebrbashk\u00ebt, nj\u00ebra k\u00ebrc\u00ebnohet \u2013 rasti po u zvarritet","robots":{"index":"index","follow":"follow","max-snippet":"max-snippet:-1","max-image-preview":"max-image-preview:large","max-video-preview":"max-video-preview:-1"},"canonical":"https:\/\/permbledhja.com\/sq\/beteja-ligjore-e-kater-motrave-per-trashegimi-padisin-vellezerit-qe-shiten-pronen-e-perbashket-njera-kercenohet-rasti-po-u-zvarritet\/","og_locale":"sq_AL","og_type":"article","og_title":"Beteja ligjore e kat\u00ebr motrave p\u00ebr trash\u00ebgimi, padisin v\u00ebllez\u00ebrit q\u00eb shit\u00ebn pron\u00ebn e p\u00ebrbashk\u00ebt, nj\u00ebra k\u00ebrc\u00ebnohet \u2013 rasti po u zvarritet","og_description":"Kat\u00ebr motra t\u00eb lidhura ngusht\u00eb me kujtimet e f\u00ebmij\u00ebris\u00eb dhe dashuris\u00eb q\u00eb pat\u00ebn p\u00ebr sht\u00ebpin\u00eb e prind\u00ebrve t\u00eb tyre n\u00eb Shtime, u shokuan kur kuptuan se vendi ku u lind\u00ebn dhe u rrit\u00ebn ishte shitur. Streha q\u00eb i bashkonte motrat p\u00ebr t\u00eb kaluar koh\u00eb s\u00eb bashku \u2013 sht\u00ebpia e pasur me momente t\u00eb lumtura p\u00ebr [&hellip;]","og_url":"https:\/\/permbledhja.com\/sq\/beteja-ligjore-e-kater-motrave-per-trashegimi-padisin-vellezerit-qe-shiten-pronen-e-perbashket-njera-kercenohet-rasti-po-u-zvarritet\/","og_site_name":"Ve\u00e7 artikuj p\u00ebrmbledh\u00ebs","article_publisher":"https:\/\/www.facebook.com\/press07\/","article_author":"https:\/\/www.facebook.com\/kafexhiu.muharrem\/","article_published_time":"2024-11-04T17:42:13+00:00","og_image":[{"width":600,"height":360,"url":"https:\/\/permbledhja.com\/wp-content\/uploads\/2024\/11\/protesta-600x360-1.png","type":"image\/png"}],"author":"P\u00ebrmbledhja","twitter_card":"summary_large_image","twitter_misc":{"Written by":"P\u00ebrmbledhja","Est. reading time":"16 minuta"},"schema":{"@context":"https:\/\/schema.org","@graph":[{"@type":"Article","@id":"https:\/\/permbledhja.com\/beteja-ligjore-e-kater-motrave-per-trashegimi-padisin-vellezerit-qe-shiten-pronen-e-perbashket-njera-kercenohet-rasti-po-u-zvarritet\/#article","isPartOf":{"@id":"https:\/\/permbledhja.com\/beteja-ligjore-e-kater-motrave-per-trashegimi-padisin-vellezerit-qe-shiten-pronen-e-perbashket-njera-kercenohet-rasti-po-u-zvarritet\/"},"author":{"name":"P\u00ebrmbledhja","@id":"https:\/\/permbledhja.com\/#\/schema\/person\/0d064377258d3221e50693947b9eb4fe"},"headline":"Beteja ligjore e kat\u00ebr motrave p\u00ebr trash\u00ebgimi, padisin v\u00ebllez\u00ebrit q\u00eb shit\u00ebn pron\u00ebn e p\u00ebrbashk\u00ebt, nj\u00ebra k\u00ebrc\u00ebnohet \u2013 rasti po u zvarritet","datePublished":"2024-11-04T17:42:13+00:00","dateModified":"2024-11-04T17:42:13+00:00","mainEntityOfPage":{"@id":"https:\/\/permbledhja.com\/beteja-ligjore-e-kater-motrave-per-trashegimi-padisin-vellezerit-qe-shiten-pronen-e-perbashket-njera-kercenohet-rasti-po-u-zvarritet\/"},"wordCount":3191,"publisher":{"@id":"https:\/\/permbledhja.com\/#organization"},"keywords":["Trash\u00ebgimia"],"articleSection":["Dyt\u00ebsore"],"inLanguage":"sq"},{"@type":"WebPage","@id":"https:\/\/permbledhja.com\/beteja-ligjore-e-kater-motrave-per-trashegimi-padisin-vellezerit-qe-shiten-pronen-e-perbashket-njera-kercenohet-rasti-po-u-zvarritet\/","url":"https:\/\/permbledhja.com\/beteja-ligjore-e-kater-motrave-per-trashegimi-padisin-vellezerit-qe-shiten-pronen-e-perbashket-njera-kercenohet-rasti-po-u-zvarritet\/","name":"Beteja ligjore e kat\u00ebr motrave p\u00ebr trash\u00ebgimi, padisin v\u00ebllez\u00ebrit q\u00eb shit\u00ebn pron\u00ebn e p\u00ebrbashk\u00ebt, nj\u00ebra k\u00ebrc\u00ebnohet \u2013 rasti po u zvarritet","isPartOf":{"@id":"https:\/\/permbledhja.com\/#website"},"datePublished":"2024-11-04T17:42:13+00:00","dateModified":"2024-11-04T17:42:13+00:00","breadcrumb":{"@id":"https:\/\/permbledhja.com\/beteja-ligjore-e-kater-motrave-per-trashegimi-padisin-vellezerit-qe-shiten-pronen-e-perbashket-njera-kercenohet-rasti-po-u-zvarritet\/#breadcrumb"},"inLanguage":"sq","potentialAction":[{"@type":"ReadAction","target":["https:\/\/permbledhja.com\/beteja-ligjore-e-kater-motrave-per-trashegimi-padisin-vellezerit-qe-shiten-pronen-e-perbashket-njera-kercenohet-rasti-po-u-zvarritet\/"]}]},{"@type":"BreadcrumbList","@id":"https:\/\/permbledhja.com\/beteja-ligjore-e-kater-motrave-per-trashegimi-padisin-vellezerit-qe-shiten-pronen-e-perbashket-njera-kercenohet-rasti-po-u-zvarritet\/#breadcrumb","itemListElement":[{"@type":"ListItem","position":1,"name":"Ballina","item":"https:\/\/permbledhja.com\/sq\/"},{"@type":"ListItem","position":2,"name":"Beteja ligjore e kat\u00ebr motrave p\u00ebr trash\u00ebgimi, padisin v\u00ebllez\u00ebrit q\u00eb shit\u00ebn pron\u00ebn e p\u00ebrbashk\u00ebt, nj\u00ebra k\u00ebrc\u00ebnohet \u2013 rasti po u zvarritet"}]},{"@type":"WebSite","@id":"https:\/\/permbledhja.com\/#website","url":"https:\/\/permbledhja.com\/","name":"Ve\u00e7 artikuj p\u00ebrmbledh\u00ebs","description":"","publisher":{"@id":"https:\/\/permbledhja.com\/#organization"},"potentialAction":[{"@type":"SearchAction","target":{"@type":"EntryPoint","urlTemplate":"https:\/\/permbledhja.com\/?s={search_term_string}"},"query-input":"required name=search_term_string"}],"inLanguage":"sq"},{"@type":"Organization","@id":"https:\/\/permbledhja.com\/#organization","name":"MK Media & Pr","url":"https:\/\/permbledhja.com\/","logo":{"@type":"ImageObject","inLanguage":"sq","@id":"https:\/\/permbledhja.com\/#\/schema\/logo\/image\/","url":"https:\/\/permbledhja.com\/wp-content\/uploads\/2021\/12\/07-Press-Logo.jpg","contentUrl":"https:\/\/permbledhja.com\/wp-content\/uploads\/2021\/12\/07-Press-Logo.jpg","width":512,"height":512,"caption":"MK Media & Pr"},"image":{"@id":"https:\/\/permbledhja.com\/#\/schema\/logo\/image\/"},"sameAs":["https:\/\/www.facebook.com\/press07\/"]},{"@type":"Person","@id":"https:\/\/permbledhja.com\/#\/schema\/person\/0d064377258d3221e50693947b9eb4fe","name":"P\u00ebrmbledhja","image":{"@type":"ImageObject","inLanguage":"sq","@id":"https:\/\/permbledhja.com\/#\/schema\/person\/image\/","url":"https:\/\/permbledhja.com\/wp-content\/uploads\/2026\/01\/452004717_1040944174702970_8932037511805513407_n-96x96.jpg","contentUrl":"https:\/\/permbledhja.com\/wp-content\/uploads\/2026\/01\/452004717_1040944174702970_8932037511805513407_n-96x96.jpg","caption":"P\u00ebrmbledhja"},"sameAs":["https:\/\/www.facebook.com\/kafexhiu.muharrem\/","https:\/\/www.instagram.com\/muharrem_kafexhiu\/"],"url":"https:\/\/permbledhja.com\/sq\/author\/admin\/"}]}},"_links":{"self":[{"href":"https:\/\/permbledhja.com\/sq\/wp-json\/wp\/v2\/posts\/70192"}],"collection":[{"href":"https:\/\/permbledhja.com\/sq\/wp-json\/wp\/v2\/posts"}],"about":[{"href":"https:\/\/permbledhja.com\/sq\/wp-json\/wp\/v2\/types\/post"}],"author":[{"embeddable":true,"href":"https:\/\/permbledhja.com\/sq\/wp-json\/wp\/v2\/users\/1"}],"replies":[{"embeddable":true,"href":"https:\/\/permbledhja.com\/sq\/wp-json\/wp\/v2\/comments?post=70192"}],"version-history":[{"count":1,"href":"https:\/\/permbledhja.com\/sq\/wp-json\/wp\/v2\/posts\/70192\/revisions"}],"predecessor-version":[{"id":70198,"href":"https:\/\/permbledhja.com\/sq\/wp-json\/wp\/v2\/posts\/70192\/revisions\/70198"}],"wp:featuredmedia":[{"embeddable":true,"href":"https:\/\/permbledhja.com\/sq\/wp-json\/wp\/v2\/media\/70193"}],"wp:attachment":[{"href":"https:\/\/permbledhja.com\/sq\/wp-json\/wp\/v2\/media?parent=70192"}],"wp:term":[{"taxonomy":"category","embeddable":true,"href":"https:\/\/permbledhja.com\/sq\/wp-json\/wp\/v2\/categories?post=70192"},{"taxonomy":"post_tag","embeddable":true,"href":"https:\/\/permbledhja.com\/sq\/wp-json\/wp\/v2\/tags?post=70192"}],"curies":[{"name":"wp","href":"https:\/\/api.w.org\/{rel}","templated":true}]}}