{"id":70182,"date":"2024-11-04T14:21:50","date_gmt":"2024-11-04T14:21:50","guid":{"rendered":"https:\/\/permbledhja.com\/?p=70182"},"modified":"2024-11-04T16:52:40","modified_gmt":"2024-11-04T16:52:40","slug":"vv-shperndane-te-perkthyer-letren-qe-kamala-harris-ua-nisi-shqiptareve-te-amerikes","status":"publish","type":"post","link":"https:\/\/permbledhja.com\/sq\/vv-shperndane-te-perkthyer-letren-qe-kamala-harris-ua-nisi-shqiptareve-te-amerikes\/","title":{"rendered":"VV shp\u00ebrndan\u00eb t\u00eb p\u00ebrkthyer letr\u00ebn q\u00eb Kamala Harris ua nisi shqiptar\u00ebve t\u00eb Amerik\u00ebs"},"content":{"rendered":"<p><strong>Partia q\u00eb drejton kryeministri Albin Kurti kan\u00eb publikuar n\u00eb faqen zyrtare m\u00eb \u2018facebook\u2019, letr\u00ebn q\u00eb kandidatja demokrate p\u00ebr presidentes t\u00eb SHBA-s\u00eb, Kamala Harris, ka shkruar n\u00eb adres\u00eb t\u00eb komunitetit shqiptar q\u00eb jetojn\u00eb n\u00eb Shtetet e Bashkuara t\u00eb Amerik\u00ebs.<\/strong><\/p>\n<p><em>\u201cLetra e hapur e kandidates p\u00ebr Presidente dhe z\u00ebvend\u00ebs Presidentes s\u00eb ShBA-ve, znj. Kamala Harris, p\u00ebr komunitetin shqiptaro-amerikan\u201d,<\/em> thuhet n\u00eb p\u00ebrshkrimin e vendosur nga L\u00ebvizja Vet\u00ebvendosje.<\/p>\n<p>Sa i p\u00ebrket zgjedhjeve n\u00eb SHBA, lideri i LVV-s\u00eb, Albin Kurti, n\u00eb zgjedhjet e vitit 2020 kishte p\u00ebrkrahur hapur kandidatin demokrat Joe Biden.<\/p>\n<p>K\u00ebto zgjedhje, Kurti si kryeminist\u00ebr i Kosov\u00ebs s\u2019\u00ebsht\u00eb pozicionuar p\u00ebr asnj\u00ebrin prej kandidat\u00ebve duke th\u00ebn\u00eb se do t\u00eb punoj\u00eb me t\u00eb gjith\u00eb. Megjithat\u00eb me ftes\u00eb t\u00eb Partis\u00eb Demokratike, Kurti si kryeminist\u00ebr ka marr\u00eb pjes\u00eb n\u00eb Konvent\u00ebn Komb\u00ebtare t\u00eb Demokrat\u00ebve.<\/p>\n<p>Let\u00ebr e hapur p\u00ebr komunitetin shqiptaro-amerikan:<\/p>\n<p><em>Shqiptaro-amerikan\u00ebt kan\u00eb dh\u00ebn\u00eb kontribut t\u00eb pa\u00e7muesh\u00ebm p\u00ebr kombin ton\u00eb p\u00ebr gjenerata t\u00eb t\u00ebra, duke shfaqur p\u00ebrkushtim t\u00eb thell\u00eb p\u00ebr familjen, komunitetin dhe rendjen drejt liris\u00eb. Jan\u00eb qindra-mij\u00ebra shqiptaro-amerikan\u00eb q\u00eb jetojn\u00eb n\u00eb Shtetet e Bashkuara, q\u00ebndrueshm\u00ebria e komunitetit t\u00eb s\u00eb cil\u00ebve vazhdon t\u00eb na frym\u00ebzoj\u00eb t\u00eb gjith\u00ebve.<\/em><\/p>\n<p><em>Shqiptaro-amerikan\u00ebt kan\u00eb dh\u00ebn\u00eb kontribut t\u00eb thell\u00eb n\u00eb struktur\u00ebn e kombit ton\u00eb, duke pasuruar komunitetet me shpirtin e tyre sip\u00ebrmarr\u00ebs, me vlerat e forta familjare dhe nj\u00eb p\u00ebrkushtim t\u00eb thell\u00eb p\u00ebr edukimin dhe angazhimin shoq\u00ebror. Nga pronar\u00eb t\u00eb vegj\u00ebl biznesesh n\u00eb profesionist\u00eb t\u00eb mjek\u00ebsis\u00eb, ligjit dhe sh\u00ebrbimit publik, shqiptaro-amerikan\u00ebt kan\u00eb luajtur nj\u00eb rol qendror p\u00ebr ekonomit\u00eb lokale dhe forcimin e themelit shoq\u00ebror t\u00eb shum\u00eb qyteteve anemban\u00eb vendit.<\/em><\/p>\n<p><em>P\u00ebr m\u00eb shum\u00eb se nj\u00eb shekull \u2013 q\u00eb nga Konferenca e Paqes s\u00eb Parisit pas Luft\u00ebs s\u00eb Dyt\u00eb Bot\u00ebrore \u2013 amerikan\u00ebt dhe shqiptar\u00ebt kan\u00eb pasur nj\u00eb lidhje t\u00eb fort\u00eb. Edhe sot, shqiptaro-amerikan\u00ebt e kujtojn\u00eb q\u00eb kan\u00eb qen\u00eb Shtetet e Bashkuara t\u00eb Amerik\u00ebs ato q\u00eb u kan\u00eb q\u00ebndruar pran\u00eb n\u00eb momente ky\u00e7e p\u00ebr pavar\u00ebsin\u00eb e Shqip\u00ebris\u00eb. Un\u00eb dua t\u00eb konfirmoj partneritetin e fort\u00eb mes Shteteve t\u00eb Bashkuara dhe Shqip\u00ebris\u00eb.<\/em><\/p>\n<p><em>Shqip\u00ebria \u00ebsht\u00eb nj\u00eb aleate e pal\u00ebkundur e NATO-s dhe i jam falenderuese Shqip\u00ebris\u00eb p\u00ebr promovimin e stabilitetit n\u00eb rajon dhe p\u00ebr udh\u00ebheqjen e saj me K\u00ebshillin e Siguris\u00eb t\u00eb OKB-s\u00eb gjat\u00eb muajve pas pushtimit brutal rus t\u00eb Ukrain\u00ebs. Shtetet e Bashkuara po ashtu kan\u00eb udh\u00ebhequr aleat\u00ebt dhe partner\u00ebt evropian\u00eb drejt mb\u00ebshtetjes s\u00eb pavar\u00ebsis\u00eb historike dhe sovranitetit t\u00eb Republik\u00ebs s\u00eb Kosov\u00ebs dhe vazhdojn\u00eb t\u00eb mb\u00ebshtesin nj\u00eb Kosov\u00eb multietnike e demokratike, plot\u00ebsisht t\u00eb integruar n\u00eb komunitetin nd\u00ebrkomb\u00ebtar.<\/em><\/p>\n<p><em>K\u00ebtu n\u00eb sht\u00ebpi, i kuptoj sfidat e ve\u00e7anta me t\u00eb cilat p\u00ebrballen shum\u00eb pjes\u00ebtar\u00eb t\u00eb komunitetit shqiptaro-amerikan dhe jam e p\u00ebrkushtuar ndaj politikave q\u00eb ngrisin komunitetin shqiptaro-amerikan, ku p\u00ebrfshihen p\u00ebrpjekjet p\u00ebr nj\u00eb ekonomi t\u00eb mund\u00ebsive dhe mbrojtja e t\u00eb drejtave civile t\u00eb t\u00eb gjith\u00ebve. Pjes\u00ebmarrja e shqiptaro-amerikan\u00ebve n\u00eb demokracin\u00eb ton\u00eb \u00ebsht\u00eb m\u00eb e r\u00ebnd\u00ebsishme se kurr\u00eb. Sot ne mund t\u2019i japim form\u00eb nj\u00eb t\u00eb ardhmeje q\u00eb pasqyron vlerat dhe aspiratat tona&#8230;<\/em><\/p>\n<p><iframe loading=\"lazy\" style=\"border: none; overflow: hidden;\" src=\"https:\/\/www.facebook.com\/plugins\/post.php?href=https%3A%2F%2Fwww.facebook.com%2Fvetevendosje%2Fposts%2Fpfbid02s9PeyvUkP342RX8rD7R3DQD8VzPoZy8qYokbS24Kd5Y2A2M9QCZpn4vmyQkyc3ytl&amp;show_text=true&amp;width=500\" width=\"500\" height=\"250\" frameborder=\"0\" scrolling=\"no\" allowfullscreen=\"allowfullscreen\"><\/iframe><\/p>\n","protected":false},"excerpt":{"rendered":"<p>Partia q\u00eb drejton kryeministri Albin Kurti kan\u00eb publikuar n\u00eb faqen zyrtare m\u00eb \u2018facebook\u2019, letr\u00ebn q\u00eb kandidatja demokrate p\u00ebr presidentes t\u00eb SHBA-s\u00eb, Kamala Harris, ka shkruar n\u00eb adres\u00eb t\u00eb komunitetit shqiptar q\u00eb jetojn\u00eb n\u00eb Shtetet e Bashkuara t\u00eb Amerik\u00ebs. \u201cLetra e hapur e kandidates p\u00ebr Presidente dhe z\u00ebvend\u00ebs Presidentes s\u00eb ShBA-ve, znj. Kamala Harris, p\u00ebr komunitetin [&hellip;]<\/p>\n","protected":false},"author":1,"featured_media":70183,"comment_status":"closed","ping_status":"closed","sticky":false,"template":"","format":"standard","meta":{"_monsterinsights_skip_tracking":false,"_monsterinsights_sitenote_active":false,"_monsterinsights_sitenote_note":"","_monsterinsights_sitenote_category":0,"_uf_show_specific_survey":0,"_uf_disable_surveys":false,"footnotes":""},"categories":[2645],"tags":[153],"yoast_head":"<!-- This site is optimized with the Yoast SEO plugin v21.5 - https:\/\/yoast.com\/wordpress\/plugins\/seo\/ -->\n<title>VV shp\u00ebrndan\u00eb t\u00eb p\u00ebrkthyer letr\u00ebn q\u00eb Kamala Harris ua nisi shqiptar\u00ebve t\u00eb Amerik\u00ebs<\/title>\n<meta name=\"robots\" content=\"index, follow, max-snippet:-1, max-image-preview:large, max-video-preview:-1\" \/>\n<link rel=\"canonical\" href=\"https:\/\/permbledhja.com\/sq\/vv-shperndane-te-perkthyer-letren-qe-kamala-harris-ua-nisi-shqiptareve-te-amerikes\/\" \/>\n<meta property=\"og:locale\" content=\"sq_AL\" \/>\n<meta property=\"og:type\" content=\"article\" \/>\n<meta property=\"og:title\" content=\"VV shp\u00ebrndan\u00eb t\u00eb p\u00ebrkthyer letr\u00ebn q\u00eb Kamala Harris ua nisi shqiptar\u00ebve t\u00eb Amerik\u00ebs\" \/>\n<meta property=\"og:description\" content=\"Partia q\u00eb drejton kryeministri Albin Kurti kan\u00eb publikuar n\u00eb faqen zyrtare m\u00eb \u2018facebook\u2019, letr\u00ebn q\u00eb kandidatja demokrate p\u00ebr presidentes t\u00eb SHBA-s\u00eb, Kamala Harris, ka shkruar n\u00eb adres\u00eb t\u00eb komunitetit shqiptar q\u00eb jetojn\u00eb n\u00eb Shtetet e Bashkuara t\u00eb Amerik\u00ebs. \u201cLetra e hapur e kandidates p\u00ebr Presidente dhe z\u00ebvend\u00ebs Presidentes s\u00eb ShBA-ve, znj. Kamala Harris, p\u00ebr komunitetin [&hellip;]\" \/>\n<meta property=\"og:url\" content=\"https:\/\/permbledhja.com\/sq\/vv-shperndane-te-perkthyer-letren-qe-kamala-harris-ua-nisi-shqiptareve-te-amerikes\/\" \/>\n<meta property=\"og:site_name\" content=\"Ve\u00e7 artikuj p\u00ebrmbledh\u00ebs\" \/>\n<meta property=\"article:publisher\" content=\"https:\/\/www.facebook.com\/press07\/\" \/>\n<meta property=\"article:author\" content=\"https:\/\/www.facebook.com\/kafexhiu.muharrem\/\" \/>\n<meta property=\"article:published_time\" content=\"2024-11-04T14:21:50+00:00\" \/>\n<meta property=\"article:modified_time\" content=\"2024-11-04T16:52:40+00:00\" \/>\n<meta property=\"og:image\" content=\"https:\/\/permbledhja.com\/wp-content\/uploads\/2024\/11\/kurti_na_otvaranju_nacionalne_konvencije_demokrata-1-600x360-1.jpg\" \/>\n\t<meta property=\"og:image:width\" content=\"600\" \/>\n\t<meta property=\"og:image:height\" content=\"360\" \/>\n\t<meta property=\"og:image:type\" content=\"image\/jpeg\" \/>\n<meta name=\"author\" content=\"P\u00ebrmbledhja\" \/>\n<meta name=\"twitter:card\" content=\"summary_large_image\" \/>\n<meta name=\"twitter:label1\" content=\"Written by\" \/>\n\t<meta name=\"twitter:data1\" content=\"P\u00ebrmbledhja\" \/>\n\t<meta name=\"twitter:label2\" content=\"Est. reading time\" \/>\n\t<meta name=\"twitter:data2\" content=\"3 minuta\" \/>\n<script type=\"application\/ld+json\" class=\"yoast-schema-graph\">{\"@context\":\"https:\/\/schema.org\",\"@graph\":[{\"@type\":\"Article\",\"@id\":\"https:\/\/permbledhja.com\/vv-shperndane-te-perkthyer-letren-qe-kamala-harris-ua-nisi-shqiptareve-te-amerikes\/#article\",\"isPartOf\":{\"@id\":\"https:\/\/permbledhja.com\/vv-shperndane-te-perkthyer-letren-qe-kamala-harris-ua-nisi-shqiptareve-te-amerikes\/\"},\"author\":{\"name\":\"P\u00ebrmbledhja\",\"@id\":\"https:\/\/permbledhja.com\/#\/schema\/person\/0d064377258d3221e50693947b9eb4fe\"},\"headline\":\"VV shp\u00ebrndan\u00eb t\u00eb p\u00ebrkthyer letr\u00ebn q\u00eb Kamala Harris ua nisi shqiptar\u00ebve t\u00eb Amerik\u00ebs\",\"datePublished\":\"2024-11-04T14:21:50+00:00\",\"dateModified\":\"2024-11-04T16:52:40+00:00\",\"mainEntityOfPage\":{\"@id\":\"https:\/\/permbledhja.com\/vv-shperndane-te-perkthyer-letren-qe-kamala-harris-ua-nisi-shqiptareve-te-amerikes\/\"},\"wordCount\":576,\"publisher\":{\"@id\":\"https:\/\/permbledhja.com\/#organization\"},\"keywords\":[\"ShBA\"],\"articleSection\":[\"T\u00eb r\u00ebnd\u00ebsishme\"],\"inLanguage\":\"sq\"},{\"@type\":\"WebPage\",\"@id\":\"https:\/\/permbledhja.com\/vv-shperndane-te-perkthyer-letren-qe-kamala-harris-ua-nisi-shqiptareve-te-amerikes\/\",\"url\":\"https:\/\/permbledhja.com\/vv-shperndane-te-perkthyer-letren-qe-kamala-harris-ua-nisi-shqiptareve-te-amerikes\/\",\"name\":\"VV shp\u00ebrndan\u00eb t\u00eb p\u00ebrkthyer letr\u00ebn q\u00eb Kamala Harris ua nisi shqiptar\u00ebve t\u00eb Amerik\u00ebs\",\"isPartOf\":{\"@id\":\"https:\/\/permbledhja.com\/#website\"},\"datePublished\":\"2024-11-04T14:21:50+00:00\",\"dateModified\":\"2024-11-04T16:52:40+00:00\",\"breadcrumb\":{\"@id\":\"https:\/\/permbledhja.com\/vv-shperndane-te-perkthyer-letren-qe-kamala-harris-ua-nisi-shqiptareve-te-amerikes\/#breadcrumb\"},\"inLanguage\":\"sq\",\"potentialAction\":[{\"@type\":\"ReadAction\",\"target\":[\"https:\/\/permbledhja.com\/vv-shperndane-te-perkthyer-letren-qe-kamala-harris-ua-nisi-shqiptareve-te-amerikes\/\"]}]},{\"@type\":\"BreadcrumbList\",\"@id\":\"https:\/\/permbledhja.com\/vv-shperndane-te-perkthyer-letren-qe-kamala-harris-ua-nisi-shqiptareve-te-amerikes\/#breadcrumb\",\"itemListElement\":[{\"@type\":\"ListItem\",\"position\":1,\"name\":\"Ballina\",\"item\":\"https:\/\/permbledhja.com\/sq\/\"},{\"@type\":\"ListItem\",\"position\":2,\"name\":\"VV shp\u00ebrndan\u00eb t\u00eb p\u00ebrkthyer letr\u00ebn q\u00eb Kamala Harris ua nisi shqiptar\u00ebve t\u00eb Amerik\u00ebs\"}]},{\"@type\":\"WebSite\",\"@id\":\"https:\/\/permbledhja.com\/#website\",\"url\":\"https:\/\/permbledhja.com\/\",\"name\":\"Ve\u00e7 artikuj p\u00ebrmbledh\u00ebs\",\"description\":\"\",\"publisher\":{\"@id\":\"https:\/\/permbledhja.com\/#organization\"},\"potentialAction\":[{\"@type\":\"SearchAction\",\"target\":{\"@type\":\"EntryPoint\",\"urlTemplate\":\"https:\/\/permbledhja.com\/?s={search_term_string}\"},\"query-input\":\"required name=search_term_string\"}],\"inLanguage\":\"sq\"},{\"@type\":\"Organization\",\"@id\":\"https:\/\/permbledhja.com\/#organization\",\"name\":\"MK Media & Pr\",\"url\":\"https:\/\/permbledhja.com\/\",\"logo\":{\"@type\":\"ImageObject\",\"inLanguage\":\"sq\",\"@id\":\"https:\/\/permbledhja.com\/#\/schema\/logo\/image\/\",\"url\":\"https:\/\/permbledhja.com\/wp-content\/uploads\/2021\/12\/07-Press-Logo.jpg\",\"contentUrl\":\"https:\/\/permbledhja.com\/wp-content\/uploads\/2021\/12\/07-Press-Logo.jpg\",\"width\":512,\"height\":512,\"caption\":\"MK Media & Pr\"},\"image\":{\"@id\":\"https:\/\/permbledhja.com\/#\/schema\/logo\/image\/\"},\"sameAs\":[\"https:\/\/www.facebook.com\/press07\/\"]},{\"@type\":\"Person\",\"@id\":\"https:\/\/permbledhja.com\/#\/schema\/person\/0d064377258d3221e50693947b9eb4fe\",\"name\":\"P\u00ebrmbledhja\",\"image\":{\"@type\":\"ImageObject\",\"inLanguage\":\"sq\",\"@id\":\"https:\/\/permbledhja.com\/#\/schema\/person\/image\/\",\"url\":\"https:\/\/permbledhja.com\/wp-content\/uploads\/2026\/01\/452004717_1040944174702970_8932037511805513407_n-96x96.jpg\",\"contentUrl\":\"https:\/\/permbledhja.com\/wp-content\/uploads\/2026\/01\/452004717_1040944174702970_8932037511805513407_n-96x96.jpg\",\"caption\":\"P\u00ebrmbledhja\"},\"sameAs\":[\"https:\/\/www.facebook.com\/kafexhiu.muharrem\/\",\"https:\/\/www.instagram.com\/muharrem_kafexhiu\/\"],\"url\":\"https:\/\/permbledhja.com\/sq\/author\/admin\/\"}]}<\/script>\n<!-- \/ Yoast SEO plugin. -->","yoast_head_json":{"title":"VV shp\u00ebrndan\u00eb t\u00eb p\u00ebrkthyer letr\u00ebn q\u00eb Kamala Harris ua nisi shqiptar\u00ebve t\u00eb Amerik\u00ebs","robots":{"index":"index","follow":"follow","max-snippet":"max-snippet:-1","max-image-preview":"max-image-preview:large","max-video-preview":"max-video-preview:-1"},"canonical":"https:\/\/permbledhja.com\/sq\/vv-shperndane-te-perkthyer-letren-qe-kamala-harris-ua-nisi-shqiptareve-te-amerikes\/","og_locale":"sq_AL","og_type":"article","og_title":"VV shp\u00ebrndan\u00eb t\u00eb p\u00ebrkthyer letr\u00ebn q\u00eb Kamala Harris ua nisi shqiptar\u00ebve t\u00eb Amerik\u00ebs","og_description":"Partia q\u00eb drejton kryeministri Albin Kurti kan\u00eb publikuar n\u00eb faqen zyrtare m\u00eb \u2018facebook\u2019, letr\u00ebn q\u00eb kandidatja demokrate p\u00ebr presidentes t\u00eb SHBA-s\u00eb, Kamala Harris, ka shkruar n\u00eb adres\u00eb t\u00eb komunitetit shqiptar q\u00eb jetojn\u00eb n\u00eb Shtetet e Bashkuara t\u00eb Amerik\u00ebs. \u201cLetra e hapur e kandidates p\u00ebr Presidente dhe z\u00ebvend\u00ebs Presidentes s\u00eb ShBA-ve, znj. Kamala Harris, p\u00ebr komunitetin [&hellip;]","og_url":"https:\/\/permbledhja.com\/sq\/vv-shperndane-te-perkthyer-letren-qe-kamala-harris-ua-nisi-shqiptareve-te-amerikes\/","og_site_name":"Ve\u00e7 artikuj p\u00ebrmbledh\u00ebs","article_publisher":"https:\/\/www.facebook.com\/press07\/","article_author":"https:\/\/www.facebook.com\/kafexhiu.muharrem\/","article_published_time":"2024-11-04T14:21:50+00:00","article_modified_time":"2024-11-04T16:52:40+00:00","og_image":[{"width":600,"height":360,"url":"https:\/\/permbledhja.com\/wp-content\/uploads\/2024\/11\/kurti_na_otvaranju_nacionalne_konvencije_demokrata-1-600x360-1.jpg","type":"image\/jpeg"}],"author":"P\u00ebrmbledhja","twitter_card":"summary_large_image","twitter_misc":{"Written by":"P\u00ebrmbledhja","Est. reading time":"3 minuta"},"schema":{"@context":"https:\/\/schema.org","@graph":[{"@type":"Article","@id":"https:\/\/permbledhja.com\/vv-shperndane-te-perkthyer-letren-qe-kamala-harris-ua-nisi-shqiptareve-te-amerikes\/#article","isPartOf":{"@id":"https:\/\/permbledhja.com\/vv-shperndane-te-perkthyer-letren-qe-kamala-harris-ua-nisi-shqiptareve-te-amerikes\/"},"author":{"name":"P\u00ebrmbledhja","@id":"https:\/\/permbledhja.com\/#\/schema\/person\/0d064377258d3221e50693947b9eb4fe"},"headline":"VV shp\u00ebrndan\u00eb t\u00eb p\u00ebrkthyer letr\u00ebn q\u00eb Kamala Harris ua nisi shqiptar\u00ebve t\u00eb Amerik\u00ebs","datePublished":"2024-11-04T14:21:50+00:00","dateModified":"2024-11-04T16:52:40+00:00","mainEntityOfPage":{"@id":"https:\/\/permbledhja.com\/vv-shperndane-te-perkthyer-letren-qe-kamala-harris-ua-nisi-shqiptareve-te-amerikes\/"},"wordCount":576,"publisher":{"@id":"https:\/\/permbledhja.com\/#organization"},"keywords":["ShBA"],"articleSection":["T\u00eb r\u00ebnd\u00ebsishme"],"inLanguage":"sq"},{"@type":"WebPage","@id":"https:\/\/permbledhja.com\/vv-shperndane-te-perkthyer-letren-qe-kamala-harris-ua-nisi-shqiptareve-te-amerikes\/","url":"https:\/\/permbledhja.com\/vv-shperndane-te-perkthyer-letren-qe-kamala-harris-ua-nisi-shqiptareve-te-amerikes\/","name":"VV shp\u00ebrndan\u00eb t\u00eb p\u00ebrkthyer letr\u00ebn q\u00eb Kamala Harris ua nisi shqiptar\u00ebve t\u00eb Amerik\u00ebs","isPartOf":{"@id":"https:\/\/permbledhja.com\/#website"},"datePublished":"2024-11-04T14:21:50+00:00","dateModified":"2024-11-04T16:52:40+00:00","breadcrumb":{"@id":"https:\/\/permbledhja.com\/vv-shperndane-te-perkthyer-letren-qe-kamala-harris-ua-nisi-shqiptareve-te-amerikes\/#breadcrumb"},"inLanguage":"sq","potentialAction":[{"@type":"ReadAction","target":["https:\/\/permbledhja.com\/vv-shperndane-te-perkthyer-letren-qe-kamala-harris-ua-nisi-shqiptareve-te-amerikes\/"]}]},{"@type":"BreadcrumbList","@id":"https:\/\/permbledhja.com\/vv-shperndane-te-perkthyer-letren-qe-kamala-harris-ua-nisi-shqiptareve-te-amerikes\/#breadcrumb","itemListElement":[{"@type":"ListItem","position":1,"name":"Ballina","item":"https:\/\/permbledhja.com\/sq\/"},{"@type":"ListItem","position":2,"name":"VV shp\u00ebrndan\u00eb t\u00eb p\u00ebrkthyer letr\u00ebn q\u00eb Kamala Harris ua nisi shqiptar\u00ebve t\u00eb Amerik\u00ebs"}]},{"@type":"WebSite","@id":"https:\/\/permbledhja.com\/#website","url":"https:\/\/permbledhja.com\/","name":"Ve\u00e7 artikuj p\u00ebrmbledh\u00ebs","description":"","publisher":{"@id":"https:\/\/permbledhja.com\/#organization"},"potentialAction":[{"@type":"SearchAction","target":{"@type":"EntryPoint","urlTemplate":"https:\/\/permbledhja.com\/?s={search_term_string}"},"query-input":"required name=search_term_string"}],"inLanguage":"sq"},{"@type":"Organization","@id":"https:\/\/permbledhja.com\/#organization","name":"MK Media & Pr","url":"https:\/\/permbledhja.com\/","logo":{"@type":"ImageObject","inLanguage":"sq","@id":"https:\/\/permbledhja.com\/#\/schema\/logo\/image\/","url":"https:\/\/permbledhja.com\/wp-content\/uploads\/2021\/12\/07-Press-Logo.jpg","contentUrl":"https:\/\/permbledhja.com\/wp-content\/uploads\/2021\/12\/07-Press-Logo.jpg","width":512,"height":512,"caption":"MK Media & Pr"},"image":{"@id":"https:\/\/permbledhja.com\/#\/schema\/logo\/image\/"},"sameAs":["https:\/\/www.facebook.com\/press07\/"]},{"@type":"Person","@id":"https:\/\/permbledhja.com\/#\/schema\/person\/0d064377258d3221e50693947b9eb4fe","name":"P\u00ebrmbledhja","image":{"@type":"ImageObject","inLanguage":"sq","@id":"https:\/\/permbledhja.com\/#\/schema\/person\/image\/","url":"https:\/\/permbledhja.com\/wp-content\/uploads\/2026\/01\/452004717_1040944174702970_8932037511805513407_n-96x96.jpg","contentUrl":"https:\/\/permbledhja.com\/wp-content\/uploads\/2026\/01\/452004717_1040944174702970_8932037511805513407_n-96x96.jpg","caption":"P\u00ebrmbledhja"},"sameAs":["https:\/\/www.facebook.com\/kafexhiu.muharrem\/","https:\/\/www.instagram.com\/muharrem_kafexhiu\/"],"url":"https:\/\/permbledhja.com\/sq\/author\/admin\/"}]}},"_links":{"self":[{"href":"https:\/\/permbledhja.com\/sq\/wp-json\/wp\/v2\/posts\/70182"}],"collection":[{"href":"https:\/\/permbledhja.com\/sq\/wp-json\/wp\/v2\/posts"}],"about":[{"href":"https:\/\/permbledhja.com\/sq\/wp-json\/wp\/v2\/types\/post"}],"author":[{"embeddable":true,"href":"https:\/\/permbledhja.com\/sq\/wp-json\/wp\/v2\/users\/1"}],"replies":[{"embeddable":true,"href":"https:\/\/permbledhja.com\/sq\/wp-json\/wp\/v2\/comments?post=70182"}],"version-history":[{"count":1,"href":"https:\/\/permbledhja.com\/sq\/wp-json\/wp\/v2\/posts\/70182\/revisions"}],"predecessor-version":[{"id":70184,"href":"https:\/\/permbledhja.com\/sq\/wp-json\/wp\/v2\/posts\/70182\/revisions\/70184"}],"wp:featuredmedia":[{"embeddable":true,"href":"https:\/\/permbledhja.com\/sq\/wp-json\/wp\/v2\/media\/70183"}],"wp:attachment":[{"href":"https:\/\/permbledhja.com\/sq\/wp-json\/wp\/v2\/media?parent=70182"}],"wp:term":[{"taxonomy":"category","embeddable":true,"href":"https:\/\/permbledhja.com\/sq\/wp-json\/wp\/v2\/categories?post=70182"},{"taxonomy":"post_tag","embeddable":true,"href":"https:\/\/permbledhja.com\/sq\/wp-json\/wp\/v2\/tags?post=70182"}],"curies":[{"name":"wp","href":"https:\/\/api.w.org\/{rel}","templated":true}]}}