{"id":70179,"date":"2024-11-04T14:15:03","date_gmt":"2024-11-04T14:15:03","guid":{"rendered":"https:\/\/permbledhja.com\/?p=70179"},"modified":"2024-11-04T14:15:03","modified_gmt":"2024-11-04T14:15:03","slug":"kukes-me-kenge-e-valle-hapet-ura-e-madhe","status":"publish","type":"post","link":"https:\/\/permbledhja.com\/sq\/kukes-me-kenge-e-valle-hapet-ura-e-madhe\/","title":{"rendered":"Kuk\u00ebs: Me k\u00ebng\u00eb e valle, hapet Ura e Madhe"},"content":{"rendered":"<p><strong>Ura e Madhe e Kuk\u00ebsit \u00ebsht\u00eb hapur sot p\u00ebr qarkullimin e automjeteve. Kryeministri Edi Rama ka qen\u00eb sot i pranish\u00ebm n\u00eb ceremonin\u00eb e inaugurimit ku u prit me k\u00ebng\u00eb dhe valle.<\/strong><\/p>\n<p><em>\u201cKy investim i jep nj\u00eb p\u00ebrgjigje kuptimplot\u00eb t\u00eb gjitha qyqeve q\u00eb mbush\u00ebn rrjetet sociale me vrer lajmesh t\u00eb rreme, nd\u00ebrkoh\u00eb q\u00eb po siguroheshin edhe akseset e komuniteteve p\u00ebrreth\u201d,<\/em> u shpreh Rama.<\/p>\n<p>Ura e Madhe n\u00eb Kuk\u00ebs \u00ebsht\u00eb nj\u00eb nga veprat m\u00eb t\u00eb r\u00ebnd\u00ebsishme infrastrukturore n\u00eb Kuk\u00ebs, q\u00eb \u00e7liron p\u00ebrfundimisht trafikun duke u aksesuar edhe n\u00eb komunitetet p\u00ebrreth.<\/p>\n<p>\u201c<em>\u00cbsht\u00eb shum\u00eb e r\u00ebnd\u00ebsishme q\u00eb ura hapet p\u00ebr t\u00eb gjith\u00eb, edhe p\u00ebr ata q\u00eb \u00e7far\u00eb nuk than\u00eb p\u00ebr ur\u00ebn, deri te lajmi nga penxherja q\u00eb ju k\u00ebput\u00ebn k\u00ebmb\u00ebt ur\u00ebs. Nd\u00ebrkoh\u00eb q\u00eb kjo nuk ka k\u00ebmb\u00eb sepse e ka trupin t\u00eb shtrir\u00eb p\u00ebrgjat\u00eb nj\u00eb hap\u00ebsire drite, q\u00eb \u00ebsht\u00eb nd\u00ebr m\u00eb t\u00eb m\u00ebdhat\u00eb e nj\u00eb ure n\u00eb Eruop\u00eb<\/em>\u201d, tha Rama.<\/p>\n<p>Ura e Madhe e Kuk\u00ebsit mbi lumin Drin ka nj\u00eb gjat\u00ebsi totale prej 310 metra, nd\u00ebrsa harku metalik ka nj\u00eb baz\u00eb prej 270 metra, nj\u00eb lart\u00ebsi prej 56 metra. Ura do t\u00eb ket\u00eb 4 korsi, n\u00eb dy kahet e l\u00ebvizjes me ndar\u00ebs trafiku t\u00eb nd\u00ebrmjet\u00ebm dhe me kavo \u00e7eliku q\u00eb fiksohen nga bazamenti n\u00eb harkun e ur\u00ebs.<\/p>\n","protected":false},"excerpt":{"rendered":"<p>Ura e Madhe e Kuk\u00ebsit \u00ebsht\u00eb hapur sot p\u00ebr qarkullimin e automjeteve. Kryeministri Edi Rama ka qen\u00eb sot i pranish\u00ebm n\u00eb ceremonin\u00eb e inaugurimit ku u prit me k\u00ebng\u00eb dhe valle. \u201cKy investim i jep nj\u00eb p\u00ebrgjigje kuptimplot\u00eb t\u00eb gjitha qyqeve q\u00eb mbush\u00ebn rrjetet sociale me vrer lajmesh t\u00eb rreme, nd\u00ebrkoh\u00eb q\u00eb po siguroheshin edhe [&hellip;]<\/p>\n","protected":false},"author":1,"featured_media":70180,"comment_status":"closed","ping_status":"closed","sticky":false,"template":"","format":"standard","meta":{"_monsterinsights_skip_tracking":false,"_monsterinsights_sitenote_active":false,"_monsterinsights_sitenote_note":"","_monsterinsights_sitenote_category":0,"_uf_show_specific_survey":0,"_uf_disable_surveys":false,"footnotes":""},"categories":[3324],"tags":[3419],"yoast_head":"<!-- This site is optimized with the Yoast SEO plugin v21.5 - https:\/\/yoast.com\/wordpress\/plugins\/seo\/ -->\n<title>Kuk\u00ebs: Me k\u00ebng\u00eb e valle, hapet Ura e Madhe<\/title>\n<meta name=\"robots\" content=\"index, follow, max-snippet:-1, max-image-preview:large, max-video-preview:-1\" \/>\n<link rel=\"canonical\" href=\"https:\/\/permbledhja.com\/sq\/kukes-me-kenge-e-valle-hapet-ura-e-madhe\/\" \/>\n<meta property=\"og:locale\" content=\"sq_AL\" \/>\n<meta property=\"og:type\" content=\"article\" \/>\n<meta property=\"og:title\" content=\"Kuk\u00ebs: Me k\u00ebng\u00eb e valle, hapet Ura e Madhe\" \/>\n<meta property=\"og:description\" content=\"Ura e Madhe e Kuk\u00ebsit \u00ebsht\u00eb hapur sot p\u00ebr qarkullimin e automjeteve. Kryeministri Edi Rama ka qen\u00eb sot i pranish\u00ebm n\u00eb ceremonin\u00eb e inaugurimit ku u prit me k\u00ebng\u00eb dhe valle. \u201cKy investim i jep nj\u00eb p\u00ebrgjigje kuptimplot\u00eb t\u00eb gjitha qyqeve q\u00eb mbush\u00ebn rrjetet sociale me vrer lajmesh t\u00eb rreme, nd\u00ebrkoh\u00eb q\u00eb po siguroheshin edhe [&hellip;]\" \/>\n<meta property=\"og:url\" content=\"https:\/\/permbledhja.com\/sq\/kukes-me-kenge-e-valle-hapet-ura-e-madhe\/\" \/>\n<meta property=\"og:site_name\" content=\"Ve\u00e7 artikuj p\u00ebrmbledh\u00ebs\" \/>\n<meta property=\"article:publisher\" content=\"https:\/\/www.facebook.com\/press07\/\" \/>\n<meta property=\"article:author\" content=\"https:\/\/www.facebook.com\/kafexhiu.muharrem\/\" \/>\n<meta property=\"article:published_time\" content=\"2024-11-04T14:15:03+00:00\" \/>\n<meta property=\"og:image\" content=\"https:\/\/permbledhja.com\/wp-content\/uploads\/2024\/11\/Screenshot_20241104_151226_Gallery.jpg\" \/>\n\t<meta property=\"og:image:width\" content=\"999\" \/>\n\t<meta property=\"og:image:height\" content=\"556\" \/>\n\t<meta property=\"og:image:type\" content=\"image\/jpeg\" \/>\n<meta name=\"author\" content=\"P\u00ebrmbledhja\" \/>\n<meta name=\"twitter:card\" content=\"summary_large_image\" \/>\n<meta name=\"twitter:label1\" content=\"Written by\" \/>\n\t<meta name=\"twitter:data1\" content=\"P\u00ebrmbledhja\" \/>\n\t<meta name=\"twitter:label2\" content=\"Est. reading time\" \/>\n\t<meta name=\"twitter:data2\" content=\"2 minuta\" \/>\n<script type=\"application\/ld+json\" class=\"yoast-schema-graph\">{\"@context\":\"https:\/\/schema.org\",\"@graph\":[{\"@type\":\"Article\",\"@id\":\"https:\/\/permbledhja.com\/kukes-me-kenge-e-valle-hapet-ura-e-madhe\/#article\",\"isPartOf\":{\"@id\":\"https:\/\/permbledhja.com\/kukes-me-kenge-e-valle-hapet-ura-e-madhe\/\"},\"author\":{\"name\":\"P\u00ebrmbledhja\",\"@id\":\"https:\/\/permbledhja.com\/#\/schema\/person\/0d064377258d3221e50693947b9eb4fe\"},\"headline\":\"Kuk\u00ebs: Me k\u00ebng\u00eb e valle, hapet Ura e Madhe\",\"datePublished\":\"2024-11-04T14:15:03+00:00\",\"dateModified\":\"2024-11-04T14:15:03+00:00\",\"mainEntityOfPage\":{\"@id\":\"https:\/\/permbledhja.com\/kukes-me-kenge-e-valle-hapet-ura-e-madhe\/\"},\"wordCount\":250,\"publisher\":{\"@id\":\"https:\/\/permbledhja.com\/#organization\"},\"keywords\":[\"Ura e Madhe\"],\"articleSection\":[\"Dyt\u00ebsore\"],\"inLanguage\":\"sq\"},{\"@type\":\"WebPage\",\"@id\":\"https:\/\/permbledhja.com\/kukes-me-kenge-e-valle-hapet-ura-e-madhe\/\",\"url\":\"https:\/\/permbledhja.com\/kukes-me-kenge-e-valle-hapet-ura-e-madhe\/\",\"name\":\"Kuk\u00ebs: Me k\u00ebng\u00eb e valle, hapet Ura e Madhe\",\"isPartOf\":{\"@id\":\"https:\/\/permbledhja.com\/#website\"},\"datePublished\":\"2024-11-04T14:15:03+00:00\",\"dateModified\":\"2024-11-04T14:15:03+00:00\",\"breadcrumb\":{\"@id\":\"https:\/\/permbledhja.com\/kukes-me-kenge-e-valle-hapet-ura-e-madhe\/#breadcrumb\"},\"inLanguage\":\"sq\",\"potentialAction\":[{\"@type\":\"ReadAction\",\"target\":[\"https:\/\/permbledhja.com\/kukes-me-kenge-e-valle-hapet-ura-e-madhe\/\"]}]},{\"@type\":\"BreadcrumbList\",\"@id\":\"https:\/\/permbledhja.com\/kukes-me-kenge-e-valle-hapet-ura-e-madhe\/#breadcrumb\",\"itemListElement\":[{\"@type\":\"ListItem\",\"position\":1,\"name\":\"Ballina\",\"item\":\"https:\/\/permbledhja.com\/sq\/\"},{\"@type\":\"ListItem\",\"position\":2,\"name\":\"Kuk\u00ebs: Me k\u00ebng\u00eb e valle, hapet Ura e Madhe\"}]},{\"@type\":\"WebSite\",\"@id\":\"https:\/\/permbledhja.com\/#website\",\"url\":\"https:\/\/permbledhja.com\/\",\"name\":\"Ve\u00e7 artikuj p\u00ebrmbledh\u00ebs\",\"description\":\"\",\"publisher\":{\"@id\":\"https:\/\/permbledhja.com\/#organization\"},\"potentialAction\":[{\"@type\":\"SearchAction\",\"target\":{\"@type\":\"EntryPoint\",\"urlTemplate\":\"https:\/\/permbledhja.com\/?s={search_term_string}\"},\"query-input\":\"required name=search_term_string\"}],\"inLanguage\":\"sq\"},{\"@type\":\"Organization\",\"@id\":\"https:\/\/permbledhja.com\/#organization\",\"name\":\"MK Media & Pr\",\"url\":\"https:\/\/permbledhja.com\/\",\"logo\":{\"@type\":\"ImageObject\",\"inLanguage\":\"sq\",\"@id\":\"https:\/\/permbledhja.com\/#\/schema\/logo\/image\/\",\"url\":\"https:\/\/permbledhja.com\/wp-content\/uploads\/2021\/12\/07-Press-Logo.jpg\",\"contentUrl\":\"https:\/\/permbledhja.com\/wp-content\/uploads\/2021\/12\/07-Press-Logo.jpg\",\"width\":512,\"height\":512,\"caption\":\"MK Media & Pr\"},\"image\":{\"@id\":\"https:\/\/permbledhja.com\/#\/schema\/logo\/image\/\"},\"sameAs\":[\"https:\/\/www.facebook.com\/press07\/\"]},{\"@type\":\"Person\",\"@id\":\"https:\/\/permbledhja.com\/#\/schema\/person\/0d064377258d3221e50693947b9eb4fe\",\"name\":\"P\u00ebrmbledhja\",\"image\":{\"@type\":\"ImageObject\",\"inLanguage\":\"sq\",\"@id\":\"https:\/\/permbledhja.com\/#\/schema\/person\/image\/\",\"url\":\"https:\/\/permbledhja.com\/wp-content\/uploads\/2026\/01\/452004717_1040944174702970_8932037511805513407_n-96x96.jpg\",\"contentUrl\":\"https:\/\/permbledhja.com\/wp-content\/uploads\/2026\/01\/452004717_1040944174702970_8932037511805513407_n-96x96.jpg\",\"caption\":\"P\u00ebrmbledhja\"},\"sameAs\":[\"https:\/\/www.facebook.com\/kafexhiu.muharrem\/\",\"https:\/\/www.instagram.com\/muharrem_kafexhiu\/\"],\"url\":\"https:\/\/permbledhja.com\/sq\/author\/admin\/\"}]}<\/script>\n<!-- \/ Yoast SEO plugin. -->","yoast_head_json":{"title":"Kuk\u00ebs: Me k\u00ebng\u00eb e valle, hapet Ura e Madhe","robots":{"index":"index","follow":"follow","max-snippet":"max-snippet:-1","max-image-preview":"max-image-preview:large","max-video-preview":"max-video-preview:-1"},"canonical":"https:\/\/permbledhja.com\/sq\/kukes-me-kenge-e-valle-hapet-ura-e-madhe\/","og_locale":"sq_AL","og_type":"article","og_title":"Kuk\u00ebs: Me k\u00ebng\u00eb e valle, hapet Ura e Madhe","og_description":"Ura e Madhe e Kuk\u00ebsit \u00ebsht\u00eb hapur sot p\u00ebr qarkullimin e automjeteve. Kryeministri Edi Rama ka qen\u00eb sot i pranish\u00ebm n\u00eb ceremonin\u00eb e inaugurimit ku u prit me k\u00ebng\u00eb dhe valle. \u201cKy investim i jep nj\u00eb p\u00ebrgjigje kuptimplot\u00eb t\u00eb gjitha qyqeve q\u00eb mbush\u00ebn rrjetet sociale me vrer lajmesh t\u00eb rreme, nd\u00ebrkoh\u00eb q\u00eb po siguroheshin edhe [&hellip;]","og_url":"https:\/\/permbledhja.com\/sq\/kukes-me-kenge-e-valle-hapet-ura-e-madhe\/","og_site_name":"Ve\u00e7 artikuj p\u00ebrmbledh\u00ebs","article_publisher":"https:\/\/www.facebook.com\/press07\/","article_author":"https:\/\/www.facebook.com\/kafexhiu.muharrem\/","article_published_time":"2024-11-04T14:15:03+00:00","og_image":[{"width":999,"height":556,"url":"https:\/\/permbledhja.com\/wp-content\/uploads\/2024\/11\/Screenshot_20241104_151226_Gallery.jpg","type":"image\/jpeg"}],"author":"P\u00ebrmbledhja","twitter_card":"summary_large_image","twitter_misc":{"Written by":"P\u00ebrmbledhja","Est. reading time":"2 minuta"},"schema":{"@context":"https:\/\/schema.org","@graph":[{"@type":"Article","@id":"https:\/\/permbledhja.com\/kukes-me-kenge-e-valle-hapet-ura-e-madhe\/#article","isPartOf":{"@id":"https:\/\/permbledhja.com\/kukes-me-kenge-e-valle-hapet-ura-e-madhe\/"},"author":{"name":"P\u00ebrmbledhja","@id":"https:\/\/permbledhja.com\/#\/schema\/person\/0d064377258d3221e50693947b9eb4fe"},"headline":"Kuk\u00ebs: Me k\u00ebng\u00eb e valle, hapet Ura e Madhe","datePublished":"2024-11-04T14:15:03+00:00","dateModified":"2024-11-04T14:15:03+00:00","mainEntityOfPage":{"@id":"https:\/\/permbledhja.com\/kukes-me-kenge-e-valle-hapet-ura-e-madhe\/"},"wordCount":250,"publisher":{"@id":"https:\/\/permbledhja.com\/#organization"},"keywords":["Ura e Madhe"],"articleSection":["Dyt\u00ebsore"],"inLanguage":"sq"},{"@type":"WebPage","@id":"https:\/\/permbledhja.com\/kukes-me-kenge-e-valle-hapet-ura-e-madhe\/","url":"https:\/\/permbledhja.com\/kukes-me-kenge-e-valle-hapet-ura-e-madhe\/","name":"Kuk\u00ebs: Me k\u00ebng\u00eb e valle, hapet Ura e Madhe","isPartOf":{"@id":"https:\/\/permbledhja.com\/#website"},"datePublished":"2024-11-04T14:15:03+00:00","dateModified":"2024-11-04T14:15:03+00:00","breadcrumb":{"@id":"https:\/\/permbledhja.com\/kukes-me-kenge-e-valle-hapet-ura-e-madhe\/#breadcrumb"},"inLanguage":"sq","potentialAction":[{"@type":"ReadAction","target":["https:\/\/permbledhja.com\/kukes-me-kenge-e-valle-hapet-ura-e-madhe\/"]}]},{"@type":"BreadcrumbList","@id":"https:\/\/permbledhja.com\/kukes-me-kenge-e-valle-hapet-ura-e-madhe\/#breadcrumb","itemListElement":[{"@type":"ListItem","position":1,"name":"Ballina","item":"https:\/\/permbledhja.com\/sq\/"},{"@type":"ListItem","position":2,"name":"Kuk\u00ebs: Me k\u00ebng\u00eb e valle, hapet Ura e Madhe"}]},{"@type":"WebSite","@id":"https:\/\/permbledhja.com\/#website","url":"https:\/\/permbledhja.com\/","name":"Ve\u00e7 artikuj p\u00ebrmbledh\u00ebs","description":"","publisher":{"@id":"https:\/\/permbledhja.com\/#organization"},"potentialAction":[{"@type":"SearchAction","target":{"@type":"EntryPoint","urlTemplate":"https:\/\/permbledhja.com\/?s={search_term_string}"},"query-input":"required name=search_term_string"}],"inLanguage":"sq"},{"@type":"Organization","@id":"https:\/\/permbledhja.com\/#organization","name":"MK Media & Pr","url":"https:\/\/permbledhja.com\/","logo":{"@type":"ImageObject","inLanguage":"sq","@id":"https:\/\/permbledhja.com\/#\/schema\/logo\/image\/","url":"https:\/\/permbledhja.com\/wp-content\/uploads\/2021\/12\/07-Press-Logo.jpg","contentUrl":"https:\/\/permbledhja.com\/wp-content\/uploads\/2021\/12\/07-Press-Logo.jpg","width":512,"height":512,"caption":"MK Media & Pr"},"image":{"@id":"https:\/\/permbledhja.com\/#\/schema\/logo\/image\/"},"sameAs":["https:\/\/www.facebook.com\/press07\/"]},{"@type":"Person","@id":"https:\/\/permbledhja.com\/#\/schema\/person\/0d064377258d3221e50693947b9eb4fe","name":"P\u00ebrmbledhja","image":{"@type":"ImageObject","inLanguage":"sq","@id":"https:\/\/permbledhja.com\/#\/schema\/person\/image\/","url":"https:\/\/permbledhja.com\/wp-content\/uploads\/2026\/01\/452004717_1040944174702970_8932037511805513407_n-96x96.jpg","contentUrl":"https:\/\/permbledhja.com\/wp-content\/uploads\/2026\/01\/452004717_1040944174702970_8932037511805513407_n-96x96.jpg","caption":"P\u00ebrmbledhja"},"sameAs":["https:\/\/www.facebook.com\/kafexhiu.muharrem\/","https:\/\/www.instagram.com\/muharrem_kafexhiu\/"],"url":"https:\/\/permbledhja.com\/sq\/author\/admin\/"}]}},"_links":{"self":[{"href":"https:\/\/permbledhja.com\/sq\/wp-json\/wp\/v2\/posts\/70179"}],"collection":[{"href":"https:\/\/permbledhja.com\/sq\/wp-json\/wp\/v2\/posts"}],"about":[{"href":"https:\/\/permbledhja.com\/sq\/wp-json\/wp\/v2\/types\/post"}],"author":[{"embeddable":true,"href":"https:\/\/permbledhja.com\/sq\/wp-json\/wp\/v2\/users\/1"}],"replies":[{"embeddable":true,"href":"https:\/\/permbledhja.com\/sq\/wp-json\/wp\/v2\/comments?post=70179"}],"version-history":[{"count":1,"href":"https:\/\/permbledhja.com\/sq\/wp-json\/wp\/v2\/posts\/70179\/revisions"}],"predecessor-version":[{"id":70181,"href":"https:\/\/permbledhja.com\/sq\/wp-json\/wp\/v2\/posts\/70179\/revisions\/70181"}],"wp:featuredmedia":[{"embeddable":true,"href":"https:\/\/permbledhja.com\/sq\/wp-json\/wp\/v2\/media\/70180"}],"wp:attachment":[{"href":"https:\/\/permbledhja.com\/sq\/wp-json\/wp\/v2\/media?parent=70179"}],"wp:term":[{"taxonomy":"category","embeddable":true,"href":"https:\/\/permbledhja.com\/sq\/wp-json\/wp\/v2\/categories?post=70179"},{"taxonomy":"post_tag","embeddable":true,"href":"https:\/\/permbledhja.com\/sq\/wp-json\/wp\/v2\/tags?post=70179"}],"curies":[{"name":"wp","href":"https:\/\/api.w.org\/{rel}","templated":true}]}}