{"id":6998,"date":"2022-09-28T13:40:09","date_gmt":"2022-09-28T13:40:09","guid":{"rendered":"https:\/\/permbledhja.com\/?p=6998"},"modified":"2022-09-28T13:40:09","modified_gmt":"2022-09-28T13:40:09","slug":"zhvillime-te-reja-ne-lidhje-me-greven-ne-arsim-a-po-pezullohet","status":"publish","type":"post","link":"https:\/\/permbledhja.com\/sq\/zhvillime-te-reja-ne-lidhje-me-greven-ne-arsim-a-po-pezullohet\/","title":{"rendered":"Zhvillime t\u00eb reja n\u00eb lidhje me grev\u00ebn n\u00eb arsim, a po pezullohet?"},"content":{"rendered":"<p><strong>Q\u00eb nga 25 gushti t\u00eb gjitha sindikatat n\u00eb Kosov\u00eb kan\u00eb hyr\u00eb n\u00eb grev\u00eb<\/strong>.<\/p>\n<p>E, q\u00eb nga kjo dat\u00eb Qeveria dhe Bashkimi i Sindikatave t\u00eb Pavarura t\u00eb Kosov\u00ebs nuk kan\u00eb arritur marr\u00ebveshje p\u00ebr ta nd\u00ebrprer\u00eb k\u00ebt\u00eb t\u00eb fundit.<\/p>\n<p>Kjo, p\u00ebr shkak q\u00eb Bashkimi i Sindikatave t\u00eb Pavarura t\u00eb Kosov\u00ebs po i k\u00ebrkon Qeveris\u00eb q\u00eb pun\u00ebtor\u00ebt t\u00eb marrin nga 100 euro deri n\u00eb miratimin e Ligjit p\u00ebr Paga, derisa Qeveria nuk po e pranon fare k\u00ebt\u00eb k\u00ebrkes\u00eb, shkruan Front Online.<\/p>\n<p>Por, si\u00e7 duket tashm\u00eb kjo situat\u00eb po merr nj\u00eb epilog tjet\u00ebr.<\/p>\n<p>K\u00ebshilli Grevist ka vendosur q\u00eb t\u00eb pyes an\u00ebtar\u00ebsin\u00eb p\u00ebr pezullim t\u00eb grev\u00ebs deri n\u00eb janar.<\/p>\n<p>Lidhur me k\u00ebt\u00eb p\u00ebr Front Online ka folur Nexhat Llumnica, an\u00ebtar i K\u00ebshillit Grevist.<\/p>\n<p>\u201cPatjet\u00ebr se ne kemi marr\u00eb vendim si K\u00ebshill Grevist edhe pse an\u00ebtar\u00ebsia e SBAShK-ut mund t\u00eb pajtohet, por K\u00ebshilli Grevist \u00ebsht\u00eb ai i cili e pezullon grev\u00ebn p\u00ebr aq koh\u00eb sa Qeveria e Kosov\u00ebs thot\u00eb se do t\u2019i senet mir\u00eb, e n\u00ebse i b\u00ebn senet mir\u00eb, ne nuk kemi nevoj\u00eb p\u00ebr nj\u00eb grev\u00eb tjet\u00ebr, mir\u00ebpo greva e ka kuptimin kur pezullohet, shtyhet p\u00ebr nj\u00eb afat e n\u00ebse nuk realizohen k\u00ebrkesat ajo mund t\u00eb aktivizohet pa vendime tjera\u201d, ka th\u00ebn\u00eb ai p\u00ebr Front Online.<\/p>\n<p>I, pyetur se a do t\u00eb pezullohet greva n\u00eb t\u00eb gjitha sindikatat, Llumnica ka th\u00ebn\u00eb se krejt kjo varet n\u00ebse pajtohet an\u00ebtar\u00ebsia.<\/p>\n<p>\u201c\u00cbsht\u00eb mendim i K\u00ebshillit Grevist, n\u00eb rast se an\u00ebtar\u00ebsia pajtohet\u201d, ka th\u00ebn\u00eb shkurt ai.<\/p>\n<p>Aktualisht K\u00ebshilli Grevist i SBASHK-ut \u00ebsht\u00eb duke diskutuar ku edhe po k\u00ebrkon nga an\u00ebtar\u00ebt e saj pezullimin e grev\u00ebs deri n\u00eb janar, duke theksuar si dat\u00eb t\u00eb mundshme 3 tetorin p\u00ebr fillimin e procesit m\u00ebsimor.<\/p>\n<p>N\u00eb letr\u00ebn e tyre d\u00ebrguar edhe mediave thuhet se m\u00ebsimdh\u00ebn\u00ebsit jan\u00eb n\u00ebp\u00ebrk\u00ebmbur n\u00eb vitet e 90-ta dhe nj\u00ebsoj kan\u00eb p\u00ebrjetuar n\u00ebp\u00ebrk\u00ebmbje q\u00eb nga muaji i kaluar.\/<\/p>\n","protected":false},"excerpt":{"rendered":"<p>Q\u00eb nga 25 gushti t\u00eb gjitha sindikatat n\u00eb Kosov\u00eb kan\u00eb hyr\u00eb n\u00eb grev\u00eb. E, q\u00eb nga kjo dat\u00eb Qeveria dhe Bashkimi i Sindikatave t\u00eb Pavarura t\u00eb Kosov\u00ebs nuk kan\u00eb arritur marr\u00ebveshje p\u00ebr ta nd\u00ebrprer\u00eb k\u00ebt\u00eb t\u00eb fundit. Kjo, p\u00ebr shkak q\u00eb Bashkimi i Sindikatave t\u00eb Pavarura t\u00eb Kosov\u00ebs po i k\u00ebrkon Qeveris\u00eb q\u00eb pun\u00ebtor\u00ebt t\u00eb [&hellip;]<\/p>\n","protected":false},"author":1,"featured_media":5818,"comment_status":"closed","ping_status":"closed","sticky":false,"template":"","format":"standard","meta":{"_monsterinsights_skip_tracking":false,"_monsterinsights_sitenote_active":false,"_monsterinsights_sitenote_note":"","_monsterinsights_sitenote_category":0,"_uf_show_specific_survey":0,"_uf_disable_surveys":false,"footnotes":""},"categories":[23,15],"tags":[],"yoast_head":"<!-- This site is optimized with the Yoast SEO plugin v21.5 - https:\/\/yoast.com\/wordpress\/plugins\/seo\/ -->\n<title>Zhvillime t\u00eb reja n\u00eb lidhje me grev\u00ebn n\u00eb arsim, a po pezullohet?<\/title>\n<meta name=\"robots\" content=\"index, follow, max-snippet:-1, max-image-preview:large, max-video-preview:-1\" \/>\n<link rel=\"canonical\" href=\"https:\/\/permbledhja.com\/sq\/zhvillime-te-reja-ne-lidhje-me-greven-ne-arsim-a-po-pezullohet\/\" \/>\n<meta property=\"og:locale\" content=\"sq_AL\" \/>\n<meta property=\"og:type\" content=\"article\" \/>\n<meta property=\"og:title\" content=\"Zhvillime t\u00eb reja n\u00eb lidhje me grev\u00ebn n\u00eb arsim, a po pezullohet?\" \/>\n<meta property=\"og:description\" content=\"Q\u00eb nga 25 gushti t\u00eb gjitha sindikatat n\u00eb Kosov\u00eb kan\u00eb hyr\u00eb n\u00eb grev\u00eb. E, q\u00eb nga kjo dat\u00eb Qeveria dhe Bashkimi i Sindikatave t\u00eb Pavarura t\u00eb Kosov\u00ebs nuk kan\u00eb arritur marr\u00ebveshje p\u00ebr ta nd\u00ebrprer\u00eb k\u00ebt\u00eb t\u00eb fundit. Kjo, p\u00ebr shkak q\u00eb Bashkimi i Sindikatave t\u00eb Pavarura t\u00eb Kosov\u00ebs po i k\u00ebrkon Qeveris\u00eb q\u00eb pun\u00ebtor\u00ebt t\u00eb [&hellip;]\" \/>\n<meta property=\"og:url\" content=\"https:\/\/permbledhja.com\/sq\/zhvillime-te-reja-ne-lidhje-me-greven-ne-arsim-a-po-pezullohet\/\" \/>\n<meta property=\"og:site_name\" content=\"Ve\u00e7 artikuj p\u00ebrmbledh\u00ebs\" \/>\n<meta property=\"article:publisher\" content=\"https:\/\/www.facebook.com\/press07\/\" \/>\n<meta property=\"article:author\" content=\"https:\/\/www.facebook.com\/kafexhiu.muharrem\/\" \/>\n<meta property=\"article:published_time\" content=\"2022-09-28T13:40:09+00:00\" \/>\n<meta property=\"og:image\" content=\"https:\/\/permbledhja.com\/wp-content\/uploads\/2022\/09\/shkolla_1490020078-6248572-1-780x439-1.jpg\" \/>\n\t<meta property=\"og:image:width\" content=\"780\" \/>\n\t<meta property=\"og:image:height\" content=\"439\" \/>\n\t<meta property=\"og:image:type\" content=\"image\/jpeg\" \/>\n<meta name=\"author\" content=\"P\u00ebrmbledhja\" \/>\n<meta name=\"twitter:card\" content=\"summary_large_image\" \/>\n<meta name=\"twitter:label1\" content=\"Written by\" \/>\n\t<meta name=\"twitter:data1\" content=\"P\u00ebrmbledhja\" \/>\n\t<meta name=\"twitter:label2\" content=\"Est. reading time\" \/>\n\t<meta name=\"twitter:data2\" content=\"2 minuta\" \/>\n<script type=\"application\/ld+json\" class=\"yoast-schema-graph\">{\"@context\":\"https:\/\/schema.org\",\"@graph\":[{\"@type\":\"Article\",\"@id\":\"https:\/\/permbledhja.com\/zhvillime-te-reja-ne-lidhje-me-greven-ne-arsim-a-po-pezullohet\/#article\",\"isPartOf\":{\"@id\":\"https:\/\/permbledhja.com\/zhvillime-te-reja-ne-lidhje-me-greven-ne-arsim-a-po-pezullohet\/\"},\"author\":{\"name\":\"P\u00ebrmbledhja\",\"@id\":\"https:\/\/permbledhja.com\/#\/schema\/person\/0d064377258d3221e50693947b9eb4fe\"},\"headline\":\"Zhvillime t\u00eb reja n\u00eb lidhje me grev\u00ebn n\u00eb arsim, a po pezullohet?\",\"datePublished\":\"2022-09-28T13:40:09+00:00\",\"dateModified\":\"2022-09-28T13:40:09+00:00\",\"mainEntityOfPage\":{\"@id\":\"https:\/\/permbledhja.com\/zhvillime-te-reja-ne-lidhje-me-greven-ne-arsim-a-po-pezullohet\/\"},\"wordCount\":378,\"publisher\":{\"@id\":\"https:\/\/permbledhja.com\/#organization\"},\"articleSection\":[\"Komb\u00ebtare\",\"Lajme\"],\"inLanguage\":\"sq\"},{\"@type\":\"WebPage\",\"@id\":\"https:\/\/permbledhja.com\/zhvillime-te-reja-ne-lidhje-me-greven-ne-arsim-a-po-pezullohet\/\",\"url\":\"https:\/\/permbledhja.com\/zhvillime-te-reja-ne-lidhje-me-greven-ne-arsim-a-po-pezullohet\/\",\"name\":\"Zhvillime t\u00eb reja n\u00eb lidhje me grev\u00ebn n\u00eb arsim, a po pezullohet?\",\"isPartOf\":{\"@id\":\"https:\/\/permbledhja.com\/#website\"},\"datePublished\":\"2022-09-28T13:40:09+00:00\",\"dateModified\":\"2022-09-28T13:40:09+00:00\",\"breadcrumb\":{\"@id\":\"https:\/\/permbledhja.com\/zhvillime-te-reja-ne-lidhje-me-greven-ne-arsim-a-po-pezullohet\/#breadcrumb\"},\"inLanguage\":\"sq\",\"potentialAction\":[{\"@type\":\"ReadAction\",\"target\":[\"https:\/\/permbledhja.com\/zhvillime-te-reja-ne-lidhje-me-greven-ne-arsim-a-po-pezullohet\/\"]}]},{\"@type\":\"BreadcrumbList\",\"@id\":\"https:\/\/permbledhja.com\/zhvillime-te-reja-ne-lidhje-me-greven-ne-arsim-a-po-pezullohet\/#breadcrumb\",\"itemListElement\":[{\"@type\":\"ListItem\",\"position\":1,\"name\":\"Ballina\",\"item\":\"https:\/\/permbledhja.com\/sq\/\"},{\"@type\":\"ListItem\",\"position\":2,\"name\":\"Zhvillime t\u00eb reja n\u00eb lidhje me grev\u00ebn n\u00eb arsim, a po pezullohet?\"}]},{\"@type\":\"WebSite\",\"@id\":\"https:\/\/permbledhja.com\/#website\",\"url\":\"https:\/\/permbledhja.com\/\",\"name\":\"Ve\u00e7 artikuj p\u00ebrmbledh\u00ebs\",\"description\":\"\",\"publisher\":{\"@id\":\"https:\/\/permbledhja.com\/#organization\"},\"potentialAction\":[{\"@type\":\"SearchAction\",\"target\":{\"@type\":\"EntryPoint\",\"urlTemplate\":\"https:\/\/permbledhja.com\/?s={search_term_string}\"},\"query-input\":\"required name=search_term_string\"}],\"inLanguage\":\"sq\"},{\"@type\":\"Organization\",\"@id\":\"https:\/\/permbledhja.com\/#organization\",\"name\":\"MK Media & Pr\",\"url\":\"https:\/\/permbledhja.com\/\",\"logo\":{\"@type\":\"ImageObject\",\"inLanguage\":\"sq\",\"@id\":\"https:\/\/permbledhja.com\/#\/schema\/logo\/image\/\",\"url\":\"https:\/\/permbledhja.com\/wp-content\/uploads\/2021\/12\/07-Press-Logo.jpg\",\"contentUrl\":\"https:\/\/permbledhja.com\/wp-content\/uploads\/2021\/12\/07-Press-Logo.jpg\",\"width\":512,\"height\":512,\"caption\":\"MK Media & Pr\"},\"image\":{\"@id\":\"https:\/\/permbledhja.com\/#\/schema\/logo\/image\/\"},\"sameAs\":[\"https:\/\/www.facebook.com\/press07\/\"]},{\"@type\":\"Person\",\"@id\":\"https:\/\/permbledhja.com\/#\/schema\/person\/0d064377258d3221e50693947b9eb4fe\",\"name\":\"P\u00ebrmbledhja\",\"image\":{\"@type\":\"ImageObject\",\"inLanguage\":\"sq\",\"@id\":\"https:\/\/permbledhja.com\/#\/schema\/person\/image\/\",\"url\":\"https:\/\/permbledhja.com\/wp-content\/uploads\/2026\/01\/452004717_1040944174702970_8932037511805513407_n-96x96.jpg\",\"contentUrl\":\"https:\/\/permbledhja.com\/wp-content\/uploads\/2026\/01\/452004717_1040944174702970_8932037511805513407_n-96x96.jpg\",\"caption\":\"P\u00ebrmbledhja\"},\"sameAs\":[\"https:\/\/www.facebook.com\/kafexhiu.muharrem\/\",\"https:\/\/www.instagram.com\/muharrem_kafexhiu\/\"],\"url\":\"https:\/\/permbledhja.com\/sq\/author\/admin\/\"}]}<\/script>\n<!-- \/ Yoast SEO plugin. -->","yoast_head_json":{"title":"Zhvillime t\u00eb reja n\u00eb lidhje me grev\u00ebn n\u00eb arsim, a po pezullohet?","robots":{"index":"index","follow":"follow","max-snippet":"max-snippet:-1","max-image-preview":"max-image-preview:large","max-video-preview":"max-video-preview:-1"},"canonical":"https:\/\/permbledhja.com\/sq\/zhvillime-te-reja-ne-lidhje-me-greven-ne-arsim-a-po-pezullohet\/","og_locale":"sq_AL","og_type":"article","og_title":"Zhvillime t\u00eb reja n\u00eb lidhje me grev\u00ebn n\u00eb arsim, a po pezullohet?","og_description":"Q\u00eb nga 25 gushti t\u00eb gjitha sindikatat n\u00eb Kosov\u00eb kan\u00eb hyr\u00eb n\u00eb grev\u00eb. E, q\u00eb nga kjo dat\u00eb Qeveria dhe Bashkimi i Sindikatave t\u00eb Pavarura t\u00eb Kosov\u00ebs nuk kan\u00eb arritur marr\u00ebveshje p\u00ebr ta nd\u00ebrprer\u00eb k\u00ebt\u00eb t\u00eb fundit. Kjo, p\u00ebr shkak q\u00eb Bashkimi i Sindikatave t\u00eb Pavarura t\u00eb Kosov\u00ebs po i k\u00ebrkon Qeveris\u00eb q\u00eb pun\u00ebtor\u00ebt t\u00eb [&hellip;]","og_url":"https:\/\/permbledhja.com\/sq\/zhvillime-te-reja-ne-lidhje-me-greven-ne-arsim-a-po-pezullohet\/","og_site_name":"Ve\u00e7 artikuj p\u00ebrmbledh\u00ebs","article_publisher":"https:\/\/www.facebook.com\/press07\/","article_author":"https:\/\/www.facebook.com\/kafexhiu.muharrem\/","article_published_time":"2022-09-28T13:40:09+00:00","og_image":[{"width":780,"height":439,"url":"https:\/\/permbledhja.com\/wp-content\/uploads\/2022\/09\/shkolla_1490020078-6248572-1-780x439-1.jpg","type":"image\/jpeg"}],"author":"P\u00ebrmbledhja","twitter_card":"summary_large_image","twitter_misc":{"Written by":"P\u00ebrmbledhja","Est. reading time":"2 minuta"},"schema":{"@context":"https:\/\/schema.org","@graph":[{"@type":"Article","@id":"https:\/\/permbledhja.com\/zhvillime-te-reja-ne-lidhje-me-greven-ne-arsim-a-po-pezullohet\/#article","isPartOf":{"@id":"https:\/\/permbledhja.com\/zhvillime-te-reja-ne-lidhje-me-greven-ne-arsim-a-po-pezullohet\/"},"author":{"name":"P\u00ebrmbledhja","@id":"https:\/\/permbledhja.com\/#\/schema\/person\/0d064377258d3221e50693947b9eb4fe"},"headline":"Zhvillime t\u00eb reja n\u00eb lidhje me grev\u00ebn n\u00eb arsim, a po pezullohet?","datePublished":"2022-09-28T13:40:09+00:00","dateModified":"2022-09-28T13:40:09+00:00","mainEntityOfPage":{"@id":"https:\/\/permbledhja.com\/zhvillime-te-reja-ne-lidhje-me-greven-ne-arsim-a-po-pezullohet\/"},"wordCount":378,"publisher":{"@id":"https:\/\/permbledhja.com\/#organization"},"articleSection":["Komb\u00ebtare","Lajme"],"inLanguage":"sq"},{"@type":"WebPage","@id":"https:\/\/permbledhja.com\/zhvillime-te-reja-ne-lidhje-me-greven-ne-arsim-a-po-pezullohet\/","url":"https:\/\/permbledhja.com\/zhvillime-te-reja-ne-lidhje-me-greven-ne-arsim-a-po-pezullohet\/","name":"Zhvillime t\u00eb reja n\u00eb lidhje me grev\u00ebn n\u00eb arsim, a po pezullohet?","isPartOf":{"@id":"https:\/\/permbledhja.com\/#website"},"datePublished":"2022-09-28T13:40:09+00:00","dateModified":"2022-09-28T13:40:09+00:00","breadcrumb":{"@id":"https:\/\/permbledhja.com\/zhvillime-te-reja-ne-lidhje-me-greven-ne-arsim-a-po-pezullohet\/#breadcrumb"},"inLanguage":"sq","potentialAction":[{"@type":"ReadAction","target":["https:\/\/permbledhja.com\/zhvillime-te-reja-ne-lidhje-me-greven-ne-arsim-a-po-pezullohet\/"]}]},{"@type":"BreadcrumbList","@id":"https:\/\/permbledhja.com\/zhvillime-te-reja-ne-lidhje-me-greven-ne-arsim-a-po-pezullohet\/#breadcrumb","itemListElement":[{"@type":"ListItem","position":1,"name":"Ballina","item":"https:\/\/permbledhja.com\/sq\/"},{"@type":"ListItem","position":2,"name":"Zhvillime t\u00eb reja n\u00eb lidhje me grev\u00ebn n\u00eb arsim, a po pezullohet?"}]},{"@type":"WebSite","@id":"https:\/\/permbledhja.com\/#website","url":"https:\/\/permbledhja.com\/","name":"Ve\u00e7 artikuj p\u00ebrmbledh\u00ebs","description":"","publisher":{"@id":"https:\/\/permbledhja.com\/#organization"},"potentialAction":[{"@type":"SearchAction","target":{"@type":"EntryPoint","urlTemplate":"https:\/\/permbledhja.com\/?s={search_term_string}"},"query-input":"required name=search_term_string"}],"inLanguage":"sq"},{"@type":"Organization","@id":"https:\/\/permbledhja.com\/#organization","name":"MK Media & Pr","url":"https:\/\/permbledhja.com\/","logo":{"@type":"ImageObject","inLanguage":"sq","@id":"https:\/\/permbledhja.com\/#\/schema\/logo\/image\/","url":"https:\/\/permbledhja.com\/wp-content\/uploads\/2021\/12\/07-Press-Logo.jpg","contentUrl":"https:\/\/permbledhja.com\/wp-content\/uploads\/2021\/12\/07-Press-Logo.jpg","width":512,"height":512,"caption":"MK Media & Pr"},"image":{"@id":"https:\/\/permbledhja.com\/#\/schema\/logo\/image\/"},"sameAs":["https:\/\/www.facebook.com\/press07\/"]},{"@type":"Person","@id":"https:\/\/permbledhja.com\/#\/schema\/person\/0d064377258d3221e50693947b9eb4fe","name":"P\u00ebrmbledhja","image":{"@type":"ImageObject","inLanguage":"sq","@id":"https:\/\/permbledhja.com\/#\/schema\/person\/image\/","url":"https:\/\/permbledhja.com\/wp-content\/uploads\/2026\/01\/452004717_1040944174702970_8932037511805513407_n-96x96.jpg","contentUrl":"https:\/\/permbledhja.com\/wp-content\/uploads\/2026\/01\/452004717_1040944174702970_8932037511805513407_n-96x96.jpg","caption":"P\u00ebrmbledhja"},"sameAs":["https:\/\/www.facebook.com\/kafexhiu.muharrem\/","https:\/\/www.instagram.com\/muharrem_kafexhiu\/"],"url":"https:\/\/permbledhja.com\/sq\/author\/admin\/"}]}},"_links":{"self":[{"href":"https:\/\/permbledhja.com\/sq\/wp-json\/wp\/v2\/posts\/6998"}],"collection":[{"href":"https:\/\/permbledhja.com\/sq\/wp-json\/wp\/v2\/posts"}],"about":[{"href":"https:\/\/permbledhja.com\/sq\/wp-json\/wp\/v2\/types\/post"}],"author":[{"embeddable":true,"href":"https:\/\/permbledhja.com\/sq\/wp-json\/wp\/v2\/users\/1"}],"replies":[{"embeddable":true,"href":"https:\/\/permbledhja.com\/sq\/wp-json\/wp\/v2\/comments?post=6998"}],"version-history":[{"count":1,"href":"https:\/\/permbledhja.com\/sq\/wp-json\/wp\/v2\/posts\/6998\/revisions"}],"predecessor-version":[{"id":6999,"href":"https:\/\/permbledhja.com\/sq\/wp-json\/wp\/v2\/posts\/6998\/revisions\/6999"}],"wp:featuredmedia":[{"embeddable":true,"href":"https:\/\/permbledhja.com\/sq\/wp-json\/wp\/v2\/media\/5818"}],"wp:attachment":[{"href":"https:\/\/permbledhja.com\/sq\/wp-json\/wp\/v2\/media?parent=6998"}],"wp:term":[{"taxonomy":"category","embeddable":true,"href":"https:\/\/permbledhja.com\/sq\/wp-json\/wp\/v2\/categories?post=6998"},{"taxonomy":"post_tag","embeddable":true,"href":"https:\/\/permbledhja.com\/sq\/wp-json\/wp\/v2\/tags?post=6998"}],"curies":[{"name":"wp","href":"https:\/\/api.w.org\/{rel}","templated":true}]}}