{"id":6995,"date":"2022-09-28T11:28:33","date_gmt":"2022-09-28T11:28:33","guid":{"rendered":"https:\/\/permbledhja.com\/?p=6995"},"modified":"2022-09-28T11:28:33","modified_gmt":"2022-09-28T11:28:33","slug":"a-po-perfundon-greva-ne-arsim-ky-eshte-reagimi-i-fundit-nga-sbashk-u","status":"publish","type":"post","link":"https:\/\/permbledhja.com\/sq\/a-po-perfundon-greva-ne-arsim-ky-eshte-reagimi-i-fundit-nga-sbashk-u\/","title":{"rendered":"A po p\u00ebrfundon greva n\u00eb arsim, ky \u00ebsht\u00eb reagimi i fundit nga SBASHK-u"},"content":{"rendered":"<p><strong>Edhe java e pest\u00eb mund t`i z\u00eb nx\u00ebn\u00ebsit kosovar\u00eb jasht\u00eb bankave shkollore<\/strong>.<\/p>\n<p>SBASHK-u dhe Qeveria nuk kan\u00eb arritur akoma akord mes vete as pas disa jav\u00ebsh p\u00ebr zhbllokimin e grev\u00ebs n\u00eb arsim.<\/p>\n<p>K\u00ebt\u00eb e ka konfirmuar p\u00ebr \u201cFront Online\u201d kryetari i K\u00ebshillit Grevist t\u00eb SBASHK-ut, Reshit Kushaj.<\/p>\n<p>\u201cDeri tash kur po flasim jo. Situata \u00ebsht\u00eb e nj\u00ebjt\u00eb. Greva vazhdon\u201d, theksoi ai p\u00ebr \u201cFront Online\u201d.<\/p>\n<p>Pal\u00ebt nuk kan\u00eb zhvilluar takim m\u00eb, q\u00eb ai n\u00eb Komisionin p\u00ebr Arsim, p\u00ebr t`u marr\u00eb vesh rreth shum\u00ebs q\u00eb po i prish.<\/p>\n<p>Qeveria ofron 50 euro, m\u00ebsimdh\u00ebn\u00ebsit duan 100 sosh deri n\u00eb miratimin e Ligjit p\u00ebr Paga.<\/p>\n<p>K\u00ebta t\u00eb fundit s`\u00ebsht\u00eb q\u00eb do ta refuzonin edhe nj\u00eb ofert\u00eb tjet\u00ebr qeveritare.<\/p>\n<p>\u201cE pranojm\u00eb rritjen prej 10 % n\u00eb pag\u00ebn baz\u00eb deri t\u00eb miratohet Ligji i Pagave, q\u00eb i bie m\u00eb pak se 100 euro\u201d, u shpreh Kushaj p\u00ebr \u201cFront Online\u201d.<\/p>\n<p>Nj\u00eb e till\u00eb nuk dihet n\u00ebse do t\u00eb vie, por tani p\u00ebr tani thon\u00eb se nuk kan\u00eb me k\u00ebnd ta diskutojn\u00eb at\u00eb.<\/p>\n<p>Kryeministri kosovar, Albin Kurti ndodhet n\u00eb Japoni, ku po merr pjes\u00eb n\u00eb varrimin e ish-kryeministrit t\u00eb k\u00ebtij shteti, Shinzo Abe.<\/p>\n<p>\u201cKurti nuk ka l\u00ebn\u00eb asnj\u00eb autoritet tjet\u00ebr me diskutu me ne, kur u shku n\u00eb Japoni. Gjysm\u00eb mililoni njer\u00ebz jemi n\u00eb pritje\u201d, deklaroi Kushaj p\u00ebr \u201cFront Online\u201d.<\/p>\n<p>N\u00eb an\u00ebn tjet\u00ebr K\u00ebshilli i Prind\u00ebrve ka paralajm\u00ebruar protest\u00eb, n\u00ebse nuk arrihet marr\u00ebveshje deri m\u00eb 1 tetor<\/p>\n","protected":false},"excerpt":{"rendered":"<p>Edhe java e pest\u00eb mund t`i z\u00eb nx\u00ebn\u00ebsit kosovar\u00eb jasht\u00eb bankave shkollore. SBASHK-u dhe Qeveria nuk kan\u00eb arritur akoma akord mes vete as pas disa jav\u00ebsh p\u00ebr zhbllokimin e grev\u00ebs n\u00eb arsim. K\u00ebt\u00eb e ka konfirmuar p\u00ebr \u201cFront Online\u201d kryetari i K\u00ebshillit Grevist t\u00eb SBASHK-ut, Reshit Kushaj. \u201cDeri tash kur po flasim jo. Situata \u00ebsht\u00eb [&hellip;]<\/p>\n","protected":false},"author":1,"featured_media":5490,"comment_status":"closed","ping_status":"closed","sticky":false,"template":"","format":"standard","meta":{"_monsterinsights_skip_tracking":false,"_monsterinsights_sitenote_active":false,"_monsterinsights_sitenote_note":"","_monsterinsights_sitenote_category":0,"_uf_show_specific_survey":0,"_uf_disable_surveys":false,"footnotes":""},"categories":[23,15],"tags":[],"yoast_head":"<!-- This site is optimized with the Yoast SEO plugin v21.5 - https:\/\/yoast.com\/wordpress\/plugins\/seo\/ -->\n<title>A po p\u00ebrfundon greva n\u00eb arsim, ky \u00ebsht\u00eb reagimi i fundit nga SBASHK-u<\/title>\n<meta name=\"robots\" content=\"index, follow, max-snippet:-1, max-image-preview:large, max-video-preview:-1\" \/>\n<link rel=\"canonical\" href=\"https:\/\/permbledhja.com\/sq\/a-po-perfundon-greva-ne-arsim-ky-eshte-reagimi-i-fundit-nga-sbashk-u\/\" \/>\n<meta property=\"og:locale\" content=\"sq_AL\" \/>\n<meta property=\"og:type\" content=\"article\" \/>\n<meta property=\"og:title\" content=\"A po p\u00ebrfundon greva n\u00eb arsim, ky \u00ebsht\u00eb reagimi i fundit nga SBASHK-u\" \/>\n<meta property=\"og:description\" content=\"Edhe java e pest\u00eb mund t`i z\u00eb nx\u00ebn\u00ebsit kosovar\u00eb jasht\u00eb bankave shkollore. SBASHK-u dhe Qeveria nuk kan\u00eb arritur akoma akord mes vete as pas disa jav\u00ebsh p\u00ebr zhbllokimin e grev\u00ebs n\u00eb arsim. K\u00ebt\u00eb e ka konfirmuar p\u00ebr \u201cFront Online\u201d kryetari i K\u00ebshillit Grevist t\u00eb SBASHK-ut, Reshit Kushaj. \u201cDeri tash kur po flasim jo. Situata \u00ebsht\u00eb [&hellip;]\" \/>\n<meta property=\"og:url\" content=\"https:\/\/permbledhja.com\/sq\/a-po-perfundon-greva-ne-arsim-ky-eshte-reagimi-i-fundit-nga-sbashk-u\/\" \/>\n<meta property=\"og:site_name\" content=\"Ve\u00e7 artikuj p\u00ebrmbledh\u00ebs\" \/>\n<meta property=\"article:publisher\" content=\"https:\/\/www.facebook.com\/press07\/\" \/>\n<meta property=\"article:author\" content=\"https:\/\/www.facebook.com\/kafexhiu.muharrem\/\" \/>\n<meta property=\"article:published_time\" content=\"2022-09-28T11:28:33+00:00\" \/>\n<meta property=\"og:image\" content=\"https:\/\/permbledhja.com\/wp-content\/uploads\/2022\/09\/greva-1-1-600x360-1.jpg\" \/>\n\t<meta property=\"og:image:width\" content=\"600\" \/>\n\t<meta property=\"og:image:height\" content=\"360\" \/>\n\t<meta property=\"og:image:type\" content=\"image\/jpeg\" \/>\n<meta name=\"author\" content=\"P\u00ebrmbledhja\" \/>\n<meta name=\"twitter:card\" content=\"summary_large_image\" \/>\n<meta name=\"twitter:label1\" content=\"Written by\" \/>\n\t<meta name=\"twitter:data1\" content=\"P\u00ebrmbledhja\" \/>\n\t<meta name=\"twitter:label2\" content=\"Est. reading time\" \/>\n\t<meta name=\"twitter:data2\" content=\"2 minuta\" \/>\n<script type=\"application\/ld+json\" class=\"yoast-schema-graph\">{\"@context\":\"https:\/\/schema.org\",\"@graph\":[{\"@type\":\"Article\",\"@id\":\"https:\/\/permbledhja.com\/a-po-perfundon-greva-ne-arsim-ky-eshte-reagimi-i-fundit-nga-sbashk-u\/#article\",\"isPartOf\":{\"@id\":\"https:\/\/permbledhja.com\/a-po-perfundon-greva-ne-arsim-ky-eshte-reagimi-i-fundit-nga-sbashk-u\/\"},\"author\":{\"name\":\"P\u00ebrmbledhja\",\"@id\":\"https:\/\/permbledhja.com\/#\/schema\/person\/0d064377258d3221e50693947b9eb4fe\"},\"headline\":\"A po p\u00ebrfundon greva n\u00eb arsim, ky \u00ebsht\u00eb reagimi i fundit nga SBASHK-u\",\"datePublished\":\"2022-09-28T11:28:33+00:00\",\"dateModified\":\"2022-09-28T11:28:33+00:00\",\"mainEntityOfPage\":{\"@id\":\"https:\/\/permbledhja.com\/a-po-perfundon-greva-ne-arsim-ky-eshte-reagimi-i-fundit-nga-sbashk-u\/\"},\"wordCount\":277,\"publisher\":{\"@id\":\"https:\/\/permbledhja.com\/#organization\"},\"articleSection\":[\"Komb\u00ebtare\",\"Lajme\"],\"inLanguage\":\"sq\"},{\"@type\":\"WebPage\",\"@id\":\"https:\/\/permbledhja.com\/a-po-perfundon-greva-ne-arsim-ky-eshte-reagimi-i-fundit-nga-sbashk-u\/\",\"url\":\"https:\/\/permbledhja.com\/a-po-perfundon-greva-ne-arsim-ky-eshte-reagimi-i-fundit-nga-sbashk-u\/\",\"name\":\"A po p\u00ebrfundon greva n\u00eb arsim, ky \u00ebsht\u00eb reagimi i fundit nga SBASHK-u\",\"isPartOf\":{\"@id\":\"https:\/\/permbledhja.com\/#website\"},\"datePublished\":\"2022-09-28T11:28:33+00:00\",\"dateModified\":\"2022-09-28T11:28:33+00:00\",\"breadcrumb\":{\"@id\":\"https:\/\/permbledhja.com\/a-po-perfundon-greva-ne-arsim-ky-eshte-reagimi-i-fundit-nga-sbashk-u\/#breadcrumb\"},\"inLanguage\":\"sq\",\"potentialAction\":[{\"@type\":\"ReadAction\",\"target\":[\"https:\/\/permbledhja.com\/a-po-perfundon-greva-ne-arsim-ky-eshte-reagimi-i-fundit-nga-sbashk-u\/\"]}]},{\"@type\":\"BreadcrumbList\",\"@id\":\"https:\/\/permbledhja.com\/a-po-perfundon-greva-ne-arsim-ky-eshte-reagimi-i-fundit-nga-sbashk-u\/#breadcrumb\",\"itemListElement\":[{\"@type\":\"ListItem\",\"position\":1,\"name\":\"Ballina\",\"item\":\"https:\/\/permbledhja.com\/sq\/\"},{\"@type\":\"ListItem\",\"position\":2,\"name\":\"A po p\u00ebrfundon greva n\u00eb arsim, ky \u00ebsht\u00eb reagimi i fundit nga SBASHK-u\"}]},{\"@type\":\"WebSite\",\"@id\":\"https:\/\/permbledhja.com\/#website\",\"url\":\"https:\/\/permbledhja.com\/\",\"name\":\"Ve\u00e7 artikuj p\u00ebrmbledh\u00ebs\",\"description\":\"\",\"publisher\":{\"@id\":\"https:\/\/permbledhja.com\/#organization\"},\"potentialAction\":[{\"@type\":\"SearchAction\",\"target\":{\"@type\":\"EntryPoint\",\"urlTemplate\":\"https:\/\/permbledhja.com\/?s={search_term_string}\"},\"query-input\":\"required name=search_term_string\"}],\"inLanguage\":\"sq\"},{\"@type\":\"Organization\",\"@id\":\"https:\/\/permbledhja.com\/#organization\",\"name\":\"MK Media & Pr\",\"url\":\"https:\/\/permbledhja.com\/\",\"logo\":{\"@type\":\"ImageObject\",\"inLanguage\":\"sq\",\"@id\":\"https:\/\/permbledhja.com\/#\/schema\/logo\/image\/\",\"url\":\"https:\/\/permbledhja.com\/wp-content\/uploads\/2021\/12\/07-Press-Logo.jpg\",\"contentUrl\":\"https:\/\/permbledhja.com\/wp-content\/uploads\/2021\/12\/07-Press-Logo.jpg\",\"width\":512,\"height\":512,\"caption\":\"MK Media & Pr\"},\"image\":{\"@id\":\"https:\/\/permbledhja.com\/#\/schema\/logo\/image\/\"},\"sameAs\":[\"https:\/\/www.facebook.com\/press07\/\"]},{\"@type\":\"Person\",\"@id\":\"https:\/\/permbledhja.com\/#\/schema\/person\/0d064377258d3221e50693947b9eb4fe\",\"name\":\"P\u00ebrmbledhja\",\"image\":{\"@type\":\"ImageObject\",\"inLanguage\":\"sq\",\"@id\":\"https:\/\/permbledhja.com\/#\/schema\/person\/image\/\",\"url\":\"https:\/\/permbledhja.com\/wp-content\/uploads\/2026\/01\/452004717_1040944174702970_8932037511805513407_n-96x96.jpg\",\"contentUrl\":\"https:\/\/permbledhja.com\/wp-content\/uploads\/2026\/01\/452004717_1040944174702970_8932037511805513407_n-96x96.jpg\",\"caption\":\"P\u00ebrmbledhja\"},\"sameAs\":[\"https:\/\/www.facebook.com\/kafexhiu.muharrem\/\",\"https:\/\/www.instagram.com\/muharrem_kafexhiu\/\"],\"url\":\"https:\/\/permbledhja.com\/sq\/author\/admin\/\"}]}<\/script>\n<!-- \/ Yoast SEO plugin. -->","yoast_head_json":{"title":"A po p\u00ebrfundon greva n\u00eb arsim, ky \u00ebsht\u00eb reagimi i fundit nga SBASHK-u","robots":{"index":"index","follow":"follow","max-snippet":"max-snippet:-1","max-image-preview":"max-image-preview:large","max-video-preview":"max-video-preview:-1"},"canonical":"https:\/\/permbledhja.com\/sq\/a-po-perfundon-greva-ne-arsim-ky-eshte-reagimi-i-fundit-nga-sbashk-u\/","og_locale":"sq_AL","og_type":"article","og_title":"A po p\u00ebrfundon greva n\u00eb arsim, ky \u00ebsht\u00eb reagimi i fundit nga SBASHK-u","og_description":"Edhe java e pest\u00eb mund t`i z\u00eb nx\u00ebn\u00ebsit kosovar\u00eb jasht\u00eb bankave shkollore. SBASHK-u dhe Qeveria nuk kan\u00eb arritur akoma akord mes vete as pas disa jav\u00ebsh p\u00ebr zhbllokimin e grev\u00ebs n\u00eb arsim. K\u00ebt\u00eb e ka konfirmuar p\u00ebr \u201cFront Online\u201d kryetari i K\u00ebshillit Grevist t\u00eb SBASHK-ut, Reshit Kushaj. \u201cDeri tash kur po flasim jo. Situata \u00ebsht\u00eb [&hellip;]","og_url":"https:\/\/permbledhja.com\/sq\/a-po-perfundon-greva-ne-arsim-ky-eshte-reagimi-i-fundit-nga-sbashk-u\/","og_site_name":"Ve\u00e7 artikuj p\u00ebrmbledh\u00ebs","article_publisher":"https:\/\/www.facebook.com\/press07\/","article_author":"https:\/\/www.facebook.com\/kafexhiu.muharrem\/","article_published_time":"2022-09-28T11:28:33+00:00","og_image":[{"width":600,"height":360,"url":"https:\/\/permbledhja.com\/wp-content\/uploads\/2022\/09\/greva-1-1-600x360-1.jpg","type":"image\/jpeg"}],"author":"P\u00ebrmbledhja","twitter_card":"summary_large_image","twitter_misc":{"Written by":"P\u00ebrmbledhja","Est. reading time":"2 minuta"},"schema":{"@context":"https:\/\/schema.org","@graph":[{"@type":"Article","@id":"https:\/\/permbledhja.com\/a-po-perfundon-greva-ne-arsim-ky-eshte-reagimi-i-fundit-nga-sbashk-u\/#article","isPartOf":{"@id":"https:\/\/permbledhja.com\/a-po-perfundon-greva-ne-arsim-ky-eshte-reagimi-i-fundit-nga-sbashk-u\/"},"author":{"name":"P\u00ebrmbledhja","@id":"https:\/\/permbledhja.com\/#\/schema\/person\/0d064377258d3221e50693947b9eb4fe"},"headline":"A po p\u00ebrfundon greva n\u00eb arsim, ky \u00ebsht\u00eb reagimi i fundit nga SBASHK-u","datePublished":"2022-09-28T11:28:33+00:00","dateModified":"2022-09-28T11:28:33+00:00","mainEntityOfPage":{"@id":"https:\/\/permbledhja.com\/a-po-perfundon-greva-ne-arsim-ky-eshte-reagimi-i-fundit-nga-sbashk-u\/"},"wordCount":277,"publisher":{"@id":"https:\/\/permbledhja.com\/#organization"},"articleSection":["Komb\u00ebtare","Lajme"],"inLanguage":"sq"},{"@type":"WebPage","@id":"https:\/\/permbledhja.com\/a-po-perfundon-greva-ne-arsim-ky-eshte-reagimi-i-fundit-nga-sbashk-u\/","url":"https:\/\/permbledhja.com\/a-po-perfundon-greva-ne-arsim-ky-eshte-reagimi-i-fundit-nga-sbashk-u\/","name":"A po p\u00ebrfundon greva n\u00eb arsim, ky \u00ebsht\u00eb reagimi i fundit nga SBASHK-u","isPartOf":{"@id":"https:\/\/permbledhja.com\/#website"},"datePublished":"2022-09-28T11:28:33+00:00","dateModified":"2022-09-28T11:28:33+00:00","breadcrumb":{"@id":"https:\/\/permbledhja.com\/a-po-perfundon-greva-ne-arsim-ky-eshte-reagimi-i-fundit-nga-sbashk-u\/#breadcrumb"},"inLanguage":"sq","potentialAction":[{"@type":"ReadAction","target":["https:\/\/permbledhja.com\/a-po-perfundon-greva-ne-arsim-ky-eshte-reagimi-i-fundit-nga-sbashk-u\/"]}]},{"@type":"BreadcrumbList","@id":"https:\/\/permbledhja.com\/a-po-perfundon-greva-ne-arsim-ky-eshte-reagimi-i-fundit-nga-sbashk-u\/#breadcrumb","itemListElement":[{"@type":"ListItem","position":1,"name":"Ballina","item":"https:\/\/permbledhja.com\/sq\/"},{"@type":"ListItem","position":2,"name":"A po p\u00ebrfundon greva n\u00eb arsim, ky \u00ebsht\u00eb reagimi i fundit nga SBASHK-u"}]},{"@type":"WebSite","@id":"https:\/\/permbledhja.com\/#website","url":"https:\/\/permbledhja.com\/","name":"Ve\u00e7 artikuj p\u00ebrmbledh\u00ebs","description":"","publisher":{"@id":"https:\/\/permbledhja.com\/#organization"},"potentialAction":[{"@type":"SearchAction","target":{"@type":"EntryPoint","urlTemplate":"https:\/\/permbledhja.com\/?s={search_term_string}"},"query-input":"required name=search_term_string"}],"inLanguage":"sq"},{"@type":"Organization","@id":"https:\/\/permbledhja.com\/#organization","name":"MK Media & Pr","url":"https:\/\/permbledhja.com\/","logo":{"@type":"ImageObject","inLanguage":"sq","@id":"https:\/\/permbledhja.com\/#\/schema\/logo\/image\/","url":"https:\/\/permbledhja.com\/wp-content\/uploads\/2021\/12\/07-Press-Logo.jpg","contentUrl":"https:\/\/permbledhja.com\/wp-content\/uploads\/2021\/12\/07-Press-Logo.jpg","width":512,"height":512,"caption":"MK Media & Pr"},"image":{"@id":"https:\/\/permbledhja.com\/#\/schema\/logo\/image\/"},"sameAs":["https:\/\/www.facebook.com\/press07\/"]},{"@type":"Person","@id":"https:\/\/permbledhja.com\/#\/schema\/person\/0d064377258d3221e50693947b9eb4fe","name":"P\u00ebrmbledhja","image":{"@type":"ImageObject","inLanguage":"sq","@id":"https:\/\/permbledhja.com\/#\/schema\/person\/image\/","url":"https:\/\/permbledhja.com\/wp-content\/uploads\/2026\/01\/452004717_1040944174702970_8932037511805513407_n-96x96.jpg","contentUrl":"https:\/\/permbledhja.com\/wp-content\/uploads\/2026\/01\/452004717_1040944174702970_8932037511805513407_n-96x96.jpg","caption":"P\u00ebrmbledhja"},"sameAs":["https:\/\/www.facebook.com\/kafexhiu.muharrem\/","https:\/\/www.instagram.com\/muharrem_kafexhiu\/"],"url":"https:\/\/permbledhja.com\/sq\/author\/admin\/"}]}},"_links":{"self":[{"href":"https:\/\/permbledhja.com\/sq\/wp-json\/wp\/v2\/posts\/6995"}],"collection":[{"href":"https:\/\/permbledhja.com\/sq\/wp-json\/wp\/v2\/posts"}],"about":[{"href":"https:\/\/permbledhja.com\/sq\/wp-json\/wp\/v2\/types\/post"}],"author":[{"embeddable":true,"href":"https:\/\/permbledhja.com\/sq\/wp-json\/wp\/v2\/users\/1"}],"replies":[{"embeddable":true,"href":"https:\/\/permbledhja.com\/sq\/wp-json\/wp\/v2\/comments?post=6995"}],"version-history":[{"count":1,"href":"https:\/\/permbledhja.com\/sq\/wp-json\/wp\/v2\/posts\/6995\/revisions"}],"predecessor-version":[{"id":6996,"href":"https:\/\/permbledhja.com\/sq\/wp-json\/wp\/v2\/posts\/6995\/revisions\/6996"}],"wp:featuredmedia":[{"embeddable":true,"href":"https:\/\/permbledhja.com\/sq\/wp-json\/wp\/v2\/media\/5490"}],"wp:attachment":[{"href":"https:\/\/permbledhja.com\/sq\/wp-json\/wp\/v2\/media?parent=6995"}],"wp:term":[{"taxonomy":"category","embeddable":true,"href":"https:\/\/permbledhja.com\/sq\/wp-json\/wp\/v2\/categories?post=6995"},{"taxonomy":"post_tag","embeddable":true,"href":"https:\/\/permbledhja.com\/sq\/wp-json\/wp\/v2\/tags?post=6995"}],"curies":[{"name":"wp","href":"https:\/\/api.w.org\/{rel}","templated":true}]}}