{"id":69831,"date":"2024-10-09T09:23:35","date_gmt":"2024-10-09T09:23:35","guid":{"rendered":"https:\/\/permbledhja.com\/?p=69831"},"modified":"2024-10-09T09:23:35","modified_gmt":"2024-10-09T09:23:35","slug":"apeli-vendose-per-here-te-dyte-shaban-gogaj-denohet-me-6-vjet-e-6-muaj-burgim-per-vrasjen-e-agonis-tetajt","status":"publish","type":"post","link":"https:\/\/permbledhja.com\/sq\/apeli-vendose-per-here-te-dyte-shaban-gogaj-denohet-me-6-vjet-e-6-muaj-burgim-per-vrasjen-e-agonis-tetajt\/","title":{"rendered":"Apeli vendos\u00eb p\u00ebr her\u00eb t\u00eb dyt\u00eb: Shaban Gogaj d\u00ebnohet me 6 vjet e 6 muaj burgim p\u00ebr vrasjen e Agonis Tetajt"},"content":{"rendered":"<p><strong>Gjykata e Apelit ka\u00a0aprovuar ankes\u00ebn e mbrojt\u00ebsit s\u00eb t\u00eb akuzuarit Shaban Gogaj, ashtu q\u00eb ka ndryshuar aktgjykimin e Gjykat\u00ebs Themelore n\u00eb Pej\u00eb lidhur me vepr\u00ebn penale mbajtja n\u00eb pron\u00ebsi, kontroll apo posedim t\u00eb paautorizuar t\u00eb arm\u00ebve, p\u00ebrkitazi me vendimin p\u00ebr d\u00ebnimin me burgim, duke i shqiptuar t\u00eb nj\u00ebjtit d\u00ebnim unik me burgim n\u00eb koh\u00ebzgjatje prej gjasht\u00eb 6 vite e 6 muaj.<\/strong><\/p>\n<p>Nd\u00ebrsa, ka refuzuar si t\u00eb pabazuara ankesat e Prokuroris\u00eb Themelore n\u00eb Gjilan, t\u00eb p\u00ebrfaq\u00ebsuesve t\u00eb autorizuar t\u00eb pal\u00ebve t\u00eb d\u00ebmtuara, si dhe mbrojt\u00ebsit s\u00eb t\u00eb akuzuarit Shaban Gogaj, p\u00ebr pik\u00ebn I t\u00eb dispozitivit t\u00eb aktgjykimit.<\/p>\n<p>Gjykata Themelore n\u00eb Pej\u00eb \u2013 Departamenti p\u00ebr Krime t\u00eb R\u00ebnda, me aktgjykimin PKR.nr.50\/2023, t\u00eb dt.16.05.2024, ka shpallur fajtor t\u00eb akuzuarit, Sh.G., p\u00ebr veprat penale, vrasje nga pakujdesia nga neni 181 t\u00eb KPK dhe mbajtja n\u00eb pron\u00ebsi, kontroll apo posedim t\u00eb paautorizuar t\u00eb arm\u00ebve nga neni 374 paragrafi 1 t\u00eb KPK, dhe I.C., p\u00ebr vepr\u00ebn penale mbajtja n\u00eb pron\u00ebsi, kontroll apo posedim t\u00eb paautorizuar t\u00eb arm\u00ebve nga neni 374 paragrafi 1 t\u00eb KPK, duke i shqiptuar t\u00eb akuzuarit Sh.G., d\u00ebnim unik me burgim n\u00eb koh\u00ebzgjatje prej shtat\u00eb (7) vite e gjasht\u00eb (6) muaj, nd\u00ebrsa t\u00eb akuzuarit I.C., d\u00ebnim me gjob\u00eb n\u00eb shum\u00ebn prej dymij\u00eb euro (2.000\u20ac).<\/p>\n<p>N\u00eb arsyetim t\u00eb aktgjykimit gjykata e shkall\u00ebs s\u00eb dyt\u00eb, ka vler\u00ebsuar se aktgjykimi i ankimuar nuk p\u00ebrshihet n\u00eb shkelje esenciale t\u00eb dispozitave t\u00eb procedur\u00ebs penale, pasi q\u00eb gjykata e shkall\u00ebs s\u00eb par\u00eb n\u00eb m\u00ebnyr\u00eb t\u00eb qart\u00eb dhe t\u00eb plot\u00eb ka vler\u00ebsuar sakt\u00ebsin\u00eb e t\u00eb gjitha provave nga shkresat e l\u00ebnd\u00ebs.<\/p>\n<p>Gjithashtu, kjo gjykat\u00eb, sipas ankes\u00ebs s\u00eb ushtruar nga ana e prokuroris\u00eb, p\u00ebrfaq\u00ebsuesit t\u00eb autorizuar t\u00eb pal\u00ebve t\u00eb d\u00ebmtuara, mbrojt\u00ebsit s\u00eb t\u00eb akuzuarit Sh.G., lidhur me vendimin p\u00ebr sanksionin penal t\u00eb shqiptuar, ka vler\u00ebsuar se gjykata e shkall\u00ebs s\u00eb par\u00eb n\u00eb m\u00ebnyr\u00eb t\u00eb drejt\u00eb i ka vler\u00ebsuar t\u00eb gjitha rrethanat e parapara n\u00eb dispozit\u00ebn ligjore nga neni 73 lidhur me nenin 74 t\u00eb KPK, duke v\u00ebrtetuar se n\u00eb veprimet e t\u00eb akuzuarit Sh.G., q\u00ebndrojn\u00eb elementet e vepr\u00ebs penale t\u00eb vrasjes nga pakujdesia dhe elementet e vepr\u00ebs penale t\u00eb mbajtjes n\u00eb pron\u00ebsi, kontroll ose posedim t\u00eb paautorizuar t\u00eb arm\u00ebve, t\u00eb KPK, si dhe vepr\u00ebn penale e cila i vihet n\u00eb barr\u00eb edhe t\u00eb akuzuarit I.C.<\/p>\n<p>Kolegji gjykues ka vler\u00ebsuar t\u00eb gjitha ankesat e ushtruara, ashtu q\u00eb ka ndryshuar aktgjykimin e gjykat\u00ebs s\u00eb shkall\u00ebs s\u00eb par\u00eb, sa i p\u00ebrket vendimit p\u00ebr d\u00ebnimin, duke i shqiptuar t\u00eb akuzuarit Sh.G., d\u00ebnimin me burgim n\u00eb koh\u00ebzgjatje prej gjasht\u00eb (6) vite e gjasht\u00eb (6) muaj, e sidomos duke pasur parasysh rrethanat leht\u00ebsuese, ka aplikuar institutin e zbutjes s\u00eb d\u00ebnimit dhe t\u00eb akuzuarit i ka shqiptuar d\u00ebnimin sikurse n\u00eb dispozitiv t\u00eb aktgjykimit, duke qen\u00eb i bindur se me d\u00ebnimin e shqiptuar, do t\u00eb arrihet efekti dhe q\u00ebllimi i tij, q\u00eb t\u00eb parandaloj\u00eb kryer\u00ebsit nga kryerja e veprave penale n\u00eb t\u00eb ardhmen dhe t\u00eb b\u00ebj\u00eb rehabilitimin e tij, e po ashtu, t\u00eb parandaloj\u00eb personat e tjer\u00eb nga kryerja e veprave penale, t\u00eb b\u00ebj\u00eb kompensimin e viktimave ose t\u00eb komunitetit p\u00ebr humbjet ose d\u00ebmet e shkaktuara nga vepra penale dhe t\u00eb shpreh\u00eb gjykimin shoq\u00ebror p\u00ebr vepr\u00ebn penale, ngritjen e moralit dhe forcimin e detyrimit p\u00ebr respektimin e ligjit, t\u00eb parapar\u00eb n\u00eb nenin 41 t\u00eb KPK.<\/p>\n","protected":false},"excerpt":{"rendered":"<p>Gjykata e Apelit ka\u00a0aprovuar ankes\u00ebn e mbrojt\u00ebsit s\u00eb t\u00eb akuzuarit Shaban Gogaj, ashtu q\u00eb ka ndryshuar aktgjykimin e Gjykat\u00ebs Themelore n\u00eb Pej\u00eb lidhur me vepr\u00ebn penale mbajtja n\u00eb pron\u00ebsi, kontroll apo posedim t\u00eb paautorizuar t\u00eb arm\u00ebve, p\u00ebrkitazi me vendimin p\u00ebr d\u00ebnimin me burgim, duke i shqiptuar t\u00eb nj\u00ebjtit d\u00ebnim unik me burgim n\u00eb koh\u00ebzgjatje prej [&hellip;]<\/p>\n","protected":false},"author":1,"featured_media":69832,"comment_status":"closed","ping_status":"closed","sticky":false,"template":"","format":"standard","meta":{"_monsterinsights_skip_tracking":false,"_monsterinsights_sitenote_active":false,"_monsterinsights_sitenote_note":"","_monsterinsights_sitenote_category":0,"_uf_show_specific_survey":0,"_uf_disable_surveys":false,"footnotes":""},"categories":[3324],"tags":[918],"yoast_head":"<!-- This site is optimized with the Yoast SEO plugin v21.5 - https:\/\/yoast.com\/wordpress\/plugins\/seo\/ -->\n<title>Apeli vendos\u00eb p\u00ebr her\u00eb t\u00eb dyt\u00eb: Shaban Gogaj d\u00ebnohet me 6 vjet e 6 muaj burgim p\u00ebr vrasjen e Agonis Tetajt<\/title>\n<meta name=\"robots\" content=\"index, follow, max-snippet:-1, max-image-preview:large, max-video-preview:-1\" \/>\n<link rel=\"canonical\" href=\"https:\/\/permbledhja.com\/sq\/apeli-vendose-per-here-te-dyte-shaban-gogaj-denohet-me-6-vjet-e-6-muaj-burgim-per-vrasjen-e-agonis-tetajt\/\" \/>\n<meta property=\"og:locale\" content=\"sq_AL\" \/>\n<meta property=\"og:type\" content=\"article\" \/>\n<meta property=\"og:title\" content=\"Apeli vendos\u00eb p\u00ebr her\u00eb t\u00eb dyt\u00eb: Shaban Gogaj d\u00ebnohet me 6 vjet e 6 muaj burgim p\u00ebr vrasjen e Agonis Tetajt\" \/>\n<meta property=\"og:description\" content=\"Gjykata e Apelit ka\u00a0aprovuar ankes\u00ebn e mbrojt\u00ebsit s\u00eb t\u00eb akuzuarit Shaban Gogaj, ashtu q\u00eb ka ndryshuar aktgjykimin e Gjykat\u00ebs Themelore n\u00eb Pej\u00eb lidhur me vepr\u00ebn penale mbajtja n\u00eb pron\u00ebsi, kontroll apo posedim t\u00eb paautorizuar t\u00eb arm\u00ebve, p\u00ebrkitazi me vendimin p\u00ebr d\u00ebnimin me burgim, duke i shqiptuar t\u00eb nj\u00ebjtit d\u00ebnim unik me burgim n\u00eb koh\u00ebzgjatje prej [&hellip;]\" \/>\n<meta property=\"og:url\" content=\"https:\/\/permbledhja.com\/sq\/apeli-vendose-per-here-te-dyte-shaban-gogaj-denohet-me-6-vjet-e-6-muaj-burgim-per-vrasjen-e-agonis-tetajt\/\" \/>\n<meta property=\"og:site_name\" content=\"Ve\u00e7 artikuj p\u00ebrmbledh\u00ebs\" \/>\n<meta property=\"article:publisher\" content=\"https:\/\/www.facebook.com\/press07\/\" \/>\n<meta property=\"article:author\" content=\"https:\/\/www.facebook.com\/kafexhiu.muharrem\/\" \/>\n<meta property=\"article:published_time\" content=\"2024-10-09T09:23:35+00:00\" \/>\n<meta property=\"og:image\" content=\"https:\/\/permbledhja.com\/wp-content\/uploads\/2024\/10\/mk-1.png\" \/>\n\t<meta property=\"og:image:width\" content=\"624\" \/>\n\t<meta property=\"og:image:height\" content=\"392\" \/>\n\t<meta property=\"og:image:type\" content=\"image\/png\" \/>\n<meta name=\"author\" content=\"P\u00ebrmbledhja\" \/>\n<meta name=\"twitter:card\" content=\"summary_large_image\" \/>\n<meta name=\"twitter:label1\" content=\"Written by\" \/>\n\t<meta name=\"twitter:data1\" content=\"P\u00ebrmbledhja\" \/>\n\t<meta name=\"twitter:label2\" content=\"Est. reading time\" \/>\n\t<meta name=\"twitter:data2\" content=\"3 minuta\" \/>\n<script type=\"application\/ld+json\" class=\"yoast-schema-graph\">{\"@context\":\"https:\/\/schema.org\",\"@graph\":[{\"@type\":\"Article\",\"@id\":\"https:\/\/permbledhja.com\/apeli-vendose-per-here-te-dyte-shaban-gogaj-denohet-me-6-vjet-e-6-muaj-burgim-per-vrasjen-e-agonis-tetajt\/#article\",\"isPartOf\":{\"@id\":\"https:\/\/permbledhja.com\/apeli-vendose-per-here-te-dyte-shaban-gogaj-denohet-me-6-vjet-e-6-muaj-burgim-per-vrasjen-e-agonis-tetajt\/\"},\"author\":{\"name\":\"P\u00ebrmbledhja\",\"@id\":\"https:\/\/permbledhja.com\/#\/schema\/person\/0d064377258d3221e50693947b9eb4fe\"},\"headline\":\"Apeli vendos\u00eb p\u00ebr her\u00eb t\u00eb dyt\u00eb: Shaban Gogaj d\u00ebnohet me 6 vjet e 6 muaj burgim p\u00ebr vrasjen e Agonis Tetajt\",\"datePublished\":\"2024-10-09T09:23:35+00:00\",\"dateModified\":\"2024-10-09T09:23:35+00:00\",\"mainEntityOfPage\":{\"@id\":\"https:\/\/permbledhja.com\/apeli-vendose-per-here-te-dyte-shaban-gogaj-denohet-me-6-vjet-e-6-muaj-burgim-per-vrasjen-e-agonis-tetajt\/\"},\"wordCount\":627,\"publisher\":{\"@id\":\"https:\/\/permbledhja.com\/#organization\"},\"keywords\":[\"Shaban Gogaj\"],\"articleSection\":[\"Dyt\u00ebsore\"],\"inLanguage\":\"sq\"},{\"@type\":\"WebPage\",\"@id\":\"https:\/\/permbledhja.com\/apeli-vendose-per-here-te-dyte-shaban-gogaj-denohet-me-6-vjet-e-6-muaj-burgim-per-vrasjen-e-agonis-tetajt\/\",\"url\":\"https:\/\/permbledhja.com\/apeli-vendose-per-here-te-dyte-shaban-gogaj-denohet-me-6-vjet-e-6-muaj-burgim-per-vrasjen-e-agonis-tetajt\/\",\"name\":\"Apeli vendos\u00eb p\u00ebr her\u00eb t\u00eb dyt\u00eb: Shaban Gogaj d\u00ebnohet me 6 vjet e 6 muaj burgim p\u00ebr vrasjen e Agonis Tetajt\",\"isPartOf\":{\"@id\":\"https:\/\/permbledhja.com\/#website\"},\"datePublished\":\"2024-10-09T09:23:35+00:00\",\"dateModified\":\"2024-10-09T09:23:35+00:00\",\"breadcrumb\":{\"@id\":\"https:\/\/permbledhja.com\/apeli-vendose-per-here-te-dyte-shaban-gogaj-denohet-me-6-vjet-e-6-muaj-burgim-per-vrasjen-e-agonis-tetajt\/#breadcrumb\"},\"inLanguage\":\"sq\",\"potentialAction\":[{\"@type\":\"ReadAction\",\"target\":[\"https:\/\/permbledhja.com\/apeli-vendose-per-here-te-dyte-shaban-gogaj-denohet-me-6-vjet-e-6-muaj-burgim-per-vrasjen-e-agonis-tetajt\/\"]}]},{\"@type\":\"BreadcrumbList\",\"@id\":\"https:\/\/permbledhja.com\/apeli-vendose-per-here-te-dyte-shaban-gogaj-denohet-me-6-vjet-e-6-muaj-burgim-per-vrasjen-e-agonis-tetajt\/#breadcrumb\",\"itemListElement\":[{\"@type\":\"ListItem\",\"position\":1,\"name\":\"Ballina\",\"item\":\"https:\/\/permbledhja.com\/sq\/\"},{\"@type\":\"ListItem\",\"position\":2,\"name\":\"Apeli vendos\u00eb p\u00ebr her\u00eb t\u00eb dyt\u00eb: Shaban Gogaj d\u00ebnohet me 6 vjet e 6 muaj burgim p\u00ebr vrasjen e Agonis Tetajt\"}]},{\"@type\":\"WebSite\",\"@id\":\"https:\/\/permbledhja.com\/#website\",\"url\":\"https:\/\/permbledhja.com\/\",\"name\":\"Ve\u00e7 artikuj p\u00ebrmbledh\u00ebs\",\"description\":\"\",\"publisher\":{\"@id\":\"https:\/\/permbledhja.com\/#organization\"},\"potentialAction\":[{\"@type\":\"SearchAction\",\"target\":{\"@type\":\"EntryPoint\",\"urlTemplate\":\"https:\/\/permbledhja.com\/?s={search_term_string}\"},\"query-input\":\"required name=search_term_string\"}],\"inLanguage\":\"sq\"},{\"@type\":\"Organization\",\"@id\":\"https:\/\/permbledhja.com\/#organization\",\"name\":\"MK Media & Pr\",\"url\":\"https:\/\/permbledhja.com\/\",\"logo\":{\"@type\":\"ImageObject\",\"inLanguage\":\"sq\",\"@id\":\"https:\/\/permbledhja.com\/#\/schema\/logo\/image\/\",\"url\":\"https:\/\/permbledhja.com\/wp-content\/uploads\/2021\/12\/07-Press-Logo.jpg\",\"contentUrl\":\"https:\/\/permbledhja.com\/wp-content\/uploads\/2021\/12\/07-Press-Logo.jpg\",\"width\":512,\"height\":512,\"caption\":\"MK Media & Pr\"},\"image\":{\"@id\":\"https:\/\/permbledhja.com\/#\/schema\/logo\/image\/\"},\"sameAs\":[\"https:\/\/www.facebook.com\/press07\/\"]},{\"@type\":\"Person\",\"@id\":\"https:\/\/permbledhja.com\/#\/schema\/person\/0d064377258d3221e50693947b9eb4fe\",\"name\":\"P\u00ebrmbledhja\",\"image\":{\"@type\":\"ImageObject\",\"inLanguage\":\"sq\",\"@id\":\"https:\/\/permbledhja.com\/#\/schema\/person\/image\/\",\"url\":\"https:\/\/permbledhja.com\/wp-content\/uploads\/2026\/01\/452004717_1040944174702970_8932037511805513407_n-96x96.jpg\",\"contentUrl\":\"https:\/\/permbledhja.com\/wp-content\/uploads\/2026\/01\/452004717_1040944174702970_8932037511805513407_n-96x96.jpg\",\"caption\":\"P\u00ebrmbledhja\"},\"sameAs\":[\"https:\/\/www.facebook.com\/kafexhiu.muharrem\/\",\"https:\/\/www.instagram.com\/muharrem_kafexhiu\/\"],\"url\":\"https:\/\/permbledhja.com\/sq\/author\/admin\/\"}]}<\/script>\n<!-- \/ Yoast SEO plugin. -->","yoast_head_json":{"title":"Apeli vendos\u00eb p\u00ebr her\u00eb t\u00eb dyt\u00eb: Shaban Gogaj d\u00ebnohet me 6 vjet e 6 muaj burgim p\u00ebr vrasjen e Agonis Tetajt","robots":{"index":"index","follow":"follow","max-snippet":"max-snippet:-1","max-image-preview":"max-image-preview:large","max-video-preview":"max-video-preview:-1"},"canonical":"https:\/\/permbledhja.com\/sq\/apeli-vendose-per-here-te-dyte-shaban-gogaj-denohet-me-6-vjet-e-6-muaj-burgim-per-vrasjen-e-agonis-tetajt\/","og_locale":"sq_AL","og_type":"article","og_title":"Apeli vendos\u00eb p\u00ebr her\u00eb t\u00eb dyt\u00eb: Shaban Gogaj d\u00ebnohet me 6 vjet e 6 muaj burgim p\u00ebr vrasjen e Agonis Tetajt","og_description":"Gjykata e Apelit ka\u00a0aprovuar ankes\u00ebn e mbrojt\u00ebsit s\u00eb t\u00eb akuzuarit Shaban Gogaj, ashtu q\u00eb ka ndryshuar aktgjykimin e Gjykat\u00ebs Themelore n\u00eb Pej\u00eb lidhur me vepr\u00ebn penale mbajtja n\u00eb pron\u00ebsi, kontroll apo posedim t\u00eb paautorizuar t\u00eb arm\u00ebve, p\u00ebrkitazi me vendimin p\u00ebr d\u00ebnimin me burgim, duke i shqiptuar t\u00eb nj\u00ebjtit d\u00ebnim unik me burgim n\u00eb koh\u00ebzgjatje prej [&hellip;]","og_url":"https:\/\/permbledhja.com\/sq\/apeli-vendose-per-here-te-dyte-shaban-gogaj-denohet-me-6-vjet-e-6-muaj-burgim-per-vrasjen-e-agonis-tetajt\/","og_site_name":"Ve\u00e7 artikuj p\u00ebrmbledh\u00ebs","article_publisher":"https:\/\/www.facebook.com\/press07\/","article_author":"https:\/\/www.facebook.com\/kafexhiu.muharrem\/","article_published_time":"2024-10-09T09:23:35+00:00","og_image":[{"width":624,"height":392,"url":"https:\/\/permbledhja.com\/wp-content\/uploads\/2024\/10\/mk-1.png","type":"image\/png"}],"author":"P\u00ebrmbledhja","twitter_card":"summary_large_image","twitter_misc":{"Written by":"P\u00ebrmbledhja","Est. reading time":"3 minuta"},"schema":{"@context":"https:\/\/schema.org","@graph":[{"@type":"Article","@id":"https:\/\/permbledhja.com\/apeli-vendose-per-here-te-dyte-shaban-gogaj-denohet-me-6-vjet-e-6-muaj-burgim-per-vrasjen-e-agonis-tetajt\/#article","isPartOf":{"@id":"https:\/\/permbledhja.com\/apeli-vendose-per-here-te-dyte-shaban-gogaj-denohet-me-6-vjet-e-6-muaj-burgim-per-vrasjen-e-agonis-tetajt\/"},"author":{"name":"P\u00ebrmbledhja","@id":"https:\/\/permbledhja.com\/#\/schema\/person\/0d064377258d3221e50693947b9eb4fe"},"headline":"Apeli vendos\u00eb p\u00ebr her\u00eb t\u00eb dyt\u00eb: Shaban Gogaj d\u00ebnohet me 6 vjet e 6 muaj burgim p\u00ebr vrasjen e Agonis Tetajt","datePublished":"2024-10-09T09:23:35+00:00","dateModified":"2024-10-09T09:23:35+00:00","mainEntityOfPage":{"@id":"https:\/\/permbledhja.com\/apeli-vendose-per-here-te-dyte-shaban-gogaj-denohet-me-6-vjet-e-6-muaj-burgim-per-vrasjen-e-agonis-tetajt\/"},"wordCount":627,"publisher":{"@id":"https:\/\/permbledhja.com\/#organization"},"keywords":["Shaban Gogaj"],"articleSection":["Dyt\u00ebsore"],"inLanguage":"sq"},{"@type":"WebPage","@id":"https:\/\/permbledhja.com\/apeli-vendose-per-here-te-dyte-shaban-gogaj-denohet-me-6-vjet-e-6-muaj-burgim-per-vrasjen-e-agonis-tetajt\/","url":"https:\/\/permbledhja.com\/apeli-vendose-per-here-te-dyte-shaban-gogaj-denohet-me-6-vjet-e-6-muaj-burgim-per-vrasjen-e-agonis-tetajt\/","name":"Apeli vendos\u00eb p\u00ebr her\u00eb t\u00eb dyt\u00eb: Shaban Gogaj d\u00ebnohet me 6 vjet e 6 muaj burgim p\u00ebr vrasjen e Agonis Tetajt","isPartOf":{"@id":"https:\/\/permbledhja.com\/#website"},"datePublished":"2024-10-09T09:23:35+00:00","dateModified":"2024-10-09T09:23:35+00:00","breadcrumb":{"@id":"https:\/\/permbledhja.com\/apeli-vendose-per-here-te-dyte-shaban-gogaj-denohet-me-6-vjet-e-6-muaj-burgim-per-vrasjen-e-agonis-tetajt\/#breadcrumb"},"inLanguage":"sq","potentialAction":[{"@type":"ReadAction","target":["https:\/\/permbledhja.com\/apeli-vendose-per-here-te-dyte-shaban-gogaj-denohet-me-6-vjet-e-6-muaj-burgim-per-vrasjen-e-agonis-tetajt\/"]}]},{"@type":"BreadcrumbList","@id":"https:\/\/permbledhja.com\/apeli-vendose-per-here-te-dyte-shaban-gogaj-denohet-me-6-vjet-e-6-muaj-burgim-per-vrasjen-e-agonis-tetajt\/#breadcrumb","itemListElement":[{"@type":"ListItem","position":1,"name":"Ballina","item":"https:\/\/permbledhja.com\/sq\/"},{"@type":"ListItem","position":2,"name":"Apeli vendos\u00eb p\u00ebr her\u00eb t\u00eb dyt\u00eb: Shaban Gogaj d\u00ebnohet me 6 vjet e 6 muaj burgim p\u00ebr vrasjen e Agonis Tetajt"}]},{"@type":"WebSite","@id":"https:\/\/permbledhja.com\/#website","url":"https:\/\/permbledhja.com\/","name":"Ve\u00e7 artikuj p\u00ebrmbledh\u00ebs","description":"","publisher":{"@id":"https:\/\/permbledhja.com\/#organization"},"potentialAction":[{"@type":"SearchAction","target":{"@type":"EntryPoint","urlTemplate":"https:\/\/permbledhja.com\/?s={search_term_string}"},"query-input":"required name=search_term_string"}],"inLanguage":"sq"},{"@type":"Organization","@id":"https:\/\/permbledhja.com\/#organization","name":"MK Media & Pr","url":"https:\/\/permbledhja.com\/","logo":{"@type":"ImageObject","inLanguage":"sq","@id":"https:\/\/permbledhja.com\/#\/schema\/logo\/image\/","url":"https:\/\/permbledhja.com\/wp-content\/uploads\/2021\/12\/07-Press-Logo.jpg","contentUrl":"https:\/\/permbledhja.com\/wp-content\/uploads\/2021\/12\/07-Press-Logo.jpg","width":512,"height":512,"caption":"MK Media & Pr"},"image":{"@id":"https:\/\/permbledhja.com\/#\/schema\/logo\/image\/"},"sameAs":["https:\/\/www.facebook.com\/press07\/"]},{"@type":"Person","@id":"https:\/\/permbledhja.com\/#\/schema\/person\/0d064377258d3221e50693947b9eb4fe","name":"P\u00ebrmbledhja","image":{"@type":"ImageObject","inLanguage":"sq","@id":"https:\/\/permbledhja.com\/#\/schema\/person\/image\/","url":"https:\/\/permbledhja.com\/wp-content\/uploads\/2026\/01\/452004717_1040944174702970_8932037511805513407_n-96x96.jpg","contentUrl":"https:\/\/permbledhja.com\/wp-content\/uploads\/2026\/01\/452004717_1040944174702970_8932037511805513407_n-96x96.jpg","caption":"P\u00ebrmbledhja"},"sameAs":["https:\/\/www.facebook.com\/kafexhiu.muharrem\/","https:\/\/www.instagram.com\/muharrem_kafexhiu\/"],"url":"https:\/\/permbledhja.com\/sq\/author\/admin\/"}]}},"_links":{"self":[{"href":"https:\/\/permbledhja.com\/sq\/wp-json\/wp\/v2\/posts\/69831"}],"collection":[{"href":"https:\/\/permbledhja.com\/sq\/wp-json\/wp\/v2\/posts"}],"about":[{"href":"https:\/\/permbledhja.com\/sq\/wp-json\/wp\/v2\/types\/post"}],"author":[{"embeddable":true,"href":"https:\/\/permbledhja.com\/sq\/wp-json\/wp\/v2\/users\/1"}],"replies":[{"embeddable":true,"href":"https:\/\/permbledhja.com\/sq\/wp-json\/wp\/v2\/comments?post=69831"}],"version-history":[{"count":1,"href":"https:\/\/permbledhja.com\/sq\/wp-json\/wp\/v2\/posts\/69831\/revisions"}],"predecessor-version":[{"id":69833,"href":"https:\/\/permbledhja.com\/sq\/wp-json\/wp\/v2\/posts\/69831\/revisions\/69833"}],"wp:featuredmedia":[{"embeddable":true,"href":"https:\/\/permbledhja.com\/sq\/wp-json\/wp\/v2\/media\/69832"}],"wp:attachment":[{"href":"https:\/\/permbledhja.com\/sq\/wp-json\/wp\/v2\/media?parent=69831"}],"wp:term":[{"taxonomy":"category","embeddable":true,"href":"https:\/\/permbledhja.com\/sq\/wp-json\/wp\/v2\/categories?post=69831"},{"taxonomy":"post_tag","embeddable":true,"href":"https:\/\/permbledhja.com\/sq\/wp-json\/wp\/v2\/tags?post=69831"}],"curies":[{"name":"wp","href":"https:\/\/api.w.org\/{rel}","templated":true}]}}