{"id":6980,"date":"2022-09-28T08:11:07","date_gmt":"2022-09-28T08:11:07","guid":{"rendered":"https:\/\/permbledhja.com\/?p=6980"},"modified":"2022-09-28T08:11:07","modified_gmt":"2022-09-28T08:11:07","slug":"a-do-te-kete-paga-per-grevistet","status":"publish","type":"post","link":"https:\/\/permbledhja.com\/sq\/a-do-te-kete-paga-per-grevistet\/","title":{"rendered":"A do t\u00eb ket\u00eb paga p\u00ebr grevist\u00ebt?"},"content":{"rendered":"<p><strong>Ajo q\u00eb vazhdon t\u00eb mbetet e paqart\u00eb n\u00eb k\u00ebt\u00eb situat\u00eb \u00ebsht\u00eb forma e ekzekutimit t\u00eb pagave p\u00ebr grevist\u00ebt. Drejtor\u00ebt komunal\u00eb t\u00eb Arsimit ka nisur t\u2019i shqet\u00ebsoj\u00eb paralajm\u00ebrimi i Qeveris\u00eb se grevist\u00ebt nuk do t\u2019i marrin pagat p\u00ebr aq koh\u00eb sa jan\u00eb n\u00eb grev\u00eb<\/strong>.<\/p>\n<p>Ndaj k\u00ebtyre paralajm\u00ebrimeve ka reaguar Sindikata e Arsimit dhe Asociacioni i Komunave t\u00eb Kosov\u00ebs. Mosekzekutimin e pagave e vler\u00ebsojn\u00eb si shkelje ligjore.<\/p>\n<p>Tri dit\u00eb para se t\u00eb b\u00ebhet ekzekutimi i pagave p\u00ebr sektorin publik, ka mbetur e paqart\u00eb n\u00ebse pagat do t\u2019i marrin edhe grevist\u00ebt.<\/p>\n<p>Kryetari i Asociacionit t\u00eb Komunave t\u00eb Kosov\u00ebs, Agim Aliu, thot\u00eb se ndalja e mundshme e pagave p\u00ebr pun\u00ebtor\u00ebt grevist\u00eb \u00ebsht\u00eb e paligjshme.<\/p>\n<p>\u201cN\u00ebse nuk ekzekutohen pagat deri m\u00eb 5 tetor sepse afati I fundit \u00ebsht\u00eb kjo dat\u00eb, at\u00ebher\u00eb mund t\u00eb ket\u00eb edhe padi nga secili pun\u00ebmarr\u00ebs nga institucionet p\u00ebr shkak t\u00eb mosekzekutimit t\u00eb pagave p\u00ebr ata q\u00eb jan\u00eb n\u00eb grev\u00eb sepse \u00ebsht\u00eb e padrejt\u00eb q\u00eb t\u00eb mos ekzekutohen pagat nga dikush q\u00eb nuk u jep pun\u00eb atyre\u201d, tha p\u00ebr RTK-n\u00eb Agim Aliu, kryetar i Asociacionit t\u00eb Komunave t\u00eb Kosov\u00ebs<\/p>\n<p>Shqet\u00ebsim t\u00eb nj\u00ebjt\u00eb me kryetarin Aliu ndajn\u00eb edhe drejtor\u00ebt komunal\u00eb t\u00eb arsimit n\u00eb Drenas dhe Fush\u00eb Kosov\u00ebs, t\u00eb cil\u00ebt m\u00eb 10 shtator kan\u00eb p\u00ebrcjell\u00eb list\u00ebn e pagave n\u00eb Ministri t\u00eb Financave.<\/p>\n<p>\u201cShpresojm\u00eb se do t\u00eb procedohen n\u00eb m\u00ebnyr\u00eb t\u00eb rregullt, ashtu si\u00e7 \u00ebsht\u00eb e parapar\u00eb me ligj\u201d, tha Muhamet Gjoka, drejtor i Arsimit n\u00eb Drenas.<\/p>\n<p>\u201cFatkeq\u00ebsisht ne presim q\u00eb t\u00eb ket\u00eb penaliz\u00ebm n\u00eb paga nga qeveria p\u00ebr grevist\u00ebt, derisa urojm\u00eb q\u00eb kjo mos t\u00eb ndodh\u00eb e t\u00eb gjendet ndonj\u00eb marr\u00ebveshje sa m\u00eb par\u00eb\u201d, tha Samir Shahini, drejtor i Arsimit n\u00eb Fush\u00eb Kosov\u00eb<\/p>\n<p>Por, drejtori Gjoka thot\u00eb se do t\u00eb b\u00ebj\u00eb \u00e7\u2019\u00ebsht\u00eb e mundur q\u00eb t\u00eb mos ket\u00eb penalizim p\u00ebr m\u00ebsimdh\u00ebn\u00ebsit grevist\u00eb.<\/p>\n<p>\u201cKomuna do t\u2019i p\u00ebrdor\u00eb t\u00eb gjith\u00eb mund\u00ebsit\u00eb ligjore dhe mjetet ligjore q\u00eb jan\u00eb n\u00eb dispozicion, p\u00ebr t\u2019i garantuar t\u00eb drejt\u00ebn e m\u00ebsimdh\u00ebn\u00ebsve dhe stafit tjet\u00ebr q\u00eb t\u2019i marrin pagat n\u00eb baz\u00eb t\u00eb kontrat\u00ebs q\u00eb e kan\u00eb\u201d, tha Muhamet Gjoka, drejtor i Arsimit, Drenas.<\/p>\n<p>N\u00ebnkryetari i SBAShK-ut, Ymer Ymeri, thot\u00eb se n\u00ebse Qeveria nd\u00ebrmerr nj\u00eb veprim t\u00eb till\u00eb, do t\u00eb b\u00ebj\u00eb vep\u00ebr penale. Sipas tij, n\u00ebse Qeveria mendon se kjo \u00ebsht\u00eb e paligjshme, at\u00ebher\u00eb duhet t\u00eb ngre nj\u00eb procedur\u00eb tjet\u00ebr ndaj pun\u00ebdh\u00ebn\u00ebsit, duke shtuar se nj\u00eb veprim i till\u00eb paraqet k\u00ebrcenim ndaj grevist\u00ebve p\u00ebr ta p\u00ebrfunduar grev\u00ebn<\/p>\n","protected":false},"excerpt":{"rendered":"<p>Ajo q\u00eb vazhdon t\u00eb mbetet e paqart\u00eb n\u00eb k\u00ebt\u00eb situat\u00eb \u00ebsht\u00eb forma e ekzekutimit t\u00eb pagave p\u00ebr grevist\u00ebt. Drejtor\u00ebt komunal\u00eb t\u00eb Arsimit ka nisur t\u2019i shqet\u00ebsoj\u00eb paralajm\u00ebrimi i Qeveris\u00eb se grevist\u00ebt nuk do t\u2019i marrin pagat p\u00ebr aq koh\u00eb sa jan\u00eb n\u00eb grev\u00eb. Ndaj k\u00ebtyre paralajm\u00ebrimeve ka reaguar Sindikata e Arsimit dhe Asociacioni i Komunave [&hellip;]<\/p>\n","protected":false},"author":1,"featured_media":5768,"comment_status":"closed","ping_status":"closed","sticky":false,"template":"","format":"standard","meta":{"_monsterinsights_skip_tracking":false,"_monsterinsights_sitenote_active":false,"_monsterinsights_sitenote_note":"","_monsterinsights_sitenote_category":0,"_uf_show_specific_survey":0,"_uf_disable_surveys":false,"footnotes":""},"categories":[23,15],"tags":[],"yoast_head":"<!-- This site is optimized with the Yoast SEO plugin v21.5 - https:\/\/yoast.com\/wordpress\/plugins\/seo\/ -->\n<title>A do t\u00eb ket\u00eb paga p\u00ebr grevist\u00ebt?<\/title>\n<meta name=\"robots\" content=\"index, follow, max-snippet:-1, max-image-preview:large, max-video-preview:-1\" \/>\n<link rel=\"canonical\" href=\"https:\/\/permbledhja.com\/sq\/a-do-te-kete-paga-per-grevistet\/\" \/>\n<meta property=\"og:locale\" content=\"sq_AL\" \/>\n<meta property=\"og:type\" content=\"article\" \/>\n<meta property=\"og:title\" content=\"A do t\u00eb ket\u00eb paga p\u00ebr grevist\u00ebt?\" \/>\n<meta property=\"og:description\" content=\"Ajo q\u00eb vazhdon t\u00eb mbetet e paqart\u00eb n\u00eb k\u00ebt\u00eb situat\u00eb \u00ebsht\u00eb forma e ekzekutimit t\u00eb pagave p\u00ebr grevist\u00ebt. Drejtor\u00ebt komunal\u00eb t\u00eb Arsimit ka nisur t\u2019i shqet\u00ebsoj\u00eb paralajm\u00ebrimi i Qeveris\u00eb se grevist\u00ebt nuk do t\u2019i marrin pagat p\u00ebr aq koh\u00eb sa jan\u00eb n\u00eb grev\u00eb. Ndaj k\u00ebtyre paralajm\u00ebrimeve ka reaguar Sindikata e Arsimit dhe Asociacioni i Komunave [&hellip;]\" \/>\n<meta property=\"og:url\" content=\"https:\/\/permbledhja.com\/sq\/a-do-te-kete-paga-per-grevistet\/\" \/>\n<meta property=\"og:site_name\" content=\"Ve\u00e7 artikuj p\u00ebrmbledh\u00ebs\" \/>\n<meta property=\"article:publisher\" content=\"https:\/\/www.facebook.com\/press07\/\" \/>\n<meta property=\"article:author\" content=\"https:\/\/www.facebook.com\/kafexhiu.muharrem\/\" \/>\n<meta property=\"article:published_time\" content=\"2022-09-28T08:11:07+00:00\" \/>\n<meta property=\"og:image\" content=\"https:\/\/permbledhja.com\/wp-content\/uploads\/2022\/09\/Polish_20220914_102404577-scaled.jpg\" \/>\n\t<meta property=\"og:image:width\" content=\"2560\" \/>\n\t<meta property=\"og:image:height\" content=\"1440\" \/>\n\t<meta property=\"og:image:type\" content=\"image\/jpeg\" \/>\n<meta name=\"author\" content=\"P\u00ebrmbledhja\" \/>\n<meta name=\"twitter:card\" content=\"summary_large_image\" \/>\n<meta name=\"twitter:label1\" content=\"Written by\" \/>\n\t<meta name=\"twitter:data1\" content=\"P\u00ebrmbledhja\" \/>\n\t<meta name=\"twitter:label2\" content=\"Est. reading time\" \/>\n\t<meta name=\"twitter:data2\" content=\"3 minuta\" \/>\n<script type=\"application\/ld+json\" class=\"yoast-schema-graph\">{\"@context\":\"https:\/\/schema.org\",\"@graph\":[{\"@type\":\"Article\",\"@id\":\"https:\/\/permbledhja.com\/a-do-te-kete-paga-per-grevistet\/#article\",\"isPartOf\":{\"@id\":\"https:\/\/permbledhja.com\/a-do-te-kete-paga-per-grevistet\/\"},\"author\":{\"name\":\"P\u00ebrmbledhja\",\"@id\":\"https:\/\/permbledhja.com\/#\/schema\/person\/0d064377258d3221e50693947b9eb4fe\"},\"headline\":\"A do t\u00eb ket\u00eb paga p\u00ebr grevist\u00ebt?\",\"datePublished\":\"2022-09-28T08:11:07+00:00\",\"dateModified\":\"2022-09-28T08:11:07+00:00\",\"mainEntityOfPage\":{\"@id\":\"https:\/\/permbledhja.com\/a-do-te-kete-paga-per-grevistet\/\"},\"wordCount\":468,\"publisher\":{\"@id\":\"https:\/\/permbledhja.com\/#organization\"},\"articleSection\":[\"Komb\u00ebtare\",\"Lajme\"],\"inLanguage\":\"sq\"},{\"@type\":\"WebPage\",\"@id\":\"https:\/\/permbledhja.com\/a-do-te-kete-paga-per-grevistet\/\",\"url\":\"https:\/\/permbledhja.com\/a-do-te-kete-paga-per-grevistet\/\",\"name\":\"A do t\u00eb ket\u00eb paga p\u00ebr grevist\u00ebt?\",\"isPartOf\":{\"@id\":\"https:\/\/permbledhja.com\/#website\"},\"datePublished\":\"2022-09-28T08:11:07+00:00\",\"dateModified\":\"2022-09-28T08:11:07+00:00\",\"breadcrumb\":{\"@id\":\"https:\/\/permbledhja.com\/a-do-te-kete-paga-per-grevistet\/#breadcrumb\"},\"inLanguage\":\"sq\",\"potentialAction\":[{\"@type\":\"ReadAction\",\"target\":[\"https:\/\/permbledhja.com\/a-do-te-kete-paga-per-grevistet\/\"]}]},{\"@type\":\"BreadcrumbList\",\"@id\":\"https:\/\/permbledhja.com\/a-do-te-kete-paga-per-grevistet\/#breadcrumb\",\"itemListElement\":[{\"@type\":\"ListItem\",\"position\":1,\"name\":\"Ballina\",\"item\":\"https:\/\/permbledhja.com\/sq\/\"},{\"@type\":\"ListItem\",\"position\":2,\"name\":\"A do t\u00eb ket\u00eb paga p\u00ebr grevist\u00ebt?\"}]},{\"@type\":\"WebSite\",\"@id\":\"https:\/\/permbledhja.com\/#website\",\"url\":\"https:\/\/permbledhja.com\/\",\"name\":\"Ve\u00e7 artikuj p\u00ebrmbledh\u00ebs\",\"description\":\"\",\"publisher\":{\"@id\":\"https:\/\/permbledhja.com\/#organization\"},\"potentialAction\":[{\"@type\":\"SearchAction\",\"target\":{\"@type\":\"EntryPoint\",\"urlTemplate\":\"https:\/\/permbledhja.com\/?s={search_term_string}\"},\"query-input\":\"required name=search_term_string\"}],\"inLanguage\":\"sq\"},{\"@type\":\"Organization\",\"@id\":\"https:\/\/permbledhja.com\/#organization\",\"name\":\"MK Media & Pr\",\"url\":\"https:\/\/permbledhja.com\/\",\"logo\":{\"@type\":\"ImageObject\",\"inLanguage\":\"sq\",\"@id\":\"https:\/\/permbledhja.com\/#\/schema\/logo\/image\/\",\"url\":\"https:\/\/permbledhja.com\/wp-content\/uploads\/2021\/12\/07-Press-Logo.jpg\",\"contentUrl\":\"https:\/\/permbledhja.com\/wp-content\/uploads\/2021\/12\/07-Press-Logo.jpg\",\"width\":512,\"height\":512,\"caption\":\"MK Media & Pr\"},\"image\":{\"@id\":\"https:\/\/permbledhja.com\/#\/schema\/logo\/image\/\"},\"sameAs\":[\"https:\/\/www.facebook.com\/press07\/\"]},{\"@type\":\"Person\",\"@id\":\"https:\/\/permbledhja.com\/#\/schema\/person\/0d064377258d3221e50693947b9eb4fe\",\"name\":\"P\u00ebrmbledhja\",\"image\":{\"@type\":\"ImageObject\",\"inLanguage\":\"sq\",\"@id\":\"https:\/\/permbledhja.com\/#\/schema\/person\/image\/\",\"url\":\"https:\/\/permbledhja.com\/wp-content\/uploads\/2026\/01\/452004717_1040944174702970_8932037511805513407_n-96x96.jpg\",\"contentUrl\":\"https:\/\/permbledhja.com\/wp-content\/uploads\/2026\/01\/452004717_1040944174702970_8932037511805513407_n-96x96.jpg\",\"caption\":\"P\u00ebrmbledhja\"},\"sameAs\":[\"https:\/\/www.facebook.com\/kafexhiu.muharrem\/\",\"https:\/\/www.instagram.com\/muharrem_kafexhiu\/\"],\"url\":\"https:\/\/permbledhja.com\/sq\/author\/admin\/\"}]}<\/script>\n<!-- \/ Yoast SEO plugin. -->","yoast_head_json":{"title":"A do t\u00eb ket\u00eb paga p\u00ebr grevist\u00ebt?","robots":{"index":"index","follow":"follow","max-snippet":"max-snippet:-1","max-image-preview":"max-image-preview:large","max-video-preview":"max-video-preview:-1"},"canonical":"https:\/\/permbledhja.com\/sq\/a-do-te-kete-paga-per-grevistet\/","og_locale":"sq_AL","og_type":"article","og_title":"A do t\u00eb ket\u00eb paga p\u00ebr grevist\u00ebt?","og_description":"Ajo q\u00eb vazhdon t\u00eb mbetet e paqart\u00eb n\u00eb k\u00ebt\u00eb situat\u00eb \u00ebsht\u00eb forma e ekzekutimit t\u00eb pagave p\u00ebr grevist\u00ebt. Drejtor\u00ebt komunal\u00eb t\u00eb Arsimit ka nisur t\u2019i shqet\u00ebsoj\u00eb paralajm\u00ebrimi i Qeveris\u00eb se grevist\u00ebt nuk do t\u2019i marrin pagat p\u00ebr aq koh\u00eb sa jan\u00eb n\u00eb grev\u00eb. Ndaj k\u00ebtyre paralajm\u00ebrimeve ka reaguar Sindikata e Arsimit dhe Asociacioni i Komunave [&hellip;]","og_url":"https:\/\/permbledhja.com\/sq\/a-do-te-kete-paga-per-grevistet\/","og_site_name":"Ve\u00e7 artikuj p\u00ebrmbledh\u00ebs","article_publisher":"https:\/\/www.facebook.com\/press07\/","article_author":"https:\/\/www.facebook.com\/kafexhiu.muharrem\/","article_published_time":"2022-09-28T08:11:07+00:00","og_image":[{"width":2560,"height":1440,"url":"https:\/\/permbledhja.com\/wp-content\/uploads\/2022\/09\/Polish_20220914_102404577-scaled.jpg","type":"image\/jpeg"}],"author":"P\u00ebrmbledhja","twitter_card":"summary_large_image","twitter_misc":{"Written by":"P\u00ebrmbledhja","Est. reading time":"3 minuta"},"schema":{"@context":"https:\/\/schema.org","@graph":[{"@type":"Article","@id":"https:\/\/permbledhja.com\/a-do-te-kete-paga-per-grevistet\/#article","isPartOf":{"@id":"https:\/\/permbledhja.com\/a-do-te-kete-paga-per-grevistet\/"},"author":{"name":"P\u00ebrmbledhja","@id":"https:\/\/permbledhja.com\/#\/schema\/person\/0d064377258d3221e50693947b9eb4fe"},"headline":"A do t\u00eb ket\u00eb paga p\u00ebr grevist\u00ebt?","datePublished":"2022-09-28T08:11:07+00:00","dateModified":"2022-09-28T08:11:07+00:00","mainEntityOfPage":{"@id":"https:\/\/permbledhja.com\/a-do-te-kete-paga-per-grevistet\/"},"wordCount":468,"publisher":{"@id":"https:\/\/permbledhja.com\/#organization"},"articleSection":["Komb\u00ebtare","Lajme"],"inLanguage":"sq"},{"@type":"WebPage","@id":"https:\/\/permbledhja.com\/a-do-te-kete-paga-per-grevistet\/","url":"https:\/\/permbledhja.com\/a-do-te-kete-paga-per-grevistet\/","name":"A do t\u00eb ket\u00eb paga p\u00ebr grevist\u00ebt?","isPartOf":{"@id":"https:\/\/permbledhja.com\/#website"},"datePublished":"2022-09-28T08:11:07+00:00","dateModified":"2022-09-28T08:11:07+00:00","breadcrumb":{"@id":"https:\/\/permbledhja.com\/a-do-te-kete-paga-per-grevistet\/#breadcrumb"},"inLanguage":"sq","potentialAction":[{"@type":"ReadAction","target":["https:\/\/permbledhja.com\/a-do-te-kete-paga-per-grevistet\/"]}]},{"@type":"BreadcrumbList","@id":"https:\/\/permbledhja.com\/a-do-te-kete-paga-per-grevistet\/#breadcrumb","itemListElement":[{"@type":"ListItem","position":1,"name":"Ballina","item":"https:\/\/permbledhja.com\/sq\/"},{"@type":"ListItem","position":2,"name":"A do t\u00eb ket\u00eb paga p\u00ebr grevist\u00ebt?"}]},{"@type":"WebSite","@id":"https:\/\/permbledhja.com\/#website","url":"https:\/\/permbledhja.com\/","name":"Ve\u00e7 artikuj p\u00ebrmbledh\u00ebs","description":"","publisher":{"@id":"https:\/\/permbledhja.com\/#organization"},"potentialAction":[{"@type":"SearchAction","target":{"@type":"EntryPoint","urlTemplate":"https:\/\/permbledhja.com\/?s={search_term_string}"},"query-input":"required name=search_term_string"}],"inLanguage":"sq"},{"@type":"Organization","@id":"https:\/\/permbledhja.com\/#organization","name":"MK Media & Pr","url":"https:\/\/permbledhja.com\/","logo":{"@type":"ImageObject","inLanguage":"sq","@id":"https:\/\/permbledhja.com\/#\/schema\/logo\/image\/","url":"https:\/\/permbledhja.com\/wp-content\/uploads\/2021\/12\/07-Press-Logo.jpg","contentUrl":"https:\/\/permbledhja.com\/wp-content\/uploads\/2021\/12\/07-Press-Logo.jpg","width":512,"height":512,"caption":"MK Media & Pr"},"image":{"@id":"https:\/\/permbledhja.com\/#\/schema\/logo\/image\/"},"sameAs":["https:\/\/www.facebook.com\/press07\/"]},{"@type":"Person","@id":"https:\/\/permbledhja.com\/#\/schema\/person\/0d064377258d3221e50693947b9eb4fe","name":"P\u00ebrmbledhja","image":{"@type":"ImageObject","inLanguage":"sq","@id":"https:\/\/permbledhja.com\/#\/schema\/person\/image\/","url":"https:\/\/permbledhja.com\/wp-content\/uploads\/2026\/01\/452004717_1040944174702970_8932037511805513407_n-96x96.jpg","contentUrl":"https:\/\/permbledhja.com\/wp-content\/uploads\/2026\/01\/452004717_1040944174702970_8932037511805513407_n-96x96.jpg","caption":"P\u00ebrmbledhja"},"sameAs":["https:\/\/www.facebook.com\/kafexhiu.muharrem\/","https:\/\/www.instagram.com\/muharrem_kafexhiu\/"],"url":"https:\/\/permbledhja.com\/sq\/author\/admin\/"}]}},"_links":{"self":[{"href":"https:\/\/permbledhja.com\/sq\/wp-json\/wp\/v2\/posts\/6980"}],"collection":[{"href":"https:\/\/permbledhja.com\/sq\/wp-json\/wp\/v2\/posts"}],"about":[{"href":"https:\/\/permbledhja.com\/sq\/wp-json\/wp\/v2\/types\/post"}],"author":[{"embeddable":true,"href":"https:\/\/permbledhja.com\/sq\/wp-json\/wp\/v2\/users\/1"}],"replies":[{"embeddable":true,"href":"https:\/\/permbledhja.com\/sq\/wp-json\/wp\/v2\/comments?post=6980"}],"version-history":[{"count":1,"href":"https:\/\/permbledhja.com\/sq\/wp-json\/wp\/v2\/posts\/6980\/revisions"}],"predecessor-version":[{"id":6981,"href":"https:\/\/permbledhja.com\/sq\/wp-json\/wp\/v2\/posts\/6980\/revisions\/6981"}],"wp:featuredmedia":[{"embeddable":true,"href":"https:\/\/permbledhja.com\/sq\/wp-json\/wp\/v2\/media\/5768"}],"wp:attachment":[{"href":"https:\/\/permbledhja.com\/sq\/wp-json\/wp\/v2\/media?parent=6980"}],"wp:term":[{"taxonomy":"category","embeddable":true,"href":"https:\/\/permbledhja.com\/sq\/wp-json\/wp\/v2\/categories?post=6980"},{"taxonomy":"post_tag","embeddable":true,"href":"https:\/\/permbledhja.com\/sq\/wp-json\/wp\/v2\/tags?post=6980"}],"curies":[{"name":"wp","href":"https:\/\/api.w.org\/{rel}","templated":true}]}}